{"id":22819,"date":"2023-08-10T13:56:31","date_gmt":"2023-08-10T13:56:31","guid":{"rendered":"https:\/\/permbledhja.com\/?p=22819"},"modified":"2023-08-10T13:56:31","modified_gmt":"2023-08-10T13:56:31","slug":"stano-masat-ndaj-qeverise-se-kosoves-jane-per-shkak-te-pamundesise-per-tu-sjelle-ne-menyre-evropiane","status":"publish","type":"post","link":"https:\/\/permbledhja.com\/sq\/stano-masat-ndaj-qeverise-se-kosoves-jane-per-shkak-te-pamundesise-per-tu-sjelle-ne-menyre-evropiane\/","title":{"rendered":"Stano: Masat ndaj Qeveris\u00eb s\u00eb Kosov\u00ebs jan\u00eb p\u00ebr shkak t\u00eb pamund\u00ebsis\u00eb p\u00ebr t\u2019u sjell\u00eb n\u00eb \u201cm\u00ebnyr\u00eb evropiane\u201d"},"content":{"rendered":"<h3>Z\u00ebdh\u00ebn\u00ebsi i Bashkimit Evropian, Petar Stano, n\u00eb konferenc\u00ebn e sotme p\u00ebr media ka th\u00ebn\u00eb se masat ndaj Qeveris\u00eb s\u00eb Kosov\u00ebs jan\u00eb futur p\u00ebr shkak t\u00eb pamund\u00ebsis\u00eb s\u00eb saj p\u00ebr t\u00eb \u201cfilluar t\u00eb sillen n\u00eb m\u00ebnyr\u00eb evropiane dhe p\u00ebr t\u00eb deeskaluar situat\u00ebn\u201d, dhe se qasja e BE-s\u00eb \u00ebsht\u00eb e balancuar.<\/h3>\n<p>\u201cAjo q\u00eb kemi b\u00ebr\u00eb s\u00eb fundmi n\u00eb drit\u00ebn e p\u00ebrshkall\u00ebzimit t\u00eb fundit \u00ebsht\u00eb vendosja e masave ndaj Qeveris\u00eb s\u00eb Kosov\u00ebs p\u00ebr shkak t\u00eb pamund\u00ebsis\u00eb s\u00eb saj p\u00ebr t\u00eb filluar t\u00eb sillet n\u00eb m\u00ebnyr\u00eb evropiane dhe p\u00ebr t\u00eb de-p\u00ebrshkall\u00ebzuar situat\u00ebn, p\u00ebr t\u00eb nd\u00ebrmarr\u00eb hapa drejt deeskalimit\u201d, tha Stano.<\/p>\n<p>Ai tha se masat do t\u00eb futen edhe n\u00eb Serbi n\u00ebse an\u00ebtar\u00ebt e BE-s\u00eb konstatojn\u00eb se Serbia nuk b\u00ebn asgj\u00eb n\u00eb drejtim t\u00eb deeskalimit.<\/p>\n<p>\u201cN\u00ebse 27 shtetet an\u00ebtare konstatojn\u00eb se Serbia nuk po b\u00ebn asgj\u00eb n\u00eb drejtim t\u00eb deeskalimit, at\u00ebher\u00eb do t\u00eb vendosim masat e nevojshme edhe ndaj Serbis\u00eb.\u00a0Qasja jon\u00eb \u00ebsht\u00eb e balancuar.\u00a0Natyrisht, t\u00eb gjitha masat jan\u00eb t\u00eb kthyeshme dhe varen nga m\u00ebnyra se si do t\u00eb sillen partner\u00ebt n\u00eb kontekstin e de-p\u00ebrshkall\u00ebzimit dhe progresit drejt rikthimit n\u00eb procesin normal t\u00eb zhvillimit t\u00eb dialogut\u201d, tha Stano.<\/p>\n<p>Si\u00e7 theksoi ai, BE-ja \u00ebsht\u00eb duke koordinuar dhe konsultuar p\u00ebr k\u00ebt\u00eb \u00e7\u00ebshtje me partner\u00ebt nd\u00ebrkomb\u00ebtar\u00eb, kryesisht me Shtetet e Bashkuara t\u00eb Amerik\u00ebs.<\/p>\n<p>Stano ka p\u00ebrs\u00ebritur se p\u00ebrfaq\u00ebsuesi i lart\u00eb i BE-s\u00eb p\u00ebr politik\u00eb t\u00eb jashtme, Josep Borrell, ka marr\u00eb nj\u00eb let\u00ebr t\u00eb p\u00ebrbashk\u00ebt nga 56 deputet\u00eb nga disa vende dhe se si gjithmon\u00eb do t\u00eb p\u00ebrgjigjet p\u00ebrmes kanaleve adekuate dhe jo p\u00ebrmes mediave.<\/p>\n","protected":false},"excerpt":{"rendered":"<p>Z\u00ebdh\u00ebn\u00ebsi i Bashkimit Evropian, Petar Stano, n\u00eb konferenc\u00ebn e sotme p\u00ebr media ka th\u00ebn\u00eb se masat ndaj Qeveris\u00eb s\u00eb Kosov\u00ebs jan\u00eb futur p\u00ebr shkak t\u00eb pamund\u00ebsis\u00eb s\u00eb saj p\u00ebr t\u00eb \u201cfilluar t\u00eb sillen n\u00eb m\u00ebnyr\u00eb evropiane dhe p\u00ebr t\u00eb deeskaluar situat\u00ebn\u201d, dhe se qasja e BE-s\u00eb \u00ebsht\u00eb e balancuar. \u201cAjo q\u00eb kemi b\u00ebr\u00eb s\u00eb fundmi [&hellip;]<\/p>\n","protected":false},"author":2,"featured_media":22820,"comment_status":"closed","ping_status":"closed","sticky":false,"template":"","format":"standard","meta":{"_monsterinsights_skip_tracking":false,"_monsterinsights_sitenote_active":false,"_monsterinsights_sitenote_note":"","_monsterinsights_sitenote_category":0,"_uf_show_specific_survey":0,"_uf_disable_surveys":false,"footnotes":""},"categories":[23,15],"tags":[1928],"yoast_head":"<!-- This site is optimized with the Yoast SEO plugin v21.5 - https:\/\/yoast.com\/wordpress\/plugins\/seo\/ -->\n<title>Stano: Masat ndaj Qeveris\u00eb s\u00eb Kosov\u00ebs jan\u00eb p\u00ebr shkak t\u00eb pamund\u00ebsis\u00eb p\u00ebr t\u2019u sjell\u00eb n\u00eb \u201cm\u00ebnyr\u00eb evropiane\u201d<\/title>\n<meta name=\"robots\" content=\"index, follow, max-snippet:-1, max-image-preview:large, max-video-preview:-1\" \/>\n<link rel=\"canonical\" href=\"https:\/\/permbledhja.com\/sq\/stano-masat-ndaj-qeverise-se-kosoves-jane-per-shkak-te-pamundesise-per-tu-sjelle-ne-menyre-evropiane\/\" \/>\n<meta property=\"og:locale\" content=\"sq_AL\" \/>\n<meta property=\"og:type\" content=\"article\" \/>\n<meta property=\"og:title\" content=\"Stano: Masat ndaj Qeveris\u00eb s\u00eb Kosov\u00ebs jan\u00eb p\u00ebr shkak t\u00eb pamund\u00ebsis\u00eb p\u00ebr t\u2019u sjell\u00eb n\u00eb \u201cm\u00ebnyr\u00eb evropiane\u201d\" \/>\n<meta property=\"og:description\" content=\"Z\u00ebdh\u00ebn\u00ebsi i Bashkimit Evropian, Petar Stano, n\u00eb konferenc\u00ebn e sotme p\u00ebr media ka th\u00ebn\u00eb se masat ndaj Qeveris\u00eb s\u00eb Kosov\u00ebs jan\u00eb futur p\u00ebr shkak t\u00eb pamund\u00ebsis\u00eb s\u00eb saj p\u00ebr t\u00eb \u201cfilluar t\u00eb sillen n\u00eb m\u00ebnyr\u00eb evropiane dhe p\u00ebr t\u00eb deeskaluar situat\u00ebn\u201d, dhe se qasja e BE-s\u00eb \u00ebsht\u00eb e balancuar. \u201cAjo q\u00eb kemi b\u00ebr\u00eb s\u00eb fundmi [&hellip;]\" \/>\n<meta property=\"og:url\" content=\"https:\/\/permbledhja.com\/sq\/stano-masat-ndaj-qeverise-se-kosoves-jane-per-shkak-te-pamundesise-per-tu-sjelle-ne-menyre-evropiane\/\" \/>\n<meta property=\"og:site_name\" content=\"Ve\u00e7 artikuj p\u00ebrmbledh\u00ebs\" \/>\n<meta property=\"article:publisher\" content=\"https:\/\/www.facebook.com\/press07\/\" \/>\n<meta property=\"article:published_time\" content=\"2023-08-10T13:56:31+00:00\" \/>\n<meta property=\"og:image\" content=\"https:\/\/permbledhja.com\/wp-content\/uploads\/2023\/08\/Peter-Stano.jpg\" \/>\n\t<meta property=\"og:image:width\" content=\"860\" \/>\n\t<meta property=\"og:image:height\" content=\"497\" \/>\n\t<meta property=\"og:image:type\" content=\"image\/jpeg\" \/>\n<meta name=\"author\" content=\"M M\" \/>\n<meta name=\"twitter:card\" content=\"summary_large_image\" \/>\n<meta name=\"twitter:label1\" content=\"Written by\" \/>\n\t<meta name=\"twitter:data1\" content=\"M M\" \/>\n\t<meta name=\"twitter:label2\" content=\"Est. reading time\" \/>\n\t<meta name=\"twitter:data2\" content=\"2 minuta\" \/>\n<script type=\"application\/ld+json\" class=\"yoast-schema-graph\">{\"@context\":\"https:\/\/schema.org\",\"@graph\":[{\"@type\":\"Article\",\"@id\":\"https:\/\/permbledhja.com\/stano-masat-ndaj-qeverise-se-kosoves-jane-per-shkak-te-pamundesise-per-tu-sjelle-ne-menyre-evropiane\/#article\",\"isPartOf\":{\"@id\":\"https:\/\/permbledhja.com\/stano-masat-ndaj-qeverise-se-kosoves-jane-per-shkak-te-pamundesise-per-tu-sjelle-ne-menyre-evropiane\/\"},\"author\":{\"name\":\"M M\",\"@id\":\"https:\/\/permbledhja.com\/#\/schema\/person\/d23f13f59b5722643933d6780783acf3\"},\"headline\":\"Stano: Masat ndaj Qeveris\u00eb s\u00eb Kosov\u00ebs jan\u00eb p\u00ebr shkak t\u00eb pamund\u00ebsis\u00eb p\u00ebr t\u2019u sjell\u00eb n\u00eb \u201cm\u00ebnyr\u00eb evropiane\u201d\",\"datePublished\":\"2023-08-10T13:56:31+00:00\",\"dateModified\":\"2023-08-10T13:56:31+00:00\",\"mainEntityOfPage\":{\"@id\":\"https:\/\/permbledhja.com\/stano-masat-ndaj-qeverise-se-kosoves-jane-per-shkak-te-pamundesise-per-tu-sjelle-ne-menyre-evropiane\/\"},\"wordCount\":325,\"publisher\":{\"@id\":\"https:\/\/permbledhja.com\/#organization\"},\"keywords\":[\"Peter Stano\"],\"articleSection\":[\"Komb\u00ebtare\",\"Lajme\"],\"inLanguage\":\"sq\"},{\"@type\":\"WebPage\",\"@id\":\"https:\/\/permbledhja.com\/stano-masat-ndaj-qeverise-se-kosoves-jane-per-shkak-te-pamundesise-per-tu-sjelle-ne-menyre-evropiane\/\",\"url\":\"https:\/\/permbledhja.com\/stano-masat-ndaj-qeverise-se-kosoves-jane-per-shkak-te-pamundesise-per-tu-sjelle-ne-menyre-evropiane\/\",\"name\":\"Stano: Masat ndaj Qeveris\u00eb s\u00eb Kosov\u00ebs jan\u00eb p\u00ebr shkak t\u00eb pamund\u00ebsis\u00eb p\u00ebr t\u2019u sjell\u00eb n\u00eb \u201cm\u00ebnyr\u00eb evropiane\u201d\",\"isPartOf\":{\"@id\":\"https:\/\/permbledhja.com\/#website\"},\"datePublished\":\"2023-08-10T13:56:31+00:00\",\"dateModified\":\"2023-08-10T13:56:31+00:00\",\"breadcrumb\":{\"@id\":\"https:\/\/permbledhja.com\/stano-masat-ndaj-qeverise-se-kosoves-jane-per-shkak-te-pamundesise-per-tu-sjelle-ne-menyre-evropiane\/#breadcrumb\"},\"inLanguage\":\"sq\",\"potentialAction\":[{\"@type\":\"ReadAction\",\"target\":[\"https:\/\/permbledhja.com\/stano-masat-ndaj-qeverise-se-kosoves-jane-per-shkak-te-pamundesise-per-tu-sjelle-ne-menyre-evropiane\/\"]}]},{\"@type\":\"BreadcrumbList\",\"@id\":\"https:\/\/permbledhja.com\/stano-masat-ndaj-qeverise-se-kosoves-jane-per-shkak-te-pamundesise-per-tu-sjelle-ne-menyre-evropiane\/#breadcrumb\",\"itemListElement\":[{\"@type\":\"ListItem\",\"position\":1,\"name\":\"Ballina\",\"item\":\"https:\/\/permbledhja.com\/sq\/\"},{\"@type\":\"ListItem\",\"position\":2,\"name\":\"Stano: Masat ndaj Qeveris\u00eb s\u00eb Kosov\u00ebs jan\u00eb p\u00ebr shkak t\u00eb pamund\u00ebsis\u00eb p\u00ebr t\u2019u sjell\u00eb n\u00eb \u201cm\u00ebnyr\u00eb evropiane\u201d\"}]},{\"@type\":\"WebSite\",\"@id\":\"https:\/\/permbledhja.com\/#website\",\"url\":\"https:\/\/permbledhja.com\/\",\"name\":\"Ve\u00e7 artikuj p\u00ebrmbledh\u00ebs\",\"description\":\"\",\"publisher\":{\"@id\":\"https:\/\/permbledhja.com\/#organization\"},\"potentialAction\":[{\"@type\":\"SearchAction\",\"target\":{\"@type\":\"EntryPoint\",\"urlTemplate\":\"https:\/\/permbledhja.com\/?s={search_term_string}\"},\"query-input\":\"required name=search_term_string\"}],\"inLanguage\":\"sq\"},{\"@type\":\"Organization\",\"@id\":\"https:\/\/permbledhja.com\/#organization\",\"name\":\"MK Media & Pr\",\"url\":\"https:\/\/permbledhja.com\/\",\"logo\":{\"@type\":\"ImageObject\",\"inLanguage\":\"sq\",\"@id\":\"https:\/\/permbledhja.com\/#\/schema\/logo\/image\/\",\"url\":\"https:\/\/permbledhja.com\/wp-content\/uploads\/2021\/12\/07-Press-Logo.jpg\",\"contentUrl\":\"https:\/\/permbledhja.com\/wp-content\/uploads\/2021\/12\/07-Press-Logo.jpg\",\"width\":512,\"height\":512,\"caption\":\"MK Media & Pr\"},\"image\":{\"@id\":\"https:\/\/permbledhja.com\/#\/schema\/logo\/image\/\"},\"sameAs\":[\"https:\/\/www.facebook.com\/press07\/\"]},{\"@type\":\"Person\",\"@id\":\"https:\/\/permbledhja.com\/#\/schema\/person\/d23f13f59b5722643933d6780783acf3\",\"name\":\"M M\",\"image\":{\"@type\":\"ImageObject\",\"inLanguage\":\"sq\",\"@id\":\"https:\/\/permbledhja.com\/#\/schema\/person\/image\/\",\"url\":\"https:\/\/secure.gravatar.com\/avatar\/e2835a76ca7c31a2416b2d51c4ec9a8f?s=96&d=mm&r=g\",\"contentUrl\":\"https:\/\/secure.gravatar.com\/avatar\/e2835a76ca7c31a2416b2d51c4ec9a8f?s=96&d=mm&r=g\",\"caption\":\"M M\"},\"sameAs\":[\"http:\/\/MM\"],\"url\":\"https:\/\/permbledhja.com\/sq\/author\/muhamet\/\"}]}<\/script>\n<!-- \/ Yoast SEO plugin. -->","yoast_head_json":{"title":"Stano: Masat ndaj Qeveris\u00eb s\u00eb Kosov\u00ebs jan\u00eb p\u00ebr shkak t\u00eb pamund\u00ebsis\u00eb p\u00ebr t\u2019u sjell\u00eb n\u00eb \u201cm\u00ebnyr\u00eb evropiane\u201d","robots":{"index":"index","follow":"follow","max-snippet":"max-snippet:-1","max-image-preview":"max-image-preview:large","max-video-preview":"max-video-preview:-1"},"canonical":"https:\/\/permbledhja.com\/sq\/stano-masat-ndaj-qeverise-se-kosoves-jane-per-shkak-te-pamundesise-per-tu-sjelle-ne-menyre-evropiane\/","og_locale":"sq_AL","og_type":"article","og_title":"Stano: Masat ndaj Qeveris\u00eb s\u00eb Kosov\u00ebs jan\u00eb p\u00ebr shkak t\u00eb pamund\u00ebsis\u00eb p\u00ebr t\u2019u sjell\u00eb n\u00eb \u201cm\u00ebnyr\u00eb evropiane\u201d","og_description":"Z\u00ebdh\u00ebn\u00ebsi i Bashkimit Evropian, Petar Stano, n\u00eb konferenc\u00ebn e sotme p\u00ebr media ka th\u00ebn\u00eb se masat ndaj Qeveris\u00eb s\u00eb Kosov\u00ebs jan\u00eb futur p\u00ebr shkak t\u00eb pamund\u00ebsis\u00eb s\u00eb saj p\u00ebr t\u00eb \u201cfilluar t\u00eb sillen n\u00eb m\u00ebnyr\u00eb evropiane dhe p\u00ebr t\u00eb deeskaluar situat\u00ebn\u201d, dhe se qasja e BE-s\u00eb \u00ebsht\u00eb e balancuar. \u201cAjo q\u00eb kemi b\u00ebr\u00eb s\u00eb fundmi [&hellip;]","og_url":"https:\/\/permbledhja.com\/sq\/stano-masat-ndaj-qeverise-se-kosoves-jane-per-shkak-te-pamundesise-per-tu-sjelle-ne-menyre-evropiane\/","og_site_name":"Ve\u00e7 artikuj p\u00ebrmbledh\u00ebs","article_publisher":"https:\/\/www.facebook.com\/press07\/","article_published_time":"2023-08-10T13:56:31+00:00","og_image":[{"width":860,"height":497,"url":"https:\/\/permbledhja.com\/wp-content\/uploads\/2023\/08\/Peter-Stano.jpg","type":"image\/jpeg"}],"author":"M M","twitter_card":"summary_large_image","twitter_misc":{"Written by":"M M","Est. reading time":"2 minuta"},"schema":{"@context":"https:\/\/schema.org","@graph":[{"@type":"Article","@id":"https:\/\/permbledhja.com\/stano-masat-ndaj-qeverise-se-kosoves-jane-per-shkak-te-pamundesise-per-tu-sjelle-ne-menyre-evropiane\/#article","isPartOf":{"@id":"https:\/\/permbledhja.com\/stano-masat-ndaj-qeverise-se-kosoves-jane-per-shkak-te-pamundesise-per-tu-sjelle-ne-menyre-evropiane\/"},"author":{"name":"M M","@id":"https:\/\/permbledhja.com\/#\/schema\/person\/d23f13f59b5722643933d6780783acf3"},"headline":"Stano: Masat ndaj Qeveris\u00eb s\u00eb Kosov\u00ebs jan\u00eb p\u00ebr shkak t\u00eb pamund\u00ebsis\u00eb p\u00ebr t\u2019u sjell\u00eb n\u00eb \u201cm\u00ebnyr\u00eb evropiane\u201d","datePublished":"2023-08-10T13:56:31+00:00","dateModified":"2023-08-10T13:56:31+00:00","mainEntityOfPage":{"@id":"https:\/\/permbledhja.com\/stano-masat-ndaj-qeverise-se-kosoves-jane-per-shkak-te-pamundesise-per-tu-sjelle-ne-menyre-evropiane\/"},"wordCount":325,"publisher":{"@id":"https:\/\/permbledhja.com\/#organization"},"keywords":["Peter Stano"],"articleSection":["Komb\u00ebtare","Lajme"],"inLanguage":"sq"},{"@type":"WebPage","@id":"https:\/\/permbledhja.com\/stano-masat-ndaj-qeverise-se-kosoves-jane-per-shkak-te-pamundesise-per-tu-sjelle-ne-menyre-evropiane\/","url":"https:\/\/permbledhja.com\/stano-masat-ndaj-qeverise-se-kosoves-jane-per-shkak-te-pamundesise-per-tu-sjelle-ne-menyre-evropiane\/","name":"Stano: Masat ndaj Qeveris\u00eb s\u00eb Kosov\u00ebs jan\u00eb p\u00ebr shkak t\u00eb pamund\u00ebsis\u00eb p\u00ebr t\u2019u sjell\u00eb n\u00eb \u201cm\u00ebnyr\u00eb evropiane\u201d","isPartOf":{"@id":"https:\/\/permbledhja.com\/#website"},"datePublished":"2023-08-10T13:56:31+00:00","dateModified":"2023-08-10T13:56:31+00:00","breadcrumb":{"@id":"https:\/\/permbledhja.com\/stano-masat-ndaj-qeverise-se-kosoves-jane-per-shkak-te-pamundesise-per-tu-sjelle-ne-menyre-evropiane\/#breadcrumb"},"inLanguage":"sq","potentialAction":[{"@type":"ReadAction","target":["https:\/\/permbledhja.com\/stano-masat-ndaj-qeverise-se-kosoves-jane-per-shkak-te-pamundesise-per-tu-sjelle-ne-menyre-evropiane\/"]}]},{"@type":"BreadcrumbList","@id":"https:\/\/permbledhja.com\/stano-masat-ndaj-qeverise-se-kosoves-jane-per-shkak-te-pamundesise-per-tu-sjelle-ne-menyre-evropiane\/#breadcrumb","itemListElement":[{"@type":"ListItem","position":1,"name":"Ballina","item":"https:\/\/permbledhja.com\/sq\/"},{"@type":"ListItem","position":2,"name":"Stano: Masat ndaj Qeveris\u00eb s\u00eb Kosov\u00ebs jan\u00eb p\u00ebr shkak t\u00eb pamund\u00ebsis\u00eb p\u00ebr t\u2019u sjell\u00eb n\u00eb \u201cm\u00ebnyr\u00eb evropiane\u201d"}]},{"@type":"WebSite","@id":"https:\/\/permbledhja.com\/#website","url":"https:\/\/permbledhja.com\/","name":"Ve\u00e7 artikuj p\u00ebrmbledh\u00ebs","description":"","publisher":{"@id":"https:\/\/permbledhja.com\/#organization"},"potentialAction":[{"@type":"SearchAction","target":{"@type":"EntryPoint","urlTemplate":"https:\/\/permbledhja.com\/?s={search_term_string}"},"query-input":"required name=search_term_string"}],"inLanguage":"sq"},{"@type":"Organization","@id":"https:\/\/permbledhja.com\/#organization","name":"MK Media & Pr","url":"https:\/\/permbledhja.com\/","logo":{"@type":"ImageObject","inLanguage":"sq","@id":"https:\/\/permbledhja.com\/#\/schema\/logo\/image\/","url":"https:\/\/permbledhja.com\/wp-content\/uploads\/2021\/12\/07-Press-Logo.jpg","contentUrl":"https:\/\/permbledhja.com\/wp-content\/uploads\/2021\/12\/07-Press-Logo.jpg","width":512,"height":512,"caption":"MK Media & Pr"},"image":{"@id":"https:\/\/permbledhja.com\/#\/schema\/logo\/image\/"},"sameAs":["https:\/\/www.facebook.com\/press07\/"]},{"@type":"Person","@id":"https:\/\/permbledhja.com\/#\/schema\/person\/d23f13f59b5722643933d6780783acf3","name":"M M","image":{"@type":"ImageObject","inLanguage":"sq","@id":"https:\/\/permbledhja.com\/#\/schema\/person\/image\/","url":"https:\/\/secure.gravatar.com\/avatar\/e2835a76ca7c31a2416b2d51c4ec9a8f?s=96&d=mm&r=g","contentUrl":"https:\/\/secure.gravatar.com\/avatar\/e2835a76ca7c31a2416b2d51c4ec9a8f?s=96&d=mm&r=g","caption":"M M"},"sameAs":["http:\/\/MM"],"url":"https:\/\/permbledhja.com\/sq\/author\/muhamet\/"}]}},"_links":{"self":[{"href":"https:\/\/permbledhja.com\/sq\/wp-json\/wp\/v2\/posts\/22819"}],"collection":[{"href":"https:\/\/permbledhja.com\/sq\/wp-json\/wp\/v2\/posts"}],"about":[{"href":"https:\/\/permbledhja.com\/sq\/wp-json\/wp\/v2\/types\/post"}],"author":[{"embeddable":true,"href":"https:\/\/permbledhja.com\/sq\/wp-json\/wp\/v2\/users\/2"}],"replies":[{"embeddable":true,"href":"https:\/\/permbledhja.com\/sq\/wp-json\/wp\/v2\/comments?post=22819"}],"version-history":[{"count":1,"href":"https:\/\/permbledhja.com\/sq\/wp-json\/wp\/v2\/posts\/22819\/revisions"}],"predecessor-version":[{"id":22821,"href":"https:\/\/permbledhja.com\/sq\/wp-json\/wp\/v2\/posts\/22819\/revisions\/22821"}],"wp:featuredmedia":[{"embeddable":true,"href":"https:\/\/permbledhja.com\/sq\/wp-json\/wp\/v2\/media\/22820"}],"wp:attachment":[{"href":"https:\/\/permbledhja.com\/sq\/wp-json\/wp\/v2\/media?parent=22819"}],"wp:term":[{"taxonomy":"category","embeddable":true,"href":"https:\/\/permbledhja.com\/sq\/wp-json\/wp\/v2\/categories?post=22819"},{"taxonomy":"post_tag","embeddable":true,"href":"https:\/\/permbledhja.com\/sq\/wp-json\/wp\/v2\/tags?post=22819"}],"curies":[{"name":"wp","href":"https:\/\/api.w.org\/{rel}","templated":true}]}}