{"id":22770,"date":"2023-08-10T09:59:05","date_gmt":"2023-08-10T09:59:05","guid":{"rendered":"https:\/\/permbledhja.com\/?p=22770"},"modified":"2023-08-10T09:59:05","modified_gmt":"2023-08-10T09:59:05","slug":"hetimi-i-prokurorise-nuk-mjafton-opozita-do-te-kerkoje-komision-hetimor-per-rezervat-shteterore","status":"publish","type":"post","link":"https:\/\/permbledhja.com\/sq\/hetimi-i-prokurorise-nuk-mjafton-opozita-do-te-kerkoje-komision-hetimor-per-rezervat-shteterore\/","title":{"rendered":"Hetimi i prokuroris\u00eb nuk mjafton, opozita do t\u00eb k\u00ebrkoj\u00eb Komision Hetimor p\u00ebr rezervat shtet\u00ebrore"},"content":{"rendered":"<h3>K\u00ebrkes\u00ebs s\u00eb LDK-s\u00eb p\u00ebr themelimin e nj\u00eb Komision Hetimor Parlamentar p\u00ebr rezervat shtet\u00ebrore i ka dh\u00ebn\u00eb mb\u00ebshtetje edhe PDK-ja.<\/h3>\n<p>Deputetja e PDK-s\u00eb, Blerta Deliu-Kodra, ka b\u00ebr\u00eb me dije se \u00ebsht\u00eb shum\u00eb i nevojsh\u00ebm formimi i nj\u00eb komisioni t\u00eb till\u00eb.<\/p>\n<p>Ajo ka vler\u00ebsuar se asnj\u00ebher\u00eb m\u00eb par\u00eb nuk kan\u00eb ndodhur q\u00eb t\u00eb keqp\u00ebrdoren n\u00eb k\u00ebt\u00eb m\u00ebnyr\u00eb rezervat shtet\u00ebrore.<\/p>\n<p>\u201c<i>Absolutisht \u00ebsht\u00eb shum\u00eb e nevojshme dhe k\u00ebrkes\u00eb legjitime. E thash s\u00eb \u00ebsht\u00eb e paprecedent q\u00eb rezervat e shtetit t\u00eb vidhen n\u00eb at\u00eb form\u00eb dhe t\u00eb mos k\u00ebt\u00eb aspak llogaridh\u00ebnie nga qeveria<\/i>\u201d, ka th\u00ebn\u00eb Deliu-Kodra n\u00eb emisionin Special t\u00eb Klan Kosov\u00ebs.<\/p>\n<p>Ajo ka paralajm\u00ebruar se partia n\u00eb pushtet do t\u00eb b\u00ebj p\u00ebrpjekje q\u00eb t\u00eb pengoj\u00eb k\u00ebt\u00eb komision.<\/p>\n<p>\u201cN\u00eb kemi par\u00eb n\u00eb t\u00eb kaluar\u00ebn p\u00ebrpjekjet e mazhoranc\u00ebs p\u00ebr pengimin e komisioneve hetimore, kemi par\u00eb rastin e KEK-ut, kur ne kemi ngritur dyshimet sepse kemi pasur informacione p\u00ebr aferat t\u00eb cilat tashm\u00eb i kemi edhe zyrtare n\u00eb mes t\u00eb ambasadorit Berishaj dhe p\u00ebrfaq\u00ebsuesve tjer\u00eb n\u00eb Beograd dhe shtete tjera p\u00ebrreth\u201d, \u00ebsht\u00eb shprehur ajo.<\/p>\n<p>Deputetja e PDK-s\u00eb ka vler\u00ebsuar se opozita nuk do t\u00eb dor\u00ebzohet p\u00ebrball pengesave t\u00eb partis\u00eb n\u00eb pushtet.<\/p>\n<p>\u201c<i>Ne kemi pasur p\u00ebrpjekje t\u00eb k\u00ebsaj shumic\u00ebs parlamentare q\u00eb t`i bllokoj komisionet hetimore parlamentare. Por, ne do t\u00eb jemi t\u00eb z\u00ebsh\u00ebm, me fillimin e sesionit t\u00eb ri t\u00eb Kuvendit t\u00eb Kosov\u00ebs p\u00ebr t\u00eb shp\u00ebrfaqur k\u00ebt\u00eb qeveri me skandale t\u00eb panum\u00ebrta dhe natyrisht p\u00ebr ta b\u00ebr\u00eb p\u00ebrgjegj\u00ebse dhe t\u00eb ofroj llogari para qytetar\u00ebve t\u00eb Kosov\u00ebs s\u00eb si jan\u00eb shpenzuar k\u00ebto rezerva dhe ku jan\u00eb ato para t\u00eb taksapaguesve t\u00eb Kosov\u00ebs, p\u00ebr t\u00eb cilat kjo Qeveri po i mbyll syt\u00eb e t\u00eb mos deklarohet<\/i>\u201d, \u00ebsht\u00eb shprehur Deliu-Kodra.<\/p>\n<p>Nj\u00eb dit\u00eb m\u00eb par\u00eb, edhe shefi i Grupit Parlamentar t\u00eb LDK-s\u00eb, Arben Gashi, ka treguar se themelimi i k\u00ebtij komisioni do t\u00eb iniciohet n\u00eb seanc\u00ebn e par\u00eb t\u00eb sesionit vjeshtor t\u00eb Kuvendit t\u00eb Kosov\u00ebs.<\/p>\n<p>\u201c<i>Qytetar\u00ebt e Republik\u00ebs kan\u00eb nevoj\u00eb t\u00eb din\u00eb t\u00eb v\u00ebrtet\u00ebn. E v\u00ebrteta \u00ebsht\u00eb zgjidhja e duhur p\u00ebr t\u00eb gjitha; \u00ebsht\u00eb pik\u00ebnisje p\u00ebr gjith\u00e7ka. Keqp\u00ebrdorimet dhe abuzimet eventuale me rezerva shtet\u00ebrore, p\u00ebrkat\u00ebsisht me produkte esenciale, k\u00ebrkojn\u00eb qasje hetimore serioze dhe p\u00ebrmbajtjesore. Prandaj, n\u00eb mbledhjen e par\u00eb t\u00eb sesionit vjeshtor n\u00eb Parlamentin e Kosov\u00ebs, LDK do t\u00eb k\u00ebrkoj\u00eb q\u00eb t\u00eb formohet nj\u00eb Komision Hetimor Parlamentar p\u00ebr t\u00eb hetuar keqp\u00ebrdorimet dhe abuzimet e mundshme me rezervat shtet\u00ebrore<\/i>\u201d, ka th\u00ebn\u00eb Gashi n\u00eb nj\u00eb konferenc\u00eb p\u00ebr medie.<\/p>\n<div class=\"o-single-main__rich-content\">\n<p>Ai ka b\u00ebr\u00eb me dije se krahas hetimit penal q\u00eb do ta b\u00ebj prokuroria, \u00ebsht\u00eb i nevojsh\u00ebm edhe hetimi parlamentar.<\/p>\n<p>\u201c<i>K\u00ebshtu q\u00eb, p\u00ebrve\u00e7 hetimeve penale q\u00eb duhet t\u2019i b\u00ebj\u00eb Prokuroria e Shtetit p\u00ebr k\u00ebto raste, ne konsiderojm\u00eb se \u00ebsht\u00eb e domosdoshme q\u00eb t\u00eb kemi edhe hetim parlamentar p\u00ebr t\u00eb par\u00eb nga af\u00ebr se sa jan\u00eb respektuar ligjet dhe procedurat p\u00ebr \u00e7\u00ebshtjen e rezervave shtet\u00ebrore. Duhet t\u00eb kuptojm\u00eb t\u00eb v\u00ebrtet\u00ebn se si jan\u00eb menaxhuar rezervat shtet\u00ebrore! T\u00eb kuptojm\u00eb se cila \u00ebsht\u00eb procedura q\u00eb \u00ebsht\u00eb ndjekur? T\u00eb kuptojm\u00eb se a jan\u00eb hapur tender p\u00ebr k\u00ebto rezerva shtet\u00ebrore? N\u00ebse po, si kan\u00eb shkuar? N\u00ebse jo, pse jo? Dhe n\u00ebse k\u00ebto kontrata jan\u00eb klasifikuara si sekrete, cila \u00ebsht\u00eb forma q\u00eb \u00ebsht\u00eb p\u00ebrdorur p\u00ebr t\u2019u vler\u00ebsuar si sekret? Pse dhe si jan\u00eb klasifikuar si t\u00eb tilla? \u00c7ka \u00ebsht\u00eb klasifikuar si sekret shtet\u00ebror; produkti, \u00e7mimi, vendndodhja, personat e involvuar, kontratat apo sekreti \u00ebsht\u00eb i vlefsh\u00ebm vet\u00ebm p\u00ebr qytetar\u00ebt?<\/i>\u201d, ka th\u00ebn\u00eb Gashi.<\/p>\n<\/div>\n","protected":false},"excerpt":{"rendered":"<p>K\u00ebrkes\u00ebs s\u00eb LDK-s\u00eb p\u00ebr themelimin e nj\u00eb Komision Hetimor Parlamentar p\u00ebr rezervat shtet\u00ebrore i ka dh\u00ebn\u00eb mb\u00ebshtetje edhe PDK-ja. Deputetja e PDK-s\u00eb, Blerta Deliu-Kodra, ka b\u00ebr\u00eb me dije se \u00ebsht\u00eb shum\u00eb i nevojsh\u00ebm formimi i nj\u00eb komisioni t\u00eb till\u00eb. Ajo ka vler\u00ebsuar se asnj\u00ebher\u00eb m\u00eb par\u00eb nuk kan\u00eb ndodhur q\u00eb t\u00eb keqp\u00ebrdoren n\u00eb k\u00ebt\u00eb m\u00ebnyr\u00eb [&hellip;]<\/p>\n","protected":false},"author":2,"featured_media":22771,"comment_status":"closed","ping_status":"closed","sticky":false,"template":"","format":"standard","meta":{"_monsterinsights_skip_tracking":false,"_monsterinsights_sitenote_active":false,"_monsterinsights_sitenote_note":"","_monsterinsights_sitenote_category":0,"_uf_show_specific_survey":0,"_uf_disable_surveys":false,"footnotes":""},"categories":[23,15],"tags":[],"yoast_head":"<!-- This site is optimized with the Yoast SEO plugin v21.5 - https:\/\/yoast.com\/wordpress\/plugins\/seo\/ -->\n<title>Hetimi i prokuroris\u00eb nuk mjafton, opozita do t\u00eb k\u00ebrkoj\u00eb Komision Hetimor p\u00ebr rezervat shtet\u00ebrore<\/title>\n<meta name=\"robots\" content=\"index, follow, max-snippet:-1, max-image-preview:large, max-video-preview:-1\" \/>\n<link rel=\"canonical\" href=\"https:\/\/permbledhja.com\/sq\/hetimi-i-prokurorise-nuk-mjafton-opozita-do-te-kerkoje-komision-hetimor-per-rezervat-shteterore\/\" \/>\n<meta property=\"og:locale\" content=\"sq_AL\" \/>\n<meta property=\"og:type\" content=\"article\" \/>\n<meta property=\"og:title\" content=\"Hetimi i prokuroris\u00eb nuk mjafton, opozita do t\u00eb k\u00ebrkoj\u00eb Komision Hetimor p\u00ebr rezervat shtet\u00ebrore\" \/>\n<meta property=\"og:description\" content=\"K\u00ebrkes\u00ebs s\u00eb LDK-s\u00eb p\u00ebr themelimin e nj\u00eb Komision Hetimor Parlamentar p\u00ebr rezervat shtet\u00ebrore i ka dh\u00ebn\u00eb mb\u00ebshtetje edhe PDK-ja. Deputetja e PDK-s\u00eb, Blerta Deliu-Kodra, ka b\u00ebr\u00eb me dije se \u00ebsht\u00eb shum\u00eb i nevojsh\u00ebm formimi i nj\u00eb komisioni t\u00eb till\u00eb. Ajo ka vler\u00ebsuar se asnj\u00ebher\u00eb m\u00eb par\u00eb nuk kan\u00eb ndodhur q\u00eb t\u00eb keqp\u00ebrdoren n\u00eb k\u00ebt\u00eb m\u00ebnyr\u00eb [&hellip;]\" \/>\n<meta property=\"og:url\" content=\"https:\/\/permbledhja.com\/sq\/hetimi-i-prokurorise-nuk-mjafton-opozita-do-te-kerkoje-komision-hetimor-per-rezervat-shteterore\/\" \/>\n<meta property=\"og:site_name\" content=\"Ve\u00e7 artikuj p\u00ebrmbledh\u00ebs\" \/>\n<meta property=\"article:publisher\" content=\"https:\/\/www.facebook.com\/press07\/\" \/>\n<meta property=\"article:published_time\" content=\"2023-08-10T09:59:05+00:00\" \/>\n<meta property=\"og:image\" content=\"https:\/\/permbledhja.com\/wp-content\/uploads\/2023\/08\/kuvendi-1.jpg\" \/>\n\t<meta property=\"og:image:width\" content=\"2048\" \/>\n\t<meta property=\"og:image:height\" content=\"1365\" \/>\n\t<meta property=\"og:image:type\" content=\"image\/jpeg\" \/>\n<meta name=\"author\" content=\"M M\" \/>\n<meta name=\"twitter:card\" content=\"summary_large_image\" \/>\n<meta name=\"twitter:label1\" content=\"Written by\" \/>\n\t<meta name=\"twitter:data1\" content=\"M M\" \/>\n\t<meta name=\"twitter:label2\" content=\"Est. reading time\" \/>\n\t<meta name=\"twitter:data2\" content=\"3 minuta\" \/>\n<script type=\"application\/ld+json\" class=\"yoast-schema-graph\">{\"@context\":\"https:\/\/schema.org\",\"@graph\":[{\"@type\":\"Article\",\"@id\":\"https:\/\/permbledhja.com\/sq\/hetimi-i-prokurorise-nuk-mjafton-opozita-do-te-kerkoje-komision-hetimor-per-rezervat-shteterore\/#article\",\"isPartOf\":{\"@id\":\"https:\/\/permbledhja.com\/sq\/hetimi-i-prokurorise-nuk-mjafton-opozita-do-te-kerkoje-komision-hetimor-per-rezervat-shteterore\/\"},\"author\":{\"name\":\"M M\",\"@id\":\"https:\/\/permbledhja.com\/#\/schema\/person\/d23f13f59b5722643933d6780783acf3\"},\"headline\":\"Hetimi i prokuroris\u00eb nuk mjafton, opozita do t\u00eb k\u00ebrkoj\u00eb Komision Hetimor p\u00ebr rezervat shtet\u00ebrore\",\"datePublished\":\"2023-08-10T09:59:05+00:00\",\"dateModified\":\"2023-08-10T09:59:05+00:00\",\"mainEntityOfPage\":{\"@id\":\"https:\/\/permbledhja.com\/sq\/hetimi-i-prokurorise-nuk-mjafton-opozita-do-te-kerkoje-komision-hetimor-per-rezervat-shteterore\/\"},\"wordCount\":669,\"publisher\":{\"@id\":\"https:\/\/permbledhja.com\/#organization\"},\"articleSection\":[\"Komb\u00ebtare\",\"Lajme\"],\"inLanguage\":\"sq\"},{\"@type\":\"WebPage\",\"@id\":\"https:\/\/permbledhja.com\/sq\/hetimi-i-prokurorise-nuk-mjafton-opozita-do-te-kerkoje-komision-hetimor-per-rezervat-shteterore\/\",\"url\":\"https:\/\/permbledhja.com\/sq\/hetimi-i-prokurorise-nuk-mjafton-opozita-do-te-kerkoje-komision-hetimor-per-rezervat-shteterore\/\",\"name\":\"Hetimi i prokuroris\u00eb nuk mjafton, opozita do t\u00eb k\u00ebrkoj\u00eb Komision Hetimor p\u00ebr rezervat shtet\u00ebrore\",\"isPartOf\":{\"@id\":\"https:\/\/permbledhja.com\/#website\"},\"datePublished\":\"2023-08-10T09:59:05+00:00\",\"dateModified\":\"2023-08-10T09:59:05+00:00\",\"breadcrumb\":{\"@id\":\"https:\/\/permbledhja.com\/sq\/hetimi-i-prokurorise-nuk-mjafton-opozita-do-te-kerkoje-komision-hetimor-per-rezervat-shteterore\/#breadcrumb\"},\"inLanguage\":\"sq\",\"potentialAction\":[{\"@type\":\"ReadAction\",\"target\":[\"https:\/\/permbledhja.com\/sq\/hetimi-i-prokurorise-nuk-mjafton-opozita-do-te-kerkoje-komision-hetimor-per-rezervat-shteterore\/\"]}]},{\"@type\":\"BreadcrumbList\",\"@id\":\"https:\/\/permbledhja.com\/sq\/hetimi-i-prokurorise-nuk-mjafton-opozita-do-te-kerkoje-komision-hetimor-per-rezervat-shteterore\/#breadcrumb\",\"itemListElement\":[{\"@type\":\"ListItem\",\"position\":1,\"name\":\"Ballina\",\"item\":\"https:\/\/permbledhja.com\/sq\/\"},{\"@type\":\"ListItem\",\"position\":2,\"name\":\"Hetimi i prokuroris\u00eb nuk mjafton, opozita do t\u00eb k\u00ebrkoj\u00eb Komision Hetimor p\u00ebr rezervat shtet\u00ebrore\"}]},{\"@type\":\"WebSite\",\"@id\":\"https:\/\/permbledhja.com\/#website\",\"url\":\"https:\/\/permbledhja.com\/\",\"name\":\"Ve\u00e7 artikuj p\u00ebrmbledh\u00ebs\",\"description\":\"\",\"publisher\":{\"@id\":\"https:\/\/permbledhja.com\/#organization\"},\"potentialAction\":[{\"@type\":\"SearchAction\",\"target\":{\"@type\":\"EntryPoint\",\"urlTemplate\":\"https:\/\/permbledhja.com\/?s={search_term_string}\"},\"query-input\":\"required name=search_term_string\"}],\"inLanguage\":\"sq\"},{\"@type\":\"Organization\",\"@id\":\"https:\/\/permbledhja.com\/#organization\",\"name\":\"MK Media & Pr\",\"url\":\"https:\/\/permbledhja.com\/\",\"logo\":{\"@type\":\"ImageObject\",\"inLanguage\":\"sq\",\"@id\":\"https:\/\/permbledhja.com\/#\/schema\/logo\/image\/\",\"url\":\"https:\/\/permbledhja.com\/wp-content\/uploads\/2021\/12\/07-Press-Logo.jpg\",\"contentUrl\":\"https:\/\/permbledhja.com\/wp-content\/uploads\/2021\/12\/07-Press-Logo.jpg\",\"width\":512,\"height\":512,\"caption\":\"MK Media & Pr\"},\"image\":{\"@id\":\"https:\/\/permbledhja.com\/#\/schema\/logo\/image\/\"},\"sameAs\":[\"https:\/\/www.facebook.com\/press07\/\"]},{\"@type\":\"Person\",\"@id\":\"https:\/\/permbledhja.com\/#\/schema\/person\/d23f13f59b5722643933d6780783acf3\",\"name\":\"M M\",\"image\":{\"@type\":\"ImageObject\",\"inLanguage\":\"sq\",\"@id\":\"https:\/\/permbledhja.com\/#\/schema\/person\/image\/\",\"url\":\"https:\/\/secure.gravatar.com\/avatar\/e2835a76ca7c31a2416b2d51c4ec9a8f?s=96&d=mm&r=g\",\"contentUrl\":\"https:\/\/secure.gravatar.com\/avatar\/e2835a76ca7c31a2416b2d51c4ec9a8f?s=96&d=mm&r=g\",\"caption\":\"M M\"},\"sameAs\":[\"http:\/\/MM\"],\"url\":\"https:\/\/permbledhja.com\/sq\/author\/muhamet\/\"}]}<\/script>\n<!-- \/ Yoast SEO plugin. -->","yoast_head_json":{"title":"Hetimi i prokuroris\u00eb nuk mjafton, opozita do t\u00eb k\u00ebrkoj\u00eb Komision Hetimor p\u00ebr rezervat shtet\u00ebrore","robots":{"index":"index","follow":"follow","max-snippet":"max-snippet:-1","max-image-preview":"max-image-preview:large","max-video-preview":"max-video-preview:-1"},"canonical":"https:\/\/permbledhja.com\/sq\/hetimi-i-prokurorise-nuk-mjafton-opozita-do-te-kerkoje-komision-hetimor-per-rezervat-shteterore\/","og_locale":"sq_AL","og_type":"article","og_title":"Hetimi i prokuroris\u00eb nuk mjafton, opozita do t\u00eb k\u00ebrkoj\u00eb Komision Hetimor p\u00ebr rezervat shtet\u00ebrore","og_description":"K\u00ebrkes\u00ebs s\u00eb LDK-s\u00eb p\u00ebr themelimin e nj\u00eb Komision Hetimor Parlamentar p\u00ebr rezervat shtet\u00ebrore i ka dh\u00ebn\u00eb mb\u00ebshtetje edhe PDK-ja. Deputetja e PDK-s\u00eb, Blerta Deliu-Kodra, ka b\u00ebr\u00eb me dije se \u00ebsht\u00eb shum\u00eb i nevojsh\u00ebm formimi i nj\u00eb komisioni t\u00eb till\u00eb. Ajo ka vler\u00ebsuar se asnj\u00ebher\u00eb m\u00eb par\u00eb nuk kan\u00eb ndodhur q\u00eb t\u00eb keqp\u00ebrdoren n\u00eb k\u00ebt\u00eb m\u00ebnyr\u00eb [&hellip;]","og_url":"https:\/\/permbledhja.com\/sq\/hetimi-i-prokurorise-nuk-mjafton-opozita-do-te-kerkoje-komision-hetimor-per-rezervat-shteterore\/","og_site_name":"Ve\u00e7 artikuj p\u00ebrmbledh\u00ebs","article_publisher":"https:\/\/www.facebook.com\/press07\/","article_published_time":"2023-08-10T09:59:05+00:00","og_image":[{"width":2048,"height":1365,"url":"https:\/\/permbledhja.com\/wp-content\/uploads\/2023\/08\/kuvendi-1.jpg","type":"image\/jpeg"}],"author":"M M","twitter_card":"summary_large_image","twitter_misc":{"Written by":"M M","Est. reading time":"3 minuta"},"schema":{"@context":"https:\/\/schema.org","@graph":[{"@type":"Article","@id":"https:\/\/permbledhja.com\/sq\/hetimi-i-prokurorise-nuk-mjafton-opozita-do-te-kerkoje-komision-hetimor-per-rezervat-shteterore\/#article","isPartOf":{"@id":"https:\/\/permbledhja.com\/sq\/hetimi-i-prokurorise-nuk-mjafton-opozita-do-te-kerkoje-komision-hetimor-per-rezervat-shteterore\/"},"author":{"name":"M M","@id":"https:\/\/permbledhja.com\/#\/schema\/person\/d23f13f59b5722643933d6780783acf3"},"headline":"Hetimi i prokuroris\u00eb nuk mjafton, opozita do t\u00eb k\u00ebrkoj\u00eb Komision Hetimor p\u00ebr rezervat shtet\u00ebrore","datePublished":"2023-08-10T09:59:05+00:00","dateModified":"2023-08-10T09:59:05+00:00","mainEntityOfPage":{"@id":"https:\/\/permbledhja.com\/sq\/hetimi-i-prokurorise-nuk-mjafton-opozita-do-te-kerkoje-komision-hetimor-per-rezervat-shteterore\/"},"wordCount":669,"publisher":{"@id":"https:\/\/permbledhja.com\/#organization"},"articleSection":["Komb\u00ebtare","Lajme"],"inLanguage":"sq"},{"@type":"WebPage","@id":"https:\/\/permbledhja.com\/sq\/hetimi-i-prokurorise-nuk-mjafton-opozita-do-te-kerkoje-komision-hetimor-per-rezervat-shteterore\/","url":"https:\/\/permbledhja.com\/sq\/hetimi-i-prokurorise-nuk-mjafton-opozita-do-te-kerkoje-komision-hetimor-per-rezervat-shteterore\/","name":"Hetimi i prokuroris\u00eb nuk mjafton, opozita do t\u00eb k\u00ebrkoj\u00eb Komision Hetimor p\u00ebr rezervat shtet\u00ebrore","isPartOf":{"@id":"https:\/\/permbledhja.com\/#website"},"datePublished":"2023-08-10T09:59:05+00:00","dateModified":"2023-08-10T09:59:05+00:00","breadcrumb":{"@id":"https:\/\/permbledhja.com\/sq\/hetimi-i-prokurorise-nuk-mjafton-opozita-do-te-kerkoje-komision-hetimor-per-rezervat-shteterore\/#breadcrumb"},"inLanguage":"sq","potentialAction":[{"@type":"ReadAction","target":["https:\/\/permbledhja.com\/sq\/hetimi-i-prokurorise-nuk-mjafton-opozita-do-te-kerkoje-komision-hetimor-per-rezervat-shteterore\/"]}]},{"@type":"BreadcrumbList","@id":"https:\/\/permbledhja.com\/sq\/hetimi-i-prokurorise-nuk-mjafton-opozita-do-te-kerkoje-komision-hetimor-per-rezervat-shteterore\/#breadcrumb","itemListElement":[{"@type":"ListItem","position":1,"name":"Ballina","item":"https:\/\/permbledhja.com\/sq\/"},{"@type":"ListItem","position":2,"name":"Hetimi i prokuroris\u00eb nuk mjafton, opozita do t\u00eb k\u00ebrkoj\u00eb Komision Hetimor p\u00ebr rezervat shtet\u00ebrore"}]},{"@type":"WebSite","@id":"https:\/\/permbledhja.com\/#website","url":"https:\/\/permbledhja.com\/","name":"Ve\u00e7 artikuj p\u00ebrmbledh\u00ebs","description":"","publisher":{"@id":"https:\/\/permbledhja.com\/#organization"},"potentialAction":[{"@type":"SearchAction","target":{"@type":"EntryPoint","urlTemplate":"https:\/\/permbledhja.com\/?s={search_term_string}"},"query-input":"required name=search_term_string"}],"inLanguage":"sq"},{"@type":"Organization","@id":"https:\/\/permbledhja.com\/#organization","name":"MK Media & Pr","url":"https:\/\/permbledhja.com\/","logo":{"@type":"ImageObject","inLanguage":"sq","@id":"https:\/\/permbledhja.com\/#\/schema\/logo\/image\/","url":"https:\/\/permbledhja.com\/wp-content\/uploads\/2021\/12\/07-Press-Logo.jpg","contentUrl":"https:\/\/permbledhja.com\/wp-content\/uploads\/2021\/12\/07-Press-Logo.jpg","width":512,"height":512,"caption":"MK Media & Pr"},"image":{"@id":"https:\/\/permbledhja.com\/#\/schema\/logo\/image\/"},"sameAs":["https:\/\/www.facebook.com\/press07\/"]},{"@type":"Person","@id":"https:\/\/permbledhja.com\/#\/schema\/person\/d23f13f59b5722643933d6780783acf3","name":"M M","image":{"@type":"ImageObject","inLanguage":"sq","@id":"https:\/\/permbledhja.com\/#\/schema\/person\/image\/","url":"https:\/\/secure.gravatar.com\/avatar\/e2835a76ca7c31a2416b2d51c4ec9a8f?s=96&d=mm&r=g","contentUrl":"https:\/\/secure.gravatar.com\/avatar\/e2835a76ca7c31a2416b2d51c4ec9a8f?s=96&d=mm&r=g","caption":"M M"},"sameAs":["http:\/\/MM"],"url":"https:\/\/permbledhja.com\/sq\/author\/muhamet\/"}]}},"_links":{"self":[{"href":"https:\/\/permbledhja.com\/sq\/wp-json\/wp\/v2\/posts\/22770"}],"collection":[{"href":"https:\/\/permbledhja.com\/sq\/wp-json\/wp\/v2\/posts"}],"about":[{"href":"https:\/\/permbledhja.com\/sq\/wp-json\/wp\/v2\/types\/post"}],"author":[{"embeddable":true,"href":"https:\/\/permbledhja.com\/sq\/wp-json\/wp\/v2\/users\/2"}],"replies":[{"embeddable":true,"href":"https:\/\/permbledhja.com\/sq\/wp-json\/wp\/v2\/comments?post=22770"}],"version-history":[{"count":1,"href":"https:\/\/permbledhja.com\/sq\/wp-json\/wp\/v2\/posts\/22770\/revisions"}],"predecessor-version":[{"id":22772,"href":"https:\/\/permbledhja.com\/sq\/wp-json\/wp\/v2\/posts\/22770\/revisions\/22772"}],"wp:featuredmedia":[{"embeddable":true,"href":"https:\/\/permbledhja.com\/sq\/wp-json\/wp\/v2\/media\/22771"}],"wp:attachment":[{"href":"https:\/\/permbledhja.com\/sq\/wp-json\/wp\/v2\/media?parent=22770"}],"wp:term":[{"taxonomy":"category","embeddable":true,"href":"https:\/\/permbledhja.com\/sq\/wp-json\/wp\/v2\/categories?post=22770"},{"taxonomy":"post_tag","embeddable":true,"href":"https:\/\/permbledhja.com\/sq\/wp-json\/wp\/v2\/tags?post=22770"}],"curies":[{"name":"wp","href":"https:\/\/api.w.org\/{rel}","templated":true}]}}