{"id":22763,"date":"2023-08-10T09:30:24","date_gmt":"2023-08-10T09:30:24","guid":{"rendered":"https:\/\/permbledhja.com\/?p=22763"},"modified":"2023-08-10T09:30:24","modified_gmt":"2023-08-10T09:30:24","slug":"tri-vrasje-kater-te-dyshuar-ne-arrati-svecla-po-shijon-pushimet-ne-shqiperi","status":"publish","type":"post","link":"https:\/\/permbledhja.com\/sq\/tri-vrasje-kater-te-dyshuar-ne-arrati-svecla-po-shijon-pushimet-ne-shqiperi\/","title":{"rendered":"Tri vrasje, kat\u00ebr t\u00eb dyshuar n\u00eb arrati \u2013 Sve\u00e7la po shijon pushimet n\u00eb Shqip\u00ebri"},"content":{"rendered":"<h3>N\u00eb nj\u00eb koh\u00eb kur vrasjet jan\u00eb shpeshtuar n\u00eb Kosov\u00eb, Xhelal Sve\u00e7la po i shijon pushimet n\u00eb Shqip\u00ebri.<\/h3>\n<p>Ministri i Pun\u00ebve t\u00eb Brendshme, bashk\u00eb me bashk\u00ebshorten e tij \u00ebsht\u00eb duke q\u00ebndruar n\u00eb Plazhin e Gjeneralit, vend turistik i shtetit shqiptar.<\/p>\n<p>N\u00eb nj\u00eb fotografi t\u00eb siguruar nga Paparaci, i pari i MPB-s\u00eb shihet i shoq\u00ebruar nga gruaja e tij, teksa ec\u00ebn buz\u00eb detit t\u00eb Shqip\u00ebris\u00eb.<\/p>\n<p>Tri vrasje kan\u00eb ndodhur n\u00eb gjasht\u00eb dit\u00ebt e fundit n\u00eb Kosov\u00eb. Kat\u00ebr nga t\u00eb dyshuarit p\u00ebr vrasje ose tentim-vrasje ndodhen n\u00eb arrati nga shteti<\/p>\n<p>Vrasja e fundit ishte ajo e mesnat\u00ebs s\u00eb t\u00eb m\u00ebrkur\u00ebs, ku n\u00eb fshatin Runik t\u00eb Skenderajt nj\u00eb burr\u00eb mbeti i vrar\u00eb e tre t\u00eb tjer\u00eb u plagos\u00ebn.<\/p>\n<p><img loading=\"lazy\" decoding=\"async\" class=\"alignnone  wp-image-22764\" src=\"https:\/\/permbledhja.com\/wp-content\/uploads\/2023\/08\/o-300x200.webp\" alt=\"\" width=\"681\" height=\"454\" srcset=\"https:\/\/permbledhja.com\/wp-content\/uploads\/2023\/08\/o-300x200.webp 300w, https:\/\/permbledhja.com\/wp-content\/uploads\/2023\/08\/o-18x12.webp 18w, https:\/\/permbledhja.com\/wp-content\/uploads\/2023\/08\/o.webp 675w\" sizes=\"(max-width: 681px) 100vw, 681px\" \/><\/p>\n","protected":false},"excerpt":{"rendered":"<p>N\u00eb nj\u00eb koh\u00eb kur vrasjet jan\u00eb shpeshtuar n\u00eb Kosov\u00eb, Xhelal Sve\u00e7la po i shijon pushimet n\u00eb Shqip\u00ebri. Ministri i Pun\u00ebve t\u00eb Brendshme, bashk\u00eb me bashk\u00ebshorten e tij \u00ebsht\u00eb duke q\u00ebndruar n\u00eb Plazhin e Gjeneralit, vend turistik i shtetit shqiptar. N\u00eb nj\u00eb fotografi t\u00eb siguruar nga Paparaci, i pari i MPB-s\u00eb shihet i shoq\u00ebruar nga gruaja [&hellip;]<\/p>\n","protected":false},"author":2,"featured_media":22765,"comment_status":"closed","ping_status":"closed","sticky":false,"template":"","format":"standard","meta":{"_monsterinsights_skip_tracking":false,"_monsterinsights_sitenote_active":false,"_monsterinsights_sitenote_note":"","_monsterinsights_sitenote_category":0,"_uf_show_specific_survey":0,"_uf_disable_surveys":false,"footnotes":""},"categories":[23,15],"tags":[665],"yoast_head":"<!-- This site is optimized with the Yoast SEO plugin v21.5 - https:\/\/yoast.com\/wordpress\/plugins\/seo\/ -->\n<title>Tri vrasje, kat\u00ebr t\u00eb dyshuar n\u00eb arrati \u2013 Sve\u00e7la po shijon pushimet n\u00eb Shqip\u00ebri<\/title>\n<meta name=\"robots\" content=\"index, follow, max-snippet:-1, max-image-preview:large, max-video-preview:-1\" \/>\n<link rel=\"canonical\" href=\"https:\/\/permbledhja.com\/sq\/tri-vrasje-kater-te-dyshuar-ne-arrati-svecla-po-shijon-pushimet-ne-shqiperi\/\" \/>\n<meta property=\"og:locale\" content=\"sq_AL\" \/>\n<meta property=\"og:type\" content=\"article\" \/>\n<meta property=\"og:title\" content=\"Tri vrasje, kat\u00ebr t\u00eb dyshuar n\u00eb arrati \u2013 Sve\u00e7la po shijon pushimet n\u00eb Shqip\u00ebri\" \/>\n<meta property=\"og:description\" content=\"N\u00eb nj\u00eb koh\u00eb kur vrasjet jan\u00eb shpeshtuar n\u00eb Kosov\u00eb, Xhelal Sve\u00e7la po i shijon pushimet n\u00eb Shqip\u00ebri. Ministri i Pun\u00ebve t\u00eb Brendshme, bashk\u00eb me bashk\u00ebshorten e tij \u00ebsht\u00eb duke q\u00ebndruar n\u00eb Plazhin e Gjeneralit, vend turistik i shtetit shqiptar. N\u00eb nj\u00eb fotografi t\u00eb siguruar nga Paparaci, i pari i MPB-s\u00eb shihet i shoq\u00ebruar nga gruaja [&hellip;]\" \/>\n<meta property=\"og:url\" content=\"https:\/\/permbledhja.com\/sq\/tri-vrasje-kater-te-dyshuar-ne-arrati-svecla-po-shijon-pushimet-ne-shqiperi\/\" \/>\n<meta property=\"og:site_name\" content=\"Ve\u00e7 artikuj p\u00ebrmbledh\u00ebs\" \/>\n<meta property=\"article:publisher\" content=\"https:\/\/www.facebook.com\/press07\/\" \/>\n<meta property=\"article:published_time\" content=\"2023-08-10T09:30:24+00:00\" \/>\n<meta property=\"og:image\" content=\"https:\/\/permbledhja.com\/wp-content\/uploads\/2023\/08\/Xhelal-Svecla-konference-foto-Ridvan-Slivova-1-e1630915051434-1200x630-1_2022-12-01-093453_hpdj.jpg\" \/>\n\t<meta property=\"og:image:width\" content=\"1000\" \/>\n\t<meta property=\"og:image:height\" content=\"525\" \/>\n\t<meta property=\"og:image:type\" content=\"image\/jpeg\" \/>\n<meta name=\"author\" content=\"M M\" \/>\n<meta name=\"twitter:card\" content=\"summary_large_image\" \/>\n<meta name=\"twitter:label1\" content=\"Written by\" \/>\n\t<meta name=\"twitter:data1\" content=\"M M\" \/>\n\t<meta name=\"twitter:label2\" content=\"Est. reading time\" \/>\n\t<meta name=\"twitter:data2\" content=\"1 minut\u00eb\" \/>\n<script type=\"application\/ld+json\" class=\"yoast-schema-graph\">{\"@context\":\"https:\/\/schema.org\",\"@graph\":[{\"@type\":\"Article\",\"@id\":\"https:\/\/permbledhja.com\/tri-vrasje-kater-te-dyshuar-ne-arrati-svecla-po-shijon-pushimet-ne-shqiperi\/#article\",\"isPartOf\":{\"@id\":\"https:\/\/permbledhja.com\/tri-vrasje-kater-te-dyshuar-ne-arrati-svecla-po-shijon-pushimet-ne-shqiperi\/\"},\"author\":{\"name\":\"M M\",\"@id\":\"https:\/\/permbledhja.com\/#\/schema\/person\/d23f13f59b5722643933d6780783acf3\"},\"headline\":\"Tri vrasje, kat\u00ebr t\u00eb dyshuar n\u00eb arrati \u2013 Sve\u00e7la po shijon pushimet n\u00eb Shqip\u00ebri\",\"datePublished\":\"2023-08-10T09:30:24+00:00\",\"dateModified\":\"2023-08-10T09:30:24+00:00\",\"mainEntityOfPage\":{\"@id\":\"https:\/\/permbledhja.com\/tri-vrasje-kater-te-dyshuar-ne-arrati-svecla-po-shijon-pushimet-ne-shqiperi\/\"},\"wordCount\":145,\"publisher\":{\"@id\":\"https:\/\/permbledhja.com\/#organization\"},\"keywords\":[\"Xhelal Sve\u00e7la\"],\"articleSection\":[\"Komb\u00ebtare\",\"Lajme\"],\"inLanguage\":\"sq\"},{\"@type\":\"WebPage\",\"@id\":\"https:\/\/permbledhja.com\/tri-vrasje-kater-te-dyshuar-ne-arrati-svecla-po-shijon-pushimet-ne-shqiperi\/\",\"url\":\"https:\/\/permbledhja.com\/tri-vrasje-kater-te-dyshuar-ne-arrati-svecla-po-shijon-pushimet-ne-shqiperi\/\",\"name\":\"Tri vrasje, kat\u00ebr t\u00eb dyshuar n\u00eb arrati \u2013 Sve\u00e7la po shijon pushimet n\u00eb Shqip\u00ebri\",\"isPartOf\":{\"@id\":\"https:\/\/permbledhja.com\/#website\"},\"datePublished\":\"2023-08-10T09:30:24+00:00\",\"dateModified\":\"2023-08-10T09:30:24+00:00\",\"breadcrumb\":{\"@id\":\"https:\/\/permbledhja.com\/tri-vrasje-kater-te-dyshuar-ne-arrati-svecla-po-shijon-pushimet-ne-shqiperi\/#breadcrumb\"},\"inLanguage\":\"sq\",\"potentialAction\":[{\"@type\":\"ReadAction\",\"target\":[\"https:\/\/permbledhja.com\/tri-vrasje-kater-te-dyshuar-ne-arrati-svecla-po-shijon-pushimet-ne-shqiperi\/\"]}]},{\"@type\":\"BreadcrumbList\",\"@id\":\"https:\/\/permbledhja.com\/tri-vrasje-kater-te-dyshuar-ne-arrati-svecla-po-shijon-pushimet-ne-shqiperi\/#breadcrumb\",\"itemListElement\":[{\"@type\":\"ListItem\",\"position\":1,\"name\":\"Ballina\",\"item\":\"https:\/\/permbledhja.com\/sq\/\"},{\"@type\":\"ListItem\",\"position\":2,\"name\":\"Tri vrasje, kat\u00ebr t\u00eb dyshuar n\u00eb arrati \u2013 Sve\u00e7la po shijon pushimet n\u00eb Shqip\u00ebri\"}]},{\"@type\":\"WebSite\",\"@id\":\"https:\/\/permbledhja.com\/#website\",\"url\":\"https:\/\/permbledhja.com\/\",\"name\":\"Ve\u00e7 artikuj p\u00ebrmbledh\u00ebs\",\"description\":\"\",\"publisher\":{\"@id\":\"https:\/\/permbledhja.com\/#organization\"},\"potentialAction\":[{\"@type\":\"SearchAction\",\"target\":{\"@type\":\"EntryPoint\",\"urlTemplate\":\"https:\/\/permbledhja.com\/?s={search_term_string}\"},\"query-input\":\"required name=search_term_string\"}],\"inLanguage\":\"sq\"},{\"@type\":\"Organization\",\"@id\":\"https:\/\/permbledhja.com\/#organization\",\"name\":\"MK Media & Pr\",\"url\":\"https:\/\/permbledhja.com\/\",\"logo\":{\"@type\":\"ImageObject\",\"inLanguage\":\"sq\",\"@id\":\"https:\/\/permbledhja.com\/#\/schema\/logo\/image\/\",\"url\":\"https:\/\/permbledhja.com\/wp-content\/uploads\/2021\/12\/07-Press-Logo.jpg\",\"contentUrl\":\"https:\/\/permbledhja.com\/wp-content\/uploads\/2021\/12\/07-Press-Logo.jpg\",\"width\":512,\"height\":512,\"caption\":\"MK Media & Pr\"},\"image\":{\"@id\":\"https:\/\/permbledhja.com\/#\/schema\/logo\/image\/\"},\"sameAs\":[\"https:\/\/www.facebook.com\/press07\/\"]},{\"@type\":\"Person\",\"@id\":\"https:\/\/permbledhja.com\/#\/schema\/person\/d23f13f59b5722643933d6780783acf3\",\"name\":\"M M\",\"image\":{\"@type\":\"ImageObject\",\"inLanguage\":\"sq\",\"@id\":\"https:\/\/permbledhja.com\/#\/schema\/person\/image\/\",\"url\":\"https:\/\/secure.gravatar.com\/avatar\/e2835a76ca7c31a2416b2d51c4ec9a8f?s=96&d=mm&r=g\",\"contentUrl\":\"https:\/\/secure.gravatar.com\/avatar\/e2835a76ca7c31a2416b2d51c4ec9a8f?s=96&d=mm&r=g\",\"caption\":\"M M\"},\"sameAs\":[\"http:\/\/MM\"],\"url\":\"https:\/\/permbledhja.com\/sq\/author\/muhamet\/\"}]}<\/script>\n<!-- \/ Yoast SEO plugin. -->","yoast_head_json":{"title":"Tri vrasje, kat\u00ebr t\u00eb dyshuar n\u00eb arrati \u2013 Sve\u00e7la po shijon pushimet n\u00eb Shqip\u00ebri","robots":{"index":"index","follow":"follow","max-snippet":"max-snippet:-1","max-image-preview":"max-image-preview:large","max-video-preview":"max-video-preview:-1"},"canonical":"https:\/\/permbledhja.com\/sq\/tri-vrasje-kater-te-dyshuar-ne-arrati-svecla-po-shijon-pushimet-ne-shqiperi\/","og_locale":"sq_AL","og_type":"article","og_title":"Tri vrasje, kat\u00ebr t\u00eb dyshuar n\u00eb arrati \u2013 Sve\u00e7la po shijon pushimet n\u00eb Shqip\u00ebri","og_description":"N\u00eb nj\u00eb koh\u00eb kur vrasjet jan\u00eb shpeshtuar n\u00eb Kosov\u00eb, Xhelal Sve\u00e7la po i shijon pushimet n\u00eb Shqip\u00ebri. Ministri i Pun\u00ebve t\u00eb Brendshme, bashk\u00eb me bashk\u00ebshorten e tij \u00ebsht\u00eb duke q\u00ebndruar n\u00eb Plazhin e Gjeneralit, vend turistik i shtetit shqiptar. N\u00eb nj\u00eb fotografi t\u00eb siguruar nga Paparaci, i pari i MPB-s\u00eb shihet i shoq\u00ebruar nga gruaja [&hellip;]","og_url":"https:\/\/permbledhja.com\/sq\/tri-vrasje-kater-te-dyshuar-ne-arrati-svecla-po-shijon-pushimet-ne-shqiperi\/","og_site_name":"Ve\u00e7 artikuj p\u00ebrmbledh\u00ebs","article_publisher":"https:\/\/www.facebook.com\/press07\/","article_published_time":"2023-08-10T09:30:24+00:00","og_image":[{"width":1000,"height":525,"url":"https:\/\/permbledhja.com\/wp-content\/uploads\/2023\/08\/Xhelal-Svecla-konference-foto-Ridvan-Slivova-1-e1630915051434-1200x630-1_2022-12-01-093453_hpdj.jpg","type":"image\/jpeg"}],"author":"M M","twitter_card":"summary_large_image","twitter_misc":{"Written by":"M M","Est. reading time":"1 minut\u00eb"},"schema":{"@context":"https:\/\/schema.org","@graph":[{"@type":"Article","@id":"https:\/\/permbledhja.com\/tri-vrasje-kater-te-dyshuar-ne-arrati-svecla-po-shijon-pushimet-ne-shqiperi\/#article","isPartOf":{"@id":"https:\/\/permbledhja.com\/tri-vrasje-kater-te-dyshuar-ne-arrati-svecla-po-shijon-pushimet-ne-shqiperi\/"},"author":{"name":"M M","@id":"https:\/\/permbledhja.com\/#\/schema\/person\/d23f13f59b5722643933d6780783acf3"},"headline":"Tri vrasje, kat\u00ebr t\u00eb dyshuar n\u00eb arrati \u2013 Sve\u00e7la po shijon pushimet n\u00eb Shqip\u00ebri","datePublished":"2023-08-10T09:30:24+00:00","dateModified":"2023-08-10T09:30:24+00:00","mainEntityOfPage":{"@id":"https:\/\/permbledhja.com\/tri-vrasje-kater-te-dyshuar-ne-arrati-svecla-po-shijon-pushimet-ne-shqiperi\/"},"wordCount":145,"publisher":{"@id":"https:\/\/permbledhja.com\/#organization"},"keywords":["Xhelal Sve\u00e7la"],"articleSection":["Komb\u00ebtare","Lajme"],"inLanguage":"sq"},{"@type":"WebPage","@id":"https:\/\/permbledhja.com\/tri-vrasje-kater-te-dyshuar-ne-arrati-svecla-po-shijon-pushimet-ne-shqiperi\/","url":"https:\/\/permbledhja.com\/tri-vrasje-kater-te-dyshuar-ne-arrati-svecla-po-shijon-pushimet-ne-shqiperi\/","name":"Tri vrasje, kat\u00ebr t\u00eb dyshuar n\u00eb arrati \u2013 Sve\u00e7la po shijon pushimet n\u00eb Shqip\u00ebri","isPartOf":{"@id":"https:\/\/permbledhja.com\/#website"},"datePublished":"2023-08-10T09:30:24+00:00","dateModified":"2023-08-10T09:30:24+00:00","breadcrumb":{"@id":"https:\/\/permbledhja.com\/tri-vrasje-kater-te-dyshuar-ne-arrati-svecla-po-shijon-pushimet-ne-shqiperi\/#breadcrumb"},"inLanguage":"sq","potentialAction":[{"@type":"ReadAction","target":["https:\/\/permbledhja.com\/tri-vrasje-kater-te-dyshuar-ne-arrati-svecla-po-shijon-pushimet-ne-shqiperi\/"]}]},{"@type":"BreadcrumbList","@id":"https:\/\/permbledhja.com\/tri-vrasje-kater-te-dyshuar-ne-arrati-svecla-po-shijon-pushimet-ne-shqiperi\/#breadcrumb","itemListElement":[{"@type":"ListItem","position":1,"name":"Ballina","item":"https:\/\/permbledhja.com\/sq\/"},{"@type":"ListItem","position":2,"name":"Tri vrasje, kat\u00ebr t\u00eb dyshuar n\u00eb arrati \u2013 Sve\u00e7la po shijon pushimet n\u00eb Shqip\u00ebri"}]},{"@type":"WebSite","@id":"https:\/\/permbledhja.com\/#website","url":"https:\/\/permbledhja.com\/","name":"Ve\u00e7 artikuj p\u00ebrmbledh\u00ebs","description":"","publisher":{"@id":"https:\/\/permbledhja.com\/#organization"},"potentialAction":[{"@type":"SearchAction","target":{"@type":"EntryPoint","urlTemplate":"https:\/\/permbledhja.com\/?s={search_term_string}"},"query-input":"required name=search_term_string"}],"inLanguage":"sq"},{"@type":"Organization","@id":"https:\/\/permbledhja.com\/#organization","name":"MK Media & Pr","url":"https:\/\/permbledhja.com\/","logo":{"@type":"ImageObject","inLanguage":"sq","@id":"https:\/\/permbledhja.com\/#\/schema\/logo\/image\/","url":"https:\/\/permbledhja.com\/wp-content\/uploads\/2021\/12\/07-Press-Logo.jpg","contentUrl":"https:\/\/permbledhja.com\/wp-content\/uploads\/2021\/12\/07-Press-Logo.jpg","width":512,"height":512,"caption":"MK Media & Pr"},"image":{"@id":"https:\/\/permbledhja.com\/#\/schema\/logo\/image\/"},"sameAs":["https:\/\/www.facebook.com\/press07\/"]},{"@type":"Person","@id":"https:\/\/permbledhja.com\/#\/schema\/person\/d23f13f59b5722643933d6780783acf3","name":"M M","image":{"@type":"ImageObject","inLanguage":"sq","@id":"https:\/\/permbledhja.com\/#\/schema\/person\/image\/","url":"https:\/\/secure.gravatar.com\/avatar\/e2835a76ca7c31a2416b2d51c4ec9a8f?s=96&d=mm&r=g","contentUrl":"https:\/\/secure.gravatar.com\/avatar\/e2835a76ca7c31a2416b2d51c4ec9a8f?s=96&d=mm&r=g","caption":"M M"},"sameAs":["http:\/\/MM"],"url":"https:\/\/permbledhja.com\/sq\/author\/muhamet\/"}]}},"_links":{"self":[{"href":"https:\/\/permbledhja.com\/sq\/wp-json\/wp\/v2\/posts\/22763"}],"collection":[{"href":"https:\/\/permbledhja.com\/sq\/wp-json\/wp\/v2\/posts"}],"about":[{"href":"https:\/\/permbledhja.com\/sq\/wp-json\/wp\/v2\/types\/post"}],"author":[{"embeddable":true,"href":"https:\/\/permbledhja.com\/sq\/wp-json\/wp\/v2\/users\/2"}],"replies":[{"embeddable":true,"href":"https:\/\/permbledhja.com\/sq\/wp-json\/wp\/v2\/comments?post=22763"}],"version-history":[{"count":1,"href":"https:\/\/permbledhja.com\/sq\/wp-json\/wp\/v2\/posts\/22763\/revisions"}],"predecessor-version":[{"id":22766,"href":"https:\/\/permbledhja.com\/sq\/wp-json\/wp\/v2\/posts\/22763\/revisions\/22766"}],"wp:featuredmedia":[{"embeddable":true,"href":"https:\/\/permbledhja.com\/sq\/wp-json\/wp\/v2\/media\/22765"}],"wp:attachment":[{"href":"https:\/\/permbledhja.com\/sq\/wp-json\/wp\/v2\/media?parent=22763"}],"wp:term":[{"taxonomy":"category","embeddable":true,"href":"https:\/\/permbledhja.com\/sq\/wp-json\/wp\/v2\/categories?post=22763"},{"taxonomy":"post_tag","embeddable":true,"href":"https:\/\/permbledhja.com\/sq\/wp-json\/wp\/v2\/tags?post=22763"}],"curies":[{"name":"wp","href":"https:\/\/api.w.org\/{rel}","templated":true}]}}