{"id":22757,"date":"2023-08-10T09:05:53","date_gmt":"2023-08-10T09:05:53","guid":{"rendered":"https:\/\/permbledhja.com\/?p=22757"},"modified":"2023-08-10T09:05:53","modified_gmt":"2023-08-10T09:05:53","slug":"nga-qkuk-ja-flasin-per-gjendjen-e-te-plagosurve-ne-runik-te-skenderajt","status":"publish","type":"post","link":"https:\/\/permbledhja.com\/sq\/nga-qkuk-ja-flasin-per-gjendjen-e-te-plagosurve-ne-runik-te-skenderajt\/","title":{"rendered":"Nga QKUK-ja flasin p\u00ebr gjendjen e t\u00eb plagosurve n\u00eb Runik t\u00eb Skenderajt"},"content":{"rendered":"<h3>Nj\u00eb ngjarje e r\u00ebnd\u00eb ka ndodhur mbr\u00ebm\u00eb pas mesnate n\u00eb nj\u00eb lokal n\u00eb Runik t\u00eb Skenderajt, ku nj\u00eb person mbeti i vrar\u00eb dhe tre t\u00eb tjer\u00eb u l\u00ebnduan. Persona t\u00eb maskuar e t\u00eb armatosur e q\u00eblluan p\u00ebr vdekje N.L., 39\u00a0 vje\u00e7ar, si dhe plagos\u00ebn tre t\u00eb tjer\u00eb.<\/h3>\n<p>Kjo \u00ebsht\u00eb vrasja e tret\u00eb brenda nj\u00eb jave n\u00eb lokale.<\/p>\n<p>E tre t\u00eb plagosur n\u00eb k\u00ebt\u00eb ngjarje t\u00eb rend\u00eb aktualisht jan\u00eb duke u trajtuar n\u00eb Qendr\u00ebn Klinike Universitare e Kosov\u00ebs (QKUK).<\/p>\n<p>Z\u00ebdh\u00ebn\u00ebsja e QKUK-s\u00eb, Mirlindja Qyqalla p\u00ebr Gazet\u00ebn Express tha se nj\u00ebri nga t\u00eb l\u00ebnduarit \u00ebsht\u00eb n\u00eb gjendje t\u00eb r\u00ebnd\u00eb nd\u00ebrsa dy tjer\u00ebt jan\u00eb jasht\u00eb rrezikut p\u00ebr jet\u00eb.<\/p>\n<p>\u201cNga Qendra Emergjente e QKUK-s\u00eb jemi njoftuar q\u00eb tre presona kan\u00eb k\u00ebrkuar ndihm\u00eb mjek\u00ebsore, t\u00eb l\u00ebnduar me arm\u00eb zjarri. Sipas ekipit mjek\u00ebsor, aktualisht, nj\u00ebri nga t\u00eb l\u00ebnduarit \u00ebsht\u00eb n\u00eb gjendje pak m\u00eb t\u00eb r\u00ebnduar, nd\u00ebrsa dy t\u00eb tjer\u00eb jan\u00eb jasht\u00eb rrezikut p\u00ebr jet\u00eb\u201d, ka th\u00ebn\u00eb Qyqalla.<\/p>\n<p>Ndryshe, nj\u00ebri nga t\u00eb plagosurit 32 vje\u00e7ar (1991) pasi \u00ebsht\u00eb d\u00ebrguar n\u00eb Qendr\u00ebn Klinike Universitare t\u00eb Kosov\u00ebs (QKUK) i \u00ebsht\u00eb n\u00ebnshtruar nj\u00eb intervenimi kirurgjik, ku pas l\u00ebndimeve t\u00eb r\u00ebnda i \u00ebsht\u00eb amputuar nj\u00eb pjes\u00eb e k\u00ebmb\u00ebs.<\/p>\n<p>N.L., 39-vje\u00e7ar dyshohet se u q\u00ebllua p\u00ebr vdekje me arm\u00eb zjarri n\u00eb nj\u00eb kafiteri n\u00eb Runik t\u00eb Skenderajt, nd\u00ebrsa t\u00eb plagosur mbet\u00ebn edhe tre persona tjer\u00eb t\u00eb cil\u00ebt u d\u00ebrguan p\u00ebr t\u2019u mjekuar n\u00eb QKUK n\u00eb Prishtin\u00eb.<\/p>\n<p>Z\u00ebdh\u00ebn\u00ebsi I Policis\u00eb p\u00ebr Rajonin e Mitrovic\u00ebs ka konfirmuar p\u00ebr Express, se persona t\u00eb armatosur e t\u00eb maskuar kan\u00eb hyr\u00eb n\u00eb nj\u00eb kafiteri n\u00eb nj\u00eb lokal n\u00eb Runik t\u00eb Skenderajt, e ku kan\u00eb sht\u00ebn\u00eb me arm\u00eb n\u00eb drejtim t\u00eb viktimave.<\/p>\n<p>Lidhur me rastin \u00ebsht\u00eb deklaruar z\u00ebdh\u00ebn\u00ebsi i Prokuroris\u00eb Themelore t\u00eb Mitrovic\u00ebs, Valon Preteni.<\/p>\n<p>Ai tha se prokurorja e rastit s\u00eb bashku me nj\u00ebsitet tjera relavante kan\u00eb dal\u00eb n\u00eb vendin e ngjarjes dhe rasti \u00ebsht\u00eb iniciuar si \u201cvrasje e r\u00ebnd\u00eb\u201d.<\/p>\n<p>Preteni tha se deri m\u00eb tani autor\u00ebt nuk dihen dhe t\u00eb nj\u00ebjtit kan\u00eb hyr\u00eb t\u00eb maskuar n\u00eb lokal.<\/p>\n<p>\u201cProkurorja e rastit ka dal\u00eb n\u00eb vendin ngjarjes me nj\u00ebsit\u00eb e tjera relevante. Deri m\u00eb tani dyshohet se dy persona t\u00eb maskuar kan\u00eb hy n\u00eb lokal kan\u00eb shti me arm\u00eb zjarri, nj\u00eb person ka mbetur i vrar\u00eb dhe tre t\u00eb plagosur. Prokurorja e ka iniciuar rastin si \u201cvrasje e r\u00ebnd\u00eb\u201d. Nuk dihen autor\u00ebt deri m\u00eb tani\u201d, tha Preteni p\u00ebr Gazet\u00ebn Express.<\/p>\n<p>Policia ka konfirmuar se t\u00eb sht\u00ebnat me arm\u00eb zjarri ndodh\u00ebn rreth or\u00ebs 01:21.<\/p>\n<p>N\u00eb vendin e ngjarjes u gjet\u00ebn g\u00ebzhoja plumbash.<\/p>\n<p>\u201cNga hetimet e para dhe k\u00ebqyrja e vendit t\u00eb ngjarjes, dyshohet se dy persona t\u00eb dyshuar e t\u00eb maskuar kan\u00eb hyr\u00eb brenda n\u00eb kafiteri kan\u00eb sht\u00ebn\u00eb me arm\u00eb dhe jan\u00eb larguar n\u00eb drejtim t\u00eb panjohur. N\u00eb cil\u00ebsi t\u00eb provave materiale n\u00eb vendin e ngjarjes jan\u00eb gjetur dhe konfiskuar disa g\u00ebzhoja\u201d, informoi policia.<\/p>\n<p>Policia tha se po punon p\u00ebr identifikimin dhe arrestimin e personave t\u00eb dyshuar.<\/p>\n<p>\u201cHetuesit e Sektorit Rajonal , jan\u00eb duke punuar intensivisht p\u00ebr identifikimin dhe arrestimin e kryesit\/ve\u00a0 t\u00eb vepr\u00ebs si dhe zbardhjen e k\u00ebsaj vepre penale\u201d, tha policia.<\/p>\n<p>Me urdh\u00ebr t\u00eb prokurores trupi i pajet\u00eb i viktim\u00ebs \u00ebsht\u00eb d\u00ebrguar n\u00eb Institutin e Mjek\u00ebsis\u00eb Ligjore.<\/p>\n","protected":false},"excerpt":{"rendered":"<p>Nj\u00eb ngjarje e r\u00ebnd\u00eb ka ndodhur mbr\u00ebm\u00eb pas mesnate n\u00eb nj\u00eb lokal n\u00eb Runik t\u00eb Skenderajt, ku nj\u00eb person mbeti i vrar\u00eb dhe tre t\u00eb tjer\u00eb u l\u00ebnduan. Persona t\u00eb maskuar e t\u00eb armatosur e q\u00eblluan p\u00ebr vdekje N.L., 39\u00a0 vje\u00e7ar, si dhe plagos\u00ebn tre t\u00eb tjer\u00eb. Kjo \u00ebsht\u00eb vrasja e tret\u00eb brenda nj\u00eb jave [&hellip;]<\/p>\n","protected":false},"author":2,"featured_media":22758,"comment_status":"closed","ping_status":"closed","sticky":false,"template":"","format":"standard","meta":{"_monsterinsights_skip_tracking":false,"_monsterinsights_sitenote_active":false,"_monsterinsights_sitenote_note":"","_monsterinsights_sitenote_category":0,"_uf_show_specific_survey":0,"_uf_disable_surveys":false,"footnotes":""},"categories":[23,15],"tags":[],"yoast_head":"<!-- This site is optimized with the Yoast SEO plugin v21.5 - https:\/\/yoast.com\/wordpress\/plugins\/seo\/ -->\n<title>Nga QKUK-ja flasin p\u00ebr gjendjen e t\u00eb plagosurve n\u00eb Runik t\u00eb Skenderajt<\/title>\n<meta name=\"robots\" content=\"index, follow, max-snippet:-1, max-image-preview:large, max-video-preview:-1\" \/>\n<link rel=\"canonical\" href=\"https:\/\/permbledhja.com\/sq\/nga-qkuk-ja-flasin-per-gjendjen-e-te-plagosurve-ne-runik-te-skenderajt\/\" \/>\n<meta property=\"og:locale\" content=\"sq_AL\" \/>\n<meta property=\"og:type\" content=\"article\" \/>\n<meta property=\"og:title\" content=\"Nga QKUK-ja flasin p\u00ebr gjendjen e t\u00eb plagosurve n\u00eb Runik t\u00eb Skenderajt\" \/>\n<meta property=\"og:description\" content=\"Nj\u00eb ngjarje e r\u00ebnd\u00eb ka ndodhur mbr\u00ebm\u00eb pas mesnate n\u00eb nj\u00eb lokal n\u00eb Runik t\u00eb Skenderajt, ku nj\u00eb person mbeti i vrar\u00eb dhe tre t\u00eb tjer\u00eb u l\u00ebnduan. Persona t\u00eb maskuar e t\u00eb armatosur e q\u00eblluan p\u00ebr vdekje N.L., 39\u00a0 vje\u00e7ar, si dhe plagos\u00ebn tre t\u00eb tjer\u00eb. Kjo \u00ebsht\u00eb vrasja e tret\u00eb brenda nj\u00eb jave [&hellip;]\" \/>\n<meta property=\"og:url\" content=\"https:\/\/permbledhja.com\/sq\/nga-qkuk-ja-flasin-per-gjendjen-e-te-plagosurve-ne-runik-te-skenderajt\/\" \/>\n<meta property=\"og:site_name\" content=\"Ve\u00e7 artikuj p\u00ebrmbledh\u00ebs\" \/>\n<meta property=\"article:publisher\" content=\"https:\/\/www.facebook.com\/press07\/\" \/>\n<meta property=\"article:published_time\" content=\"2023-08-10T09:05:53+00:00\" \/>\n<meta property=\"og:image\" content=\"https:\/\/permbledhja.com\/wp-content\/uploads\/2023\/08\/qkuk_2023-01-01-122613_lcpf.webp\" \/>\n\t<meta property=\"og:image:width\" content=\"1000\" \/>\n\t<meta property=\"og:image:height\" content=\"562\" \/>\n\t<meta property=\"og:image:type\" content=\"image\/webp\" \/>\n<meta name=\"author\" content=\"M M\" \/>\n<meta name=\"twitter:card\" content=\"summary_large_image\" \/>\n<meta name=\"twitter:label1\" content=\"Written by\" \/>\n\t<meta name=\"twitter:data1\" content=\"M M\" \/>\n\t<meta name=\"twitter:label2\" content=\"Est. reading time\" \/>\n\t<meta name=\"twitter:data2\" content=\"3 minuta\" \/>\n<script type=\"application\/ld+json\" class=\"yoast-schema-graph\">{\"@context\":\"https:\/\/schema.org\",\"@graph\":[{\"@type\":\"Article\",\"@id\":\"https:\/\/permbledhja.com\/nga-qkuk-ja-flasin-per-gjendjen-e-te-plagosurve-ne-runik-te-skenderajt\/#article\",\"isPartOf\":{\"@id\":\"https:\/\/permbledhja.com\/nga-qkuk-ja-flasin-per-gjendjen-e-te-plagosurve-ne-runik-te-skenderajt\/\"},\"author\":{\"name\":\"M M\",\"@id\":\"https:\/\/permbledhja.com\/#\/schema\/person\/d23f13f59b5722643933d6780783acf3\"},\"headline\":\"Nga QKUK-ja flasin p\u00ebr gjendjen e t\u00eb plagosurve n\u00eb Runik t\u00eb Skenderajt\",\"datePublished\":\"2023-08-10T09:05:53+00:00\",\"dateModified\":\"2023-08-10T09:05:53+00:00\",\"mainEntityOfPage\":{\"@id\":\"https:\/\/permbledhja.com\/nga-qkuk-ja-flasin-per-gjendjen-e-te-plagosurve-ne-runik-te-skenderajt\/\"},\"wordCount\":608,\"publisher\":{\"@id\":\"https:\/\/permbledhja.com\/#organization\"},\"articleSection\":[\"Komb\u00ebtare\",\"Lajme\"],\"inLanguage\":\"sq\"},{\"@type\":\"WebPage\",\"@id\":\"https:\/\/permbledhja.com\/nga-qkuk-ja-flasin-per-gjendjen-e-te-plagosurve-ne-runik-te-skenderajt\/\",\"url\":\"https:\/\/permbledhja.com\/nga-qkuk-ja-flasin-per-gjendjen-e-te-plagosurve-ne-runik-te-skenderajt\/\",\"name\":\"Nga QKUK-ja flasin p\u00ebr gjendjen e t\u00eb plagosurve n\u00eb Runik t\u00eb Skenderajt\",\"isPartOf\":{\"@id\":\"https:\/\/permbledhja.com\/#website\"},\"datePublished\":\"2023-08-10T09:05:53+00:00\",\"dateModified\":\"2023-08-10T09:05:53+00:00\",\"breadcrumb\":{\"@id\":\"https:\/\/permbledhja.com\/nga-qkuk-ja-flasin-per-gjendjen-e-te-plagosurve-ne-runik-te-skenderajt\/#breadcrumb\"},\"inLanguage\":\"sq\",\"potentialAction\":[{\"@type\":\"ReadAction\",\"target\":[\"https:\/\/permbledhja.com\/nga-qkuk-ja-flasin-per-gjendjen-e-te-plagosurve-ne-runik-te-skenderajt\/\"]}]},{\"@type\":\"BreadcrumbList\",\"@id\":\"https:\/\/permbledhja.com\/nga-qkuk-ja-flasin-per-gjendjen-e-te-plagosurve-ne-runik-te-skenderajt\/#breadcrumb\",\"itemListElement\":[{\"@type\":\"ListItem\",\"position\":1,\"name\":\"Ballina\",\"item\":\"https:\/\/permbledhja.com\/sq\/\"},{\"@type\":\"ListItem\",\"position\":2,\"name\":\"Nga QKUK-ja flasin p\u00ebr gjendjen e t\u00eb plagosurve n\u00eb Runik t\u00eb Skenderajt\"}]},{\"@type\":\"WebSite\",\"@id\":\"https:\/\/permbledhja.com\/#website\",\"url\":\"https:\/\/permbledhja.com\/\",\"name\":\"Ve\u00e7 artikuj p\u00ebrmbledh\u00ebs\",\"description\":\"\",\"publisher\":{\"@id\":\"https:\/\/permbledhja.com\/#organization\"},\"potentialAction\":[{\"@type\":\"SearchAction\",\"target\":{\"@type\":\"EntryPoint\",\"urlTemplate\":\"https:\/\/permbledhja.com\/?s={search_term_string}\"},\"query-input\":\"required name=search_term_string\"}],\"inLanguage\":\"sq\"},{\"@type\":\"Organization\",\"@id\":\"https:\/\/permbledhja.com\/#organization\",\"name\":\"MK Media & Pr\",\"url\":\"https:\/\/permbledhja.com\/\",\"logo\":{\"@type\":\"ImageObject\",\"inLanguage\":\"sq\",\"@id\":\"https:\/\/permbledhja.com\/#\/schema\/logo\/image\/\",\"url\":\"https:\/\/permbledhja.com\/wp-content\/uploads\/2021\/12\/07-Press-Logo.jpg\",\"contentUrl\":\"https:\/\/permbledhja.com\/wp-content\/uploads\/2021\/12\/07-Press-Logo.jpg\",\"width\":512,\"height\":512,\"caption\":\"MK Media & Pr\"},\"image\":{\"@id\":\"https:\/\/permbledhja.com\/#\/schema\/logo\/image\/\"},\"sameAs\":[\"https:\/\/www.facebook.com\/press07\/\"]},{\"@type\":\"Person\",\"@id\":\"https:\/\/permbledhja.com\/#\/schema\/person\/d23f13f59b5722643933d6780783acf3\",\"name\":\"M M\",\"image\":{\"@type\":\"ImageObject\",\"inLanguage\":\"sq\",\"@id\":\"https:\/\/permbledhja.com\/#\/schema\/person\/image\/\",\"url\":\"https:\/\/secure.gravatar.com\/avatar\/e2835a76ca7c31a2416b2d51c4ec9a8f?s=96&d=mm&r=g\",\"contentUrl\":\"https:\/\/secure.gravatar.com\/avatar\/e2835a76ca7c31a2416b2d51c4ec9a8f?s=96&d=mm&r=g\",\"caption\":\"M M\"},\"sameAs\":[\"http:\/\/MM\"],\"url\":\"https:\/\/permbledhja.com\/sq\/author\/muhamet\/\"}]}<\/script>\n<!-- \/ Yoast SEO plugin. -->","yoast_head_json":{"title":"Nga QKUK-ja flasin p\u00ebr gjendjen e t\u00eb plagosurve n\u00eb Runik t\u00eb Skenderajt","robots":{"index":"index","follow":"follow","max-snippet":"max-snippet:-1","max-image-preview":"max-image-preview:large","max-video-preview":"max-video-preview:-1"},"canonical":"https:\/\/permbledhja.com\/sq\/nga-qkuk-ja-flasin-per-gjendjen-e-te-plagosurve-ne-runik-te-skenderajt\/","og_locale":"sq_AL","og_type":"article","og_title":"Nga QKUK-ja flasin p\u00ebr gjendjen e t\u00eb plagosurve n\u00eb Runik t\u00eb Skenderajt","og_description":"Nj\u00eb ngjarje e r\u00ebnd\u00eb ka ndodhur mbr\u00ebm\u00eb pas mesnate n\u00eb nj\u00eb lokal n\u00eb Runik t\u00eb Skenderajt, ku nj\u00eb person mbeti i vrar\u00eb dhe tre t\u00eb tjer\u00eb u l\u00ebnduan. Persona t\u00eb maskuar e t\u00eb armatosur e q\u00eblluan p\u00ebr vdekje N.L., 39\u00a0 vje\u00e7ar, si dhe plagos\u00ebn tre t\u00eb tjer\u00eb. Kjo \u00ebsht\u00eb vrasja e tret\u00eb brenda nj\u00eb jave [&hellip;]","og_url":"https:\/\/permbledhja.com\/sq\/nga-qkuk-ja-flasin-per-gjendjen-e-te-plagosurve-ne-runik-te-skenderajt\/","og_site_name":"Ve\u00e7 artikuj p\u00ebrmbledh\u00ebs","article_publisher":"https:\/\/www.facebook.com\/press07\/","article_published_time":"2023-08-10T09:05:53+00:00","og_image":[{"width":1000,"height":562,"url":"https:\/\/permbledhja.com\/wp-content\/uploads\/2023\/08\/qkuk_2023-01-01-122613_lcpf.webp","type":"image\/webp"}],"author":"M M","twitter_card":"summary_large_image","twitter_misc":{"Written by":"M M","Est. reading time":"3 minuta"},"schema":{"@context":"https:\/\/schema.org","@graph":[{"@type":"Article","@id":"https:\/\/permbledhja.com\/nga-qkuk-ja-flasin-per-gjendjen-e-te-plagosurve-ne-runik-te-skenderajt\/#article","isPartOf":{"@id":"https:\/\/permbledhja.com\/nga-qkuk-ja-flasin-per-gjendjen-e-te-plagosurve-ne-runik-te-skenderajt\/"},"author":{"name":"M M","@id":"https:\/\/permbledhja.com\/#\/schema\/person\/d23f13f59b5722643933d6780783acf3"},"headline":"Nga QKUK-ja flasin p\u00ebr gjendjen e t\u00eb plagosurve n\u00eb Runik t\u00eb Skenderajt","datePublished":"2023-08-10T09:05:53+00:00","dateModified":"2023-08-10T09:05:53+00:00","mainEntityOfPage":{"@id":"https:\/\/permbledhja.com\/nga-qkuk-ja-flasin-per-gjendjen-e-te-plagosurve-ne-runik-te-skenderajt\/"},"wordCount":608,"publisher":{"@id":"https:\/\/permbledhja.com\/#organization"},"articleSection":["Komb\u00ebtare","Lajme"],"inLanguage":"sq"},{"@type":"WebPage","@id":"https:\/\/permbledhja.com\/nga-qkuk-ja-flasin-per-gjendjen-e-te-plagosurve-ne-runik-te-skenderajt\/","url":"https:\/\/permbledhja.com\/nga-qkuk-ja-flasin-per-gjendjen-e-te-plagosurve-ne-runik-te-skenderajt\/","name":"Nga QKUK-ja flasin p\u00ebr gjendjen e t\u00eb plagosurve n\u00eb Runik t\u00eb Skenderajt","isPartOf":{"@id":"https:\/\/permbledhja.com\/#website"},"datePublished":"2023-08-10T09:05:53+00:00","dateModified":"2023-08-10T09:05:53+00:00","breadcrumb":{"@id":"https:\/\/permbledhja.com\/nga-qkuk-ja-flasin-per-gjendjen-e-te-plagosurve-ne-runik-te-skenderajt\/#breadcrumb"},"inLanguage":"sq","potentialAction":[{"@type":"ReadAction","target":["https:\/\/permbledhja.com\/nga-qkuk-ja-flasin-per-gjendjen-e-te-plagosurve-ne-runik-te-skenderajt\/"]}]},{"@type":"BreadcrumbList","@id":"https:\/\/permbledhja.com\/nga-qkuk-ja-flasin-per-gjendjen-e-te-plagosurve-ne-runik-te-skenderajt\/#breadcrumb","itemListElement":[{"@type":"ListItem","position":1,"name":"Ballina","item":"https:\/\/permbledhja.com\/sq\/"},{"@type":"ListItem","position":2,"name":"Nga QKUK-ja flasin p\u00ebr gjendjen e t\u00eb plagosurve n\u00eb Runik t\u00eb Skenderajt"}]},{"@type":"WebSite","@id":"https:\/\/permbledhja.com\/#website","url":"https:\/\/permbledhja.com\/","name":"Ve\u00e7 artikuj p\u00ebrmbledh\u00ebs","description":"","publisher":{"@id":"https:\/\/permbledhja.com\/#organization"},"potentialAction":[{"@type":"SearchAction","target":{"@type":"EntryPoint","urlTemplate":"https:\/\/permbledhja.com\/?s={search_term_string}"},"query-input":"required name=search_term_string"}],"inLanguage":"sq"},{"@type":"Organization","@id":"https:\/\/permbledhja.com\/#organization","name":"MK Media & Pr","url":"https:\/\/permbledhja.com\/","logo":{"@type":"ImageObject","inLanguage":"sq","@id":"https:\/\/permbledhja.com\/#\/schema\/logo\/image\/","url":"https:\/\/permbledhja.com\/wp-content\/uploads\/2021\/12\/07-Press-Logo.jpg","contentUrl":"https:\/\/permbledhja.com\/wp-content\/uploads\/2021\/12\/07-Press-Logo.jpg","width":512,"height":512,"caption":"MK Media & Pr"},"image":{"@id":"https:\/\/permbledhja.com\/#\/schema\/logo\/image\/"},"sameAs":["https:\/\/www.facebook.com\/press07\/"]},{"@type":"Person","@id":"https:\/\/permbledhja.com\/#\/schema\/person\/d23f13f59b5722643933d6780783acf3","name":"M M","image":{"@type":"ImageObject","inLanguage":"sq","@id":"https:\/\/permbledhja.com\/#\/schema\/person\/image\/","url":"https:\/\/secure.gravatar.com\/avatar\/e2835a76ca7c31a2416b2d51c4ec9a8f?s=96&d=mm&r=g","contentUrl":"https:\/\/secure.gravatar.com\/avatar\/e2835a76ca7c31a2416b2d51c4ec9a8f?s=96&d=mm&r=g","caption":"M M"},"sameAs":["http:\/\/MM"],"url":"https:\/\/permbledhja.com\/sq\/author\/muhamet\/"}]}},"_links":{"self":[{"href":"https:\/\/permbledhja.com\/sq\/wp-json\/wp\/v2\/posts\/22757"}],"collection":[{"href":"https:\/\/permbledhja.com\/sq\/wp-json\/wp\/v2\/posts"}],"about":[{"href":"https:\/\/permbledhja.com\/sq\/wp-json\/wp\/v2\/types\/post"}],"author":[{"embeddable":true,"href":"https:\/\/permbledhja.com\/sq\/wp-json\/wp\/v2\/users\/2"}],"replies":[{"embeddable":true,"href":"https:\/\/permbledhja.com\/sq\/wp-json\/wp\/v2\/comments?post=22757"}],"version-history":[{"count":1,"href":"https:\/\/permbledhja.com\/sq\/wp-json\/wp\/v2\/posts\/22757\/revisions"}],"predecessor-version":[{"id":22759,"href":"https:\/\/permbledhja.com\/sq\/wp-json\/wp\/v2\/posts\/22757\/revisions\/22759"}],"wp:featuredmedia":[{"embeddable":true,"href":"https:\/\/permbledhja.com\/sq\/wp-json\/wp\/v2\/media\/22758"}],"wp:attachment":[{"href":"https:\/\/permbledhja.com\/sq\/wp-json\/wp\/v2\/media?parent=22757"}],"wp:term":[{"taxonomy":"category","embeddable":true,"href":"https:\/\/permbledhja.com\/sq\/wp-json\/wp\/v2\/categories?post=22757"},{"taxonomy":"post_tag","embeddable":true,"href":"https:\/\/permbledhja.com\/sq\/wp-json\/wp\/v2\/tags?post=22757"}],"curies":[{"name":"wp","href":"https:\/\/api.w.org\/{rel}","templated":true}]}}