{"id":22748,"date":"2023-08-10T08:39:45","date_gmt":"2023-08-10T08:39:45","guid":{"rendered":"https:\/\/permbledhja.com\/?p=22748"},"modified":"2023-08-10T08:39:45","modified_gmt":"2023-08-10T08:39:45","slug":"deputetja-e-ldk-se-nuk-e-di-a-ka-kurti-fytyre-qe-tu-dale-perpara-familjareve-te-te-pagjeturve","status":"publish","type":"post","link":"https:\/\/permbledhja.com\/sq\/deputetja-e-ldk-se-nuk-e-di-a-ka-kurti-fytyre-qe-tu-dale-perpara-familjareve-te-te-pagjeturve\/","title":{"rendered":"Deputetja e LDK-s\u00eb: Nuk e di a ka Kurti fytyr\u00eb q\u00eb t\u2019u dal\u00eb p\u00ebrpara familjar\u00ebve t\u00eb t\u00eb pagjeturve"},"content":{"rendered":"<h3>Deputetja e LDK-s\u00eb, Rrezarta Krasniqi, p\u00ebrmes nj\u00eb shkrimi n\u00eb Facebook ka th\u00ebn\u00eb se Kurti i ka harruar personat e pagjetur.<\/h3>\n<p>Krasniqi tha se i nj\u00ebjti erdhi n\u00eb pushtet me zotimet p\u00ebr zbardhjen e fatit t\u00eb personave t\u00eb pagjetur por sot i ka harruar ata dhe dhimbjet e n\u00ebnave.<\/p>\n<p>Ajo tutje shton \u201cP\u00ebr me keq, ka nisur t\u2019i rehatoj n\u00eb funksione shtet\u00ebrore individ q\u00eb sh\u00ebrbyen n\u00ebn uniformat ushtarake serbe\u201d.<\/p>\n<p>\u201cNuk e di a ka fytyr\u00eb q\u00eb t\u2019u dal\u00eb p\u00ebrpara familjar\u00ebve t\u00eb pagjetur\u201d shkruan Krasniqi.<\/p>\n<p><strong>Postimi i plot\u00eb:<\/strong><\/p>\n<p>Kurti i braktisi krejt.<\/p>\n<p>Erdhi n\u00eb pushtet me zotimet p\u00ebr zbardhjen e fatit t\u00eb personave t\u00eb pagjetur, sot i ka harruar ata. I ka harruar dhimbjet e shum\u00eb n\u00ebnave.<\/p>\n<p>P\u00ebr me keq, ka nisur t\u2019i rehatoj n\u00eb funksione shtet\u00ebrore individ q\u00eb sh\u00ebrbyen n\u00ebn uniformat ushtarake serbe.<br \/>\nNuk e di a ka fytyr\u00eb q\u00eb t\u2019u dal\u00eb p\u00ebrpara familjar\u00ebve t\u00eb pagjetur?<\/p>\n","protected":false},"excerpt":{"rendered":"<p>Deputetja e LDK-s\u00eb, Rrezarta Krasniqi, p\u00ebrmes nj\u00eb shkrimi n\u00eb Facebook ka th\u00ebn\u00eb se Kurti i ka harruar personat e pagjetur. Krasniqi tha se i nj\u00ebjti erdhi n\u00eb pushtet me zotimet p\u00ebr zbardhjen e fatit t\u00eb personave t\u00eb pagjetur por sot i ka harruar ata dhe dhimbjet e n\u00ebnave. Ajo tutje shton \u201cP\u00ebr me keq, ka [&hellip;]<\/p>\n","protected":false},"author":2,"featured_media":22749,"comment_status":"closed","ping_status":"closed","sticky":false,"template":"","format":"standard","meta":{"_monsterinsights_skip_tracking":false,"_monsterinsights_sitenote_active":false,"_monsterinsights_sitenote_note":"","_monsterinsights_sitenote_category":0,"_uf_show_specific_survey":0,"_uf_disable_surveys":false,"footnotes":""},"categories":[23,15],"tags":[2253],"yoast_head":"<!-- This site is optimized with the Yoast SEO plugin v21.5 - https:\/\/yoast.com\/wordpress\/plugins\/seo\/ -->\n<title>Deputetja e LDK-s\u00eb: Nuk e di a ka Kurti fytyr\u00eb q\u00eb t\u2019u dal\u00eb p\u00ebrpara familjar\u00ebve t\u00eb t\u00eb pagjeturve<\/title>\n<meta name=\"robots\" content=\"index, follow, max-snippet:-1, max-image-preview:large, max-video-preview:-1\" \/>\n<link rel=\"canonical\" href=\"https:\/\/permbledhja.com\/sq\/deputetja-e-ldk-se-nuk-e-di-a-ka-kurti-fytyre-qe-tu-dale-perpara-familjareve-te-te-pagjeturve\/\" \/>\n<meta property=\"og:locale\" content=\"sq_AL\" \/>\n<meta property=\"og:type\" content=\"article\" \/>\n<meta property=\"og:title\" content=\"Deputetja e LDK-s\u00eb: Nuk e di a ka Kurti fytyr\u00eb q\u00eb t\u2019u dal\u00eb p\u00ebrpara familjar\u00ebve t\u00eb t\u00eb pagjeturve\" \/>\n<meta property=\"og:description\" content=\"Deputetja e LDK-s\u00eb, Rrezarta Krasniqi, p\u00ebrmes nj\u00eb shkrimi n\u00eb Facebook ka th\u00ebn\u00eb se Kurti i ka harruar personat e pagjetur. Krasniqi tha se i nj\u00ebjti erdhi n\u00eb pushtet me zotimet p\u00ebr zbardhjen e fatit t\u00eb personave t\u00eb pagjetur por sot i ka harruar ata dhe dhimbjet e n\u00ebnave. Ajo tutje shton \u201cP\u00ebr me keq, ka [&hellip;]\" \/>\n<meta property=\"og:url\" content=\"https:\/\/permbledhja.com\/sq\/deputetja-e-ldk-se-nuk-e-di-a-ka-kurti-fytyre-qe-tu-dale-perpara-familjareve-te-te-pagjeturve\/\" \/>\n<meta property=\"og:site_name\" content=\"Ve\u00e7 artikuj p\u00ebrmbledh\u00ebs\" \/>\n<meta property=\"article:publisher\" content=\"https:\/\/www.facebook.com\/press07\/\" \/>\n<meta property=\"article:published_time\" content=\"2023-08-10T08:39:45+00:00\" \/>\n<meta property=\"og:image\" content=\"https:\/\/permbledhja.com\/wp-content\/uploads\/2023\/08\/Capture-40.jpg\" \/>\n\t<meta property=\"og:image:width\" content=\"973\" \/>\n\t<meta property=\"og:image:height\" content=\"687\" \/>\n\t<meta property=\"og:image:type\" content=\"image\/jpeg\" \/>\n<meta name=\"author\" content=\"M M\" \/>\n<meta name=\"twitter:card\" content=\"summary_large_image\" \/>\n<meta name=\"twitter:label1\" content=\"Written by\" \/>\n\t<meta name=\"twitter:data1\" content=\"M M\" \/>\n\t<meta name=\"twitter:label2\" content=\"Est. reading time\" \/>\n\t<meta name=\"twitter:data2\" content=\"1 minut\u00eb\" \/>\n<script type=\"application\/ld+json\" class=\"yoast-schema-graph\">{\"@context\":\"https:\/\/schema.org\",\"@graph\":[{\"@type\":\"Article\",\"@id\":\"https:\/\/permbledhja.com\/deputetja-e-ldk-se-nuk-e-di-a-ka-kurti-fytyre-qe-tu-dale-perpara-familjareve-te-te-pagjeturve\/#article\",\"isPartOf\":{\"@id\":\"https:\/\/permbledhja.com\/deputetja-e-ldk-se-nuk-e-di-a-ka-kurti-fytyre-qe-tu-dale-perpara-familjareve-te-te-pagjeturve\/\"},\"author\":{\"name\":\"M M\",\"@id\":\"https:\/\/permbledhja.com\/#\/schema\/person\/d23f13f59b5722643933d6780783acf3\"},\"headline\":\"Deputetja e LDK-s\u00eb: Nuk e di a ka Kurti fytyr\u00eb q\u00eb t\u2019u dal\u00eb p\u00ebrpara familjar\u00ebve t\u00eb t\u00eb pagjeturve\",\"datePublished\":\"2023-08-10T08:39:45+00:00\",\"dateModified\":\"2023-08-10T08:39:45+00:00\",\"mainEntityOfPage\":{\"@id\":\"https:\/\/permbledhja.com\/deputetja-e-ldk-se-nuk-e-di-a-ka-kurti-fytyre-qe-tu-dale-perpara-familjareve-te-te-pagjeturve\/\"},\"wordCount\":189,\"publisher\":{\"@id\":\"https:\/\/permbledhja.com\/#organization\"},\"keywords\":[\"Rrezarta Krasniqi\"],\"articleSection\":[\"Komb\u00ebtare\",\"Lajme\"],\"inLanguage\":\"sq\"},{\"@type\":\"WebPage\",\"@id\":\"https:\/\/permbledhja.com\/deputetja-e-ldk-se-nuk-e-di-a-ka-kurti-fytyre-qe-tu-dale-perpara-familjareve-te-te-pagjeturve\/\",\"url\":\"https:\/\/permbledhja.com\/deputetja-e-ldk-se-nuk-e-di-a-ka-kurti-fytyre-qe-tu-dale-perpara-familjareve-te-te-pagjeturve\/\",\"name\":\"Deputetja e LDK-s\u00eb: Nuk e di a ka Kurti fytyr\u00eb q\u00eb t\u2019u dal\u00eb p\u00ebrpara familjar\u00ebve t\u00eb t\u00eb pagjeturve\",\"isPartOf\":{\"@id\":\"https:\/\/permbledhja.com\/#website\"},\"datePublished\":\"2023-08-10T08:39:45+00:00\",\"dateModified\":\"2023-08-10T08:39:45+00:00\",\"breadcrumb\":{\"@id\":\"https:\/\/permbledhja.com\/deputetja-e-ldk-se-nuk-e-di-a-ka-kurti-fytyre-qe-tu-dale-perpara-familjareve-te-te-pagjeturve\/#breadcrumb\"},\"inLanguage\":\"sq\",\"potentialAction\":[{\"@type\":\"ReadAction\",\"target\":[\"https:\/\/permbledhja.com\/deputetja-e-ldk-se-nuk-e-di-a-ka-kurti-fytyre-qe-tu-dale-perpara-familjareve-te-te-pagjeturve\/\"]}]},{\"@type\":\"BreadcrumbList\",\"@id\":\"https:\/\/permbledhja.com\/deputetja-e-ldk-se-nuk-e-di-a-ka-kurti-fytyre-qe-tu-dale-perpara-familjareve-te-te-pagjeturve\/#breadcrumb\",\"itemListElement\":[{\"@type\":\"ListItem\",\"position\":1,\"name\":\"Ballina\",\"item\":\"https:\/\/permbledhja.com\/sq\/\"},{\"@type\":\"ListItem\",\"position\":2,\"name\":\"Deputetja e LDK-s\u00eb: Nuk e di a ka Kurti fytyr\u00eb q\u00eb t\u2019u dal\u00eb p\u00ebrpara familjar\u00ebve t\u00eb t\u00eb pagjeturve\"}]},{\"@type\":\"WebSite\",\"@id\":\"https:\/\/permbledhja.com\/#website\",\"url\":\"https:\/\/permbledhja.com\/\",\"name\":\"Ve\u00e7 artikuj p\u00ebrmbledh\u00ebs\",\"description\":\"\",\"publisher\":{\"@id\":\"https:\/\/permbledhja.com\/#organization\"},\"potentialAction\":[{\"@type\":\"SearchAction\",\"target\":{\"@type\":\"EntryPoint\",\"urlTemplate\":\"https:\/\/permbledhja.com\/?s={search_term_string}\"},\"query-input\":\"required name=search_term_string\"}],\"inLanguage\":\"sq\"},{\"@type\":\"Organization\",\"@id\":\"https:\/\/permbledhja.com\/#organization\",\"name\":\"MK Media & Pr\",\"url\":\"https:\/\/permbledhja.com\/\",\"logo\":{\"@type\":\"ImageObject\",\"inLanguage\":\"sq\",\"@id\":\"https:\/\/permbledhja.com\/#\/schema\/logo\/image\/\",\"url\":\"https:\/\/permbledhja.com\/wp-content\/uploads\/2021\/12\/07-Press-Logo.jpg\",\"contentUrl\":\"https:\/\/permbledhja.com\/wp-content\/uploads\/2021\/12\/07-Press-Logo.jpg\",\"width\":512,\"height\":512,\"caption\":\"MK Media & Pr\"},\"image\":{\"@id\":\"https:\/\/permbledhja.com\/#\/schema\/logo\/image\/\"},\"sameAs\":[\"https:\/\/www.facebook.com\/press07\/\"]},{\"@type\":\"Person\",\"@id\":\"https:\/\/permbledhja.com\/#\/schema\/person\/d23f13f59b5722643933d6780783acf3\",\"name\":\"M M\",\"image\":{\"@type\":\"ImageObject\",\"inLanguage\":\"sq\",\"@id\":\"https:\/\/permbledhja.com\/#\/schema\/person\/image\/\",\"url\":\"https:\/\/secure.gravatar.com\/avatar\/e2835a76ca7c31a2416b2d51c4ec9a8f?s=96&d=mm&r=g\",\"contentUrl\":\"https:\/\/secure.gravatar.com\/avatar\/e2835a76ca7c31a2416b2d51c4ec9a8f?s=96&d=mm&r=g\",\"caption\":\"M M\"},\"sameAs\":[\"http:\/\/MM\"],\"url\":\"https:\/\/permbledhja.com\/sq\/author\/muhamet\/\"}]}<\/script>\n<!-- \/ Yoast SEO plugin. -->","yoast_head_json":{"title":"Deputetja e LDK-s\u00eb: Nuk e di a ka Kurti fytyr\u00eb q\u00eb t\u2019u dal\u00eb p\u00ebrpara familjar\u00ebve t\u00eb t\u00eb pagjeturve","robots":{"index":"index","follow":"follow","max-snippet":"max-snippet:-1","max-image-preview":"max-image-preview:large","max-video-preview":"max-video-preview:-1"},"canonical":"https:\/\/permbledhja.com\/sq\/deputetja-e-ldk-se-nuk-e-di-a-ka-kurti-fytyre-qe-tu-dale-perpara-familjareve-te-te-pagjeturve\/","og_locale":"sq_AL","og_type":"article","og_title":"Deputetja e LDK-s\u00eb: Nuk e di a ka Kurti fytyr\u00eb q\u00eb t\u2019u dal\u00eb p\u00ebrpara familjar\u00ebve t\u00eb t\u00eb pagjeturve","og_description":"Deputetja e LDK-s\u00eb, Rrezarta Krasniqi, p\u00ebrmes nj\u00eb shkrimi n\u00eb Facebook ka th\u00ebn\u00eb se Kurti i ka harruar personat e pagjetur. Krasniqi tha se i nj\u00ebjti erdhi n\u00eb pushtet me zotimet p\u00ebr zbardhjen e fatit t\u00eb personave t\u00eb pagjetur por sot i ka harruar ata dhe dhimbjet e n\u00ebnave. Ajo tutje shton \u201cP\u00ebr me keq, ka [&hellip;]","og_url":"https:\/\/permbledhja.com\/sq\/deputetja-e-ldk-se-nuk-e-di-a-ka-kurti-fytyre-qe-tu-dale-perpara-familjareve-te-te-pagjeturve\/","og_site_name":"Ve\u00e7 artikuj p\u00ebrmbledh\u00ebs","article_publisher":"https:\/\/www.facebook.com\/press07\/","article_published_time":"2023-08-10T08:39:45+00:00","og_image":[{"width":973,"height":687,"url":"https:\/\/permbledhja.com\/wp-content\/uploads\/2023\/08\/Capture-40.jpg","type":"image\/jpeg"}],"author":"M M","twitter_card":"summary_large_image","twitter_misc":{"Written by":"M M","Est. reading time":"1 minut\u00eb"},"schema":{"@context":"https:\/\/schema.org","@graph":[{"@type":"Article","@id":"https:\/\/permbledhja.com\/deputetja-e-ldk-se-nuk-e-di-a-ka-kurti-fytyre-qe-tu-dale-perpara-familjareve-te-te-pagjeturve\/#article","isPartOf":{"@id":"https:\/\/permbledhja.com\/deputetja-e-ldk-se-nuk-e-di-a-ka-kurti-fytyre-qe-tu-dale-perpara-familjareve-te-te-pagjeturve\/"},"author":{"name":"M M","@id":"https:\/\/permbledhja.com\/#\/schema\/person\/d23f13f59b5722643933d6780783acf3"},"headline":"Deputetja e LDK-s\u00eb: Nuk e di a ka Kurti fytyr\u00eb q\u00eb t\u2019u dal\u00eb p\u00ebrpara familjar\u00ebve t\u00eb t\u00eb pagjeturve","datePublished":"2023-08-10T08:39:45+00:00","dateModified":"2023-08-10T08:39:45+00:00","mainEntityOfPage":{"@id":"https:\/\/permbledhja.com\/deputetja-e-ldk-se-nuk-e-di-a-ka-kurti-fytyre-qe-tu-dale-perpara-familjareve-te-te-pagjeturve\/"},"wordCount":189,"publisher":{"@id":"https:\/\/permbledhja.com\/#organization"},"keywords":["Rrezarta Krasniqi"],"articleSection":["Komb\u00ebtare","Lajme"],"inLanguage":"sq"},{"@type":"WebPage","@id":"https:\/\/permbledhja.com\/deputetja-e-ldk-se-nuk-e-di-a-ka-kurti-fytyre-qe-tu-dale-perpara-familjareve-te-te-pagjeturve\/","url":"https:\/\/permbledhja.com\/deputetja-e-ldk-se-nuk-e-di-a-ka-kurti-fytyre-qe-tu-dale-perpara-familjareve-te-te-pagjeturve\/","name":"Deputetja e LDK-s\u00eb: Nuk e di a ka Kurti fytyr\u00eb q\u00eb t\u2019u dal\u00eb p\u00ebrpara familjar\u00ebve t\u00eb t\u00eb pagjeturve","isPartOf":{"@id":"https:\/\/permbledhja.com\/#website"},"datePublished":"2023-08-10T08:39:45+00:00","dateModified":"2023-08-10T08:39:45+00:00","breadcrumb":{"@id":"https:\/\/permbledhja.com\/deputetja-e-ldk-se-nuk-e-di-a-ka-kurti-fytyre-qe-tu-dale-perpara-familjareve-te-te-pagjeturve\/#breadcrumb"},"inLanguage":"sq","potentialAction":[{"@type":"ReadAction","target":["https:\/\/permbledhja.com\/deputetja-e-ldk-se-nuk-e-di-a-ka-kurti-fytyre-qe-tu-dale-perpara-familjareve-te-te-pagjeturve\/"]}]},{"@type":"BreadcrumbList","@id":"https:\/\/permbledhja.com\/deputetja-e-ldk-se-nuk-e-di-a-ka-kurti-fytyre-qe-tu-dale-perpara-familjareve-te-te-pagjeturve\/#breadcrumb","itemListElement":[{"@type":"ListItem","position":1,"name":"Ballina","item":"https:\/\/permbledhja.com\/sq\/"},{"@type":"ListItem","position":2,"name":"Deputetja e LDK-s\u00eb: Nuk e di a ka Kurti fytyr\u00eb q\u00eb t\u2019u dal\u00eb p\u00ebrpara familjar\u00ebve t\u00eb t\u00eb pagjeturve"}]},{"@type":"WebSite","@id":"https:\/\/permbledhja.com\/#website","url":"https:\/\/permbledhja.com\/","name":"Ve\u00e7 artikuj p\u00ebrmbledh\u00ebs","description":"","publisher":{"@id":"https:\/\/permbledhja.com\/#organization"},"potentialAction":[{"@type":"SearchAction","target":{"@type":"EntryPoint","urlTemplate":"https:\/\/permbledhja.com\/?s={search_term_string}"},"query-input":"required name=search_term_string"}],"inLanguage":"sq"},{"@type":"Organization","@id":"https:\/\/permbledhja.com\/#organization","name":"MK Media & Pr","url":"https:\/\/permbledhja.com\/","logo":{"@type":"ImageObject","inLanguage":"sq","@id":"https:\/\/permbledhja.com\/#\/schema\/logo\/image\/","url":"https:\/\/permbledhja.com\/wp-content\/uploads\/2021\/12\/07-Press-Logo.jpg","contentUrl":"https:\/\/permbledhja.com\/wp-content\/uploads\/2021\/12\/07-Press-Logo.jpg","width":512,"height":512,"caption":"MK Media & Pr"},"image":{"@id":"https:\/\/permbledhja.com\/#\/schema\/logo\/image\/"},"sameAs":["https:\/\/www.facebook.com\/press07\/"]},{"@type":"Person","@id":"https:\/\/permbledhja.com\/#\/schema\/person\/d23f13f59b5722643933d6780783acf3","name":"M M","image":{"@type":"ImageObject","inLanguage":"sq","@id":"https:\/\/permbledhja.com\/#\/schema\/person\/image\/","url":"https:\/\/secure.gravatar.com\/avatar\/e2835a76ca7c31a2416b2d51c4ec9a8f?s=96&d=mm&r=g","contentUrl":"https:\/\/secure.gravatar.com\/avatar\/e2835a76ca7c31a2416b2d51c4ec9a8f?s=96&d=mm&r=g","caption":"M M"},"sameAs":["http:\/\/MM"],"url":"https:\/\/permbledhja.com\/sq\/author\/muhamet\/"}]}},"_links":{"self":[{"href":"https:\/\/permbledhja.com\/sq\/wp-json\/wp\/v2\/posts\/22748"}],"collection":[{"href":"https:\/\/permbledhja.com\/sq\/wp-json\/wp\/v2\/posts"}],"about":[{"href":"https:\/\/permbledhja.com\/sq\/wp-json\/wp\/v2\/types\/post"}],"author":[{"embeddable":true,"href":"https:\/\/permbledhja.com\/sq\/wp-json\/wp\/v2\/users\/2"}],"replies":[{"embeddable":true,"href":"https:\/\/permbledhja.com\/sq\/wp-json\/wp\/v2\/comments?post=22748"}],"version-history":[{"count":1,"href":"https:\/\/permbledhja.com\/sq\/wp-json\/wp\/v2\/posts\/22748\/revisions"}],"predecessor-version":[{"id":22750,"href":"https:\/\/permbledhja.com\/sq\/wp-json\/wp\/v2\/posts\/22748\/revisions\/22750"}],"wp:featuredmedia":[{"embeddable":true,"href":"https:\/\/permbledhja.com\/sq\/wp-json\/wp\/v2\/media\/22749"}],"wp:attachment":[{"href":"https:\/\/permbledhja.com\/sq\/wp-json\/wp\/v2\/media?parent=22748"}],"wp:term":[{"taxonomy":"category","embeddable":true,"href":"https:\/\/permbledhja.com\/sq\/wp-json\/wp\/v2\/categories?post=22748"},{"taxonomy":"post_tag","embeddable":true,"href":"https:\/\/permbledhja.com\/sq\/wp-json\/wp\/v2\/tags?post=22748"}],"curies":[{"name":"wp","href":"https:\/\/api.w.org\/{rel}","templated":true}]}}