{"id":22741,"date":"2023-08-10T08:18:13","date_gmt":"2023-08-10T08:18:13","guid":{"rendered":"https:\/\/permbledhja.com\/?p=22741"},"modified":"2023-08-10T08:18:29","modified_gmt":"2023-08-10T08:18:29","slug":"ndalimi-i-mallrave-serbe-ambasada-amerikane-kundershton-qeverine-kurti","status":"publish","type":"post","link":"https:\/\/permbledhja.com\/sq\/ndalimi-i-mallrave-serbe-ambasada-amerikane-kundershton-qeverine-kurti\/","title":{"rendered":"Ndalimi i mallrave serbe, Ambasada Amerikane kund\u00ebrshton Qeverin\u00eb Kurti"},"content":{"rendered":"<h3>Serb\u00ebt jan\u00eb ankuar se ka dy muaj q\u00eb Qeveria e Kosov\u00ebs e ka ndaluar futjen e mallrave serbe n\u00eb vend. N\u00eb lidhje me k\u00ebt\u00eb, portali serb n\u00eb Kosov\u00eb, \u201cKosovo Online\u201d e ka pyetur Ambasad\u00ebn e Shteteve t\u00eb Bashkuara t\u00eb Amerik\u00ebn n\u00eb Kosov\u00eb.<\/h3>\n<p>Nj\u00eb z\u00ebdh\u00ebn\u00ebs i Ambasad\u00ebs Amerikane i ka th\u00ebn\u00eb k\u00ebtij portali se meq\u00eb Kosova dhe Serbia p\u00ebrpiqen p\u00ebr integrim europian, duhet t\u00eb nd\u00ebrmarrin veprime \u201cq\u00eb promovojn\u00eb m\u00eb tej qarkullimin e lir\u00eb t\u00eb mallrave p\u00ebrtej kufijve t\u00eb saj, jo veprime q\u00eb e pengojn\u00eb at\u00eb\u201d.<\/p>\n<p>\u201cSi\u00e7 tham\u00eb edhe m\u00eb her\u00ebt, ne mb\u00ebshtesim iniciativat q\u00eb mund\u00ebsojn\u00eb qarkullimin e lir\u00eb t\u00eb mallrave, sh\u00ebrbimeve dhe njer\u00ebzve, duke forcuar sundimin e ligjit n\u00eb t\u00eb gjith\u00eb rajonin. Pasi q\u00eb Kosova dhe Serbia p\u00ebrpiqen p\u00ebr integrim europian, t\u00eb dyja vendet duhet t\u00eb nd\u00ebrmarrin veprime q\u00eb promovojn\u00eb m\u00eb tej qarkullimin e lir\u00eb t\u00eb mallrave p\u00ebrmes kufirit t\u00eb tyre dhe jo veprimet q\u00eb e pengojn\u00eb at\u00eb\u201d, ka th\u00ebn\u00eb nj\u00eb z\u00ebdh\u00ebn\u00ebses i Ambasad\u00ebs.<\/p>\n<p>Ambasada e SHBA-s\u00eb ka rikujtuar edhe deklarat\u00ebn e Sekretarit amerikan t\u00eb Shtetit, Anthony Blinken pas bised\u00ebs telefonike me kryeministrin e Kosov\u00ebs, Albin Kurti m\u00eb 26 qershor, duke i b\u00ebr\u00eb thirrje Kosov\u00ebs dhe Serbis\u00eb q\u00eb t\u2019i shmangin veprimet q\u00eb mund t\u00eb interpretohen si p\u00ebrshkall\u00ebzuese dhe t\u00eb kthehen menj\u00ebher\u00eb n\u00eb dialogun e udh\u00ebhequr nga Bashkimi Europian.<\/p>\n<p>\u201cSi\u00e7 kemi th\u00ebn\u00eb prej disa koh\u00ebsh dhe si\u00e7 ka th\u00ebn\u00eb Sekretari Blinken pas bised\u00ebs me Kryeministrin Kurti m\u00eb 26 qershor, i b\u00ebjm\u00eb thirrje Kosov\u00ebs dhe Serbis\u00eb q\u00eb t\u2019i de-p\u00ebrshkall\u00ebzojn\u00eb tensionet, t\u2019i shmangin veprimet q\u00eb mund t\u00eb interpretohen si p\u00ebrshkall\u00ebzuese dhe menj\u00ebher\u00eb t\u2019i kthehen dialogut t\u00eb udh\u00ebhequr nga BE-ja. Presim q\u00eb Kosova dhe Serbia t\u2019i zbatojn\u00eb plot\u00ebsisht t\u00eb gjitha obligimet e tyre nga Marr\u00ebveshja e Ohrit\u201d, thuhet n\u00eb p\u00ebrgjigjen e Ambasad\u00ebs Amerikane.<\/p>\n<p>N\u00eb dyqanet n\u00eb veri t\u00eb Kosov\u00ebs \u00ebsht\u00eb v\u00ebn\u00eb re mungesa e produkteve serbe, si pasoj\u00eb e vendimit t\u00eb Qeveris\u00eb m\u00eb 14 qershor p\u00ebr ndalimin e importit t\u00eb mallrave nga Serbia. Ky vendim u pasua me kidnapimin, si\u00e7 kishte th\u00ebn\u00eb Qeveria, t\u00eb tre polic\u00ebve kufitar\u00eb t\u00eb Kosov\u00ebs nga forcat serbe.<\/p>\n<p>Kryeministri Albin Kurti pati th\u00ebn\u00eb se ky vendim p\u00ebr t\u00eb cilin nuk pati njoftim zyrtar, ishte marr\u00eb p\u00ebr arsye sigurie dhe jo ekonomike. Nuk dihet se sa do t\u00eb q\u00ebndroj\u00eb n\u00eb fuqi ky vendim.<\/p>\n<p>Arrestimin e tre pjes\u00ebtar\u00ebve t\u00eb Policis\u00eb s\u00eb Kosov\u00ebs nga forcat serbe, p\u00ebr t\u00eb cil\u00ebt autoritetet n\u00eb Prishtin\u00eb than\u00eb se u \u201crr\u00ebmbyen\u201d. Si\u00e7 ishte paralajm\u00ebruar, nj\u00eb vendim i till\u00eb \u00ebsht\u00eb marr\u00eb p\u00ebr arsye sigurie dhe jo ekonomike dhe nuk dihet se sa do t\u00eb q\u00ebndroj\u00eb n\u00eb fuqi.<\/p>\n<p>&nbsp;<\/p>\n","protected":false},"excerpt":{"rendered":"<p>Serb\u00ebt jan\u00eb ankuar se ka dy muaj q\u00eb Qeveria e Kosov\u00ebs e ka ndaluar futjen e mallrave serbe n\u00eb vend. N\u00eb lidhje me k\u00ebt\u00eb, portali serb n\u00eb Kosov\u00eb, \u201cKosovo Online\u201d e ka pyetur Ambasad\u00ebn e Shteteve t\u00eb Bashkuara t\u00eb Amerik\u00ebn n\u00eb Kosov\u00eb. Nj\u00eb z\u00ebdh\u00ebn\u00ebs i Ambasad\u00ebs Amerikane i ka th\u00ebn\u00eb k\u00ebtij portali se meq\u00eb Kosova [&hellip;]<\/p>\n","protected":false},"author":2,"featured_media":22742,"comment_status":"closed","ping_status":"closed","sticky":false,"template":"","format":"standard","meta":{"_monsterinsights_skip_tracking":false,"_monsterinsights_sitenote_active":false,"_monsterinsights_sitenote_note":"","_monsterinsights_sitenote_category":0,"_uf_show_specific_survey":0,"_uf_disable_surveys":false,"footnotes":""},"categories":[1146,15],"tags":[86],"yoast_head":"<!-- This site is optimized with the Yoast SEO plugin v21.5 - https:\/\/yoast.com\/wordpress\/plugins\/seo\/ -->\n<title>Ndalimi i mallrave serbe, Ambasada Amerikane kund\u00ebrshton Qeverin\u00eb Kurti<\/title>\n<meta name=\"robots\" content=\"index, follow, max-snippet:-1, max-image-preview:large, max-video-preview:-1\" \/>\n<link rel=\"canonical\" href=\"https:\/\/permbledhja.com\/sq\/ndalimi-i-mallrave-serbe-ambasada-amerikane-kundershton-qeverine-kurti\/\" \/>\n<meta property=\"og:locale\" content=\"sq_AL\" \/>\n<meta property=\"og:type\" content=\"article\" \/>\n<meta property=\"og:title\" content=\"Ndalimi i mallrave serbe, Ambasada Amerikane kund\u00ebrshton Qeverin\u00eb Kurti\" \/>\n<meta property=\"og:description\" content=\"Serb\u00ebt jan\u00eb ankuar se ka dy muaj q\u00eb Qeveria e Kosov\u00ebs e ka ndaluar futjen e mallrave serbe n\u00eb vend. N\u00eb lidhje me k\u00ebt\u00eb, portali serb n\u00eb Kosov\u00eb, \u201cKosovo Online\u201d e ka pyetur Ambasad\u00ebn e Shteteve t\u00eb Bashkuara t\u00eb Amerik\u00ebn n\u00eb Kosov\u00eb. Nj\u00eb z\u00ebdh\u00ebn\u00ebs i Ambasad\u00ebs Amerikane i ka th\u00ebn\u00eb k\u00ebtij portali se meq\u00eb Kosova [&hellip;]\" \/>\n<meta property=\"og:url\" content=\"https:\/\/permbledhja.com\/sq\/ndalimi-i-mallrave-serbe-ambasada-amerikane-kundershton-qeverine-kurti\/\" \/>\n<meta property=\"og:site_name\" content=\"Ve\u00e7 artikuj p\u00ebrmbledh\u00ebs\" \/>\n<meta property=\"article:publisher\" content=\"https:\/\/www.facebook.com\/press07\/\" \/>\n<meta property=\"article:published_time\" content=\"2023-08-10T08:18:13+00:00\" \/>\n<meta property=\"article:modified_time\" content=\"2023-08-10T08:18:29+00:00\" \/>\n<meta property=\"og:image\" content=\"https:\/\/permbledhja.com\/wp-content\/uploads\/2023\/08\/rrrrr-1.jpg\" \/>\n\t<meta property=\"og:image:width\" content=\"1190\" \/>\n\t<meta property=\"og:image:height\" content=\"761\" \/>\n\t<meta property=\"og:image:type\" content=\"image\/jpeg\" \/>\n<meta name=\"author\" content=\"M M\" \/>\n<meta name=\"twitter:card\" content=\"summary_large_image\" \/>\n<meta name=\"twitter:label1\" content=\"Written by\" \/>\n\t<meta name=\"twitter:data1\" content=\"M M\" \/>\n\t<meta name=\"twitter:label2\" content=\"Est. reading time\" \/>\n\t<meta name=\"twitter:data2\" content=\"3 minuta\" \/>\n<script type=\"application\/ld+json\" class=\"yoast-schema-graph\">{\"@context\":\"https:\/\/schema.org\",\"@graph\":[{\"@type\":\"Article\",\"@id\":\"https:\/\/permbledhja.com\/ndalimi-i-mallrave-serbe-ambasada-amerikane-kundershton-qeverine-kurti\/#article\",\"isPartOf\":{\"@id\":\"https:\/\/permbledhja.com\/ndalimi-i-mallrave-serbe-ambasada-amerikane-kundershton-qeverine-kurti\/\"},\"author\":{\"name\":\"M M\",\"@id\":\"https:\/\/permbledhja.com\/#\/schema\/person\/d23f13f59b5722643933d6780783acf3\"},\"headline\":\"Ndalimi i mallrave serbe, Ambasada Amerikane kund\u00ebrshton Qeverin\u00eb Kurti\",\"datePublished\":\"2023-08-10T08:18:13+00:00\",\"dateModified\":\"2023-08-10T08:18:29+00:00\",\"mainEntityOfPage\":{\"@id\":\"https:\/\/permbledhja.com\/ndalimi-i-mallrave-serbe-ambasada-amerikane-kundershton-qeverine-kurti\/\"},\"wordCount\":493,\"publisher\":{\"@id\":\"https:\/\/permbledhja.com\/#organization\"},\"keywords\":[\"Albin Kurti\"],\"articleSection\":[\"Kryesoret\",\"Lajme\"],\"inLanguage\":\"sq\"},{\"@type\":\"WebPage\",\"@id\":\"https:\/\/permbledhja.com\/ndalimi-i-mallrave-serbe-ambasada-amerikane-kundershton-qeverine-kurti\/\",\"url\":\"https:\/\/permbledhja.com\/ndalimi-i-mallrave-serbe-ambasada-amerikane-kundershton-qeverine-kurti\/\",\"name\":\"Ndalimi i mallrave serbe, Ambasada Amerikane kund\u00ebrshton Qeverin\u00eb Kurti\",\"isPartOf\":{\"@id\":\"https:\/\/permbledhja.com\/#website\"},\"datePublished\":\"2023-08-10T08:18:13+00:00\",\"dateModified\":\"2023-08-10T08:18:29+00:00\",\"breadcrumb\":{\"@id\":\"https:\/\/permbledhja.com\/ndalimi-i-mallrave-serbe-ambasada-amerikane-kundershton-qeverine-kurti\/#breadcrumb\"},\"inLanguage\":\"sq\",\"potentialAction\":[{\"@type\":\"ReadAction\",\"target\":[\"https:\/\/permbledhja.com\/ndalimi-i-mallrave-serbe-ambasada-amerikane-kundershton-qeverine-kurti\/\"]}]},{\"@type\":\"BreadcrumbList\",\"@id\":\"https:\/\/permbledhja.com\/ndalimi-i-mallrave-serbe-ambasada-amerikane-kundershton-qeverine-kurti\/#breadcrumb\",\"itemListElement\":[{\"@type\":\"ListItem\",\"position\":1,\"name\":\"Ballina\",\"item\":\"https:\/\/permbledhja.com\/sq\/\"},{\"@type\":\"ListItem\",\"position\":2,\"name\":\"Ndalimi i mallrave serbe, Ambasada Amerikane kund\u00ebrshton Qeverin\u00eb Kurti\"}]},{\"@type\":\"WebSite\",\"@id\":\"https:\/\/permbledhja.com\/#website\",\"url\":\"https:\/\/permbledhja.com\/\",\"name\":\"Ve\u00e7 artikuj p\u00ebrmbledh\u00ebs\",\"description\":\"\",\"publisher\":{\"@id\":\"https:\/\/permbledhja.com\/#organization\"},\"potentialAction\":[{\"@type\":\"SearchAction\",\"target\":{\"@type\":\"EntryPoint\",\"urlTemplate\":\"https:\/\/permbledhja.com\/?s={search_term_string}\"},\"query-input\":\"required name=search_term_string\"}],\"inLanguage\":\"sq\"},{\"@type\":\"Organization\",\"@id\":\"https:\/\/permbledhja.com\/#organization\",\"name\":\"MK Media & Pr\",\"url\":\"https:\/\/permbledhja.com\/\",\"logo\":{\"@type\":\"ImageObject\",\"inLanguage\":\"sq\",\"@id\":\"https:\/\/permbledhja.com\/#\/schema\/logo\/image\/\",\"url\":\"https:\/\/permbledhja.com\/wp-content\/uploads\/2021\/12\/07-Press-Logo.jpg\",\"contentUrl\":\"https:\/\/permbledhja.com\/wp-content\/uploads\/2021\/12\/07-Press-Logo.jpg\",\"width\":512,\"height\":512,\"caption\":\"MK Media & Pr\"},\"image\":{\"@id\":\"https:\/\/permbledhja.com\/#\/schema\/logo\/image\/\"},\"sameAs\":[\"https:\/\/www.facebook.com\/press07\/\"]},{\"@type\":\"Person\",\"@id\":\"https:\/\/permbledhja.com\/#\/schema\/person\/d23f13f59b5722643933d6780783acf3\",\"name\":\"M M\",\"image\":{\"@type\":\"ImageObject\",\"inLanguage\":\"sq\",\"@id\":\"https:\/\/permbledhja.com\/#\/schema\/person\/image\/\",\"url\":\"https:\/\/secure.gravatar.com\/avatar\/e2835a76ca7c31a2416b2d51c4ec9a8f?s=96&d=mm&r=g\",\"contentUrl\":\"https:\/\/secure.gravatar.com\/avatar\/e2835a76ca7c31a2416b2d51c4ec9a8f?s=96&d=mm&r=g\",\"caption\":\"M M\"},\"sameAs\":[\"http:\/\/MM\"],\"url\":\"https:\/\/permbledhja.com\/sq\/author\/muhamet\/\"}]}<\/script>\n<!-- \/ Yoast SEO plugin. -->","yoast_head_json":{"title":"Ndalimi i mallrave serbe, Ambasada Amerikane kund\u00ebrshton Qeverin\u00eb Kurti","robots":{"index":"index","follow":"follow","max-snippet":"max-snippet:-1","max-image-preview":"max-image-preview:large","max-video-preview":"max-video-preview:-1"},"canonical":"https:\/\/permbledhja.com\/sq\/ndalimi-i-mallrave-serbe-ambasada-amerikane-kundershton-qeverine-kurti\/","og_locale":"sq_AL","og_type":"article","og_title":"Ndalimi i mallrave serbe, Ambasada Amerikane kund\u00ebrshton Qeverin\u00eb Kurti","og_description":"Serb\u00ebt jan\u00eb ankuar se ka dy muaj q\u00eb Qeveria e Kosov\u00ebs e ka ndaluar futjen e mallrave serbe n\u00eb vend. N\u00eb lidhje me k\u00ebt\u00eb, portali serb n\u00eb Kosov\u00eb, \u201cKosovo Online\u201d e ka pyetur Ambasad\u00ebn e Shteteve t\u00eb Bashkuara t\u00eb Amerik\u00ebn n\u00eb Kosov\u00eb. Nj\u00eb z\u00ebdh\u00ebn\u00ebs i Ambasad\u00ebs Amerikane i ka th\u00ebn\u00eb k\u00ebtij portali se meq\u00eb Kosova [&hellip;]","og_url":"https:\/\/permbledhja.com\/sq\/ndalimi-i-mallrave-serbe-ambasada-amerikane-kundershton-qeverine-kurti\/","og_site_name":"Ve\u00e7 artikuj p\u00ebrmbledh\u00ebs","article_publisher":"https:\/\/www.facebook.com\/press07\/","article_published_time":"2023-08-10T08:18:13+00:00","article_modified_time":"2023-08-10T08:18:29+00:00","og_image":[{"width":1190,"height":761,"url":"https:\/\/permbledhja.com\/wp-content\/uploads\/2023\/08\/rrrrr-1.jpg","type":"image\/jpeg"}],"author":"M M","twitter_card":"summary_large_image","twitter_misc":{"Written by":"M M","Est. reading time":"3 minuta"},"schema":{"@context":"https:\/\/schema.org","@graph":[{"@type":"Article","@id":"https:\/\/permbledhja.com\/ndalimi-i-mallrave-serbe-ambasada-amerikane-kundershton-qeverine-kurti\/#article","isPartOf":{"@id":"https:\/\/permbledhja.com\/ndalimi-i-mallrave-serbe-ambasada-amerikane-kundershton-qeverine-kurti\/"},"author":{"name":"M M","@id":"https:\/\/permbledhja.com\/#\/schema\/person\/d23f13f59b5722643933d6780783acf3"},"headline":"Ndalimi i mallrave serbe, Ambasada Amerikane kund\u00ebrshton Qeverin\u00eb Kurti","datePublished":"2023-08-10T08:18:13+00:00","dateModified":"2023-08-10T08:18:29+00:00","mainEntityOfPage":{"@id":"https:\/\/permbledhja.com\/ndalimi-i-mallrave-serbe-ambasada-amerikane-kundershton-qeverine-kurti\/"},"wordCount":493,"publisher":{"@id":"https:\/\/permbledhja.com\/#organization"},"keywords":["Albin Kurti"],"articleSection":["Kryesoret","Lajme"],"inLanguage":"sq"},{"@type":"WebPage","@id":"https:\/\/permbledhja.com\/ndalimi-i-mallrave-serbe-ambasada-amerikane-kundershton-qeverine-kurti\/","url":"https:\/\/permbledhja.com\/ndalimi-i-mallrave-serbe-ambasada-amerikane-kundershton-qeverine-kurti\/","name":"Ndalimi i mallrave serbe, Ambasada Amerikane kund\u00ebrshton Qeverin\u00eb Kurti","isPartOf":{"@id":"https:\/\/permbledhja.com\/#website"},"datePublished":"2023-08-10T08:18:13+00:00","dateModified":"2023-08-10T08:18:29+00:00","breadcrumb":{"@id":"https:\/\/permbledhja.com\/ndalimi-i-mallrave-serbe-ambasada-amerikane-kundershton-qeverine-kurti\/#breadcrumb"},"inLanguage":"sq","potentialAction":[{"@type":"ReadAction","target":["https:\/\/permbledhja.com\/ndalimi-i-mallrave-serbe-ambasada-amerikane-kundershton-qeverine-kurti\/"]}]},{"@type":"BreadcrumbList","@id":"https:\/\/permbledhja.com\/ndalimi-i-mallrave-serbe-ambasada-amerikane-kundershton-qeverine-kurti\/#breadcrumb","itemListElement":[{"@type":"ListItem","position":1,"name":"Ballina","item":"https:\/\/permbledhja.com\/sq\/"},{"@type":"ListItem","position":2,"name":"Ndalimi i mallrave serbe, Ambasada Amerikane kund\u00ebrshton Qeverin\u00eb Kurti"}]},{"@type":"WebSite","@id":"https:\/\/permbledhja.com\/#website","url":"https:\/\/permbledhja.com\/","name":"Ve\u00e7 artikuj p\u00ebrmbledh\u00ebs","description":"","publisher":{"@id":"https:\/\/permbledhja.com\/#organization"},"potentialAction":[{"@type":"SearchAction","target":{"@type":"EntryPoint","urlTemplate":"https:\/\/permbledhja.com\/?s={search_term_string}"},"query-input":"required name=search_term_string"}],"inLanguage":"sq"},{"@type":"Organization","@id":"https:\/\/permbledhja.com\/#organization","name":"MK Media & Pr","url":"https:\/\/permbledhja.com\/","logo":{"@type":"ImageObject","inLanguage":"sq","@id":"https:\/\/permbledhja.com\/#\/schema\/logo\/image\/","url":"https:\/\/permbledhja.com\/wp-content\/uploads\/2021\/12\/07-Press-Logo.jpg","contentUrl":"https:\/\/permbledhja.com\/wp-content\/uploads\/2021\/12\/07-Press-Logo.jpg","width":512,"height":512,"caption":"MK Media & Pr"},"image":{"@id":"https:\/\/permbledhja.com\/#\/schema\/logo\/image\/"},"sameAs":["https:\/\/www.facebook.com\/press07\/"]},{"@type":"Person","@id":"https:\/\/permbledhja.com\/#\/schema\/person\/d23f13f59b5722643933d6780783acf3","name":"M M","image":{"@type":"ImageObject","inLanguage":"sq","@id":"https:\/\/permbledhja.com\/#\/schema\/person\/image\/","url":"https:\/\/secure.gravatar.com\/avatar\/e2835a76ca7c31a2416b2d51c4ec9a8f?s=96&d=mm&r=g","contentUrl":"https:\/\/secure.gravatar.com\/avatar\/e2835a76ca7c31a2416b2d51c4ec9a8f?s=96&d=mm&r=g","caption":"M M"},"sameAs":["http:\/\/MM"],"url":"https:\/\/permbledhja.com\/sq\/author\/muhamet\/"}]}},"_links":{"self":[{"href":"https:\/\/permbledhja.com\/sq\/wp-json\/wp\/v2\/posts\/22741"}],"collection":[{"href":"https:\/\/permbledhja.com\/sq\/wp-json\/wp\/v2\/posts"}],"about":[{"href":"https:\/\/permbledhja.com\/sq\/wp-json\/wp\/v2\/types\/post"}],"author":[{"embeddable":true,"href":"https:\/\/permbledhja.com\/sq\/wp-json\/wp\/v2\/users\/2"}],"replies":[{"embeddable":true,"href":"https:\/\/permbledhja.com\/sq\/wp-json\/wp\/v2\/comments?post=22741"}],"version-history":[{"count":2,"href":"https:\/\/permbledhja.com\/sq\/wp-json\/wp\/v2\/posts\/22741\/revisions"}],"predecessor-version":[{"id":22744,"href":"https:\/\/permbledhja.com\/sq\/wp-json\/wp\/v2\/posts\/22741\/revisions\/22744"}],"wp:featuredmedia":[{"embeddable":true,"href":"https:\/\/permbledhja.com\/sq\/wp-json\/wp\/v2\/media\/22742"}],"wp:attachment":[{"href":"https:\/\/permbledhja.com\/sq\/wp-json\/wp\/v2\/media?parent=22741"}],"wp:term":[{"taxonomy":"category","embeddable":true,"href":"https:\/\/permbledhja.com\/sq\/wp-json\/wp\/v2\/categories?post=22741"},{"taxonomy":"post_tag","embeddable":true,"href":"https:\/\/permbledhja.com\/sq\/wp-json\/wp\/v2\/tags?post=22741"}],"curies":[{"name":"wp","href":"https:\/\/api.w.org\/{rel}","templated":true}]}}