{"id":22738,"date":"2023-08-10T08:02:39","date_gmt":"2023-08-10T08:02:39","guid":{"rendered":"https:\/\/permbledhja.com\/?p=22738"},"modified":"2023-08-10T08:02:39","modified_gmt":"2023-08-10T08:02:39","slug":"njeri-nga-te-plagosurit-ne-skenderaj-ne-gjendje-te-rende-i-amputohet-kemba","status":"publish","type":"post","link":"https:\/\/permbledhja.com\/sq\/njeri-nga-te-plagosurit-ne-skenderaj-ne-gjendje-te-rende-i-amputohet-kemba\/","title":{"rendered":"Nj\u00ebri nga t\u00eb plagosurit n\u00eb Skenderaj n\u00eb gjendje t\u00eb r\u00ebnd\u00eb, i amputohet k\u00ebmba"},"content":{"rendered":"<h3>Shaqir Uka nga intensiva n\u00eb QKUK ka b\u00ebr\u00eb t\u00eb ditur se nj\u00ebri nga t\u00eb plagosurit n\u00eb incidentin n\u00eb Runik t\u00eb Skenderajt \u00ebsht\u00eb n\u00eb gjendje m\u00eb t\u00eb r\u00ebnd\u00eb nga l\u00ebndimi q\u00eb ka marr\u00eb nga arma e zjarrit n\u00eb regjionin e gjurit dhe p\u00ebr k\u00ebt\u00eb arsye pas nj\u00eb intervenimi kirurgjik \u00ebsht\u00eb dashur t\u2019i amputohet k\u00ebmba.<\/h3>\n<p>N\u00eb nj\u00eb p\u00ebrgjigje p\u00ebr\u00a0Dukagjini, Uka ka th\u00ebn\u00eb se i plagosuri \u00ebsht\u00eb duke marr\u00eb tretmanin e m\u00ebtutjesh\u00ebm mjek\u00ebsor pasi ka humbur shum\u00eb gjak.<\/p>\n<p>\u201cL\u00ebndimi me arm\u00eb zjarri q\u00eb ka ndodhur n\u00eb Skenderaj, tre jan\u00eb sjellur n\u00eb QKUK. Nj\u00ebri prej tyre ka qen\u00eb n\u00eb gjendje m\u00eb t\u00eb r\u00ebnd\u00eb me nj\u00eb l\u00ebndim me arm\u00eb zjarri n\u00eb regjionin e n\u00ebngjurit, n\u00eb k\u00ebmb\u00ebn e djatht\u00eb. Ka qen\u00eb l\u00ebndim shum\u00eb i madh i kockave,i muskujve, i en\u00ebve t\u00eb gjakut. Dhe kjo ka qen\u00eb arsyetim p\u00ebr intervenim kirurgjik . N\u00eb ekzaminimi q\u00eb \u00ebsht\u00eb b\u00ebr\u00eb dhe gjat\u00eb intervenimit kirurgjik \u00ebsht\u00eb par\u00eb q\u00eb pjesa e n\u00ebngjurin t\u00eb k\u00ebmb\u00ebs t\u00eb djatht\u00eb, \u00ebsht\u00eb dashur t\u00eb amputohet si shkak i d\u00ebmtimeve t\u00eb pariparueshme\u201d, ka th\u00ebn\u00eb Uka.<\/p>\n","protected":false},"excerpt":{"rendered":"<p>Shaqir Uka nga intensiva n\u00eb QKUK ka b\u00ebr\u00eb t\u00eb ditur se nj\u00ebri nga t\u00eb plagosurit n\u00eb incidentin n\u00eb Runik t\u00eb Skenderajt \u00ebsht\u00eb n\u00eb gjendje m\u00eb t\u00eb r\u00ebnd\u00eb nga l\u00ebndimi q\u00eb ka marr\u00eb nga arma e zjarrit n\u00eb regjionin e gjurit dhe p\u00ebr k\u00ebt\u00eb arsye pas nj\u00eb intervenimi kirurgjik \u00ebsht\u00eb dashur t\u2019i amputohet k\u00ebmba. N\u00eb nj\u00eb [&hellip;]<\/p>\n","protected":false},"author":2,"featured_media":22739,"comment_status":"closed","ping_status":"closed","sticky":false,"template":"","format":"standard","meta":{"_monsterinsights_skip_tracking":false,"_monsterinsights_sitenote_active":false,"_monsterinsights_sitenote_note":"","_monsterinsights_sitenote_category":0,"_uf_show_specific_survey":0,"_uf_disable_surveys":false,"footnotes":""},"categories":[23,15],"tags":[],"yoast_head":"<!-- This site is optimized with the Yoast SEO plugin v21.5 - https:\/\/yoast.com\/wordpress\/plugins\/seo\/ -->\n<title>Nj\u00ebri nga t\u00eb plagosurit n\u00eb Skenderaj n\u00eb gjendje t\u00eb r\u00ebnd\u00eb, i amputohet k\u00ebmba<\/title>\n<meta name=\"robots\" content=\"index, follow, max-snippet:-1, max-image-preview:large, max-video-preview:-1\" \/>\n<link rel=\"canonical\" href=\"https:\/\/permbledhja.com\/sq\/njeri-nga-te-plagosurit-ne-skenderaj-ne-gjendje-te-rende-i-amputohet-kemba\/\" \/>\n<meta property=\"og:locale\" content=\"sq_AL\" \/>\n<meta property=\"og:type\" content=\"article\" \/>\n<meta property=\"og:title\" content=\"Nj\u00ebri nga t\u00eb plagosurit n\u00eb Skenderaj n\u00eb gjendje t\u00eb r\u00ebnd\u00eb, i amputohet k\u00ebmba\" \/>\n<meta property=\"og:description\" content=\"Shaqir Uka nga intensiva n\u00eb QKUK ka b\u00ebr\u00eb t\u00eb ditur se nj\u00ebri nga t\u00eb plagosurit n\u00eb incidentin n\u00eb Runik t\u00eb Skenderajt \u00ebsht\u00eb n\u00eb gjendje m\u00eb t\u00eb r\u00ebnd\u00eb nga l\u00ebndimi q\u00eb ka marr\u00eb nga arma e zjarrit n\u00eb regjionin e gjurit dhe p\u00ebr k\u00ebt\u00eb arsye pas nj\u00eb intervenimi kirurgjik \u00ebsht\u00eb dashur t\u2019i amputohet k\u00ebmba. N\u00eb nj\u00eb [&hellip;]\" \/>\n<meta property=\"og:url\" content=\"https:\/\/permbledhja.com\/sq\/njeri-nga-te-plagosurit-ne-skenderaj-ne-gjendje-te-rende-i-amputohet-kemba\/\" \/>\n<meta property=\"og:site_name\" content=\"Ve\u00e7 artikuj p\u00ebrmbledh\u00ebs\" \/>\n<meta property=\"article:publisher\" content=\"https:\/\/www.facebook.com\/press07\/\" \/>\n<meta property=\"article:published_time\" content=\"2023-08-10T08:02:39+00:00\" \/>\n<meta property=\"og:image\" content=\"https:\/\/permbledhja.com\/wp-content\/uploads\/2023\/08\/25-05-QKUK-010-scaled-1.jpg\" \/>\n\t<meta property=\"og:image:width\" content=\"2560\" \/>\n\t<meta property=\"og:image:height\" content=\"1703\" \/>\n\t<meta property=\"og:image:type\" content=\"image\/jpeg\" \/>\n<meta name=\"author\" content=\"M M\" \/>\n<meta name=\"twitter:card\" content=\"summary_large_image\" \/>\n<meta name=\"twitter:label1\" content=\"Written by\" \/>\n\t<meta name=\"twitter:data1\" content=\"M M\" \/>\n\t<meta name=\"twitter:label2\" content=\"Est. reading time\" \/>\n\t<meta name=\"twitter:data2\" content=\"1 minut\u00eb\" \/>\n<script type=\"application\/ld+json\" class=\"yoast-schema-graph\">{\"@context\":\"https:\/\/schema.org\",\"@graph\":[{\"@type\":\"Article\",\"@id\":\"https:\/\/permbledhja.com\/sq\/njeri-nga-te-plagosurit-ne-skenderaj-ne-gjendje-te-rende-i-amputohet-kemba\/#article\",\"isPartOf\":{\"@id\":\"https:\/\/permbledhja.com\/sq\/njeri-nga-te-plagosurit-ne-skenderaj-ne-gjendje-te-rende-i-amputohet-kemba\/\"},\"author\":{\"name\":\"M M\",\"@id\":\"https:\/\/permbledhja.com\/#\/schema\/person\/d23f13f59b5722643933d6780783acf3\"},\"headline\":\"Nj\u00ebri nga t\u00eb plagosurit n\u00eb Skenderaj n\u00eb gjendje t\u00eb r\u00ebnd\u00eb, i amputohet k\u00ebmba\",\"datePublished\":\"2023-08-10T08:02:39+00:00\",\"dateModified\":\"2023-08-10T08:02:39+00:00\",\"mainEntityOfPage\":{\"@id\":\"https:\/\/permbledhja.com\/sq\/njeri-nga-te-plagosurit-ne-skenderaj-ne-gjendje-te-rende-i-amputohet-kemba\/\"},\"wordCount\":214,\"publisher\":{\"@id\":\"https:\/\/permbledhja.com\/#organization\"},\"articleSection\":[\"Komb\u00ebtare\",\"Lajme\"],\"inLanguage\":\"sq\"},{\"@type\":\"WebPage\",\"@id\":\"https:\/\/permbledhja.com\/sq\/njeri-nga-te-plagosurit-ne-skenderaj-ne-gjendje-te-rende-i-amputohet-kemba\/\",\"url\":\"https:\/\/permbledhja.com\/sq\/njeri-nga-te-plagosurit-ne-skenderaj-ne-gjendje-te-rende-i-amputohet-kemba\/\",\"name\":\"Nj\u00ebri nga t\u00eb plagosurit n\u00eb Skenderaj n\u00eb gjendje t\u00eb r\u00ebnd\u00eb, i amputohet k\u00ebmba\",\"isPartOf\":{\"@id\":\"https:\/\/permbledhja.com\/#website\"},\"datePublished\":\"2023-08-10T08:02:39+00:00\",\"dateModified\":\"2023-08-10T08:02:39+00:00\",\"breadcrumb\":{\"@id\":\"https:\/\/permbledhja.com\/sq\/njeri-nga-te-plagosurit-ne-skenderaj-ne-gjendje-te-rende-i-amputohet-kemba\/#breadcrumb\"},\"inLanguage\":\"sq\",\"potentialAction\":[{\"@type\":\"ReadAction\",\"target\":[\"https:\/\/permbledhja.com\/sq\/njeri-nga-te-plagosurit-ne-skenderaj-ne-gjendje-te-rende-i-amputohet-kemba\/\"]}]},{\"@type\":\"BreadcrumbList\",\"@id\":\"https:\/\/permbledhja.com\/sq\/njeri-nga-te-plagosurit-ne-skenderaj-ne-gjendje-te-rende-i-amputohet-kemba\/#breadcrumb\",\"itemListElement\":[{\"@type\":\"ListItem\",\"position\":1,\"name\":\"Ballina\",\"item\":\"https:\/\/permbledhja.com\/sq\/\"},{\"@type\":\"ListItem\",\"position\":2,\"name\":\"Nj\u00ebri nga t\u00eb plagosurit n\u00eb Skenderaj n\u00eb gjendje t\u00eb r\u00ebnd\u00eb, i amputohet k\u00ebmba\"}]},{\"@type\":\"WebSite\",\"@id\":\"https:\/\/permbledhja.com\/#website\",\"url\":\"https:\/\/permbledhja.com\/\",\"name\":\"Ve\u00e7 artikuj p\u00ebrmbledh\u00ebs\",\"description\":\"\",\"publisher\":{\"@id\":\"https:\/\/permbledhja.com\/#organization\"},\"potentialAction\":[{\"@type\":\"SearchAction\",\"target\":{\"@type\":\"EntryPoint\",\"urlTemplate\":\"https:\/\/permbledhja.com\/?s={search_term_string}\"},\"query-input\":\"required name=search_term_string\"}],\"inLanguage\":\"sq\"},{\"@type\":\"Organization\",\"@id\":\"https:\/\/permbledhja.com\/#organization\",\"name\":\"MK Media & Pr\",\"url\":\"https:\/\/permbledhja.com\/\",\"logo\":{\"@type\":\"ImageObject\",\"inLanguage\":\"sq\",\"@id\":\"https:\/\/permbledhja.com\/#\/schema\/logo\/image\/\",\"url\":\"https:\/\/permbledhja.com\/wp-content\/uploads\/2021\/12\/07-Press-Logo.jpg\",\"contentUrl\":\"https:\/\/permbledhja.com\/wp-content\/uploads\/2021\/12\/07-Press-Logo.jpg\",\"width\":512,\"height\":512,\"caption\":\"MK Media & Pr\"},\"image\":{\"@id\":\"https:\/\/permbledhja.com\/#\/schema\/logo\/image\/\"},\"sameAs\":[\"https:\/\/www.facebook.com\/press07\/\"]},{\"@type\":\"Person\",\"@id\":\"https:\/\/permbledhja.com\/#\/schema\/person\/d23f13f59b5722643933d6780783acf3\",\"name\":\"M M\",\"image\":{\"@type\":\"ImageObject\",\"inLanguage\":\"sq\",\"@id\":\"https:\/\/permbledhja.com\/#\/schema\/person\/image\/\",\"url\":\"https:\/\/secure.gravatar.com\/avatar\/e2835a76ca7c31a2416b2d51c4ec9a8f?s=96&d=mm&r=g\",\"contentUrl\":\"https:\/\/secure.gravatar.com\/avatar\/e2835a76ca7c31a2416b2d51c4ec9a8f?s=96&d=mm&r=g\",\"caption\":\"M M\"},\"sameAs\":[\"http:\/\/MM\"],\"url\":\"https:\/\/permbledhja.com\/sq\/author\/muhamet\/\"}]}<\/script>\n<!-- \/ Yoast SEO plugin. -->","yoast_head_json":{"title":"Nj\u00ebri nga t\u00eb plagosurit n\u00eb Skenderaj n\u00eb gjendje t\u00eb r\u00ebnd\u00eb, i amputohet k\u00ebmba","robots":{"index":"index","follow":"follow","max-snippet":"max-snippet:-1","max-image-preview":"max-image-preview:large","max-video-preview":"max-video-preview:-1"},"canonical":"https:\/\/permbledhja.com\/sq\/njeri-nga-te-plagosurit-ne-skenderaj-ne-gjendje-te-rende-i-amputohet-kemba\/","og_locale":"sq_AL","og_type":"article","og_title":"Nj\u00ebri nga t\u00eb plagosurit n\u00eb Skenderaj n\u00eb gjendje t\u00eb r\u00ebnd\u00eb, i amputohet k\u00ebmba","og_description":"Shaqir Uka nga intensiva n\u00eb QKUK ka b\u00ebr\u00eb t\u00eb ditur se nj\u00ebri nga t\u00eb plagosurit n\u00eb incidentin n\u00eb Runik t\u00eb Skenderajt \u00ebsht\u00eb n\u00eb gjendje m\u00eb t\u00eb r\u00ebnd\u00eb nga l\u00ebndimi q\u00eb ka marr\u00eb nga arma e zjarrit n\u00eb regjionin e gjurit dhe p\u00ebr k\u00ebt\u00eb arsye pas nj\u00eb intervenimi kirurgjik \u00ebsht\u00eb dashur t\u2019i amputohet k\u00ebmba. N\u00eb nj\u00eb [&hellip;]","og_url":"https:\/\/permbledhja.com\/sq\/njeri-nga-te-plagosurit-ne-skenderaj-ne-gjendje-te-rende-i-amputohet-kemba\/","og_site_name":"Ve\u00e7 artikuj p\u00ebrmbledh\u00ebs","article_publisher":"https:\/\/www.facebook.com\/press07\/","article_published_time":"2023-08-10T08:02:39+00:00","og_image":[{"width":2560,"height":1703,"url":"https:\/\/permbledhja.com\/wp-content\/uploads\/2023\/08\/25-05-QKUK-010-scaled-1.jpg","type":"image\/jpeg"}],"author":"M M","twitter_card":"summary_large_image","twitter_misc":{"Written by":"M M","Est. reading time":"1 minut\u00eb"},"schema":{"@context":"https:\/\/schema.org","@graph":[{"@type":"Article","@id":"https:\/\/permbledhja.com\/sq\/njeri-nga-te-plagosurit-ne-skenderaj-ne-gjendje-te-rende-i-amputohet-kemba\/#article","isPartOf":{"@id":"https:\/\/permbledhja.com\/sq\/njeri-nga-te-plagosurit-ne-skenderaj-ne-gjendje-te-rende-i-amputohet-kemba\/"},"author":{"name":"M M","@id":"https:\/\/permbledhja.com\/#\/schema\/person\/d23f13f59b5722643933d6780783acf3"},"headline":"Nj\u00ebri nga t\u00eb plagosurit n\u00eb Skenderaj n\u00eb gjendje t\u00eb r\u00ebnd\u00eb, i amputohet k\u00ebmba","datePublished":"2023-08-10T08:02:39+00:00","dateModified":"2023-08-10T08:02:39+00:00","mainEntityOfPage":{"@id":"https:\/\/permbledhja.com\/sq\/njeri-nga-te-plagosurit-ne-skenderaj-ne-gjendje-te-rende-i-amputohet-kemba\/"},"wordCount":214,"publisher":{"@id":"https:\/\/permbledhja.com\/#organization"},"articleSection":["Komb\u00ebtare","Lajme"],"inLanguage":"sq"},{"@type":"WebPage","@id":"https:\/\/permbledhja.com\/sq\/njeri-nga-te-plagosurit-ne-skenderaj-ne-gjendje-te-rende-i-amputohet-kemba\/","url":"https:\/\/permbledhja.com\/sq\/njeri-nga-te-plagosurit-ne-skenderaj-ne-gjendje-te-rende-i-amputohet-kemba\/","name":"Nj\u00ebri nga t\u00eb plagosurit n\u00eb Skenderaj n\u00eb gjendje t\u00eb r\u00ebnd\u00eb, i amputohet k\u00ebmba","isPartOf":{"@id":"https:\/\/permbledhja.com\/#website"},"datePublished":"2023-08-10T08:02:39+00:00","dateModified":"2023-08-10T08:02:39+00:00","breadcrumb":{"@id":"https:\/\/permbledhja.com\/sq\/njeri-nga-te-plagosurit-ne-skenderaj-ne-gjendje-te-rende-i-amputohet-kemba\/#breadcrumb"},"inLanguage":"sq","potentialAction":[{"@type":"ReadAction","target":["https:\/\/permbledhja.com\/sq\/njeri-nga-te-plagosurit-ne-skenderaj-ne-gjendje-te-rende-i-amputohet-kemba\/"]}]},{"@type":"BreadcrumbList","@id":"https:\/\/permbledhja.com\/sq\/njeri-nga-te-plagosurit-ne-skenderaj-ne-gjendje-te-rende-i-amputohet-kemba\/#breadcrumb","itemListElement":[{"@type":"ListItem","position":1,"name":"Ballina","item":"https:\/\/permbledhja.com\/sq\/"},{"@type":"ListItem","position":2,"name":"Nj\u00ebri nga t\u00eb plagosurit n\u00eb Skenderaj n\u00eb gjendje t\u00eb r\u00ebnd\u00eb, i amputohet k\u00ebmba"}]},{"@type":"WebSite","@id":"https:\/\/permbledhja.com\/#website","url":"https:\/\/permbledhja.com\/","name":"Ve\u00e7 artikuj p\u00ebrmbledh\u00ebs","description":"","publisher":{"@id":"https:\/\/permbledhja.com\/#organization"},"potentialAction":[{"@type":"SearchAction","target":{"@type":"EntryPoint","urlTemplate":"https:\/\/permbledhja.com\/?s={search_term_string}"},"query-input":"required name=search_term_string"}],"inLanguage":"sq"},{"@type":"Organization","@id":"https:\/\/permbledhja.com\/#organization","name":"MK Media & Pr","url":"https:\/\/permbledhja.com\/","logo":{"@type":"ImageObject","inLanguage":"sq","@id":"https:\/\/permbledhja.com\/#\/schema\/logo\/image\/","url":"https:\/\/permbledhja.com\/wp-content\/uploads\/2021\/12\/07-Press-Logo.jpg","contentUrl":"https:\/\/permbledhja.com\/wp-content\/uploads\/2021\/12\/07-Press-Logo.jpg","width":512,"height":512,"caption":"MK Media & Pr"},"image":{"@id":"https:\/\/permbledhja.com\/#\/schema\/logo\/image\/"},"sameAs":["https:\/\/www.facebook.com\/press07\/"]},{"@type":"Person","@id":"https:\/\/permbledhja.com\/#\/schema\/person\/d23f13f59b5722643933d6780783acf3","name":"M M","image":{"@type":"ImageObject","inLanguage":"sq","@id":"https:\/\/permbledhja.com\/#\/schema\/person\/image\/","url":"https:\/\/secure.gravatar.com\/avatar\/e2835a76ca7c31a2416b2d51c4ec9a8f?s=96&d=mm&r=g","contentUrl":"https:\/\/secure.gravatar.com\/avatar\/e2835a76ca7c31a2416b2d51c4ec9a8f?s=96&d=mm&r=g","caption":"M M"},"sameAs":["http:\/\/MM"],"url":"https:\/\/permbledhja.com\/sq\/author\/muhamet\/"}]}},"_links":{"self":[{"href":"https:\/\/permbledhja.com\/sq\/wp-json\/wp\/v2\/posts\/22738"}],"collection":[{"href":"https:\/\/permbledhja.com\/sq\/wp-json\/wp\/v2\/posts"}],"about":[{"href":"https:\/\/permbledhja.com\/sq\/wp-json\/wp\/v2\/types\/post"}],"author":[{"embeddable":true,"href":"https:\/\/permbledhja.com\/sq\/wp-json\/wp\/v2\/users\/2"}],"replies":[{"embeddable":true,"href":"https:\/\/permbledhja.com\/sq\/wp-json\/wp\/v2\/comments?post=22738"}],"version-history":[{"count":1,"href":"https:\/\/permbledhja.com\/sq\/wp-json\/wp\/v2\/posts\/22738\/revisions"}],"predecessor-version":[{"id":22740,"href":"https:\/\/permbledhja.com\/sq\/wp-json\/wp\/v2\/posts\/22738\/revisions\/22740"}],"wp:featuredmedia":[{"embeddable":true,"href":"https:\/\/permbledhja.com\/sq\/wp-json\/wp\/v2\/media\/22739"}],"wp:attachment":[{"href":"https:\/\/permbledhja.com\/sq\/wp-json\/wp\/v2\/media?parent=22738"}],"wp:term":[{"taxonomy":"category","embeddable":true,"href":"https:\/\/permbledhja.com\/sq\/wp-json\/wp\/v2\/categories?post=22738"},{"taxonomy":"post_tag","embeddable":true,"href":"https:\/\/permbledhja.com\/sq\/wp-json\/wp\/v2\/tags?post=22738"}],"curies":[{"name":"wp","href":"https:\/\/api.w.org\/{rel}","templated":true}]}}