{"id":22735,"date":"2023-08-10T07:53:07","date_gmt":"2023-08-10T07:53:07","guid":{"rendered":"https:\/\/permbledhja.com\/?p=22735"},"modified":"2023-08-10T07:53:07","modified_gmt":"2023-08-10T07:53:07","slug":"ia-kom-bo-unfollow-doarsa-kica-xhelili-tregon-pse-nuk-e-ndjek-ne-rrjete-sociale-presidenten-osmani","status":"publish","type":"post","link":"https:\/\/permbledhja.com\/sq\/ia-kom-bo-unfollow-doarsa-kica-xhelili-tregon-pse-nuk-e-ndjek-ne-rrjete-sociale-presidenten-osmani\/","title":{"rendered":"\u201cIa kom bo unfollow\u201d, Doarsa Kica-Xhelili tregon pse nuk e ndjek n\u00eb rrjete sociale presidenten Osmani"},"content":{"rendered":"<h3>Doarsa Kica Xhelili ka folur p\u00ebr raportin e saj me presidenten e Kosov\u00ebs, Vjosa Osmani.<\/h3>\n<p>Kica Xhelili n\u00eb emisionin \u201c21 Grad\u00eb\u201d n\u00eb RTV21\u00a0 ka konfirmuar se nuk e ndjek m\u00eb n\u00eb rrjetet sociale presidenten, duke treguar edhe arsyen pse ka vendosur ta b\u00ebj\u00eb nj\u00eb gj\u00eb t\u00eb till\u00eb.<\/p>\n<p>Ajo ka th\u00ebn\u00eb se Osmanin nuk e njeh nga politika por p\u00ebrmes Universitetit, p\u00ebrcjell portali rtv21.tv<\/p>\n<p>\u201cE kam pas m\u00eb her\u00ebt, e kam pas edhe n\u00eb nj\u00eb periudh\u00eb edhe pas q\u00eb dola n\u00eb LDK edhe dikur vendosa q\u00eb nuk dua ta kem m\u00eb. Ia kam bo unfollow sepse shikoni p\u00ebr mua..un\u00eb e kam th\u00ebn\u00eb edhe m\u00eb her\u00ebt sepse nuk e kam njoft ndryshe nuk e kam njohur p\u00ebrmes politik\u00ebs, kemi qen\u00eb bashk\u00eb ne universitet, nj\u00eb koh\u00eb ka qen\u00eb profesoresh\u00eb e imja, pastaj kam qen\u00eb pjes\u00ebmarr\u00ebse e garave t\u00eb arbitrazhit komercial ku e p\u00ebrfaq\u00ebsoja Universitetin e Prishtin\u00ebs nj\u00eb vit e kam pasur trajnere, vitin e dyt\u00eb iu pata b\u00eb ndihm\u00ebse trajnere\u2026 Sot p\u00ebr munj\u00eb person q\u00eb ka transmetu guxim t\u00eb jasht\u00ebzakonsh\u00ebm me ardh\u00eb n\u00eb pik\u00ebn q\u00eb un\u00eb me u ndi q\u00eb nuk po e p\u00ebrfaq\u00ebson m\u00eb at\u00eb guxim \u00ebsht\u00eb pak e dhimbshme.\u201d, ka th\u00ebn\u00eb Kica Xhelili.<\/p>\n<p>Ajo ka pranuar se ka pasur diskutime private p\u00ebr t\u00eb cilat ka th\u00ebn\u00eb se do t\u2019i ruaj\u00eb si t\u00eb tilla.<\/p>\n<p>\u201cI kam pas arsyet e mija q\u00eb kam vler\u00ebsu se nuk po du me ndjek m\u00eb at\u00eb profil.\u201d, ka shtuar ajo.<\/p>\n<p>Doarsa Kica Xhelili ishte pjes\u00eb e List\u00ebs Guxo, duke u b\u00ebr\u00eb k\u00ebshtu deputete e Kuvendit t\u00eb Kosov\u00ebs, m\u00eb pas ajo kaloi n\u00eb Lidhjen Demokratike t\u00eb Kosov\u00ebs nga ku vazhdon karrier\u00ebn e saj politike si deputete<\/p>\n","protected":false},"excerpt":{"rendered":"<p>Doarsa Kica Xhelili ka folur p\u00ebr raportin e saj me presidenten e Kosov\u00ebs, Vjosa Osmani. Kica Xhelili n\u00eb emisionin \u201c21 Grad\u00eb\u201d n\u00eb RTV21\u00a0 ka konfirmuar se nuk e ndjek m\u00eb n\u00eb rrjetet sociale presidenten, duke treguar edhe arsyen pse ka vendosur ta b\u00ebj\u00eb nj\u00eb gj\u00eb t\u00eb till\u00eb. Ajo ka th\u00ebn\u00eb se Osmanin nuk e njeh [&hellip;]<\/p>\n","protected":false},"author":2,"featured_media":22736,"comment_status":"closed","ping_status":"closed","sticky":false,"template":"","format":"standard","meta":{"_monsterinsights_skip_tracking":false,"_monsterinsights_sitenote_active":false,"_monsterinsights_sitenote_note":"","_monsterinsights_sitenote_category":0,"_uf_show_specific_survey":0,"_uf_disable_surveys":false,"footnotes":""},"categories":[23,15],"tags":[779],"yoast_head":"<!-- This site is optimized with the Yoast SEO plugin v21.5 - https:\/\/yoast.com\/wordpress\/plugins\/seo\/ -->\n<title>\u201cIa kom bo unfollow\u201d, Doarsa Kica-Xhelili tregon pse nuk e ndjek n\u00eb rrjete sociale presidenten Osmani<\/title>\n<meta name=\"robots\" content=\"index, follow, max-snippet:-1, max-image-preview:large, max-video-preview:-1\" \/>\n<link rel=\"canonical\" href=\"https:\/\/permbledhja.com\/sq\/ia-kom-bo-unfollow-doarsa-kica-xhelili-tregon-pse-nuk-e-ndjek-ne-rrjete-sociale-presidenten-osmani\/\" \/>\n<meta property=\"og:locale\" content=\"sq_AL\" \/>\n<meta property=\"og:type\" content=\"article\" \/>\n<meta property=\"og:title\" content=\"\u201cIa kom bo unfollow\u201d, Doarsa Kica-Xhelili tregon pse nuk e ndjek n\u00eb rrjete sociale presidenten Osmani\" \/>\n<meta property=\"og:description\" content=\"Doarsa Kica Xhelili ka folur p\u00ebr raportin e saj me presidenten e Kosov\u00ebs, Vjosa Osmani. Kica Xhelili n\u00eb emisionin \u201c21 Grad\u00eb\u201d n\u00eb RTV21\u00a0 ka konfirmuar se nuk e ndjek m\u00eb n\u00eb rrjetet sociale presidenten, duke treguar edhe arsyen pse ka vendosur ta b\u00ebj\u00eb nj\u00eb gj\u00eb t\u00eb till\u00eb. Ajo ka th\u00ebn\u00eb se Osmanin nuk e njeh [&hellip;]\" \/>\n<meta property=\"og:url\" content=\"https:\/\/permbledhja.com\/sq\/ia-kom-bo-unfollow-doarsa-kica-xhelili-tregon-pse-nuk-e-ndjek-ne-rrjete-sociale-presidenten-osmani\/\" \/>\n<meta property=\"og:site_name\" content=\"Ve\u00e7 artikuj p\u00ebrmbledh\u00ebs\" \/>\n<meta property=\"article:publisher\" content=\"https:\/\/www.facebook.com\/press07\/\" \/>\n<meta property=\"article:published_time\" content=\"2023-08-10T07:53:07+00:00\" \/>\n<meta property=\"og:image\" content=\"https:\/\/permbledhja.com\/wp-content\/uploads\/2023\/08\/Capture-39.jpg\" \/>\n\t<meta property=\"og:image:width\" content=\"1407\" \/>\n\t<meta property=\"og:image:height\" content=\"692\" \/>\n\t<meta property=\"og:image:type\" content=\"image\/jpeg\" \/>\n<meta name=\"author\" content=\"M M\" \/>\n<meta name=\"twitter:card\" content=\"summary_large_image\" \/>\n<meta name=\"twitter:label1\" content=\"Written by\" \/>\n\t<meta name=\"twitter:data1\" content=\"M M\" \/>\n\t<meta name=\"twitter:label2\" content=\"Est. reading time\" \/>\n\t<meta name=\"twitter:data2\" content=\"2 minuta\" \/>\n<script type=\"application\/ld+json\" class=\"yoast-schema-graph\">{\"@context\":\"https:\/\/schema.org\",\"@graph\":[{\"@type\":\"Article\",\"@id\":\"https:\/\/permbledhja.com\/ia-kom-bo-unfollow-doarsa-kica-xhelili-tregon-pse-nuk-e-ndjek-ne-rrjete-sociale-presidenten-osmani\/#article\",\"isPartOf\":{\"@id\":\"https:\/\/permbledhja.com\/ia-kom-bo-unfollow-doarsa-kica-xhelili-tregon-pse-nuk-e-ndjek-ne-rrjete-sociale-presidenten-osmani\/\"},\"author\":{\"name\":\"M M\",\"@id\":\"https:\/\/permbledhja.com\/#\/schema\/person\/d23f13f59b5722643933d6780783acf3\"},\"headline\":\"\u201cIa kom bo unfollow\u201d, Doarsa Kica-Xhelili tregon pse nuk e ndjek n\u00eb rrjete sociale presidenten Osmani\",\"datePublished\":\"2023-08-10T07:53:07+00:00\",\"dateModified\":\"2023-08-10T07:53:07+00:00\",\"mainEntityOfPage\":{\"@id\":\"https:\/\/permbledhja.com\/ia-kom-bo-unfollow-doarsa-kica-xhelili-tregon-pse-nuk-e-ndjek-ne-rrjete-sociale-presidenten-osmani\/\"},\"wordCount\":320,\"publisher\":{\"@id\":\"https:\/\/permbledhja.com\/#organization\"},\"keywords\":[\"Doarsa Kica Xhelili\"],\"articleSection\":[\"Komb\u00ebtare\",\"Lajme\"],\"inLanguage\":\"sq\"},{\"@type\":\"WebPage\",\"@id\":\"https:\/\/permbledhja.com\/ia-kom-bo-unfollow-doarsa-kica-xhelili-tregon-pse-nuk-e-ndjek-ne-rrjete-sociale-presidenten-osmani\/\",\"url\":\"https:\/\/permbledhja.com\/ia-kom-bo-unfollow-doarsa-kica-xhelili-tregon-pse-nuk-e-ndjek-ne-rrjete-sociale-presidenten-osmani\/\",\"name\":\"\u201cIa kom bo unfollow\u201d, Doarsa Kica-Xhelili tregon pse nuk e ndjek n\u00eb rrjete sociale presidenten Osmani\",\"isPartOf\":{\"@id\":\"https:\/\/permbledhja.com\/#website\"},\"datePublished\":\"2023-08-10T07:53:07+00:00\",\"dateModified\":\"2023-08-10T07:53:07+00:00\",\"breadcrumb\":{\"@id\":\"https:\/\/permbledhja.com\/ia-kom-bo-unfollow-doarsa-kica-xhelili-tregon-pse-nuk-e-ndjek-ne-rrjete-sociale-presidenten-osmani\/#breadcrumb\"},\"inLanguage\":\"sq\",\"potentialAction\":[{\"@type\":\"ReadAction\",\"target\":[\"https:\/\/permbledhja.com\/ia-kom-bo-unfollow-doarsa-kica-xhelili-tregon-pse-nuk-e-ndjek-ne-rrjete-sociale-presidenten-osmani\/\"]}]},{\"@type\":\"BreadcrumbList\",\"@id\":\"https:\/\/permbledhja.com\/ia-kom-bo-unfollow-doarsa-kica-xhelili-tregon-pse-nuk-e-ndjek-ne-rrjete-sociale-presidenten-osmani\/#breadcrumb\",\"itemListElement\":[{\"@type\":\"ListItem\",\"position\":1,\"name\":\"Ballina\",\"item\":\"https:\/\/permbledhja.com\/sq\/\"},{\"@type\":\"ListItem\",\"position\":2,\"name\":\"\u201cIa kom bo unfollow\u201d, Doarsa Kica-Xhelili tregon pse nuk e ndjek n\u00eb rrjete sociale presidenten Osmani\"}]},{\"@type\":\"WebSite\",\"@id\":\"https:\/\/permbledhja.com\/#website\",\"url\":\"https:\/\/permbledhja.com\/\",\"name\":\"Ve\u00e7 artikuj p\u00ebrmbledh\u00ebs\",\"description\":\"\",\"publisher\":{\"@id\":\"https:\/\/permbledhja.com\/#organization\"},\"potentialAction\":[{\"@type\":\"SearchAction\",\"target\":{\"@type\":\"EntryPoint\",\"urlTemplate\":\"https:\/\/permbledhja.com\/?s={search_term_string}\"},\"query-input\":\"required name=search_term_string\"}],\"inLanguage\":\"sq\"},{\"@type\":\"Organization\",\"@id\":\"https:\/\/permbledhja.com\/#organization\",\"name\":\"MK Media & Pr\",\"url\":\"https:\/\/permbledhja.com\/\",\"logo\":{\"@type\":\"ImageObject\",\"inLanguage\":\"sq\",\"@id\":\"https:\/\/permbledhja.com\/#\/schema\/logo\/image\/\",\"url\":\"https:\/\/permbledhja.com\/wp-content\/uploads\/2021\/12\/07-Press-Logo.jpg\",\"contentUrl\":\"https:\/\/permbledhja.com\/wp-content\/uploads\/2021\/12\/07-Press-Logo.jpg\",\"width\":512,\"height\":512,\"caption\":\"MK Media & Pr\"},\"image\":{\"@id\":\"https:\/\/permbledhja.com\/#\/schema\/logo\/image\/\"},\"sameAs\":[\"https:\/\/www.facebook.com\/press07\/\"]},{\"@type\":\"Person\",\"@id\":\"https:\/\/permbledhja.com\/#\/schema\/person\/d23f13f59b5722643933d6780783acf3\",\"name\":\"M M\",\"image\":{\"@type\":\"ImageObject\",\"inLanguage\":\"sq\",\"@id\":\"https:\/\/permbledhja.com\/#\/schema\/person\/image\/\",\"url\":\"https:\/\/secure.gravatar.com\/avatar\/e2835a76ca7c31a2416b2d51c4ec9a8f?s=96&d=mm&r=g\",\"contentUrl\":\"https:\/\/secure.gravatar.com\/avatar\/e2835a76ca7c31a2416b2d51c4ec9a8f?s=96&d=mm&r=g\",\"caption\":\"M M\"},\"sameAs\":[\"http:\/\/MM\"],\"url\":\"https:\/\/permbledhja.com\/sq\/author\/muhamet\/\"}]}<\/script>\n<!-- \/ Yoast SEO plugin. -->","yoast_head_json":{"title":"\u201cIa kom bo unfollow\u201d, Doarsa Kica-Xhelili tregon pse nuk e ndjek n\u00eb rrjete sociale presidenten Osmani","robots":{"index":"index","follow":"follow","max-snippet":"max-snippet:-1","max-image-preview":"max-image-preview:large","max-video-preview":"max-video-preview:-1"},"canonical":"https:\/\/permbledhja.com\/sq\/ia-kom-bo-unfollow-doarsa-kica-xhelili-tregon-pse-nuk-e-ndjek-ne-rrjete-sociale-presidenten-osmani\/","og_locale":"sq_AL","og_type":"article","og_title":"\u201cIa kom bo unfollow\u201d, Doarsa Kica-Xhelili tregon pse nuk e ndjek n\u00eb rrjete sociale presidenten Osmani","og_description":"Doarsa Kica Xhelili ka folur p\u00ebr raportin e saj me presidenten e Kosov\u00ebs, Vjosa Osmani. Kica Xhelili n\u00eb emisionin \u201c21 Grad\u00eb\u201d n\u00eb RTV21\u00a0 ka konfirmuar se nuk e ndjek m\u00eb n\u00eb rrjetet sociale presidenten, duke treguar edhe arsyen pse ka vendosur ta b\u00ebj\u00eb nj\u00eb gj\u00eb t\u00eb till\u00eb. Ajo ka th\u00ebn\u00eb se Osmanin nuk e njeh [&hellip;]","og_url":"https:\/\/permbledhja.com\/sq\/ia-kom-bo-unfollow-doarsa-kica-xhelili-tregon-pse-nuk-e-ndjek-ne-rrjete-sociale-presidenten-osmani\/","og_site_name":"Ve\u00e7 artikuj p\u00ebrmbledh\u00ebs","article_publisher":"https:\/\/www.facebook.com\/press07\/","article_published_time":"2023-08-10T07:53:07+00:00","og_image":[{"width":1407,"height":692,"url":"https:\/\/permbledhja.com\/wp-content\/uploads\/2023\/08\/Capture-39.jpg","type":"image\/jpeg"}],"author":"M M","twitter_card":"summary_large_image","twitter_misc":{"Written by":"M M","Est. reading time":"2 minuta"},"schema":{"@context":"https:\/\/schema.org","@graph":[{"@type":"Article","@id":"https:\/\/permbledhja.com\/ia-kom-bo-unfollow-doarsa-kica-xhelili-tregon-pse-nuk-e-ndjek-ne-rrjete-sociale-presidenten-osmani\/#article","isPartOf":{"@id":"https:\/\/permbledhja.com\/ia-kom-bo-unfollow-doarsa-kica-xhelili-tregon-pse-nuk-e-ndjek-ne-rrjete-sociale-presidenten-osmani\/"},"author":{"name":"M M","@id":"https:\/\/permbledhja.com\/#\/schema\/person\/d23f13f59b5722643933d6780783acf3"},"headline":"\u201cIa kom bo unfollow\u201d, Doarsa Kica-Xhelili tregon pse nuk e ndjek n\u00eb rrjete sociale presidenten Osmani","datePublished":"2023-08-10T07:53:07+00:00","dateModified":"2023-08-10T07:53:07+00:00","mainEntityOfPage":{"@id":"https:\/\/permbledhja.com\/ia-kom-bo-unfollow-doarsa-kica-xhelili-tregon-pse-nuk-e-ndjek-ne-rrjete-sociale-presidenten-osmani\/"},"wordCount":320,"publisher":{"@id":"https:\/\/permbledhja.com\/#organization"},"keywords":["Doarsa Kica Xhelili"],"articleSection":["Komb\u00ebtare","Lajme"],"inLanguage":"sq"},{"@type":"WebPage","@id":"https:\/\/permbledhja.com\/ia-kom-bo-unfollow-doarsa-kica-xhelili-tregon-pse-nuk-e-ndjek-ne-rrjete-sociale-presidenten-osmani\/","url":"https:\/\/permbledhja.com\/ia-kom-bo-unfollow-doarsa-kica-xhelili-tregon-pse-nuk-e-ndjek-ne-rrjete-sociale-presidenten-osmani\/","name":"\u201cIa kom bo unfollow\u201d, Doarsa Kica-Xhelili tregon pse nuk e ndjek n\u00eb rrjete sociale presidenten Osmani","isPartOf":{"@id":"https:\/\/permbledhja.com\/#website"},"datePublished":"2023-08-10T07:53:07+00:00","dateModified":"2023-08-10T07:53:07+00:00","breadcrumb":{"@id":"https:\/\/permbledhja.com\/ia-kom-bo-unfollow-doarsa-kica-xhelili-tregon-pse-nuk-e-ndjek-ne-rrjete-sociale-presidenten-osmani\/#breadcrumb"},"inLanguage":"sq","potentialAction":[{"@type":"ReadAction","target":["https:\/\/permbledhja.com\/ia-kom-bo-unfollow-doarsa-kica-xhelili-tregon-pse-nuk-e-ndjek-ne-rrjete-sociale-presidenten-osmani\/"]}]},{"@type":"BreadcrumbList","@id":"https:\/\/permbledhja.com\/ia-kom-bo-unfollow-doarsa-kica-xhelili-tregon-pse-nuk-e-ndjek-ne-rrjete-sociale-presidenten-osmani\/#breadcrumb","itemListElement":[{"@type":"ListItem","position":1,"name":"Ballina","item":"https:\/\/permbledhja.com\/sq\/"},{"@type":"ListItem","position":2,"name":"\u201cIa kom bo unfollow\u201d, Doarsa Kica-Xhelili tregon pse nuk e ndjek n\u00eb rrjete sociale presidenten Osmani"}]},{"@type":"WebSite","@id":"https:\/\/permbledhja.com\/#website","url":"https:\/\/permbledhja.com\/","name":"Ve\u00e7 artikuj p\u00ebrmbledh\u00ebs","description":"","publisher":{"@id":"https:\/\/permbledhja.com\/#organization"},"potentialAction":[{"@type":"SearchAction","target":{"@type":"EntryPoint","urlTemplate":"https:\/\/permbledhja.com\/?s={search_term_string}"},"query-input":"required name=search_term_string"}],"inLanguage":"sq"},{"@type":"Organization","@id":"https:\/\/permbledhja.com\/#organization","name":"MK Media & Pr","url":"https:\/\/permbledhja.com\/","logo":{"@type":"ImageObject","inLanguage":"sq","@id":"https:\/\/permbledhja.com\/#\/schema\/logo\/image\/","url":"https:\/\/permbledhja.com\/wp-content\/uploads\/2021\/12\/07-Press-Logo.jpg","contentUrl":"https:\/\/permbledhja.com\/wp-content\/uploads\/2021\/12\/07-Press-Logo.jpg","width":512,"height":512,"caption":"MK Media & Pr"},"image":{"@id":"https:\/\/permbledhja.com\/#\/schema\/logo\/image\/"},"sameAs":["https:\/\/www.facebook.com\/press07\/"]},{"@type":"Person","@id":"https:\/\/permbledhja.com\/#\/schema\/person\/d23f13f59b5722643933d6780783acf3","name":"M M","image":{"@type":"ImageObject","inLanguage":"sq","@id":"https:\/\/permbledhja.com\/#\/schema\/person\/image\/","url":"https:\/\/secure.gravatar.com\/avatar\/e2835a76ca7c31a2416b2d51c4ec9a8f?s=96&d=mm&r=g","contentUrl":"https:\/\/secure.gravatar.com\/avatar\/e2835a76ca7c31a2416b2d51c4ec9a8f?s=96&d=mm&r=g","caption":"M M"},"sameAs":["http:\/\/MM"],"url":"https:\/\/permbledhja.com\/sq\/author\/muhamet\/"}]}},"_links":{"self":[{"href":"https:\/\/permbledhja.com\/sq\/wp-json\/wp\/v2\/posts\/22735"}],"collection":[{"href":"https:\/\/permbledhja.com\/sq\/wp-json\/wp\/v2\/posts"}],"about":[{"href":"https:\/\/permbledhja.com\/sq\/wp-json\/wp\/v2\/types\/post"}],"author":[{"embeddable":true,"href":"https:\/\/permbledhja.com\/sq\/wp-json\/wp\/v2\/users\/2"}],"replies":[{"embeddable":true,"href":"https:\/\/permbledhja.com\/sq\/wp-json\/wp\/v2\/comments?post=22735"}],"version-history":[{"count":1,"href":"https:\/\/permbledhja.com\/sq\/wp-json\/wp\/v2\/posts\/22735\/revisions"}],"predecessor-version":[{"id":22737,"href":"https:\/\/permbledhja.com\/sq\/wp-json\/wp\/v2\/posts\/22735\/revisions\/22737"}],"wp:featuredmedia":[{"embeddable":true,"href":"https:\/\/permbledhja.com\/sq\/wp-json\/wp\/v2\/media\/22736"}],"wp:attachment":[{"href":"https:\/\/permbledhja.com\/sq\/wp-json\/wp\/v2\/media?parent=22735"}],"wp:term":[{"taxonomy":"category","embeddable":true,"href":"https:\/\/permbledhja.com\/sq\/wp-json\/wp\/v2\/categories?post=22735"},{"taxonomy":"post_tag","embeddable":true,"href":"https:\/\/permbledhja.com\/sq\/wp-json\/wp\/v2\/tags?post=22735"}],"curies":[{"name":"wp","href":"https:\/\/api.w.org\/{rel}","templated":true}]}}