{"id":22723,"date":"2023-08-10T07:13:11","date_gmt":"2023-08-10T07:13:11","guid":{"rendered":"https:\/\/permbledhja.com\/?p=22723"},"modified":"2023-08-10T06:58:15","modified_gmt":"2023-08-10T06:58:15","slug":"kurti-vete-i-18-ti-shpenzoi-221-mije-euro-per-nje-vit-presidenca-vetem-154-mije-euro","status":"publish","type":"post","link":"https:\/\/permbledhja.com\/sq\/kurti-vete-i-18-ti-shpenzoi-221-mije-euro-per-nje-vit-presidenca-vetem-154-mije-euro\/","title":{"rendered":"Kurti vet\u00eb i 18-ti shpenzoi 221 mij\u00eb euro p\u00ebr nj\u00eb vit, Presidenca vet\u00ebm 154 mij\u00eb euro"},"content":{"rendered":"<h3>Pak mbi 1 mij\u00eb euro ka shpenzuar mesatarisht nj\u00eb an\u00ebtar i kabinetit t\u00eb kryeministrit Albin Kurti brenda muajit n\u00eb harkun kohor t\u00eb nj\u00eb viti.<\/h3>\n<p>N\u00eb t\u00eb dh\u00ebnat q\u00eb ka siguruar KOHA shpalosen detaje t\u00eb shpenzimit t\u00eb mbi 220 mij\u00eb eurove nga kryeministri e stafi i tij. Vet\u00eb Kurti nuk e ka shpenzuar asnj\u00eb cent p\u00ebr m\u00ebditje. Mij\u00ebra euro brenda nj\u00eb viti jan\u00eb shpenzuar edhe nga Presidenca dhe nga Zyra e Kryekuvendarit<\/p>\n<p>221 mij\u00eb e 187 euro \u00ebsht\u00eb shuma q\u00eb kryeministri Albin Kurti e 17 an\u00ebtar\u00eb t\u00eb stafit politik t\u00eb tij kan\u00eb shpenzuar p\u00ebr nj\u00eb vit.<\/p>\n<p>Bazuar n\u00eb t\u00eb dh\u00ebnat e siguruara p\u00ebrmes qasjes n\u00eb dokumente publike, nga Zyra e Kryeministrit njoftuan se nga kjo shum\u00eb 91 mij\u00eb e 980 euro jan\u00eb shpenzuar p\u00ebr dreka e darka t\u00eb kabinetit t\u00eb kryeministrit.<\/p>\n<p>N\u00eb periudh\u00ebn 1 qershor 2022 \u2013 31 maj 2023, Kurti ka shpenzuar 23 mij\u00eb e 130 euro p\u00ebr bileta e 9 mij\u00eb e 800 euro p\u00ebr akomodim. Derisa 111 euro jan\u00eb prezantuar n\u00eb kategorin\u00eb \u201cshpenzime t\u00eb tjera\u201d.<\/p>\n<p>Gjat\u00eb k\u00ebsaj periudhe Kurti nuk ka marr\u00eb asnj\u00eb m\u00ebditje, derisa stafi i tij politik buxhetit i ka kushtuar 19 mij\u00eb e 822 euro p\u00ebr k\u00ebt\u00eb kategori shpenzimesh.<\/p>\n<p>N\u00eb list\u00ebn e stafit politik t\u00eb kryeministrit p\u00ebrfshihet shefi i stafit, k\u00ebshilltar\u00ebt politik\u00eb, asistent\u00ebt e kryeministrit, zyrtar\u00ebt e protokollit e fotografi i Kurtit.<\/p>\n<p>P\u00ebr k\u00ebta an\u00ebtar\u00eb t\u00eb kabinetit, 50 mij\u00eb e 518 euro jan\u00eb paguar p\u00ebr bileta, derisa p\u00ebr akomodim 23 mij\u00eb e 395 euro.<\/p>\n<p><img loading=\"lazy\" decoding=\"async\" class=\"alignnone  wp-image-22724\" src=\"https:\/\/permbledhja.com\/wp-content\/uploads\/2023\/08\/11691603187-300x167.webp\" alt=\"\" width=\"614\" height=\"342\" srcset=\"https:\/\/permbledhja.com\/wp-content\/uploads\/2023\/08\/11691603187-300x167.webp 300w, https:\/\/permbledhja.com\/wp-content\/uploads\/2023\/08\/11691603187-18x10.webp 18w, https:\/\/permbledhja.com\/wp-content\/uploads\/2023\/08\/11691603187.webp 750w\" sizes=\"(max-width: 614px) 100vw, 614px\" \/><\/p>\n<p>P\u00ebr periudh\u00ebn e nj\u00ebjt\u00eb, nga Zyra e Presidentes kan\u00eb njoftuar se jan\u00eb shpenzuar 154 mij\u00eb e 197 euro.<\/p>\n<p>Sipas t\u00eb dh\u00ebnave t\u00eb ofruara, n\u00eb k\u00ebt\u00eb shum\u00eb p\u00ebrfshihen shpenzimet e stafit prej 70 zyrtar\u00ebve publik\u00eb.<\/p>\n<p>M\u00eb s\u00eb shumti t\u00eb holla jan\u00eb shpenzuar p\u00ebr bileta apo 56 mij\u00eb e 472 euro, pasojn\u00eb m\u00ebditjet \u2013 47 mij\u00eb e 391 euro, derisa p\u00ebr akomodim gjat\u00eb udh\u00ebtimeve jasht\u00eb vendit jan\u00eb shpenzuar 46 mij\u00eb e 275 euro.<\/p>\n<p>N\u00eb kategorin\u00eb e reprezentacionit si shpenzime paraqiten 4 mij\u00eb e 57 euro.<\/p>\n<p><img loading=\"lazy\" decoding=\"async\" class=\"alignnone  wp-image-22725\" src=\"https:\/\/permbledhja.com\/wp-content\/uploads\/2023\/08\/31691603186-300x168.webp\" alt=\"\" width=\"636\" height=\"356\" srcset=\"https:\/\/permbledhja.com\/wp-content\/uploads\/2023\/08\/31691603186-300x168.webp 300w, https:\/\/permbledhja.com\/wp-content\/uploads\/2023\/08\/31691603186-18x10.webp 18w, https:\/\/permbledhja.com\/wp-content\/uploads\/2023\/08\/31691603186.webp 750w\" sizes=\"(max-width: 636px) 100vw, 636px\" \/><\/p>\n<p>T\u00eb dh\u00ebna m\u00eb t\u00eb p\u00ebrgjithshme jan\u00eb nga Zyra e kryetarit t\u00eb Kuvendit, Glauk Konjufca.<\/p>\n<p>Sipas tyre, p\u00ebr periudh\u00ebn qershor 2022 \u2013 prill 2023 p\u00ebr bileta t\u00eb shtat\u00eb zyrtar\u00ebve jan\u00eb paguar 12 mij\u00eb e 688 euro.<\/p>\n<p>Si shpenzime nga Zyra e Kryetarit t\u00eb Kuvendit jan\u00eb paraqitur edhe t\u00eb bufes\u00eb. Sipas t\u00eb dh\u00ebnave, nga qershori i vitit t\u00eb shkuar deri n\u00eb mars t\u00eb k\u00ebtij viti jan\u00eb shpenzuar 1648 euro.<\/p>\n<p><img loading=\"lazy\" decoding=\"async\" class=\"alignnone  wp-image-22726\" src=\"https:\/\/permbledhja.com\/wp-content\/uploads\/2023\/08\/41691603183-300x168.webp\" alt=\"\" width=\"654\" height=\"366\" srcset=\"https:\/\/permbledhja.com\/wp-content\/uploads\/2023\/08\/41691603183-300x168.webp 300w, https:\/\/permbledhja.com\/wp-content\/uploads\/2023\/08\/41691603183-18x10.webp 18w, https:\/\/permbledhja.com\/wp-content\/uploads\/2023\/08\/41691603183.webp 750w\" sizes=\"(max-width: 654px) 100vw, 654px\" \/><\/p>\n","protected":false},"excerpt":{"rendered":"<p>Pak mbi 1 mij\u00eb euro ka shpenzuar mesatarisht nj\u00eb an\u00ebtar i kabinetit t\u00eb kryeministrit Albin Kurti brenda muajit n\u00eb harkun kohor t\u00eb nj\u00eb viti. N\u00eb t\u00eb dh\u00ebnat q\u00eb ka siguruar KOHA shpalosen detaje t\u00eb shpenzimit t\u00eb mbi 220 mij\u00eb eurove nga kryeministri e stafi i tij. Vet\u00eb Kurti nuk e ka shpenzuar asnj\u00eb cent p\u00ebr [&hellip;]<\/p>\n","protected":false},"author":2,"featured_media":22727,"comment_status":"closed","ping_status":"closed","sticky":false,"template":"","format":"standard","meta":{"_monsterinsights_skip_tracking":false,"_monsterinsights_sitenote_active":false,"_monsterinsights_sitenote_note":"","_monsterinsights_sitenote_category":0,"_uf_show_specific_survey":0,"_uf_disable_surveys":false,"footnotes":""},"categories":[1146,15],"tags":[86],"yoast_head":"<!-- This site is optimized with the Yoast SEO plugin v21.5 - https:\/\/yoast.com\/wordpress\/plugins\/seo\/ -->\n<title>Kurti vet\u00eb i 18-ti shpenzoi 221 mij\u00eb euro p\u00ebr nj\u00eb vit, Presidenca vet\u00ebm 154 mij\u00eb euro<\/title>\n<meta name=\"robots\" content=\"index, follow, max-snippet:-1, max-image-preview:large, max-video-preview:-1\" \/>\n<link rel=\"canonical\" href=\"https:\/\/permbledhja.com\/sq\/kurti-vete-i-18-ti-shpenzoi-221-mije-euro-per-nje-vit-presidenca-vetem-154-mije-euro\/\" \/>\n<meta property=\"og:locale\" content=\"sq_AL\" \/>\n<meta property=\"og:type\" content=\"article\" \/>\n<meta property=\"og:title\" content=\"Kurti vet\u00eb i 18-ti shpenzoi 221 mij\u00eb euro p\u00ebr nj\u00eb vit, Presidenca vet\u00ebm 154 mij\u00eb euro\" \/>\n<meta property=\"og:description\" content=\"Pak mbi 1 mij\u00eb euro ka shpenzuar mesatarisht nj\u00eb an\u00ebtar i kabinetit t\u00eb kryeministrit Albin Kurti brenda muajit n\u00eb harkun kohor t\u00eb nj\u00eb viti. N\u00eb t\u00eb dh\u00ebnat q\u00eb ka siguruar KOHA shpalosen detaje t\u00eb shpenzimit t\u00eb mbi 220 mij\u00eb eurove nga kryeministri e stafi i tij. Vet\u00eb Kurti nuk e ka shpenzuar asnj\u00eb cent p\u00ebr [&hellip;]\" \/>\n<meta property=\"og:url\" content=\"https:\/\/permbledhja.com\/sq\/kurti-vete-i-18-ti-shpenzoi-221-mije-euro-per-nje-vit-presidenca-vetem-154-mije-euro\/\" \/>\n<meta property=\"og:site_name\" content=\"Ve\u00e7 artikuj p\u00ebrmbledh\u00ebs\" \/>\n<meta property=\"article:publisher\" content=\"https:\/\/www.facebook.com\/press07\/\" \/>\n<meta property=\"article:published_time\" content=\"2023-08-10T07:13:11+00:00\" \/>\n<meta property=\"article:modified_time\" content=\"2023-08-10T06:58:15+00:00\" \/>\n<meta property=\"og:image\" content=\"https:\/\/permbledhja.com\/wp-content\/uploads\/2023\/08\/b2f67b710f5a4e6ab8263d4cb19e1348-1.jpg\" \/>\n\t<meta property=\"og:image:width\" content=\"2560\" \/>\n\t<meta property=\"og:image:height\" content=\"1440\" \/>\n\t<meta property=\"og:image:type\" content=\"image\/jpeg\" \/>\n<meta name=\"author\" content=\"M M\" \/>\n<meta name=\"twitter:card\" content=\"summary_large_image\" \/>\n<meta name=\"twitter:label1\" content=\"Written by\" \/>\n\t<meta name=\"twitter:data1\" content=\"M M\" \/>\n\t<meta name=\"twitter:label2\" content=\"Est. reading time\" \/>\n\t<meta name=\"twitter:data2\" content=\"2 minuta\" \/>\n<script type=\"application\/ld+json\" class=\"yoast-schema-graph\">{\"@context\":\"https:\/\/schema.org\",\"@graph\":[{\"@type\":\"Article\",\"@id\":\"https:\/\/permbledhja.com\/kurti-vete-i-18-ti-shpenzoi-221-mije-euro-per-nje-vit-presidenca-vetem-154-mije-euro\/#article\",\"isPartOf\":{\"@id\":\"https:\/\/permbledhja.com\/kurti-vete-i-18-ti-shpenzoi-221-mije-euro-per-nje-vit-presidenca-vetem-154-mije-euro\/\"},\"author\":{\"name\":\"M M\",\"@id\":\"https:\/\/permbledhja.com\/#\/schema\/person\/d23f13f59b5722643933d6780783acf3\"},\"headline\":\"Kurti vet\u00eb i 18-ti shpenzoi 221 mij\u00eb euro p\u00ebr nj\u00eb vit, Presidenca vet\u00ebm 154 mij\u00eb euro\",\"datePublished\":\"2023-08-10T07:13:11+00:00\",\"dateModified\":\"2023-08-10T06:58:15+00:00\",\"mainEntityOfPage\":{\"@id\":\"https:\/\/permbledhja.com\/kurti-vete-i-18-ti-shpenzoi-221-mije-euro-per-nje-vit-presidenca-vetem-154-mije-euro\/\"},\"wordCount\":411,\"publisher\":{\"@id\":\"https:\/\/permbledhja.com\/#organization\"},\"keywords\":[\"Albin Kurti\"],\"articleSection\":[\"Kryesoret\",\"Lajme\"],\"inLanguage\":\"sq\"},{\"@type\":\"WebPage\",\"@id\":\"https:\/\/permbledhja.com\/kurti-vete-i-18-ti-shpenzoi-221-mije-euro-per-nje-vit-presidenca-vetem-154-mije-euro\/\",\"url\":\"https:\/\/permbledhja.com\/kurti-vete-i-18-ti-shpenzoi-221-mije-euro-per-nje-vit-presidenca-vetem-154-mije-euro\/\",\"name\":\"Kurti vet\u00eb i 18-ti shpenzoi 221 mij\u00eb euro p\u00ebr nj\u00eb vit, Presidenca vet\u00ebm 154 mij\u00eb euro\",\"isPartOf\":{\"@id\":\"https:\/\/permbledhja.com\/#website\"},\"datePublished\":\"2023-08-10T07:13:11+00:00\",\"dateModified\":\"2023-08-10T06:58:15+00:00\",\"breadcrumb\":{\"@id\":\"https:\/\/permbledhja.com\/kurti-vete-i-18-ti-shpenzoi-221-mije-euro-per-nje-vit-presidenca-vetem-154-mije-euro\/#breadcrumb\"},\"inLanguage\":\"sq\",\"potentialAction\":[{\"@type\":\"ReadAction\",\"target\":[\"https:\/\/permbledhja.com\/kurti-vete-i-18-ti-shpenzoi-221-mije-euro-per-nje-vit-presidenca-vetem-154-mije-euro\/\"]}]},{\"@type\":\"BreadcrumbList\",\"@id\":\"https:\/\/permbledhja.com\/kurti-vete-i-18-ti-shpenzoi-221-mije-euro-per-nje-vit-presidenca-vetem-154-mije-euro\/#breadcrumb\",\"itemListElement\":[{\"@type\":\"ListItem\",\"position\":1,\"name\":\"Ballina\",\"item\":\"https:\/\/permbledhja.com\/sq\/\"},{\"@type\":\"ListItem\",\"position\":2,\"name\":\"Kurti vet\u00eb i 18-ti shpenzoi 221 mij\u00eb euro p\u00ebr nj\u00eb vit, Presidenca vet\u00ebm 154 mij\u00eb euro\"}]},{\"@type\":\"WebSite\",\"@id\":\"https:\/\/permbledhja.com\/#website\",\"url\":\"https:\/\/permbledhja.com\/\",\"name\":\"Ve\u00e7 artikuj p\u00ebrmbledh\u00ebs\",\"description\":\"\",\"publisher\":{\"@id\":\"https:\/\/permbledhja.com\/#organization\"},\"potentialAction\":[{\"@type\":\"SearchAction\",\"target\":{\"@type\":\"EntryPoint\",\"urlTemplate\":\"https:\/\/permbledhja.com\/?s={search_term_string}\"},\"query-input\":\"required name=search_term_string\"}],\"inLanguage\":\"sq\"},{\"@type\":\"Organization\",\"@id\":\"https:\/\/permbledhja.com\/#organization\",\"name\":\"MK Media & Pr\",\"url\":\"https:\/\/permbledhja.com\/\",\"logo\":{\"@type\":\"ImageObject\",\"inLanguage\":\"sq\",\"@id\":\"https:\/\/permbledhja.com\/#\/schema\/logo\/image\/\",\"url\":\"https:\/\/permbledhja.com\/wp-content\/uploads\/2021\/12\/07-Press-Logo.jpg\",\"contentUrl\":\"https:\/\/permbledhja.com\/wp-content\/uploads\/2021\/12\/07-Press-Logo.jpg\",\"width\":512,\"height\":512,\"caption\":\"MK Media & Pr\"},\"image\":{\"@id\":\"https:\/\/permbledhja.com\/#\/schema\/logo\/image\/\"},\"sameAs\":[\"https:\/\/www.facebook.com\/press07\/\"]},{\"@type\":\"Person\",\"@id\":\"https:\/\/permbledhja.com\/#\/schema\/person\/d23f13f59b5722643933d6780783acf3\",\"name\":\"M M\",\"image\":{\"@type\":\"ImageObject\",\"inLanguage\":\"sq\",\"@id\":\"https:\/\/permbledhja.com\/#\/schema\/person\/image\/\",\"url\":\"https:\/\/secure.gravatar.com\/avatar\/e2835a76ca7c31a2416b2d51c4ec9a8f?s=96&d=mm&r=g\",\"contentUrl\":\"https:\/\/secure.gravatar.com\/avatar\/e2835a76ca7c31a2416b2d51c4ec9a8f?s=96&d=mm&r=g\",\"caption\":\"M M\"},\"sameAs\":[\"http:\/\/MM\"],\"url\":\"https:\/\/permbledhja.com\/sq\/author\/muhamet\/\"}]}<\/script>\n<!-- \/ Yoast SEO plugin. -->","yoast_head_json":{"title":"Kurti vet\u00eb i 18-ti shpenzoi 221 mij\u00eb euro p\u00ebr nj\u00eb vit, Presidenca vet\u00ebm 154 mij\u00eb euro","robots":{"index":"index","follow":"follow","max-snippet":"max-snippet:-1","max-image-preview":"max-image-preview:large","max-video-preview":"max-video-preview:-1"},"canonical":"https:\/\/permbledhja.com\/sq\/kurti-vete-i-18-ti-shpenzoi-221-mije-euro-per-nje-vit-presidenca-vetem-154-mije-euro\/","og_locale":"sq_AL","og_type":"article","og_title":"Kurti vet\u00eb i 18-ti shpenzoi 221 mij\u00eb euro p\u00ebr nj\u00eb vit, Presidenca vet\u00ebm 154 mij\u00eb euro","og_description":"Pak mbi 1 mij\u00eb euro ka shpenzuar mesatarisht nj\u00eb an\u00ebtar i kabinetit t\u00eb kryeministrit Albin Kurti brenda muajit n\u00eb harkun kohor t\u00eb nj\u00eb viti. N\u00eb t\u00eb dh\u00ebnat q\u00eb ka siguruar KOHA shpalosen detaje t\u00eb shpenzimit t\u00eb mbi 220 mij\u00eb eurove nga kryeministri e stafi i tij. Vet\u00eb Kurti nuk e ka shpenzuar asnj\u00eb cent p\u00ebr [&hellip;]","og_url":"https:\/\/permbledhja.com\/sq\/kurti-vete-i-18-ti-shpenzoi-221-mije-euro-per-nje-vit-presidenca-vetem-154-mije-euro\/","og_site_name":"Ve\u00e7 artikuj p\u00ebrmbledh\u00ebs","article_publisher":"https:\/\/www.facebook.com\/press07\/","article_published_time":"2023-08-10T07:13:11+00:00","article_modified_time":"2023-08-10T06:58:15+00:00","og_image":[{"width":2560,"height":1440,"url":"https:\/\/permbledhja.com\/wp-content\/uploads\/2023\/08\/b2f67b710f5a4e6ab8263d4cb19e1348-1.jpg","type":"image\/jpeg"}],"author":"M M","twitter_card":"summary_large_image","twitter_misc":{"Written by":"M M","Est. reading time":"2 minuta"},"schema":{"@context":"https:\/\/schema.org","@graph":[{"@type":"Article","@id":"https:\/\/permbledhja.com\/kurti-vete-i-18-ti-shpenzoi-221-mije-euro-per-nje-vit-presidenca-vetem-154-mije-euro\/#article","isPartOf":{"@id":"https:\/\/permbledhja.com\/kurti-vete-i-18-ti-shpenzoi-221-mije-euro-per-nje-vit-presidenca-vetem-154-mije-euro\/"},"author":{"name":"M M","@id":"https:\/\/permbledhja.com\/#\/schema\/person\/d23f13f59b5722643933d6780783acf3"},"headline":"Kurti vet\u00eb i 18-ti shpenzoi 221 mij\u00eb euro p\u00ebr nj\u00eb vit, Presidenca vet\u00ebm 154 mij\u00eb euro","datePublished":"2023-08-10T07:13:11+00:00","dateModified":"2023-08-10T06:58:15+00:00","mainEntityOfPage":{"@id":"https:\/\/permbledhja.com\/kurti-vete-i-18-ti-shpenzoi-221-mije-euro-per-nje-vit-presidenca-vetem-154-mije-euro\/"},"wordCount":411,"publisher":{"@id":"https:\/\/permbledhja.com\/#organization"},"keywords":["Albin Kurti"],"articleSection":["Kryesoret","Lajme"],"inLanguage":"sq"},{"@type":"WebPage","@id":"https:\/\/permbledhja.com\/kurti-vete-i-18-ti-shpenzoi-221-mije-euro-per-nje-vit-presidenca-vetem-154-mije-euro\/","url":"https:\/\/permbledhja.com\/kurti-vete-i-18-ti-shpenzoi-221-mije-euro-per-nje-vit-presidenca-vetem-154-mije-euro\/","name":"Kurti vet\u00eb i 18-ti shpenzoi 221 mij\u00eb euro p\u00ebr nj\u00eb vit, Presidenca vet\u00ebm 154 mij\u00eb euro","isPartOf":{"@id":"https:\/\/permbledhja.com\/#website"},"datePublished":"2023-08-10T07:13:11+00:00","dateModified":"2023-08-10T06:58:15+00:00","breadcrumb":{"@id":"https:\/\/permbledhja.com\/kurti-vete-i-18-ti-shpenzoi-221-mije-euro-per-nje-vit-presidenca-vetem-154-mije-euro\/#breadcrumb"},"inLanguage":"sq","potentialAction":[{"@type":"ReadAction","target":["https:\/\/permbledhja.com\/kurti-vete-i-18-ti-shpenzoi-221-mije-euro-per-nje-vit-presidenca-vetem-154-mije-euro\/"]}]},{"@type":"BreadcrumbList","@id":"https:\/\/permbledhja.com\/kurti-vete-i-18-ti-shpenzoi-221-mije-euro-per-nje-vit-presidenca-vetem-154-mije-euro\/#breadcrumb","itemListElement":[{"@type":"ListItem","position":1,"name":"Ballina","item":"https:\/\/permbledhja.com\/sq\/"},{"@type":"ListItem","position":2,"name":"Kurti vet\u00eb i 18-ti shpenzoi 221 mij\u00eb euro p\u00ebr nj\u00eb vit, Presidenca vet\u00ebm 154 mij\u00eb euro"}]},{"@type":"WebSite","@id":"https:\/\/permbledhja.com\/#website","url":"https:\/\/permbledhja.com\/","name":"Ve\u00e7 artikuj p\u00ebrmbledh\u00ebs","description":"","publisher":{"@id":"https:\/\/permbledhja.com\/#organization"},"potentialAction":[{"@type":"SearchAction","target":{"@type":"EntryPoint","urlTemplate":"https:\/\/permbledhja.com\/?s={search_term_string}"},"query-input":"required name=search_term_string"}],"inLanguage":"sq"},{"@type":"Organization","@id":"https:\/\/permbledhja.com\/#organization","name":"MK Media & Pr","url":"https:\/\/permbledhja.com\/","logo":{"@type":"ImageObject","inLanguage":"sq","@id":"https:\/\/permbledhja.com\/#\/schema\/logo\/image\/","url":"https:\/\/permbledhja.com\/wp-content\/uploads\/2021\/12\/07-Press-Logo.jpg","contentUrl":"https:\/\/permbledhja.com\/wp-content\/uploads\/2021\/12\/07-Press-Logo.jpg","width":512,"height":512,"caption":"MK Media & Pr"},"image":{"@id":"https:\/\/permbledhja.com\/#\/schema\/logo\/image\/"},"sameAs":["https:\/\/www.facebook.com\/press07\/"]},{"@type":"Person","@id":"https:\/\/permbledhja.com\/#\/schema\/person\/d23f13f59b5722643933d6780783acf3","name":"M M","image":{"@type":"ImageObject","inLanguage":"sq","@id":"https:\/\/permbledhja.com\/#\/schema\/person\/image\/","url":"https:\/\/secure.gravatar.com\/avatar\/e2835a76ca7c31a2416b2d51c4ec9a8f?s=96&d=mm&r=g","contentUrl":"https:\/\/secure.gravatar.com\/avatar\/e2835a76ca7c31a2416b2d51c4ec9a8f?s=96&d=mm&r=g","caption":"M M"},"sameAs":["http:\/\/MM"],"url":"https:\/\/permbledhja.com\/sq\/author\/muhamet\/"}]}},"_links":{"self":[{"href":"https:\/\/permbledhja.com\/sq\/wp-json\/wp\/v2\/posts\/22723"}],"collection":[{"href":"https:\/\/permbledhja.com\/sq\/wp-json\/wp\/v2\/posts"}],"about":[{"href":"https:\/\/permbledhja.com\/sq\/wp-json\/wp\/v2\/types\/post"}],"author":[{"embeddable":true,"href":"https:\/\/permbledhja.com\/sq\/wp-json\/wp\/v2\/users\/2"}],"replies":[{"embeddable":true,"href":"https:\/\/permbledhja.com\/sq\/wp-json\/wp\/v2\/comments?post=22723"}],"version-history":[{"count":1,"href":"https:\/\/permbledhja.com\/sq\/wp-json\/wp\/v2\/posts\/22723\/revisions"}],"predecessor-version":[{"id":22728,"href":"https:\/\/permbledhja.com\/sq\/wp-json\/wp\/v2\/posts\/22723\/revisions\/22728"}],"wp:featuredmedia":[{"embeddable":true,"href":"https:\/\/permbledhja.com\/sq\/wp-json\/wp\/v2\/media\/22727"}],"wp:attachment":[{"href":"https:\/\/permbledhja.com\/sq\/wp-json\/wp\/v2\/media?parent=22723"}],"wp:term":[{"taxonomy":"category","embeddable":true,"href":"https:\/\/permbledhja.com\/sq\/wp-json\/wp\/v2\/categories?post=22723"},{"taxonomy":"post_tag","embeddable":true,"href":"https:\/\/permbledhja.com\/sq\/wp-json\/wp\/v2\/tags?post=22723"}],"curies":[{"name":"wp","href":"https:\/\/api.w.org\/{rel}","templated":true}]}}