{"id":22543,"date":"2023-08-08T12:51:18","date_gmt":"2023-08-08T12:51:18","guid":{"rendered":"https:\/\/permbledhja.com\/?p=22543"},"modified":"2023-08-08T12:51:18","modified_gmt":"2023-08-08T12:51:18","slug":"kurti-priti-ne-takim-lamtumires-shefin-e-zyres-diplomatike-te-mbreterise-se-belgjikes","status":"publish","type":"post","link":"https:\/\/permbledhja.com\/sq\/kurti-priti-ne-takim-lamtumires-shefin-e-zyres-diplomatike-te-mbreterise-se-belgjikes\/","title":{"rendered":"Kurti priti n\u00eb takim lamtumir\u00ebs, shefin e Zyr\u00ebs Diplomatike t\u00eb Mbret\u00ebris\u00eb s\u00eb Belgjik\u00ebs"},"content":{"rendered":"<h3>Kryeministri i Republik\u00ebs s\u00eb Kosov\u00ebs, Albin\u00a0Kurti\u00a0priti n\u00eb takim lamtumir\u00ebs, Shefin e Zyr\u00ebs Diplomatike t\u00eb Mbret\u00ebris\u00eb s\u00eb Belgjik\u00ebs n\u00eb Kosov\u00eb,\u00a0Julien\u00a0Sassel.<\/h3>\n<p>Ai e fal\u00ebnderoi diplomatin\u00a0Sassel\u00a0p\u00ebr kontributin e tij aktiv dhe bashk\u00ebpunimin e ngusht\u00eb n\u00eb forcimin dhe thellimin e marr\u00ebdh\u00ebnieve dypal\u00ebshe nd\u00ebrmjet Kosov\u00ebs dhe Belgjik\u00ebs, dhe n\u00eb t\u00eb nj\u00ebjt\u00ebn koh\u00eb i uroi suksese n\u00eb angazhimet e tij t\u00eb radh\u00ebs.<\/p>\n<p>Zyra Diplomatike e Belgjik\u00ebs s\u00eb shpejti do t\u00eb ngrit\u00ebt n\u00eb nivel t\u00eb Ambasad\u00ebs s\u00eb Belgjik\u00ebs n\u00eb Kosov\u00eb, duke d\u00ebshmuar k\u00ebshtu marr\u00ebdh\u00ebniet e shk\u00eblqyera nd\u00ebrmjet dy vendeve dhe vullnetin reciprok p\u00ebr avancim t\u00eb m\u00ebtejm\u00eb t\u00eb tyre.<\/p>\n","protected":false},"excerpt":{"rendered":"<p>Kryeministri i Republik\u00ebs s\u00eb Kosov\u00ebs, Albin\u00a0Kurti\u00a0priti n\u00eb takim lamtumir\u00ebs, Shefin e Zyr\u00ebs Diplomatike t\u00eb Mbret\u00ebris\u00eb s\u00eb Belgjik\u00ebs n\u00eb Kosov\u00eb,\u00a0Julien\u00a0Sassel. Ai e fal\u00ebnderoi diplomatin\u00a0Sassel\u00a0p\u00ebr kontributin e tij aktiv dhe bashk\u00ebpunimin e ngusht\u00eb n\u00eb forcimin dhe thellimin e marr\u00ebdh\u00ebnieve dypal\u00ebshe nd\u00ebrmjet Kosov\u00ebs dhe Belgjik\u00ebs, dhe n\u00eb t\u00eb nj\u00ebjt\u00ebn koh\u00eb i uroi suksese n\u00eb angazhimet e tij t\u00eb [&hellip;]<\/p>\n","protected":false},"author":2,"featured_media":22544,"comment_status":"closed","ping_status":"closed","sticky":false,"template":"","format":"standard","meta":{"_monsterinsights_skip_tracking":false,"_monsterinsights_sitenote_active":false,"_monsterinsights_sitenote_note":"","_monsterinsights_sitenote_category":0,"_uf_show_specific_survey":0,"_uf_disable_surveys":false,"footnotes":""},"categories":[23,15],"tags":[86],"yoast_head":"<!-- This site is optimized with the Yoast SEO plugin v21.5 - https:\/\/yoast.com\/wordpress\/plugins\/seo\/ -->\n<title>Kurti priti n\u00eb takim lamtumir\u00ebs, shefin e Zyr\u00ebs Diplomatike t\u00eb Mbret\u00ebris\u00eb s\u00eb Belgjik\u00ebs<\/title>\n<meta name=\"robots\" content=\"index, follow, max-snippet:-1, max-image-preview:large, max-video-preview:-1\" \/>\n<link rel=\"canonical\" href=\"https:\/\/permbledhja.com\/sq\/kurti-priti-ne-takim-lamtumires-shefin-e-zyres-diplomatike-te-mbreterise-se-belgjikes\/\" \/>\n<meta property=\"og:locale\" content=\"sq_AL\" \/>\n<meta property=\"og:type\" content=\"article\" \/>\n<meta property=\"og:title\" content=\"Kurti priti n\u00eb takim lamtumir\u00ebs, shefin e Zyr\u00ebs Diplomatike t\u00eb Mbret\u00ebris\u00eb s\u00eb Belgjik\u00ebs\" \/>\n<meta property=\"og:description\" content=\"Kryeministri i Republik\u00ebs s\u00eb Kosov\u00ebs, Albin\u00a0Kurti\u00a0priti n\u00eb takim lamtumir\u00ebs, Shefin e Zyr\u00ebs Diplomatike t\u00eb Mbret\u00ebris\u00eb s\u00eb Belgjik\u00ebs n\u00eb Kosov\u00eb,\u00a0Julien\u00a0Sassel. Ai e fal\u00ebnderoi diplomatin\u00a0Sassel\u00a0p\u00ebr kontributin e tij aktiv dhe bashk\u00ebpunimin e ngusht\u00eb n\u00eb forcimin dhe thellimin e marr\u00ebdh\u00ebnieve dypal\u00ebshe nd\u00ebrmjet Kosov\u00ebs dhe Belgjik\u00ebs, dhe n\u00eb t\u00eb nj\u00ebjt\u00ebn koh\u00eb i uroi suksese n\u00eb angazhimet e tij t\u00eb [&hellip;]\" \/>\n<meta property=\"og:url\" content=\"https:\/\/permbledhja.com\/sq\/kurti-priti-ne-takim-lamtumires-shefin-e-zyres-diplomatike-te-mbreterise-se-belgjikes\/\" \/>\n<meta property=\"og:site_name\" content=\"Ve\u00e7 artikuj p\u00ebrmbledh\u00ebs\" \/>\n<meta property=\"article:publisher\" content=\"https:\/\/www.facebook.com\/press07\/\" \/>\n<meta property=\"article:published_time\" content=\"2023-08-08T12:51:18+00:00\" \/>\n<meta property=\"og:image\" content=\"https:\/\/permbledhja.com\/wp-content\/uploads\/2023\/08\/kurtiii-2.jpg\" \/>\n\t<meta property=\"og:image:width\" content=\"904\" \/>\n\t<meta property=\"og:image:height\" content=\"632\" \/>\n\t<meta property=\"og:image:type\" content=\"image\/jpeg\" \/>\n<meta name=\"author\" content=\"M M\" \/>\n<meta name=\"twitter:card\" content=\"summary_large_image\" \/>\n<meta name=\"twitter:label1\" content=\"Written by\" \/>\n\t<meta name=\"twitter:data1\" content=\"M M\" \/>\n\t<meta name=\"twitter:label2\" content=\"Est. reading time\" \/>\n\t<meta name=\"twitter:data2\" content=\"1 minut\u00eb\" \/>\n<script type=\"application\/ld+json\" class=\"yoast-schema-graph\">{\"@context\":\"https:\/\/schema.org\",\"@graph\":[{\"@type\":\"Article\",\"@id\":\"https:\/\/permbledhja.com\/kurti-priti-ne-takim-lamtumires-shefin-e-zyres-diplomatike-te-mbreterise-se-belgjikes\/#article\",\"isPartOf\":{\"@id\":\"https:\/\/permbledhja.com\/kurti-priti-ne-takim-lamtumires-shefin-e-zyres-diplomatike-te-mbreterise-se-belgjikes\/\"},\"author\":{\"name\":\"M M\",\"@id\":\"https:\/\/permbledhja.com\/#\/schema\/person\/d23f13f59b5722643933d6780783acf3\"},\"headline\":\"Kurti priti n\u00eb takim lamtumir\u00ebs, shefin e Zyr\u00ebs Diplomatike t\u00eb Mbret\u00ebris\u00eb s\u00eb Belgjik\u00ebs\",\"datePublished\":\"2023-08-08T12:51:18+00:00\",\"dateModified\":\"2023-08-08T12:51:18+00:00\",\"mainEntityOfPage\":{\"@id\":\"https:\/\/permbledhja.com\/kurti-priti-ne-takim-lamtumires-shefin-e-zyres-diplomatike-te-mbreterise-se-belgjikes\/\"},\"wordCount\":144,\"publisher\":{\"@id\":\"https:\/\/permbledhja.com\/#organization\"},\"keywords\":[\"Albin Kurti\"],\"articleSection\":[\"Komb\u00ebtare\",\"Lajme\"],\"inLanguage\":\"sq\"},{\"@type\":\"WebPage\",\"@id\":\"https:\/\/permbledhja.com\/kurti-priti-ne-takim-lamtumires-shefin-e-zyres-diplomatike-te-mbreterise-se-belgjikes\/\",\"url\":\"https:\/\/permbledhja.com\/kurti-priti-ne-takim-lamtumires-shefin-e-zyres-diplomatike-te-mbreterise-se-belgjikes\/\",\"name\":\"Kurti priti n\u00eb takim lamtumir\u00ebs, shefin e Zyr\u00ebs Diplomatike t\u00eb Mbret\u00ebris\u00eb s\u00eb Belgjik\u00ebs\",\"isPartOf\":{\"@id\":\"https:\/\/permbledhja.com\/#website\"},\"datePublished\":\"2023-08-08T12:51:18+00:00\",\"dateModified\":\"2023-08-08T12:51:18+00:00\",\"breadcrumb\":{\"@id\":\"https:\/\/permbledhja.com\/kurti-priti-ne-takim-lamtumires-shefin-e-zyres-diplomatike-te-mbreterise-se-belgjikes\/#breadcrumb\"},\"inLanguage\":\"sq\",\"potentialAction\":[{\"@type\":\"ReadAction\",\"target\":[\"https:\/\/permbledhja.com\/kurti-priti-ne-takim-lamtumires-shefin-e-zyres-diplomatike-te-mbreterise-se-belgjikes\/\"]}]},{\"@type\":\"BreadcrumbList\",\"@id\":\"https:\/\/permbledhja.com\/kurti-priti-ne-takim-lamtumires-shefin-e-zyres-diplomatike-te-mbreterise-se-belgjikes\/#breadcrumb\",\"itemListElement\":[{\"@type\":\"ListItem\",\"position\":1,\"name\":\"Ballina\",\"item\":\"https:\/\/permbledhja.com\/sq\/\"},{\"@type\":\"ListItem\",\"position\":2,\"name\":\"Kurti priti n\u00eb takim lamtumir\u00ebs, shefin e Zyr\u00ebs Diplomatike t\u00eb Mbret\u00ebris\u00eb s\u00eb Belgjik\u00ebs\"}]},{\"@type\":\"WebSite\",\"@id\":\"https:\/\/permbledhja.com\/#website\",\"url\":\"https:\/\/permbledhja.com\/\",\"name\":\"Ve\u00e7 artikuj p\u00ebrmbledh\u00ebs\",\"description\":\"\",\"publisher\":{\"@id\":\"https:\/\/permbledhja.com\/#organization\"},\"potentialAction\":[{\"@type\":\"SearchAction\",\"target\":{\"@type\":\"EntryPoint\",\"urlTemplate\":\"https:\/\/permbledhja.com\/?s={search_term_string}\"},\"query-input\":\"required name=search_term_string\"}],\"inLanguage\":\"sq\"},{\"@type\":\"Organization\",\"@id\":\"https:\/\/permbledhja.com\/#organization\",\"name\":\"MK Media & Pr\",\"url\":\"https:\/\/permbledhja.com\/\",\"logo\":{\"@type\":\"ImageObject\",\"inLanguage\":\"sq\",\"@id\":\"https:\/\/permbledhja.com\/#\/schema\/logo\/image\/\",\"url\":\"https:\/\/permbledhja.com\/wp-content\/uploads\/2021\/12\/07-Press-Logo.jpg\",\"contentUrl\":\"https:\/\/permbledhja.com\/wp-content\/uploads\/2021\/12\/07-Press-Logo.jpg\",\"width\":512,\"height\":512,\"caption\":\"MK Media & Pr\"},\"image\":{\"@id\":\"https:\/\/permbledhja.com\/#\/schema\/logo\/image\/\"},\"sameAs\":[\"https:\/\/www.facebook.com\/press07\/\"]},{\"@type\":\"Person\",\"@id\":\"https:\/\/permbledhja.com\/#\/schema\/person\/d23f13f59b5722643933d6780783acf3\",\"name\":\"M M\",\"image\":{\"@type\":\"ImageObject\",\"inLanguage\":\"sq\",\"@id\":\"https:\/\/permbledhja.com\/#\/schema\/person\/image\/\",\"url\":\"https:\/\/secure.gravatar.com\/avatar\/e2835a76ca7c31a2416b2d51c4ec9a8f?s=96&d=mm&r=g\",\"contentUrl\":\"https:\/\/secure.gravatar.com\/avatar\/e2835a76ca7c31a2416b2d51c4ec9a8f?s=96&d=mm&r=g\",\"caption\":\"M M\"},\"sameAs\":[\"http:\/\/MM\"],\"url\":\"https:\/\/permbledhja.com\/sq\/author\/muhamet\/\"}]}<\/script>\n<!-- \/ Yoast SEO plugin. -->","yoast_head_json":{"title":"Kurti priti n\u00eb takim lamtumir\u00ebs, shefin e Zyr\u00ebs Diplomatike t\u00eb Mbret\u00ebris\u00eb s\u00eb Belgjik\u00ebs","robots":{"index":"index","follow":"follow","max-snippet":"max-snippet:-1","max-image-preview":"max-image-preview:large","max-video-preview":"max-video-preview:-1"},"canonical":"https:\/\/permbledhja.com\/sq\/kurti-priti-ne-takim-lamtumires-shefin-e-zyres-diplomatike-te-mbreterise-se-belgjikes\/","og_locale":"sq_AL","og_type":"article","og_title":"Kurti priti n\u00eb takim lamtumir\u00ebs, shefin e Zyr\u00ebs Diplomatike t\u00eb Mbret\u00ebris\u00eb s\u00eb Belgjik\u00ebs","og_description":"Kryeministri i Republik\u00ebs s\u00eb Kosov\u00ebs, Albin\u00a0Kurti\u00a0priti n\u00eb takim lamtumir\u00ebs, Shefin e Zyr\u00ebs Diplomatike t\u00eb Mbret\u00ebris\u00eb s\u00eb Belgjik\u00ebs n\u00eb Kosov\u00eb,\u00a0Julien\u00a0Sassel. Ai e fal\u00ebnderoi diplomatin\u00a0Sassel\u00a0p\u00ebr kontributin e tij aktiv dhe bashk\u00ebpunimin e ngusht\u00eb n\u00eb forcimin dhe thellimin e marr\u00ebdh\u00ebnieve dypal\u00ebshe nd\u00ebrmjet Kosov\u00ebs dhe Belgjik\u00ebs, dhe n\u00eb t\u00eb nj\u00ebjt\u00ebn koh\u00eb i uroi suksese n\u00eb angazhimet e tij t\u00eb [&hellip;]","og_url":"https:\/\/permbledhja.com\/sq\/kurti-priti-ne-takim-lamtumires-shefin-e-zyres-diplomatike-te-mbreterise-se-belgjikes\/","og_site_name":"Ve\u00e7 artikuj p\u00ebrmbledh\u00ebs","article_publisher":"https:\/\/www.facebook.com\/press07\/","article_published_time":"2023-08-08T12:51:18+00:00","og_image":[{"width":904,"height":632,"url":"https:\/\/permbledhja.com\/wp-content\/uploads\/2023\/08\/kurtiii-2.jpg","type":"image\/jpeg"}],"author":"M M","twitter_card":"summary_large_image","twitter_misc":{"Written by":"M M","Est. reading time":"1 minut\u00eb"},"schema":{"@context":"https:\/\/schema.org","@graph":[{"@type":"Article","@id":"https:\/\/permbledhja.com\/kurti-priti-ne-takim-lamtumires-shefin-e-zyres-diplomatike-te-mbreterise-se-belgjikes\/#article","isPartOf":{"@id":"https:\/\/permbledhja.com\/kurti-priti-ne-takim-lamtumires-shefin-e-zyres-diplomatike-te-mbreterise-se-belgjikes\/"},"author":{"name":"M M","@id":"https:\/\/permbledhja.com\/#\/schema\/person\/d23f13f59b5722643933d6780783acf3"},"headline":"Kurti priti n\u00eb takim lamtumir\u00ebs, shefin e Zyr\u00ebs Diplomatike t\u00eb Mbret\u00ebris\u00eb s\u00eb Belgjik\u00ebs","datePublished":"2023-08-08T12:51:18+00:00","dateModified":"2023-08-08T12:51:18+00:00","mainEntityOfPage":{"@id":"https:\/\/permbledhja.com\/kurti-priti-ne-takim-lamtumires-shefin-e-zyres-diplomatike-te-mbreterise-se-belgjikes\/"},"wordCount":144,"publisher":{"@id":"https:\/\/permbledhja.com\/#organization"},"keywords":["Albin Kurti"],"articleSection":["Komb\u00ebtare","Lajme"],"inLanguage":"sq"},{"@type":"WebPage","@id":"https:\/\/permbledhja.com\/kurti-priti-ne-takim-lamtumires-shefin-e-zyres-diplomatike-te-mbreterise-se-belgjikes\/","url":"https:\/\/permbledhja.com\/kurti-priti-ne-takim-lamtumires-shefin-e-zyres-diplomatike-te-mbreterise-se-belgjikes\/","name":"Kurti priti n\u00eb takim lamtumir\u00ebs, shefin e Zyr\u00ebs Diplomatike t\u00eb Mbret\u00ebris\u00eb s\u00eb Belgjik\u00ebs","isPartOf":{"@id":"https:\/\/permbledhja.com\/#website"},"datePublished":"2023-08-08T12:51:18+00:00","dateModified":"2023-08-08T12:51:18+00:00","breadcrumb":{"@id":"https:\/\/permbledhja.com\/kurti-priti-ne-takim-lamtumires-shefin-e-zyres-diplomatike-te-mbreterise-se-belgjikes\/#breadcrumb"},"inLanguage":"sq","potentialAction":[{"@type":"ReadAction","target":["https:\/\/permbledhja.com\/kurti-priti-ne-takim-lamtumires-shefin-e-zyres-diplomatike-te-mbreterise-se-belgjikes\/"]}]},{"@type":"BreadcrumbList","@id":"https:\/\/permbledhja.com\/kurti-priti-ne-takim-lamtumires-shefin-e-zyres-diplomatike-te-mbreterise-se-belgjikes\/#breadcrumb","itemListElement":[{"@type":"ListItem","position":1,"name":"Ballina","item":"https:\/\/permbledhja.com\/sq\/"},{"@type":"ListItem","position":2,"name":"Kurti priti n\u00eb takim lamtumir\u00ebs, shefin e Zyr\u00ebs Diplomatike t\u00eb Mbret\u00ebris\u00eb s\u00eb Belgjik\u00ebs"}]},{"@type":"WebSite","@id":"https:\/\/permbledhja.com\/#website","url":"https:\/\/permbledhja.com\/","name":"Ve\u00e7 artikuj p\u00ebrmbledh\u00ebs","description":"","publisher":{"@id":"https:\/\/permbledhja.com\/#organization"},"potentialAction":[{"@type":"SearchAction","target":{"@type":"EntryPoint","urlTemplate":"https:\/\/permbledhja.com\/?s={search_term_string}"},"query-input":"required name=search_term_string"}],"inLanguage":"sq"},{"@type":"Organization","@id":"https:\/\/permbledhja.com\/#organization","name":"MK Media & Pr","url":"https:\/\/permbledhja.com\/","logo":{"@type":"ImageObject","inLanguage":"sq","@id":"https:\/\/permbledhja.com\/#\/schema\/logo\/image\/","url":"https:\/\/permbledhja.com\/wp-content\/uploads\/2021\/12\/07-Press-Logo.jpg","contentUrl":"https:\/\/permbledhja.com\/wp-content\/uploads\/2021\/12\/07-Press-Logo.jpg","width":512,"height":512,"caption":"MK Media & Pr"},"image":{"@id":"https:\/\/permbledhja.com\/#\/schema\/logo\/image\/"},"sameAs":["https:\/\/www.facebook.com\/press07\/"]},{"@type":"Person","@id":"https:\/\/permbledhja.com\/#\/schema\/person\/d23f13f59b5722643933d6780783acf3","name":"M M","image":{"@type":"ImageObject","inLanguage":"sq","@id":"https:\/\/permbledhja.com\/#\/schema\/person\/image\/","url":"https:\/\/secure.gravatar.com\/avatar\/e2835a76ca7c31a2416b2d51c4ec9a8f?s=96&d=mm&r=g","contentUrl":"https:\/\/secure.gravatar.com\/avatar\/e2835a76ca7c31a2416b2d51c4ec9a8f?s=96&d=mm&r=g","caption":"M M"},"sameAs":["http:\/\/MM"],"url":"https:\/\/permbledhja.com\/sq\/author\/muhamet\/"}]}},"_links":{"self":[{"href":"https:\/\/permbledhja.com\/sq\/wp-json\/wp\/v2\/posts\/22543"}],"collection":[{"href":"https:\/\/permbledhja.com\/sq\/wp-json\/wp\/v2\/posts"}],"about":[{"href":"https:\/\/permbledhja.com\/sq\/wp-json\/wp\/v2\/types\/post"}],"author":[{"embeddable":true,"href":"https:\/\/permbledhja.com\/sq\/wp-json\/wp\/v2\/users\/2"}],"replies":[{"embeddable":true,"href":"https:\/\/permbledhja.com\/sq\/wp-json\/wp\/v2\/comments?post=22543"}],"version-history":[{"count":1,"href":"https:\/\/permbledhja.com\/sq\/wp-json\/wp\/v2\/posts\/22543\/revisions"}],"predecessor-version":[{"id":22545,"href":"https:\/\/permbledhja.com\/sq\/wp-json\/wp\/v2\/posts\/22543\/revisions\/22545"}],"wp:featuredmedia":[{"embeddable":true,"href":"https:\/\/permbledhja.com\/sq\/wp-json\/wp\/v2\/media\/22544"}],"wp:attachment":[{"href":"https:\/\/permbledhja.com\/sq\/wp-json\/wp\/v2\/media?parent=22543"}],"wp:term":[{"taxonomy":"category","embeddable":true,"href":"https:\/\/permbledhja.com\/sq\/wp-json\/wp\/v2\/categories?post=22543"},{"taxonomy":"post_tag","embeddable":true,"href":"https:\/\/permbledhja.com\/sq\/wp-json\/wp\/v2\/tags?post=22543"}],"curies":[{"name":"wp","href":"https:\/\/api.w.org\/{rel}","templated":true}]}}