{"id":22519,"date":"2023-08-08T12:12:52","date_gmt":"2023-08-08T12:12:52","guid":{"rendered":"https:\/\/permbledhja.com\/?p=22519"},"modified":"2023-08-08T12:12:52","modified_gmt":"2023-08-08T12:12:52","slug":"senatori-amerikan-vjen-sot-ne-kosove-kjo-eshte-agjenda-e-vizites-se-tij","status":"publish","type":"post","link":"https:\/\/permbledhja.com\/sq\/senatori-amerikan-vjen-sot-ne-kosove-kjo-eshte-agjenda-e-vizites-se-tij\/","title":{"rendered":"Senatori amerikan vjen sot n\u00eb Kosov\u00eb, kjo \u00ebsht\u00eb agjenda e vizites s\u00eb tij"},"content":{"rendered":"<h3>Jack Reed, kryetari i Komitetit t\u00eb Senatit p\u00ebr Sh\u00ebrbimet e Armatosura n\u00eb Shtetet e Bashkuara t\u00eb Amerik\u00ebs, do ta vizitoj\u00eb Ballkanin Per\u00ebndimor k\u00ebt\u00eb jav\u00eb.<\/h3>\n<p>Reed do t\u00eb vizitoj\u00eb edhe Kosov\u00ebn p\u00ebr t\u00eb par\u00eb nga af\u00ebr zhvillimet e siguris\u00eb dhe politike n\u00eb rajon dhe ndikimin e tyre n\u00eb sigurin\u00eb komb\u00ebtare t\u00eb Amerik\u00ebs.<\/p>\n<p>Senatori do t\u00eb takohet me diplomat\u00eb dhe p\u00ebrfaq\u00ebsues ushtarak\u00eb amerikan\u00eb, si dhe do t\u00eb zhvilloj\u00eb bisedime me lider\u00eb t\u00eb huaj t\u00eb rangut t\u00eb lart\u00eb p\u00ebr t\u00eb diskutuar marr\u00ebdh\u00ebniet SHBA-Kosov\u00eb, situat\u00ebn e siguris\u00eb dhe marr\u00ebdh\u00ebniet dypal\u00ebshe t\u00eb Amerik\u00ebs me partner\u00ebt e tjer\u00eb n\u00eb rajon.<\/p>\n<p>Reed planifikon t\u00eb takohet me ushtar\u00ebt e Rhode Island n\u00eb terren p\u00ebr t\u2019i fal\u00ebnderuar ata p\u00ebr sh\u00ebrbimin e tyre n\u00eb mb\u00ebshtetje t\u00eb misionit paqeruajt\u00ebs nd\u00ebrkomb\u00ebtar t\u00eb NATO-s, KFOR.<\/p>\n<p>Forca paqeruajt\u00ebse e Kosov\u00ebs (KFOR) e udh\u00ebhequr nga NATO, aktualisht p\u00ebrfshin an\u00ebtar\u00eb t\u00eb Batalionit t\u00eb Par\u00eb t\u00eb Gard\u00ebs Komb\u00ebtare t\u00eb Rhode Island, Regjimentit t\u00eb 126-t\u00eb t\u00eb Aviacionit, Batalionit 1, Regjimentit t\u00eb 143-t\u00eb t\u00eb K\u00ebmb\u00ebsoris\u00eb dhe Detashmentit t\u00eb 110-t\u00eb t\u00eb Marr\u00ebdh\u00ebnieve me Publikun. Ky do t\u00eb jet\u00eb udh\u00ebtimi i tret\u00eb i senatorit Reed n\u00eb Kosov\u00eb.<\/p>\n<p>Pos Kosov\u00ebs, Reed do t\u00eb jet\u00eb edhe n\u00eb vende t\u00eb tjera t\u00eb rajonit. Ai do t\u00eb ndaloj\u00eb gjithashtu n\u00eb Komand\u00ebn Evropiane t\u00eb SHBA-s\u00eb dhe n\u00eb Komand\u00ebn e Ushtris\u00eb Amerikane p\u00ebr Evrop\u00eb dhe Afrik\u00eb p\u00ebr t\u2019u takuar me udh\u00ebheq\u00ebsit ushtarak\u00eb dhe p\u00ebr t\u00eb diskutuar luft\u00ebn e Rusis\u00eb n\u00eb Ukrain\u00eb dhe p\u00ebrpjekjet nd\u00ebrkomb\u00ebtare p\u00ebr t\u00eb pajisur dhe trajnuar nj\u00ebsit\u00eb ushtarake t\u00eb guximshme ukrainase nd\u00ebrsa luftojn\u00eb p\u00ebr t\u00eb mbrojtur sovranitetin e tyre.<\/p>\n<p>Ai do t\u00eb shqyrtoj\u00eb gjithashtu programet e bashk\u00ebpunimit t\u00eb siguris\u00eb s\u00eb SHBA-s\u00eb me partner\u00ebt dhe aleat\u00ebt n\u00eb t\u00eb gjith\u00eb Evrop\u00ebn dhe p\u00ebrpjekjet e vazhdueshme t\u00eb NATO-s p\u00ebr t\u2019iu p\u00ebrgjigjur ndryshimeve drastike n\u00eb peizazhin e siguris\u00eb evropiane.<\/p>\n<p>N\u00eb \u00e7do ndales\u00eb t\u00eb udh\u00ebtimit, senatori Reed planifikon t\u00eb b\u00ebj\u00eb t\u00eb qart\u00eb mb\u00ebshtetjen e Amerik\u00ebs p\u00ebr demokracin\u00eb, diplomacin\u00eb, t\u00eb drejtat e njeriut, sundimin e ligjit dhe p\u00ebrpjekjet kund\u00ebr korrupsionit, shkruan Newport Buzz.<\/p>\n<p>Reed do t\u00eb takohet edhe me presidenten Vjosa Osmani sot gjat\u00eb dit\u00ebs.<\/p>\n","protected":false},"excerpt":{"rendered":"<p>Jack Reed, kryetari i Komitetit t\u00eb Senatit p\u00ebr Sh\u00ebrbimet e Armatosura n\u00eb Shtetet e Bashkuara t\u00eb Amerik\u00ebs, do ta vizitoj\u00eb Ballkanin Per\u00ebndimor k\u00ebt\u00eb jav\u00eb. Reed do t\u00eb vizitoj\u00eb edhe Kosov\u00ebn p\u00ebr t\u00eb par\u00eb nga af\u00ebr zhvillimet e siguris\u00eb dhe politike n\u00eb rajon dhe ndikimin e tyre n\u00eb sigurin\u00eb komb\u00ebtare t\u00eb Amerik\u00ebs. Senatori do t\u00eb takohet [&hellip;]<\/p>\n","protected":false},"author":2,"featured_media":22520,"comment_status":"closed","ping_status":"closed","sticky":false,"template":"","format":"standard","meta":{"_monsterinsights_skip_tracking":false,"_monsterinsights_sitenote_active":false,"_monsterinsights_sitenote_note":"","_monsterinsights_sitenote_category":0,"_uf_show_specific_survey":0,"_uf_disable_surveys":false,"footnotes":""},"categories":[23,15],"tags":[],"yoast_head":"<!-- This site is optimized with the Yoast SEO plugin v21.5 - https:\/\/yoast.com\/wordpress\/plugins\/seo\/ -->\n<title>Senatori amerikan vjen sot n\u00eb Kosov\u00eb, kjo \u00ebsht\u00eb agjenda e vizites s\u00eb tij<\/title>\n<meta name=\"robots\" content=\"index, follow, max-snippet:-1, max-image-preview:large, max-video-preview:-1\" \/>\n<link rel=\"canonical\" href=\"https:\/\/permbledhja.com\/sq\/senatori-amerikan-vjen-sot-ne-kosove-kjo-eshte-agjenda-e-vizites-se-tij\/\" \/>\n<meta property=\"og:locale\" content=\"sq_AL\" \/>\n<meta property=\"og:type\" content=\"article\" \/>\n<meta property=\"og:title\" content=\"Senatori amerikan vjen sot n\u00eb Kosov\u00eb, kjo \u00ebsht\u00eb agjenda e vizites s\u00eb tij\" \/>\n<meta property=\"og:description\" content=\"Jack Reed, kryetari i Komitetit t\u00eb Senatit p\u00ebr Sh\u00ebrbimet e Armatosura n\u00eb Shtetet e Bashkuara t\u00eb Amerik\u00ebs, do ta vizitoj\u00eb Ballkanin Per\u00ebndimor k\u00ebt\u00eb jav\u00eb. Reed do t\u00eb vizitoj\u00eb edhe Kosov\u00ebn p\u00ebr t\u00eb par\u00eb nga af\u00ebr zhvillimet e siguris\u00eb dhe politike n\u00eb rajon dhe ndikimin e tyre n\u00eb sigurin\u00eb komb\u00ebtare t\u00eb Amerik\u00ebs. Senatori do t\u00eb takohet [&hellip;]\" \/>\n<meta property=\"og:url\" content=\"https:\/\/permbledhja.com\/sq\/senatori-amerikan-vjen-sot-ne-kosove-kjo-eshte-agjenda-e-vizites-se-tij\/\" \/>\n<meta property=\"og:site_name\" content=\"Ve\u00e7 artikuj p\u00ebrmbledh\u00ebs\" \/>\n<meta property=\"article:publisher\" content=\"https:\/\/www.facebook.com\/press07\/\" \/>\n<meta property=\"article:published_time\" content=\"2023-08-08T12:12:52+00:00\" \/>\n<meta property=\"og:image\" content=\"https:\/\/permbledhja.com\/wp-content\/uploads\/2023\/08\/senatoriii.jpg\" \/>\n\t<meta property=\"og:image:width\" content=\"1084\" \/>\n\t<meta property=\"og:image:height\" content=\"707\" \/>\n\t<meta property=\"og:image:type\" content=\"image\/jpeg\" \/>\n<meta name=\"author\" content=\"M M\" \/>\n<meta name=\"twitter:card\" content=\"summary_large_image\" \/>\n<meta name=\"twitter:label1\" content=\"Written by\" \/>\n\t<meta name=\"twitter:data1\" content=\"M M\" \/>\n\t<meta name=\"twitter:label2\" content=\"Est. reading time\" \/>\n\t<meta name=\"twitter:data2\" content=\"2 minuta\" \/>\n<script type=\"application\/ld+json\" class=\"yoast-schema-graph\">{\"@context\":\"https:\/\/schema.org\",\"@graph\":[{\"@type\":\"Article\",\"@id\":\"https:\/\/permbledhja.com\/senatori-amerikan-vjen-sot-ne-kosove-kjo-eshte-agjenda-e-vizites-se-tij\/#article\",\"isPartOf\":{\"@id\":\"https:\/\/permbledhja.com\/senatori-amerikan-vjen-sot-ne-kosove-kjo-eshte-agjenda-e-vizites-se-tij\/\"},\"author\":{\"name\":\"M M\",\"@id\":\"https:\/\/permbledhja.com\/#\/schema\/person\/d23f13f59b5722643933d6780783acf3\"},\"headline\":\"Senatori amerikan vjen sot n\u00eb Kosov\u00eb, kjo \u00ebsht\u00eb agjenda e vizites s\u00eb tij\",\"datePublished\":\"2023-08-08T12:12:52+00:00\",\"dateModified\":\"2023-08-08T12:12:52+00:00\",\"mainEntityOfPage\":{\"@id\":\"https:\/\/permbledhja.com\/senatori-amerikan-vjen-sot-ne-kosove-kjo-eshte-agjenda-e-vizites-se-tij\/\"},\"wordCount\":413,\"publisher\":{\"@id\":\"https:\/\/permbledhja.com\/#organization\"},\"articleSection\":[\"Komb\u00ebtare\",\"Lajme\"],\"inLanguage\":\"sq\"},{\"@type\":\"WebPage\",\"@id\":\"https:\/\/permbledhja.com\/senatori-amerikan-vjen-sot-ne-kosove-kjo-eshte-agjenda-e-vizites-se-tij\/\",\"url\":\"https:\/\/permbledhja.com\/senatori-amerikan-vjen-sot-ne-kosove-kjo-eshte-agjenda-e-vizites-se-tij\/\",\"name\":\"Senatori amerikan vjen sot n\u00eb Kosov\u00eb, kjo \u00ebsht\u00eb agjenda e vizites s\u00eb tij\",\"isPartOf\":{\"@id\":\"https:\/\/permbledhja.com\/#website\"},\"datePublished\":\"2023-08-08T12:12:52+00:00\",\"dateModified\":\"2023-08-08T12:12:52+00:00\",\"breadcrumb\":{\"@id\":\"https:\/\/permbledhja.com\/senatori-amerikan-vjen-sot-ne-kosove-kjo-eshte-agjenda-e-vizites-se-tij\/#breadcrumb\"},\"inLanguage\":\"sq\",\"potentialAction\":[{\"@type\":\"ReadAction\",\"target\":[\"https:\/\/permbledhja.com\/senatori-amerikan-vjen-sot-ne-kosove-kjo-eshte-agjenda-e-vizites-se-tij\/\"]}]},{\"@type\":\"BreadcrumbList\",\"@id\":\"https:\/\/permbledhja.com\/senatori-amerikan-vjen-sot-ne-kosove-kjo-eshte-agjenda-e-vizites-se-tij\/#breadcrumb\",\"itemListElement\":[{\"@type\":\"ListItem\",\"position\":1,\"name\":\"Ballina\",\"item\":\"https:\/\/permbledhja.com\/sq\/\"},{\"@type\":\"ListItem\",\"position\":2,\"name\":\"Senatori amerikan vjen sot n\u00eb Kosov\u00eb, kjo \u00ebsht\u00eb agjenda e vizites s\u00eb tij\"}]},{\"@type\":\"WebSite\",\"@id\":\"https:\/\/permbledhja.com\/#website\",\"url\":\"https:\/\/permbledhja.com\/\",\"name\":\"Ve\u00e7 artikuj p\u00ebrmbledh\u00ebs\",\"description\":\"\",\"publisher\":{\"@id\":\"https:\/\/permbledhja.com\/#organization\"},\"potentialAction\":[{\"@type\":\"SearchAction\",\"target\":{\"@type\":\"EntryPoint\",\"urlTemplate\":\"https:\/\/permbledhja.com\/?s={search_term_string}\"},\"query-input\":\"required name=search_term_string\"}],\"inLanguage\":\"sq\"},{\"@type\":\"Organization\",\"@id\":\"https:\/\/permbledhja.com\/#organization\",\"name\":\"MK Media & Pr\",\"url\":\"https:\/\/permbledhja.com\/\",\"logo\":{\"@type\":\"ImageObject\",\"inLanguage\":\"sq\",\"@id\":\"https:\/\/permbledhja.com\/#\/schema\/logo\/image\/\",\"url\":\"https:\/\/permbledhja.com\/wp-content\/uploads\/2021\/12\/07-Press-Logo.jpg\",\"contentUrl\":\"https:\/\/permbledhja.com\/wp-content\/uploads\/2021\/12\/07-Press-Logo.jpg\",\"width\":512,\"height\":512,\"caption\":\"MK Media & Pr\"},\"image\":{\"@id\":\"https:\/\/permbledhja.com\/#\/schema\/logo\/image\/\"},\"sameAs\":[\"https:\/\/www.facebook.com\/press07\/\"]},{\"@type\":\"Person\",\"@id\":\"https:\/\/permbledhja.com\/#\/schema\/person\/d23f13f59b5722643933d6780783acf3\",\"name\":\"M M\",\"image\":{\"@type\":\"ImageObject\",\"inLanguage\":\"sq\",\"@id\":\"https:\/\/permbledhja.com\/#\/schema\/person\/image\/\",\"url\":\"https:\/\/secure.gravatar.com\/avatar\/e2835a76ca7c31a2416b2d51c4ec9a8f?s=96&d=mm&r=g\",\"contentUrl\":\"https:\/\/secure.gravatar.com\/avatar\/e2835a76ca7c31a2416b2d51c4ec9a8f?s=96&d=mm&r=g\",\"caption\":\"M M\"},\"sameAs\":[\"http:\/\/MM\"],\"url\":\"https:\/\/permbledhja.com\/sq\/author\/muhamet\/\"}]}<\/script>\n<!-- \/ Yoast SEO plugin. -->","yoast_head_json":{"title":"Senatori amerikan vjen sot n\u00eb Kosov\u00eb, kjo \u00ebsht\u00eb agjenda e vizites s\u00eb tij","robots":{"index":"index","follow":"follow","max-snippet":"max-snippet:-1","max-image-preview":"max-image-preview:large","max-video-preview":"max-video-preview:-1"},"canonical":"https:\/\/permbledhja.com\/sq\/senatori-amerikan-vjen-sot-ne-kosove-kjo-eshte-agjenda-e-vizites-se-tij\/","og_locale":"sq_AL","og_type":"article","og_title":"Senatori amerikan vjen sot n\u00eb Kosov\u00eb, kjo \u00ebsht\u00eb agjenda e vizites s\u00eb tij","og_description":"Jack Reed, kryetari i Komitetit t\u00eb Senatit p\u00ebr Sh\u00ebrbimet e Armatosura n\u00eb Shtetet e Bashkuara t\u00eb Amerik\u00ebs, do ta vizitoj\u00eb Ballkanin Per\u00ebndimor k\u00ebt\u00eb jav\u00eb. Reed do t\u00eb vizitoj\u00eb edhe Kosov\u00ebn p\u00ebr t\u00eb par\u00eb nga af\u00ebr zhvillimet e siguris\u00eb dhe politike n\u00eb rajon dhe ndikimin e tyre n\u00eb sigurin\u00eb komb\u00ebtare t\u00eb Amerik\u00ebs. Senatori do t\u00eb takohet [&hellip;]","og_url":"https:\/\/permbledhja.com\/sq\/senatori-amerikan-vjen-sot-ne-kosove-kjo-eshte-agjenda-e-vizites-se-tij\/","og_site_name":"Ve\u00e7 artikuj p\u00ebrmbledh\u00ebs","article_publisher":"https:\/\/www.facebook.com\/press07\/","article_published_time":"2023-08-08T12:12:52+00:00","og_image":[{"width":1084,"height":707,"url":"https:\/\/permbledhja.com\/wp-content\/uploads\/2023\/08\/senatoriii.jpg","type":"image\/jpeg"}],"author":"M M","twitter_card":"summary_large_image","twitter_misc":{"Written by":"M M","Est. reading time":"2 minuta"},"schema":{"@context":"https:\/\/schema.org","@graph":[{"@type":"Article","@id":"https:\/\/permbledhja.com\/senatori-amerikan-vjen-sot-ne-kosove-kjo-eshte-agjenda-e-vizites-se-tij\/#article","isPartOf":{"@id":"https:\/\/permbledhja.com\/senatori-amerikan-vjen-sot-ne-kosove-kjo-eshte-agjenda-e-vizites-se-tij\/"},"author":{"name":"M M","@id":"https:\/\/permbledhja.com\/#\/schema\/person\/d23f13f59b5722643933d6780783acf3"},"headline":"Senatori amerikan vjen sot n\u00eb Kosov\u00eb, kjo \u00ebsht\u00eb agjenda e vizites s\u00eb tij","datePublished":"2023-08-08T12:12:52+00:00","dateModified":"2023-08-08T12:12:52+00:00","mainEntityOfPage":{"@id":"https:\/\/permbledhja.com\/senatori-amerikan-vjen-sot-ne-kosove-kjo-eshte-agjenda-e-vizites-se-tij\/"},"wordCount":413,"publisher":{"@id":"https:\/\/permbledhja.com\/#organization"},"articleSection":["Komb\u00ebtare","Lajme"],"inLanguage":"sq"},{"@type":"WebPage","@id":"https:\/\/permbledhja.com\/senatori-amerikan-vjen-sot-ne-kosove-kjo-eshte-agjenda-e-vizites-se-tij\/","url":"https:\/\/permbledhja.com\/senatori-amerikan-vjen-sot-ne-kosove-kjo-eshte-agjenda-e-vizites-se-tij\/","name":"Senatori amerikan vjen sot n\u00eb Kosov\u00eb, kjo \u00ebsht\u00eb agjenda e vizites s\u00eb tij","isPartOf":{"@id":"https:\/\/permbledhja.com\/#website"},"datePublished":"2023-08-08T12:12:52+00:00","dateModified":"2023-08-08T12:12:52+00:00","breadcrumb":{"@id":"https:\/\/permbledhja.com\/senatori-amerikan-vjen-sot-ne-kosove-kjo-eshte-agjenda-e-vizites-se-tij\/#breadcrumb"},"inLanguage":"sq","potentialAction":[{"@type":"ReadAction","target":["https:\/\/permbledhja.com\/senatori-amerikan-vjen-sot-ne-kosove-kjo-eshte-agjenda-e-vizites-se-tij\/"]}]},{"@type":"BreadcrumbList","@id":"https:\/\/permbledhja.com\/senatori-amerikan-vjen-sot-ne-kosove-kjo-eshte-agjenda-e-vizites-se-tij\/#breadcrumb","itemListElement":[{"@type":"ListItem","position":1,"name":"Ballina","item":"https:\/\/permbledhja.com\/sq\/"},{"@type":"ListItem","position":2,"name":"Senatori amerikan vjen sot n\u00eb Kosov\u00eb, kjo \u00ebsht\u00eb agjenda e vizites s\u00eb tij"}]},{"@type":"WebSite","@id":"https:\/\/permbledhja.com\/#website","url":"https:\/\/permbledhja.com\/","name":"Ve\u00e7 artikuj p\u00ebrmbledh\u00ebs","description":"","publisher":{"@id":"https:\/\/permbledhja.com\/#organization"},"potentialAction":[{"@type":"SearchAction","target":{"@type":"EntryPoint","urlTemplate":"https:\/\/permbledhja.com\/?s={search_term_string}"},"query-input":"required name=search_term_string"}],"inLanguage":"sq"},{"@type":"Organization","@id":"https:\/\/permbledhja.com\/#organization","name":"MK Media & Pr","url":"https:\/\/permbledhja.com\/","logo":{"@type":"ImageObject","inLanguage":"sq","@id":"https:\/\/permbledhja.com\/#\/schema\/logo\/image\/","url":"https:\/\/permbledhja.com\/wp-content\/uploads\/2021\/12\/07-Press-Logo.jpg","contentUrl":"https:\/\/permbledhja.com\/wp-content\/uploads\/2021\/12\/07-Press-Logo.jpg","width":512,"height":512,"caption":"MK Media & Pr"},"image":{"@id":"https:\/\/permbledhja.com\/#\/schema\/logo\/image\/"},"sameAs":["https:\/\/www.facebook.com\/press07\/"]},{"@type":"Person","@id":"https:\/\/permbledhja.com\/#\/schema\/person\/d23f13f59b5722643933d6780783acf3","name":"M M","image":{"@type":"ImageObject","inLanguage":"sq","@id":"https:\/\/permbledhja.com\/#\/schema\/person\/image\/","url":"https:\/\/secure.gravatar.com\/avatar\/e2835a76ca7c31a2416b2d51c4ec9a8f?s=96&d=mm&r=g","contentUrl":"https:\/\/secure.gravatar.com\/avatar\/e2835a76ca7c31a2416b2d51c4ec9a8f?s=96&d=mm&r=g","caption":"M M"},"sameAs":["http:\/\/MM"],"url":"https:\/\/permbledhja.com\/sq\/author\/muhamet\/"}]}},"_links":{"self":[{"href":"https:\/\/permbledhja.com\/sq\/wp-json\/wp\/v2\/posts\/22519"}],"collection":[{"href":"https:\/\/permbledhja.com\/sq\/wp-json\/wp\/v2\/posts"}],"about":[{"href":"https:\/\/permbledhja.com\/sq\/wp-json\/wp\/v2\/types\/post"}],"author":[{"embeddable":true,"href":"https:\/\/permbledhja.com\/sq\/wp-json\/wp\/v2\/users\/2"}],"replies":[{"embeddable":true,"href":"https:\/\/permbledhja.com\/sq\/wp-json\/wp\/v2\/comments?post=22519"}],"version-history":[{"count":1,"href":"https:\/\/permbledhja.com\/sq\/wp-json\/wp\/v2\/posts\/22519\/revisions"}],"predecessor-version":[{"id":22521,"href":"https:\/\/permbledhja.com\/sq\/wp-json\/wp\/v2\/posts\/22519\/revisions\/22521"}],"wp:featuredmedia":[{"embeddable":true,"href":"https:\/\/permbledhja.com\/sq\/wp-json\/wp\/v2\/media\/22520"}],"wp:attachment":[{"href":"https:\/\/permbledhja.com\/sq\/wp-json\/wp\/v2\/media?parent=22519"}],"wp:term":[{"taxonomy":"category","embeddable":true,"href":"https:\/\/permbledhja.com\/sq\/wp-json\/wp\/v2\/categories?post=22519"},{"taxonomy":"post_tag","embeddable":true,"href":"https:\/\/permbledhja.com\/sq\/wp-json\/wp\/v2\/tags?post=22519"}],"curies":[{"name":"wp","href":"https:\/\/api.w.org\/{rel}","templated":true}]}}