{"id":22344,"date":"2023-08-07T11:21:15","date_gmt":"2023-08-07T11:21:15","guid":{"rendered":"https:\/\/permbledhja.com\/?p=22344"},"modified":"2023-08-07T11:21:15","modified_gmt":"2023-08-07T11:21:15","slug":"qytetaret-qe-bejne-izolimin-e-shtepise-dhe-nderrimin-e-dyerve-e-dritareve-ministria-e-ekonomise-i-subvencionon-me-45-te-vleres-se-investimi","status":"publish","type":"post","link":"https:\/\/permbledhja.com\/sq\/qytetaret-qe-bejne-izolimin-e-shtepise-dhe-nderrimin-e-dyerve-e-dritareve-ministria-e-ekonomise-i-subvencionon-me-45-te-vleres-se-investimi\/","title":{"rendered":"Qytetar\u00ebt q\u00eb b\u00ebjn\u00eb izolimin e sht\u00ebpis\u00eb dhe nd\u00ebrrimin e dyerve e dritareve, Ministria e Ekonomis\u00eb i subvencionon me 45% t\u00eb vler\u00ebs s\u00eb investimi"},"content":{"rendered":"<h3>Fondi i Kosov\u00ebs p\u00ebr Efi\u00e7ienc\u00eb t\u00eb Energjis\u00eb ka lansuar thirrjen publike p\u00ebr projektin \u201cZbatimi i masave t\u00eb efi\u00e7ienc\u00ebs s\u00eb energjis\u00eb p\u00ebr sht\u00ebpit\u00eb individuale t\u00eb banimit\u201d.<\/h3>\n<div id=\"faqet-e19395cdc4cfa7567da2e52484f1e8a5\" class=\"faqet-e19395cdc4cfa7567da2e52484f1e8a5 faqet-pas-paragrafit-2\">\n<div id=\"faqet-1221816821\" class=\"faqet-pas-paragrafit-2\">\n<p>M\u00eb an\u00eb t\u00eb k\u00ebtij projekti qytetar\u00ebt do t\u00eb subvencionohen rreth 45 p\u00ebr qind p\u00ebr investimet efi\u00e7iente n\u00eb sht\u00ebpit\u00eb e tyre.<\/p>\n<p>Ministrja e Ekonomis\u00eb, Artane Rizvanolli, tha se ky projekt ka vler\u00eb rreth 10 milion\u00eb euro.<\/p>\n<p>Ajo n\u00ebnvizoi prioritetin q\u00eb e kan\u00eb p\u00ebr efi\u00e7iec\u00ebn e energjis\u00eb, derisa tha se dy vjet\u00ebt e fundit kan\u00eb ulur k\u00ebrkes\u00ebn p\u00ebr energji p\u00ebr 4 p\u00ebr qind.<\/p>\n<p>Ajo m\u00eb tej ka sqaruar se jan\u00eb e ardhshme do t\u00eb shpallin thirrjet p\u00ebr subvencionim p\u00ebr pasjet efi\u00e7iente sht\u00ebpiake dhe sistemet solare termike p\u00ebr ngrohej t\u00eb ujit.<\/p>\n<p>\u201cK\u00ebto investime jan\u00eb mund\u00ebsuar me p\u00ebrkrahjen e Komisionit Evropian nga fondet e IPA. \u00cbsht\u00eb k\u00ebnaq\u00ebsi t\u00eb shoh\u00ebsh kur puna p\u00ebrkthehet n\u00eb rezultate. Ne jemi n\u00eb nj\u00eb faz\u00eb ku po kuror\u00ebzojm\u00eb me lansim t\u00eb masave nj\u00eb pun\u00eb m\u00eb se 8 mujore. T\u00eb gjith\u00eb qytetar do t\u00eb ken\u00eb mund\u00ebsin\u00eb t\u00eb p\u00ebrfitojn\u00eb subvencion t\u00eb 45% t\u00eb vler\u00ebs s\u00eb investimit p\u00ebr t\u2019i rinovuar sht\u00ebpit\u00eb e tyre. Izolimin e sht\u00ebpis\u00eb, nd\u00ebrrimi i dyerve dhe dritareve si dhe izolimin e kulmit. Ky investim do t\u00eb ndihmoj direkt edhe m\u00eb faktuar\u00ebn e familjeve\u201d, tha ajo.<\/p>\n<p>\u201cJav\u00ebn e ardhshme ne si Ministri nga i nj\u00ebjti program do t\u00eb shpallim thirrjet p\u00ebr subvencionim t\u00eb masave t\u00eb efi\u00e7enc\u00ebs t\u00eb energjis\u00eb q\u00eb p\u00ebrfshin\u00eb p\u00ebr her\u00eb t\u00eb par\u00eb pasjet efi\u00e7ente sht\u00ebpiake dhe sistemet solare termike p\u00ebr ngrohej t\u00eb ujit\u201d, tha ajo.<\/p>\n<p>Nora Arifi, an\u00ebtare e Bordit t\u00eb Fondit t\u00eb Kosov\u00ebs p\u00ebr Efi\u00e7ienc\u00eb t\u00eb Energjis\u00eb, tha se p\u00ebr zbatimi i masave t\u00eb efi\u00e7ienc\u00ebs s\u00eb energjis\u00eb p\u00ebr sht\u00ebpit\u00eb individuale t\u00eb banimit jan\u00eb parapar\u00eb 10 milion\u00eb euro dhe do t\u00eb p\u00ebrfitojn\u00eb mbi 2 mij\u00eb familje.<\/p>\n<p>\u201cFondit t\u00eb Kosov\u00ebs p\u00ebr Efi\u00e7enc\u00eb t\u00eb Energjis\u00eb nga k\u00ebt\u00eb pako i jan\u00eb besuar 20 milion\u00eb euro nga 75 milion\u00eb euro p\u00ebr dy masa. P\u00ebr banesa sociale si dhe sht\u00ebpit\u00eb individuale t\u00eb banimit n\u00eb t\u00eb gjith\u00eb Kosov\u00ebs. Kjo q\u00eb po e promovojm\u00eb sot p\u00ebr sht\u00ebpit\u00eb individuale ka nj\u00eb buxhet prej 10 milion\u00eb euro, ku pritet q\u00eb t\u00eb p\u00ebrfarojn\u00eb mbi 2 000 familje\u201d, tha ajo.<\/p>\n<div id=\"faqet-20c5140d54b3c9bb1cb10268bcebbc8e\" class=\"faqet-20c5140d54b3c9bb1cb10268bcebbc8e faqet-pas-paragrafit-12\">\n<div id=\"faqet-1493415027\" class=\"faqet-pas-paragrafit-12\">\n<p>Alessandro Bianciardi, nga Zyra e BE-s\u00eb n\u00eb Kosov\u00eb, tha se nga kjo ndihm\u00eb do t\u00eb p\u00ebrfitojn\u00eb mbi 2 000 mij\u00eb familje, duke shtuar se me k\u00ebt\u00eb mund t\u00eb kursehet deri n\u00eb 30% e energjis\u00eb.<\/p>\n<p>\u201cDo t\u00eb ndihmojn\u00eb 2 000 mij\u00eb familje q\u00eb t\u00eb jetojn\u00eb n\u00eb m\u00ebnyr\u00eb m\u00eb t\u00eb rehatshme n\u00eb sht\u00ebpit\u00eb e tyre. Me izolim t\u00eb mir\u00eb dhe dyer e dritare t\u00eb reja ju mund t\u00eb kurseni 30 % t\u00eb energjis\u00eb. BE mbete e p\u00ebrkushtuar p\u00ebr t\u00eb mb\u00ebshtetur Kosov\u00ebs p\u00ebr energji t\u00eb mir\u00eb e te past\u00ebr\u201d, tha ai, raporton EO.<\/p>\n<p>Kreshnik Muhaxheri, inxhinier n\u00eb Fondin e Kosov\u00ebs p\u00ebr Efi\u00e7ienc\u00eb t\u00eb Energjis\u00eb, para t\u00eb pranishm\u00ebve shpjegoj n\u00eb detaje realizimin e k\u00ebtij projekti.<\/p>\n<\/div>\n<\/div>\n<\/div>\n<\/div>\n","protected":false},"excerpt":{"rendered":"<p>Fondi i Kosov\u00ebs p\u00ebr Efi\u00e7ienc\u00eb t\u00eb Energjis\u00eb ka lansuar thirrjen publike p\u00ebr projektin \u201cZbatimi i masave t\u00eb efi\u00e7ienc\u00ebs s\u00eb energjis\u00eb p\u00ebr sht\u00ebpit\u00eb individuale t\u00eb banimit\u201d. M\u00eb an\u00eb t\u00eb k\u00ebtij projekti qytetar\u00ebt do t\u00eb subvencionohen rreth 45 p\u00ebr qind p\u00ebr investimet efi\u00e7iente n\u00eb sht\u00ebpit\u00eb e tyre. Ministrja e Ekonomis\u00eb, Artane Rizvanolli, tha se ky projekt ka [&hellip;]<\/p>\n","protected":false},"author":1,"featured_media":22345,"comment_status":"closed","ping_status":"closed","sticky":false,"template":"","format":"standard","meta":{"_monsterinsights_skip_tracking":false,"_monsterinsights_sitenote_active":false,"_monsterinsights_sitenote_note":"","_monsterinsights_sitenote_category":0,"_uf_show_specific_survey":0,"_uf_disable_surveys":false,"footnotes":""},"categories":[1146],"tags":[2244],"yoast_head":"<!-- This site is optimized with the Yoast SEO plugin v21.5 - https:\/\/yoast.com\/wordpress\/plugins\/seo\/ -->\n<title>Qytetar\u00ebt q\u00eb b\u00ebjn\u00eb izolimin e sht\u00ebpis\u00eb dhe nd\u00ebrrimin e dyerve e dritareve, Ministria e Ekonomis\u00eb i subvencionon me 45% t\u00eb vler\u00ebs s\u00eb investimi<\/title>\n<meta name=\"robots\" content=\"index, follow, max-snippet:-1, max-image-preview:large, max-video-preview:-1\" \/>\n<link rel=\"canonical\" href=\"https:\/\/permbledhja.com\/sq\/qytetaret-qe-bejne-izolimin-e-shtepise-dhe-nderrimin-e-dyerve-e-dritareve-ministria-e-ekonomise-i-subvencionon-me-45-te-vleres-se-investimi\/\" \/>\n<meta property=\"og:locale\" content=\"sq_AL\" \/>\n<meta property=\"og:type\" content=\"article\" \/>\n<meta property=\"og:title\" content=\"Qytetar\u00ebt q\u00eb b\u00ebjn\u00eb izolimin e sht\u00ebpis\u00eb dhe nd\u00ebrrimin e dyerve e dritareve, Ministria e Ekonomis\u00eb i subvencionon me 45% t\u00eb vler\u00ebs s\u00eb investimi\" \/>\n<meta property=\"og:description\" content=\"Fondi i Kosov\u00ebs p\u00ebr Efi\u00e7ienc\u00eb t\u00eb Energjis\u00eb ka lansuar thirrjen publike p\u00ebr projektin \u201cZbatimi i masave t\u00eb efi\u00e7ienc\u00ebs s\u00eb energjis\u00eb p\u00ebr sht\u00ebpit\u00eb individuale t\u00eb banimit\u201d. M\u00eb an\u00eb t\u00eb k\u00ebtij projekti qytetar\u00ebt do t\u00eb subvencionohen rreth 45 p\u00ebr qind p\u00ebr investimet efi\u00e7iente n\u00eb sht\u00ebpit\u00eb e tyre. Ministrja e Ekonomis\u00eb, Artane Rizvanolli, tha se ky projekt ka [&hellip;]\" \/>\n<meta property=\"og:url\" content=\"https:\/\/permbledhja.com\/sq\/qytetaret-qe-bejne-izolimin-e-shtepise-dhe-nderrimin-e-dyerve-e-dritareve-ministria-e-ekonomise-i-subvencionon-me-45-te-vleres-se-investimi\/\" \/>\n<meta property=\"og:site_name\" content=\"Ve\u00e7 artikuj p\u00ebrmbledh\u00ebs\" \/>\n<meta property=\"article:publisher\" content=\"https:\/\/www.facebook.com\/press07\/\" \/>\n<meta property=\"article:author\" content=\"https:\/\/www.facebook.com\/kafexhiu.muharrem\/\" \/>\n<meta property=\"article:published_time\" content=\"2023-08-07T11:21:15+00:00\" \/>\n<meta property=\"og:image\" content=\"https:\/\/permbledhja.com\/wp-content\/uploads\/2023\/08\/izolimi-shtepiseee-696x425-1.png\" \/>\n\t<meta property=\"og:image:width\" content=\"696\" \/>\n\t<meta property=\"og:image:height\" content=\"425\" \/>\n\t<meta property=\"og:image:type\" content=\"image\/png\" \/>\n<meta name=\"author\" content=\"P\u00ebrmbledhja\" \/>\n<meta name=\"twitter:card\" content=\"summary_large_image\" \/>\n<meta name=\"twitter:label1\" content=\"Written by\" \/>\n\t<meta name=\"twitter:data1\" content=\"P\u00ebrmbledhja\" \/>\n\t<meta name=\"twitter:label2\" content=\"Est. reading time\" \/>\n\t<meta name=\"twitter:data2\" content=\"3 minuta\" \/>\n<script type=\"application\/ld+json\" class=\"yoast-schema-graph\">{\"@context\":\"https:\/\/schema.org\",\"@graph\":[{\"@type\":\"Article\",\"@id\":\"https:\/\/permbledhja.com\/qytetaret-qe-bejne-izolimin-e-shtepise-dhe-nderrimin-e-dyerve-e-dritareve-ministria-e-ekonomise-i-subvencionon-me-45-te-vleres-se-investimi\/#article\",\"isPartOf\":{\"@id\":\"https:\/\/permbledhja.com\/qytetaret-qe-bejne-izolimin-e-shtepise-dhe-nderrimin-e-dyerve-e-dritareve-ministria-e-ekonomise-i-subvencionon-me-45-te-vleres-se-investimi\/\"},\"author\":{\"name\":\"P\u00ebrmbledhja\",\"@id\":\"https:\/\/permbledhja.com\/#\/schema\/person\/0d064377258d3221e50693947b9eb4fe\"},\"headline\":\"Qytetar\u00ebt q\u00eb b\u00ebjn\u00eb izolimin e sht\u00ebpis\u00eb dhe nd\u00ebrrimin e dyerve e dritareve, Ministria e Ekonomis\u00eb i subvencionon me 45% t\u00eb vler\u00ebs s\u00eb investimi\",\"datePublished\":\"2023-08-07T11:21:15+00:00\",\"dateModified\":\"2023-08-07T11:21:15+00:00\",\"mainEntityOfPage\":{\"@id\":\"https:\/\/permbledhja.com\/qytetaret-qe-bejne-izolimin-e-shtepise-dhe-nderrimin-e-dyerve-e-dritareve-ministria-e-ekonomise-i-subvencionon-me-45-te-vleres-se-investimi\/\"},\"wordCount\":557,\"publisher\":{\"@id\":\"https:\/\/permbledhja.com\/#organization\"},\"keywords\":[\"Ministria e Ekonomis\u00eb\"],\"articleSection\":[\"Kryesoret\"],\"inLanguage\":\"sq\"},{\"@type\":\"WebPage\",\"@id\":\"https:\/\/permbledhja.com\/qytetaret-qe-bejne-izolimin-e-shtepise-dhe-nderrimin-e-dyerve-e-dritareve-ministria-e-ekonomise-i-subvencionon-me-45-te-vleres-se-investimi\/\",\"url\":\"https:\/\/permbledhja.com\/qytetaret-qe-bejne-izolimin-e-shtepise-dhe-nderrimin-e-dyerve-e-dritareve-ministria-e-ekonomise-i-subvencionon-me-45-te-vleres-se-investimi\/\",\"name\":\"Qytetar\u00ebt q\u00eb b\u00ebjn\u00eb izolimin e sht\u00ebpis\u00eb dhe nd\u00ebrrimin e dyerve e dritareve, Ministria e Ekonomis\u00eb i subvencionon me 45% t\u00eb vler\u00ebs s\u00eb investimi\",\"isPartOf\":{\"@id\":\"https:\/\/permbledhja.com\/#website\"},\"datePublished\":\"2023-08-07T11:21:15+00:00\",\"dateModified\":\"2023-08-07T11:21:15+00:00\",\"breadcrumb\":{\"@id\":\"https:\/\/permbledhja.com\/qytetaret-qe-bejne-izolimin-e-shtepise-dhe-nderrimin-e-dyerve-e-dritareve-ministria-e-ekonomise-i-subvencionon-me-45-te-vleres-se-investimi\/#breadcrumb\"},\"inLanguage\":\"sq\",\"potentialAction\":[{\"@type\":\"ReadAction\",\"target\":[\"https:\/\/permbledhja.com\/qytetaret-qe-bejne-izolimin-e-shtepise-dhe-nderrimin-e-dyerve-e-dritareve-ministria-e-ekonomise-i-subvencionon-me-45-te-vleres-se-investimi\/\"]}]},{\"@type\":\"BreadcrumbList\",\"@id\":\"https:\/\/permbledhja.com\/qytetaret-qe-bejne-izolimin-e-shtepise-dhe-nderrimin-e-dyerve-e-dritareve-ministria-e-ekonomise-i-subvencionon-me-45-te-vleres-se-investimi\/#breadcrumb\",\"itemListElement\":[{\"@type\":\"ListItem\",\"position\":1,\"name\":\"Ballina\",\"item\":\"https:\/\/permbledhja.com\/sq\/\"},{\"@type\":\"ListItem\",\"position\":2,\"name\":\"Qytetar\u00ebt q\u00eb b\u00ebjn\u00eb izolimin e sht\u00ebpis\u00eb dhe nd\u00ebrrimin e dyerve e dritareve, Ministria e Ekonomis\u00eb i subvencionon me 45% t\u00eb vler\u00ebs s\u00eb investimi\"}]},{\"@type\":\"WebSite\",\"@id\":\"https:\/\/permbledhja.com\/#website\",\"url\":\"https:\/\/permbledhja.com\/\",\"name\":\"Ve\u00e7 artikuj p\u00ebrmbledh\u00ebs\",\"description\":\"\",\"publisher\":{\"@id\":\"https:\/\/permbledhja.com\/#organization\"},\"potentialAction\":[{\"@type\":\"SearchAction\",\"target\":{\"@type\":\"EntryPoint\",\"urlTemplate\":\"https:\/\/permbledhja.com\/?s={search_term_string}\"},\"query-input\":\"required name=search_term_string\"}],\"inLanguage\":\"sq\"},{\"@type\":\"Organization\",\"@id\":\"https:\/\/permbledhja.com\/#organization\",\"name\":\"MK Media & Pr\",\"url\":\"https:\/\/permbledhja.com\/\",\"logo\":{\"@type\":\"ImageObject\",\"inLanguage\":\"sq\",\"@id\":\"https:\/\/permbledhja.com\/#\/schema\/logo\/image\/\",\"url\":\"https:\/\/permbledhja.com\/wp-content\/uploads\/2021\/12\/07-Press-Logo.jpg\",\"contentUrl\":\"https:\/\/permbledhja.com\/wp-content\/uploads\/2021\/12\/07-Press-Logo.jpg\",\"width\":512,\"height\":512,\"caption\":\"MK Media & Pr\"},\"image\":{\"@id\":\"https:\/\/permbledhja.com\/#\/schema\/logo\/image\/\"},\"sameAs\":[\"https:\/\/www.facebook.com\/press07\/\"]},{\"@type\":\"Person\",\"@id\":\"https:\/\/permbledhja.com\/#\/schema\/person\/0d064377258d3221e50693947b9eb4fe\",\"name\":\"P\u00ebrmbledhja\",\"image\":{\"@type\":\"ImageObject\",\"inLanguage\":\"sq\",\"@id\":\"https:\/\/permbledhja.com\/#\/schema\/person\/image\/\",\"url\":\"https:\/\/permbledhja.com\/wp-content\/uploads\/2026\/01\/452004717_1040944174702970_8932037511805513407_n-96x96.jpg\",\"contentUrl\":\"https:\/\/permbledhja.com\/wp-content\/uploads\/2026\/01\/452004717_1040944174702970_8932037511805513407_n-96x96.jpg\",\"caption\":\"P\u00ebrmbledhja\"},\"sameAs\":[\"https:\/\/www.facebook.com\/kafexhiu.muharrem\/\",\"https:\/\/www.instagram.com\/muharrem_kafexhiu\/\"],\"url\":\"https:\/\/permbledhja.com\/sq\/author\/admin\/\"}]}<\/script>\n<!-- \/ Yoast SEO plugin. -->","yoast_head_json":{"title":"Qytetar\u00ebt q\u00eb b\u00ebjn\u00eb izolimin e sht\u00ebpis\u00eb dhe nd\u00ebrrimin e dyerve e dritareve, Ministria e Ekonomis\u00eb i subvencionon me 45% t\u00eb vler\u00ebs s\u00eb investimi","robots":{"index":"index","follow":"follow","max-snippet":"max-snippet:-1","max-image-preview":"max-image-preview:large","max-video-preview":"max-video-preview:-1"},"canonical":"https:\/\/permbledhja.com\/sq\/qytetaret-qe-bejne-izolimin-e-shtepise-dhe-nderrimin-e-dyerve-e-dritareve-ministria-e-ekonomise-i-subvencionon-me-45-te-vleres-se-investimi\/","og_locale":"sq_AL","og_type":"article","og_title":"Qytetar\u00ebt q\u00eb b\u00ebjn\u00eb izolimin e sht\u00ebpis\u00eb dhe nd\u00ebrrimin e dyerve e dritareve, Ministria e Ekonomis\u00eb i subvencionon me 45% t\u00eb vler\u00ebs s\u00eb investimi","og_description":"Fondi i Kosov\u00ebs p\u00ebr Efi\u00e7ienc\u00eb t\u00eb Energjis\u00eb ka lansuar thirrjen publike p\u00ebr projektin \u201cZbatimi i masave t\u00eb efi\u00e7ienc\u00ebs s\u00eb energjis\u00eb p\u00ebr sht\u00ebpit\u00eb individuale t\u00eb banimit\u201d. M\u00eb an\u00eb t\u00eb k\u00ebtij projekti qytetar\u00ebt do t\u00eb subvencionohen rreth 45 p\u00ebr qind p\u00ebr investimet efi\u00e7iente n\u00eb sht\u00ebpit\u00eb e tyre. Ministrja e Ekonomis\u00eb, Artane Rizvanolli, tha se ky projekt ka [&hellip;]","og_url":"https:\/\/permbledhja.com\/sq\/qytetaret-qe-bejne-izolimin-e-shtepise-dhe-nderrimin-e-dyerve-e-dritareve-ministria-e-ekonomise-i-subvencionon-me-45-te-vleres-se-investimi\/","og_site_name":"Ve\u00e7 artikuj p\u00ebrmbledh\u00ebs","article_publisher":"https:\/\/www.facebook.com\/press07\/","article_author":"https:\/\/www.facebook.com\/kafexhiu.muharrem\/","article_published_time":"2023-08-07T11:21:15+00:00","og_image":[{"width":696,"height":425,"url":"https:\/\/permbledhja.com\/wp-content\/uploads\/2023\/08\/izolimi-shtepiseee-696x425-1.png","type":"image\/png"}],"author":"P\u00ebrmbledhja","twitter_card":"summary_large_image","twitter_misc":{"Written by":"P\u00ebrmbledhja","Est. reading time":"3 minuta"},"schema":{"@context":"https:\/\/schema.org","@graph":[{"@type":"Article","@id":"https:\/\/permbledhja.com\/qytetaret-qe-bejne-izolimin-e-shtepise-dhe-nderrimin-e-dyerve-e-dritareve-ministria-e-ekonomise-i-subvencionon-me-45-te-vleres-se-investimi\/#article","isPartOf":{"@id":"https:\/\/permbledhja.com\/qytetaret-qe-bejne-izolimin-e-shtepise-dhe-nderrimin-e-dyerve-e-dritareve-ministria-e-ekonomise-i-subvencionon-me-45-te-vleres-se-investimi\/"},"author":{"name":"P\u00ebrmbledhja","@id":"https:\/\/permbledhja.com\/#\/schema\/person\/0d064377258d3221e50693947b9eb4fe"},"headline":"Qytetar\u00ebt q\u00eb b\u00ebjn\u00eb izolimin e sht\u00ebpis\u00eb dhe nd\u00ebrrimin e dyerve e dritareve, Ministria e Ekonomis\u00eb i subvencionon me 45% t\u00eb vler\u00ebs s\u00eb investimi","datePublished":"2023-08-07T11:21:15+00:00","dateModified":"2023-08-07T11:21:15+00:00","mainEntityOfPage":{"@id":"https:\/\/permbledhja.com\/qytetaret-qe-bejne-izolimin-e-shtepise-dhe-nderrimin-e-dyerve-e-dritareve-ministria-e-ekonomise-i-subvencionon-me-45-te-vleres-se-investimi\/"},"wordCount":557,"publisher":{"@id":"https:\/\/permbledhja.com\/#organization"},"keywords":["Ministria e Ekonomis\u00eb"],"articleSection":["Kryesoret"],"inLanguage":"sq"},{"@type":"WebPage","@id":"https:\/\/permbledhja.com\/qytetaret-qe-bejne-izolimin-e-shtepise-dhe-nderrimin-e-dyerve-e-dritareve-ministria-e-ekonomise-i-subvencionon-me-45-te-vleres-se-investimi\/","url":"https:\/\/permbledhja.com\/qytetaret-qe-bejne-izolimin-e-shtepise-dhe-nderrimin-e-dyerve-e-dritareve-ministria-e-ekonomise-i-subvencionon-me-45-te-vleres-se-investimi\/","name":"Qytetar\u00ebt q\u00eb b\u00ebjn\u00eb izolimin e sht\u00ebpis\u00eb dhe nd\u00ebrrimin e dyerve e dritareve, Ministria e Ekonomis\u00eb i subvencionon me 45% t\u00eb vler\u00ebs s\u00eb investimi","isPartOf":{"@id":"https:\/\/permbledhja.com\/#website"},"datePublished":"2023-08-07T11:21:15+00:00","dateModified":"2023-08-07T11:21:15+00:00","breadcrumb":{"@id":"https:\/\/permbledhja.com\/qytetaret-qe-bejne-izolimin-e-shtepise-dhe-nderrimin-e-dyerve-e-dritareve-ministria-e-ekonomise-i-subvencionon-me-45-te-vleres-se-investimi\/#breadcrumb"},"inLanguage":"sq","potentialAction":[{"@type":"ReadAction","target":["https:\/\/permbledhja.com\/qytetaret-qe-bejne-izolimin-e-shtepise-dhe-nderrimin-e-dyerve-e-dritareve-ministria-e-ekonomise-i-subvencionon-me-45-te-vleres-se-investimi\/"]}]},{"@type":"BreadcrumbList","@id":"https:\/\/permbledhja.com\/qytetaret-qe-bejne-izolimin-e-shtepise-dhe-nderrimin-e-dyerve-e-dritareve-ministria-e-ekonomise-i-subvencionon-me-45-te-vleres-se-investimi\/#breadcrumb","itemListElement":[{"@type":"ListItem","position":1,"name":"Ballina","item":"https:\/\/permbledhja.com\/sq\/"},{"@type":"ListItem","position":2,"name":"Qytetar\u00ebt q\u00eb b\u00ebjn\u00eb izolimin e sht\u00ebpis\u00eb dhe nd\u00ebrrimin e dyerve e dritareve, Ministria e Ekonomis\u00eb i subvencionon me 45% t\u00eb vler\u00ebs s\u00eb investimi"}]},{"@type":"WebSite","@id":"https:\/\/permbledhja.com\/#website","url":"https:\/\/permbledhja.com\/","name":"Ve\u00e7 artikuj p\u00ebrmbledh\u00ebs","description":"","publisher":{"@id":"https:\/\/permbledhja.com\/#organization"},"potentialAction":[{"@type":"SearchAction","target":{"@type":"EntryPoint","urlTemplate":"https:\/\/permbledhja.com\/?s={search_term_string}"},"query-input":"required name=search_term_string"}],"inLanguage":"sq"},{"@type":"Organization","@id":"https:\/\/permbledhja.com\/#organization","name":"MK Media & Pr","url":"https:\/\/permbledhja.com\/","logo":{"@type":"ImageObject","inLanguage":"sq","@id":"https:\/\/permbledhja.com\/#\/schema\/logo\/image\/","url":"https:\/\/permbledhja.com\/wp-content\/uploads\/2021\/12\/07-Press-Logo.jpg","contentUrl":"https:\/\/permbledhja.com\/wp-content\/uploads\/2021\/12\/07-Press-Logo.jpg","width":512,"height":512,"caption":"MK Media & Pr"},"image":{"@id":"https:\/\/permbledhja.com\/#\/schema\/logo\/image\/"},"sameAs":["https:\/\/www.facebook.com\/press07\/"]},{"@type":"Person","@id":"https:\/\/permbledhja.com\/#\/schema\/person\/0d064377258d3221e50693947b9eb4fe","name":"P\u00ebrmbledhja","image":{"@type":"ImageObject","inLanguage":"sq","@id":"https:\/\/permbledhja.com\/#\/schema\/person\/image\/","url":"https:\/\/permbledhja.com\/wp-content\/uploads\/2026\/01\/452004717_1040944174702970_8932037511805513407_n-96x96.jpg","contentUrl":"https:\/\/permbledhja.com\/wp-content\/uploads\/2026\/01\/452004717_1040944174702970_8932037511805513407_n-96x96.jpg","caption":"P\u00ebrmbledhja"},"sameAs":["https:\/\/www.facebook.com\/kafexhiu.muharrem\/","https:\/\/www.instagram.com\/muharrem_kafexhiu\/"],"url":"https:\/\/permbledhja.com\/sq\/author\/admin\/"}]}},"_links":{"self":[{"href":"https:\/\/permbledhja.com\/sq\/wp-json\/wp\/v2\/posts\/22344"}],"collection":[{"href":"https:\/\/permbledhja.com\/sq\/wp-json\/wp\/v2\/posts"}],"about":[{"href":"https:\/\/permbledhja.com\/sq\/wp-json\/wp\/v2\/types\/post"}],"author":[{"embeddable":true,"href":"https:\/\/permbledhja.com\/sq\/wp-json\/wp\/v2\/users\/1"}],"replies":[{"embeddable":true,"href":"https:\/\/permbledhja.com\/sq\/wp-json\/wp\/v2\/comments?post=22344"}],"version-history":[{"count":1,"href":"https:\/\/permbledhja.com\/sq\/wp-json\/wp\/v2\/posts\/22344\/revisions"}],"predecessor-version":[{"id":22346,"href":"https:\/\/permbledhja.com\/sq\/wp-json\/wp\/v2\/posts\/22344\/revisions\/22346"}],"wp:featuredmedia":[{"embeddable":true,"href":"https:\/\/permbledhja.com\/sq\/wp-json\/wp\/v2\/media\/22345"}],"wp:attachment":[{"href":"https:\/\/permbledhja.com\/sq\/wp-json\/wp\/v2\/media?parent=22344"}],"wp:term":[{"taxonomy":"category","embeddable":true,"href":"https:\/\/permbledhja.com\/sq\/wp-json\/wp\/v2\/categories?post=22344"},{"taxonomy":"post_tag","embeddable":true,"href":"https:\/\/permbledhja.com\/sq\/wp-json\/wp\/v2\/tags?post=22344"}],"curies":[{"name":"wp","href":"https:\/\/api.w.org\/{rel}","templated":true}]}}