{"id":22140,"date":"2023-08-05T15:05:31","date_gmt":"2023-08-05T15:05:31","guid":{"rendered":"https:\/\/permbledhja.com\/?p=22140"},"modified":"2023-08-05T15:05:31","modified_gmt":"2023-08-05T15:05:31","slug":"pamje-te-renda-nga-vendi-i-aksidentit-ne-kroaci-ku-mbeten-te-vdekura-nene-e-bije-nga-kosova","status":"publish","type":"post","link":"https:\/\/permbledhja.com\/sq\/pamje-te-renda-nga-vendi-i-aksidentit-ne-kroaci-ku-mbeten-te-vdekura-nene-e-bije-nga-kosova\/","title":{"rendered":"Pamje t\u00eb r\u00ebnda nga vendi i aksidentit n\u00eb Kroaci, ku mbet\u00ebn t\u00eb vdekura n\u00ebn\u00eb e bij\u00eb nga Kosova"},"content":{"rendered":"<h3>N\u00eb nj\u00eb aksident n\u00eb Kroaci kan\u00eb humbur jet\u00ebn dy shtetas t\u00eb Kosov\u00ebs nd\u00ebrsa dy t\u00eb tjer\u00eb kan\u00eb p\u00ebsuar l\u00ebndime t\u00eb r\u00ebnda trupore.<\/h3>\n<p>N\u00eb aksidentin e ndodhur mbr\u00ebm\u00eb rreth or\u00ebs 23:00 n\u00eb dalje t\u00eb Rav\u00e7\u00ebs, n\u00eb autostrad\u00ebn A1, kan\u00eb mbetur t\u00eb vdekur n\u00ebn\u00eb e bij\u00eb shtetas t\u00eb Kosov\u00ebs, nd\u00ebrsa baba e biri kan\u00eb p\u00ebsuar l\u00ebndime t\u00eb r\u00ebnda dhe jan\u00eb transportuar n\u00eb spitalin e Splitit. B\u00ebhet e ditur se shtetasit e Kosov\u00ebs vozisnin vetur\u00eb gjermane, BMW.<\/p>\n<p>N\u00eb aksident ka humbur jet\u00ebn edhe nj\u00eb 33-vje\u00e7ar nga zona e Zar\u00ebs, i cili drejtonte automjetin Volkswagen T-Roc.<\/p>\n<p>Media kroate \u201cJutarinje\u201d ka publikuar fotografi nga vendi i ngjarjes.<\/p>\n<p><img loading=\"lazy\" decoding=\"async\" class=\"alignnone size-full wp-image-22141\" src=\"https:\/\/permbledhja.com\/wp-content\/uploads\/2023\/08\/f_29981429_1280-1000x523-1.webp\" alt=\"\" width=\"1000\" height=\"523\" srcset=\"https:\/\/permbledhja.com\/wp-content\/uploads\/2023\/08\/f_29981429_1280-1000x523-1.webp 1000w, https:\/\/permbledhja.com\/wp-content\/uploads\/2023\/08\/f_29981429_1280-1000x523-1-300x157.webp 300w, https:\/\/permbledhja.com\/wp-content\/uploads\/2023\/08\/f_29981429_1280-1000x523-1-768x402.webp 768w, https:\/\/permbledhja.com\/wp-content\/uploads\/2023\/08\/f_29981429_1280-1000x523-1-18x9.webp 18w\" sizes=\"(max-width: 1000px) 100vw, 1000px\" \/> <img loading=\"lazy\" decoding=\"async\" class=\"alignnone size-full wp-image-22142\" src=\"https:\/\/permbledhja.com\/wp-content\/uploads\/2023\/08\/f_29981465_1280-1-1000x523-1.webp\" alt=\"\" width=\"1000\" height=\"523\" srcset=\"https:\/\/permbledhja.com\/wp-content\/uploads\/2023\/08\/f_29981465_1280-1-1000x523-1.webp 1000w, https:\/\/permbledhja.com\/wp-content\/uploads\/2023\/08\/f_29981465_1280-1-1000x523-1-300x157.webp 300w, https:\/\/permbledhja.com\/wp-content\/uploads\/2023\/08\/f_29981465_1280-1-1000x523-1-768x402.webp 768w, https:\/\/permbledhja.com\/wp-content\/uploads\/2023\/08\/f_29981465_1280-1-1000x523-1-18x9.webp 18w\" sizes=\"(max-width: 1000px) 100vw, 1000px\" \/><\/p>\n","protected":false},"excerpt":{"rendered":"<p>N\u00eb nj\u00eb aksident n\u00eb Kroaci kan\u00eb humbur jet\u00ebn dy shtetas t\u00eb Kosov\u00ebs nd\u00ebrsa dy t\u00eb tjer\u00eb kan\u00eb p\u00ebsuar l\u00ebndime t\u00eb r\u00ebnda trupore. N\u00eb aksidentin e ndodhur mbr\u00ebm\u00eb rreth or\u00ebs 23:00 n\u00eb dalje t\u00eb Rav\u00e7\u00ebs, n\u00eb autostrad\u00ebn A1, kan\u00eb mbetur t\u00eb vdekur n\u00ebn\u00eb e bij\u00eb shtetas t\u00eb Kosov\u00ebs, nd\u00ebrsa baba e biri kan\u00eb p\u00ebsuar l\u00ebndime t\u00eb [&hellip;]<\/p>\n","protected":false},"author":1,"featured_media":22143,"comment_status":"closed","ping_status":"closed","sticky":false,"template":"","format":"standard","meta":{"_monsterinsights_skip_tracking":false,"_monsterinsights_sitenote_active":false,"_monsterinsights_sitenote_note":"","_monsterinsights_sitenote_category":0,"_uf_show_specific_survey":0,"_uf_disable_surveys":false,"footnotes":""},"categories":[23,15],"tags":[641],"yoast_head":"<!-- This site is optimized with the Yoast SEO plugin v21.5 - https:\/\/yoast.com\/wordpress\/plugins\/seo\/ -->\n<title>Pamje t\u00eb r\u00ebnda nga vendi i aksidentit n\u00eb Kroaci, ku mbet\u00ebn t\u00eb vdekura n\u00ebn\u00eb e bij\u00eb nga Kosova<\/title>\n<meta name=\"robots\" content=\"index, follow, max-snippet:-1, max-image-preview:large, max-video-preview:-1\" \/>\n<link rel=\"canonical\" href=\"https:\/\/permbledhja.com\/sq\/pamje-te-renda-nga-vendi-i-aksidentit-ne-kroaci-ku-mbeten-te-vdekura-nene-e-bije-nga-kosova\/\" \/>\n<meta property=\"og:locale\" content=\"sq_AL\" \/>\n<meta property=\"og:type\" content=\"article\" \/>\n<meta property=\"og:title\" content=\"Pamje t\u00eb r\u00ebnda nga vendi i aksidentit n\u00eb Kroaci, ku mbet\u00ebn t\u00eb vdekura n\u00ebn\u00eb e bij\u00eb nga Kosova\" \/>\n<meta property=\"og:description\" content=\"N\u00eb nj\u00eb aksident n\u00eb Kroaci kan\u00eb humbur jet\u00ebn dy shtetas t\u00eb Kosov\u00ebs nd\u00ebrsa dy t\u00eb tjer\u00eb kan\u00eb p\u00ebsuar l\u00ebndime t\u00eb r\u00ebnda trupore. N\u00eb aksidentin e ndodhur mbr\u00ebm\u00eb rreth or\u00ebs 23:00 n\u00eb dalje t\u00eb Rav\u00e7\u00ebs, n\u00eb autostrad\u00ebn A1, kan\u00eb mbetur t\u00eb vdekur n\u00ebn\u00eb e bij\u00eb shtetas t\u00eb Kosov\u00ebs, nd\u00ebrsa baba e biri kan\u00eb p\u00ebsuar l\u00ebndime t\u00eb [&hellip;]\" \/>\n<meta property=\"og:url\" content=\"https:\/\/permbledhja.com\/sq\/pamje-te-renda-nga-vendi-i-aksidentit-ne-kroaci-ku-mbeten-te-vdekura-nene-e-bije-nga-kosova\/\" \/>\n<meta property=\"og:site_name\" content=\"Ve\u00e7 artikuj p\u00ebrmbledh\u00ebs\" \/>\n<meta property=\"article:publisher\" content=\"https:\/\/www.facebook.com\/press07\/\" \/>\n<meta property=\"article:author\" content=\"https:\/\/www.facebook.com\/kafexhiu.muharrem\/\" \/>\n<meta property=\"article:published_time\" content=\"2023-08-05T15:05:31+00:00\" \/>\n<meta property=\"og:image\" content=\"https:\/\/permbledhja.com\/wp-content\/uploads\/2023\/08\/f_29981465_1280-1-1000x523-2.webp\" \/>\n\t<meta property=\"og:image:width\" content=\"1000\" \/>\n\t<meta property=\"og:image:height\" content=\"523\" \/>\n\t<meta property=\"og:image:type\" content=\"image\/webp\" \/>\n<meta name=\"author\" content=\"P\u00ebrmbledhja\" \/>\n<meta name=\"twitter:card\" content=\"summary_large_image\" \/>\n<meta name=\"twitter:label1\" content=\"Written by\" \/>\n\t<meta name=\"twitter:data1\" content=\"P\u00ebrmbledhja\" \/>\n\t<meta name=\"twitter:label2\" content=\"Est. reading time\" \/>\n\t<meta name=\"twitter:data2\" content=\"1 minut\u00eb\" \/>\n<script type=\"application\/ld+json\" class=\"yoast-schema-graph\">{\"@context\":\"https:\/\/schema.org\",\"@graph\":[{\"@type\":\"Article\",\"@id\":\"https:\/\/permbledhja.com\/pamje-te-renda-nga-vendi-i-aksidentit-ne-kroaci-ku-mbeten-te-vdekura-nene-e-bije-nga-kosova\/#article\",\"isPartOf\":{\"@id\":\"https:\/\/permbledhja.com\/pamje-te-renda-nga-vendi-i-aksidentit-ne-kroaci-ku-mbeten-te-vdekura-nene-e-bije-nga-kosova\/\"},\"author\":{\"name\":\"P\u00ebrmbledhja\",\"@id\":\"https:\/\/permbledhja.com\/#\/schema\/person\/0d064377258d3221e50693947b9eb4fe\"},\"headline\":\"Pamje t\u00eb r\u00ebnda nga vendi i aksidentit n\u00eb Kroaci, ku mbet\u00ebn t\u00eb vdekura n\u00ebn\u00eb e bij\u00eb nga Kosova\",\"datePublished\":\"2023-08-05T15:05:31+00:00\",\"dateModified\":\"2023-08-05T15:05:31+00:00\",\"mainEntityOfPage\":{\"@id\":\"https:\/\/permbledhja.com\/pamje-te-renda-nga-vendi-i-aksidentit-ne-kroaci-ku-mbeten-te-vdekura-nene-e-bije-nga-kosova\/\"},\"wordCount\":143,\"publisher\":{\"@id\":\"https:\/\/permbledhja.com\/#organization\"},\"keywords\":[\"Kroaci\"],\"articleSection\":[\"Komb\u00ebtare\",\"Lajme\"],\"inLanguage\":\"sq\"},{\"@type\":\"WebPage\",\"@id\":\"https:\/\/permbledhja.com\/pamje-te-renda-nga-vendi-i-aksidentit-ne-kroaci-ku-mbeten-te-vdekura-nene-e-bije-nga-kosova\/\",\"url\":\"https:\/\/permbledhja.com\/pamje-te-renda-nga-vendi-i-aksidentit-ne-kroaci-ku-mbeten-te-vdekura-nene-e-bije-nga-kosova\/\",\"name\":\"Pamje t\u00eb r\u00ebnda nga vendi i aksidentit n\u00eb Kroaci, ku mbet\u00ebn t\u00eb vdekura n\u00ebn\u00eb e bij\u00eb nga Kosova\",\"isPartOf\":{\"@id\":\"https:\/\/permbledhja.com\/#website\"},\"datePublished\":\"2023-08-05T15:05:31+00:00\",\"dateModified\":\"2023-08-05T15:05:31+00:00\",\"breadcrumb\":{\"@id\":\"https:\/\/permbledhja.com\/pamje-te-renda-nga-vendi-i-aksidentit-ne-kroaci-ku-mbeten-te-vdekura-nene-e-bije-nga-kosova\/#breadcrumb\"},\"inLanguage\":\"sq\",\"potentialAction\":[{\"@type\":\"ReadAction\",\"target\":[\"https:\/\/permbledhja.com\/pamje-te-renda-nga-vendi-i-aksidentit-ne-kroaci-ku-mbeten-te-vdekura-nene-e-bije-nga-kosova\/\"]}]},{\"@type\":\"BreadcrumbList\",\"@id\":\"https:\/\/permbledhja.com\/pamje-te-renda-nga-vendi-i-aksidentit-ne-kroaci-ku-mbeten-te-vdekura-nene-e-bije-nga-kosova\/#breadcrumb\",\"itemListElement\":[{\"@type\":\"ListItem\",\"position\":1,\"name\":\"Ballina\",\"item\":\"https:\/\/permbledhja.com\/sq\/\"},{\"@type\":\"ListItem\",\"position\":2,\"name\":\"Pamje t\u00eb r\u00ebnda nga vendi i aksidentit n\u00eb Kroaci, ku mbet\u00ebn t\u00eb vdekura n\u00ebn\u00eb e bij\u00eb nga Kosova\"}]},{\"@type\":\"WebSite\",\"@id\":\"https:\/\/permbledhja.com\/#website\",\"url\":\"https:\/\/permbledhja.com\/\",\"name\":\"Ve\u00e7 artikuj p\u00ebrmbledh\u00ebs\",\"description\":\"\",\"publisher\":{\"@id\":\"https:\/\/permbledhja.com\/#organization\"},\"potentialAction\":[{\"@type\":\"SearchAction\",\"target\":{\"@type\":\"EntryPoint\",\"urlTemplate\":\"https:\/\/permbledhja.com\/?s={search_term_string}\"},\"query-input\":\"required name=search_term_string\"}],\"inLanguage\":\"sq\"},{\"@type\":\"Organization\",\"@id\":\"https:\/\/permbledhja.com\/#organization\",\"name\":\"MK Media & Pr\",\"url\":\"https:\/\/permbledhja.com\/\",\"logo\":{\"@type\":\"ImageObject\",\"inLanguage\":\"sq\",\"@id\":\"https:\/\/permbledhja.com\/#\/schema\/logo\/image\/\",\"url\":\"https:\/\/permbledhja.com\/wp-content\/uploads\/2021\/12\/07-Press-Logo.jpg\",\"contentUrl\":\"https:\/\/permbledhja.com\/wp-content\/uploads\/2021\/12\/07-Press-Logo.jpg\",\"width\":512,\"height\":512,\"caption\":\"MK Media & Pr\"},\"image\":{\"@id\":\"https:\/\/permbledhja.com\/#\/schema\/logo\/image\/\"},\"sameAs\":[\"https:\/\/www.facebook.com\/press07\/\"]},{\"@type\":\"Person\",\"@id\":\"https:\/\/permbledhja.com\/#\/schema\/person\/0d064377258d3221e50693947b9eb4fe\",\"name\":\"P\u00ebrmbledhja\",\"image\":{\"@type\":\"ImageObject\",\"inLanguage\":\"sq\",\"@id\":\"https:\/\/permbledhja.com\/#\/schema\/person\/image\/\",\"url\":\"https:\/\/permbledhja.com\/wp-content\/uploads\/2026\/01\/452004717_1040944174702970_8932037511805513407_n-96x96.jpg\",\"contentUrl\":\"https:\/\/permbledhja.com\/wp-content\/uploads\/2026\/01\/452004717_1040944174702970_8932037511805513407_n-96x96.jpg\",\"caption\":\"P\u00ebrmbledhja\"},\"sameAs\":[\"https:\/\/www.facebook.com\/kafexhiu.muharrem\/\",\"https:\/\/www.instagram.com\/muharrem_kafexhiu\/\"],\"url\":\"https:\/\/permbledhja.com\/sq\/author\/admin\/\"}]}<\/script>\n<!-- \/ Yoast SEO plugin. -->","yoast_head_json":{"title":"Pamje t\u00eb r\u00ebnda nga vendi i aksidentit n\u00eb Kroaci, ku mbet\u00ebn t\u00eb vdekura n\u00ebn\u00eb e bij\u00eb nga Kosova","robots":{"index":"index","follow":"follow","max-snippet":"max-snippet:-1","max-image-preview":"max-image-preview:large","max-video-preview":"max-video-preview:-1"},"canonical":"https:\/\/permbledhja.com\/sq\/pamje-te-renda-nga-vendi-i-aksidentit-ne-kroaci-ku-mbeten-te-vdekura-nene-e-bije-nga-kosova\/","og_locale":"sq_AL","og_type":"article","og_title":"Pamje t\u00eb r\u00ebnda nga vendi i aksidentit n\u00eb Kroaci, ku mbet\u00ebn t\u00eb vdekura n\u00ebn\u00eb e bij\u00eb nga Kosova","og_description":"N\u00eb nj\u00eb aksident n\u00eb Kroaci kan\u00eb humbur jet\u00ebn dy shtetas t\u00eb Kosov\u00ebs nd\u00ebrsa dy t\u00eb tjer\u00eb kan\u00eb p\u00ebsuar l\u00ebndime t\u00eb r\u00ebnda trupore. N\u00eb aksidentin e ndodhur mbr\u00ebm\u00eb rreth or\u00ebs 23:00 n\u00eb dalje t\u00eb Rav\u00e7\u00ebs, n\u00eb autostrad\u00ebn A1, kan\u00eb mbetur t\u00eb vdekur n\u00ebn\u00eb e bij\u00eb shtetas t\u00eb Kosov\u00ebs, nd\u00ebrsa baba e biri kan\u00eb p\u00ebsuar l\u00ebndime t\u00eb [&hellip;]","og_url":"https:\/\/permbledhja.com\/sq\/pamje-te-renda-nga-vendi-i-aksidentit-ne-kroaci-ku-mbeten-te-vdekura-nene-e-bije-nga-kosova\/","og_site_name":"Ve\u00e7 artikuj p\u00ebrmbledh\u00ebs","article_publisher":"https:\/\/www.facebook.com\/press07\/","article_author":"https:\/\/www.facebook.com\/kafexhiu.muharrem\/","article_published_time":"2023-08-05T15:05:31+00:00","og_image":[{"width":1000,"height":523,"url":"https:\/\/permbledhja.com\/wp-content\/uploads\/2023\/08\/f_29981465_1280-1-1000x523-2.webp","type":"image\/webp"}],"author":"P\u00ebrmbledhja","twitter_card":"summary_large_image","twitter_misc":{"Written by":"P\u00ebrmbledhja","Est. reading time":"1 minut\u00eb"},"schema":{"@context":"https:\/\/schema.org","@graph":[{"@type":"Article","@id":"https:\/\/permbledhja.com\/pamje-te-renda-nga-vendi-i-aksidentit-ne-kroaci-ku-mbeten-te-vdekura-nene-e-bije-nga-kosova\/#article","isPartOf":{"@id":"https:\/\/permbledhja.com\/pamje-te-renda-nga-vendi-i-aksidentit-ne-kroaci-ku-mbeten-te-vdekura-nene-e-bije-nga-kosova\/"},"author":{"name":"P\u00ebrmbledhja","@id":"https:\/\/permbledhja.com\/#\/schema\/person\/0d064377258d3221e50693947b9eb4fe"},"headline":"Pamje t\u00eb r\u00ebnda nga vendi i aksidentit n\u00eb Kroaci, ku mbet\u00ebn t\u00eb vdekura n\u00ebn\u00eb e bij\u00eb nga Kosova","datePublished":"2023-08-05T15:05:31+00:00","dateModified":"2023-08-05T15:05:31+00:00","mainEntityOfPage":{"@id":"https:\/\/permbledhja.com\/pamje-te-renda-nga-vendi-i-aksidentit-ne-kroaci-ku-mbeten-te-vdekura-nene-e-bije-nga-kosova\/"},"wordCount":143,"publisher":{"@id":"https:\/\/permbledhja.com\/#organization"},"keywords":["Kroaci"],"articleSection":["Komb\u00ebtare","Lajme"],"inLanguage":"sq"},{"@type":"WebPage","@id":"https:\/\/permbledhja.com\/pamje-te-renda-nga-vendi-i-aksidentit-ne-kroaci-ku-mbeten-te-vdekura-nene-e-bije-nga-kosova\/","url":"https:\/\/permbledhja.com\/pamje-te-renda-nga-vendi-i-aksidentit-ne-kroaci-ku-mbeten-te-vdekura-nene-e-bije-nga-kosova\/","name":"Pamje t\u00eb r\u00ebnda nga vendi i aksidentit n\u00eb Kroaci, ku mbet\u00ebn t\u00eb vdekura n\u00ebn\u00eb e bij\u00eb nga Kosova","isPartOf":{"@id":"https:\/\/permbledhja.com\/#website"},"datePublished":"2023-08-05T15:05:31+00:00","dateModified":"2023-08-05T15:05:31+00:00","breadcrumb":{"@id":"https:\/\/permbledhja.com\/pamje-te-renda-nga-vendi-i-aksidentit-ne-kroaci-ku-mbeten-te-vdekura-nene-e-bije-nga-kosova\/#breadcrumb"},"inLanguage":"sq","potentialAction":[{"@type":"ReadAction","target":["https:\/\/permbledhja.com\/pamje-te-renda-nga-vendi-i-aksidentit-ne-kroaci-ku-mbeten-te-vdekura-nene-e-bije-nga-kosova\/"]}]},{"@type":"BreadcrumbList","@id":"https:\/\/permbledhja.com\/pamje-te-renda-nga-vendi-i-aksidentit-ne-kroaci-ku-mbeten-te-vdekura-nene-e-bije-nga-kosova\/#breadcrumb","itemListElement":[{"@type":"ListItem","position":1,"name":"Ballina","item":"https:\/\/permbledhja.com\/sq\/"},{"@type":"ListItem","position":2,"name":"Pamje t\u00eb r\u00ebnda nga vendi i aksidentit n\u00eb Kroaci, ku mbet\u00ebn t\u00eb vdekura n\u00ebn\u00eb e bij\u00eb nga Kosova"}]},{"@type":"WebSite","@id":"https:\/\/permbledhja.com\/#website","url":"https:\/\/permbledhja.com\/","name":"Ve\u00e7 artikuj p\u00ebrmbledh\u00ebs","description":"","publisher":{"@id":"https:\/\/permbledhja.com\/#organization"},"potentialAction":[{"@type":"SearchAction","target":{"@type":"EntryPoint","urlTemplate":"https:\/\/permbledhja.com\/?s={search_term_string}"},"query-input":"required name=search_term_string"}],"inLanguage":"sq"},{"@type":"Organization","@id":"https:\/\/permbledhja.com\/#organization","name":"MK Media & Pr","url":"https:\/\/permbledhja.com\/","logo":{"@type":"ImageObject","inLanguage":"sq","@id":"https:\/\/permbledhja.com\/#\/schema\/logo\/image\/","url":"https:\/\/permbledhja.com\/wp-content\/uploads\/2021\/12\/07-Press-Logo.jpg","contentUrl":"https:\/\/permbledhja.com\/wp-content\/uploads\/2021\/12\/07-Press-Logo.jpg","width":512,"height":512,"caption":"MK Media & Pr"},"image":{"@id":"https:\/\/permbledhja.com\/#\/schema\/logo\/image\/"},"sameAs":["https:\/\/www.facebook.com\/press07\/"]},{"@type":"Person","@id":"https:\/\/permbledhja.com\/#\/schema\/person\/0d064377258d3221e50693947b9eb4fe","name":"P\u00ebrmbledhja","image":{"@type":"ImageObject","inLanguage":"sq","@id":"https:\/\/permbledhja.com\/#\/schema\/person\/image\/","url":"https:\/\/permbledhja.com\/wp-content\/uploads\/2026\/01\/452004717_1040944174702970_8932037511805513407_n-96x96.jpg","contentUrl":"https:\/\/permbledhja.com\/wp-content\/uploads\/2026\/01\/452004717_1040944174702970_8932037511805513407_n-96x96.jpg","caption":"P\u00ebrmbledhja"},"sameAs":["https:\/\/www.facebook.com\/kafexhiu.muharrem\/","https:\/\/www.instagram.com\/muharrem_kafexhiu\/"],"url":"https:\/\/permbledhja.com\/sq\/author\/admin\/"}]}},"_links":{"self":[{"href":"https:\/\/permbledhja.com\/sq\/wp-json\/wp\/v2\/posts\/22140"}],"collection":[{"href":"https:\/\/permbledhja.com\/sq\/wp-json\/wp\/v2\/posts"}],"about":[{"href":"https:\/\/permbledhja.com\/sq\/wp-json\/wp\/v2\/types\/post"}],"author":[{"embeddable":true,"href":"https:\/\/permbledhja.com\/sq\/wp-json\/wp\/v2\/users\/1"}],"replies":[{"embeddable":true,"href":"https:\/\/permbledhja.com\/sq\/wp-json\/wp\/v2\/comments?post=22140"}],"version-history":[{"count":1,"href":"https:\/\/permbledhja.com\/sq\/wp-json\/wp\/v2\/posts\/22140\/revisions"}],"predecessor-version":[{"id":22144,"href":"https:\/\/permbledhja.com\/sq\/wp-json\/wp\/v2\/posts\/22140\/revisions\/22144"}],"wp:featuredmedia":[{"embeddable":true,"href":"https:\/\/permbledhja.com\/sq\/wp-json\/wp\/v2\/media\/22143"}],"wp:attachment":[{"href":"https:\/\/permbledhja.com\/sq\/wp-json\/wp\/v2\/media?parent=22140"}],"wp:term":[{"taxonomy":"category","embeddable":true,"href":"https:\/\/permbledhja.com\/sq\/wp-json\/wp\/v2\/categories?post=22140"},{"taxonomy":"post_tag","embeddable":true,"href":"https:\/\/permbledhja.com\/sq\/wp-json\/wp\/v2\/tags?post=22140"}],"curies":[{"name":"wp","href":"https:\/\/api.w.org\/{rel}","templated":true}]}}