{"id":2210,"date":"2022-07-12T12:30:55","date_gmt":"2022-07-12T12:30:55","guid":{"rendered":"https:\/\/permbledhja.com\/?p=2210"},"modified":"2022-07-12T12:30:55","modified_gmt":"2022-07-12T12:30:55","slug":"aksidenti-i-rende-ne-prizren-ky-eshte-personi-qe-humbi-jeten-dy-te-lenduarit-ne-gjendje-te-rende","status":"publish","type":"post","link":"https:\/\/permbledhja.com\/sq\/aksidenti-i-rende-ne-prizren-ky-eshte-personi-qe-humbi-jeten-dy-te-lenduarit-ne-gjendje-te-rende\/","title":{"rendered":"Aksidenti i r\u00ebnd\u00eb n\u00eb Prizren: Ky \u00ebsht\u00eb personi q\u00eb humbi jet\u00ebn \u2013 dy t\u00eb l\u00ebnduarit n\u00eb gjendje t\u00eb r\u00ebnd\u00eb"},"content":{"rendered":"<p><strong>Nj\u00eb person vdiq dhe dy t\u00eb tjer\u00eb mbet\u00ebn t\u00eb l\u00ebnduar n\u00eb nj\u00eb aksident mes kamionit dhe nj\u00eb veture q\u00eb ndodhi sot n\u00eb Zhur t\u00eb Prizrenit. <\/strong><\/p>\n<p>Personi q\u00eb humbi jet\u00ebn ishte pasagjer i vetur\u00ebs q\u00eb u godit nga kamioni, shoferi i s\u00eb cilit tashm\u00eb \u00ebsht\u00eb arrestuar.<\/p>\n<p>Burimet e Sinjalit b\u00ebjn\u00eb me dije se pasagjeri i vetur\u00ebs q\u00eb vdiq n\u00eb k\u00ebt\u00eb aksident \u00ebsht\u00eb Dzumo Ibrahimi, 63-vje\u00e7ar nga komuniteti goran. Si pasoj\u00eb e aksidentit l\u00ebndime t\u00eb r\u00ebnda kan\u00eb p\u00ebsuar edhe dy persona t\u00eb tjer\u00eb, q\u00eb tashm\u00eb jan\u00eb d\u00ebrguar n\u00eb QKUK p\u00ebr trajtim mjek\u00ebsor.<\/p>\n<p>I dyshuari p\u00ebr k\u00ebt\u00eb aksident B.K., 37-vje\u00e7ar pas arrestimit \u00ebsht\u00eb ndaluar p\u00ebr 48 or\u00eb me vendim t\u00eb Prokurorit t\u00eb Shtetit.<\/p>\n<p>Nd\u00ebrkoh\u00eb, trupi i pajet\u00eb i viktim\u00ebs \u00ebsht\u00eb d\u00ebrguar n\u00eb IML p\u00ebr obduksion, nd\u00ebrsa dy personat e tjer\u00eb t\u00eb l\u00ebnduar jan\u00eb transportuar n\u00eb Qendr\u00ebn Klinike Universitare p\u00ebr shkak t\u00eb gjendjes s\u00eb r\u00ebnd\u00eb.<\/p>\n<p>Sipas informacioneve t\u00eb para, deri te aksidenti ka ardhur pasi shoferi i kamionit ka goditur vetur\u00ebn, derisa po kthehej n\u00eb t\u00eb majt\u00eb, te vendi i quajtur \u2018Kepi Zyles\u2019.<\/p>\n<p><strong>Sh\u00ebnim: Personi i apostrofuar n\u00eb k\u00ebt\u00eb artikull prezumohet i pafajsh\u00ebm derisa faj\u00ebsia e tij t\u00eb mos provohet me vendim t\u00eb form\u00ebs s\u00eb prer\u00eb nga gjykata.<\/strong><\/p>\n","protected":false},"excerpt":{"rendered":"<p>Nj\u00eb person vdiq dhe dy t\u00eb tjer\u00eb mbet\u00ebn t\u00eb l\u00ebnduar n\u00eb nj\u00eb aksident mes kamionit dhe nj\u00eb veture q\u00eb ndodhi sot n\u00eb Zhur t\u00eb Prizrenit. Personi q\u00eb humbi jet\u00ebn ishte pasagjer i vetur\u00ebs q\u00eb u godit nga kamioni, shoferi i s\u00eb cilit tashm\u00eb \u00ebsht\u00eb arrestuar. Burimet e Sinjalit b\u00ebjn\u00eb me dije se pasagjeri i vetur\u00ebs [&hellip;]<\/p>\n","protected":false},"author":1,"featured_media":2211,"comment_status":"closed","ping_status":"closed","sticky":false,"template":"","format":"standard","meta":{"_monsterinsights_skip_tracking":false,"_monsterinsights_sitenote_active":false,"_monsterinsights_sitenote_note":"","_monsterinsights_sitenote_category":0,"_uf_show_specific_survey":0,"_uf_disable_surveys":false,"footnotes":""},"categories":[23,15],"tags":[183],"yoast_head":"<!-- This site is optimized with the Yoast SEO plugin v21.5 - https:\/\/yoast.com\/wordpress\/plugins\/seo\/ -->\n<title>Aksidenti i r\u00ebnd\u00eb n\u00eb Prizren: Ky \u00ebsht\u00eb personi q\u00eb humbi jet\u00ebn \u2013 dy t\u00eb l\u00ebnduarit n\u00eb gjendje t\u00eb r\u00ebnd\u00eb<\/title>\n<meta name=\"robots\" content=\"index, follow, max-snippet:-1, max-image-preview:large, max-video-preview:-1\" \/>\n<link rel=\"canonical\" href=\"https:\/\/permbledhja.com\/sq\/aksidenti-i-rende-ne-prizren-ky-eshte-personi-qe-humbi-jeten-dy-te-lenduarit-ne-gjendje-te-rende\/\" \/>\n<meta property=\"og:locale\" content=\"sq_AL\" \/>\n<meta property=\"og:type\" content=\"article\" \/>\n<meta property=\"og:title\" content=\"Aksidenti i r\u00ebnd\u00eb n\u00eb Prizren: Ky \u00ebsht\u00eb personi q\u00eb humbi jet\u00ebn \u2013 dy t\u00eb l\u00ebnduarit n\u00eb gjendje t\u00eb r\u00ebnd\u00eb\" \/>\n<meta property=\"og:description\" content=\"Nj\u00eb person vdiq dhe dy t\u00eb tjer\u00eb mbet\u00ebn t\u00eb l\u00ebnduar n\u00eb nj\u00eb aksident mes kamionit dhe nj\u00eb veture q\u00eb ndodhi sot n\u00eb Zhur t\u00eb Prizrenit. Personi q\u00eb humbi jet\u00ebn ishte pasagjer i vetur\u00ebs q\u00eb u godit nga kamioni, shoferi i s\u00eb cilit tashm\u00eb \u00ebsht\u00eb arrestuar. Burimet e Sinjalit b\u00ebjn\u00eb me dije se pasagjeri i vetur\u00ebs [&hellip;]\" \/>\n<meta property=\"og:url\" content=\"https:\/\/permbledhja.com\/sq\/aksidenti-i-rende-ne-prizren-ky-eshte-personi-qe-humbi-jeten-dy-te-lenduarit-ne-gjendje-te-rende\/\" \/>\n<meta property=\"og:site_name\" content=\"Ve\u00e7 artikuj p\u00ebrmbledh\u00ebs\" \/>\n<meta property=\"article:publisher\" content=\"https:\/\/www.facebook.com\/press07\/\" \/>\n<meta property=\"article:author\" content=\"https:\/\/www.facebook.com\/kafexhiu.muharrem\/\" \/>\n<meta property=\"article:published_time\" content=\"2022-07-12T12:30:55+00:00\" \/>\n<meta property=\"og:image\" content=\"https:\/\/permbledhja.com\/wp-content\/uploads\/2022\/07\/0BF8A2A4-C5E6-4DB5-8DAF-332B88AD7371.png\" \/>\n\t<meta property=\"og:image:width\" content=\"588\" \/>\n\t<meta property=\"og:image:height\" content=\"406\" \/>\n\t<meta property=\"og:image:type\" content=\"image\/png\" \/>\n<meta name=\"author\" content=\"P\u00ebrmbledhja\" \/>\n<meta name=\"twitter:card\" content=\"summary_large_image\" \/>\n<meta name=\"twitter:label1\" content=\"Written by\" \/>\n\t<meta name=\"twitter:data1\" content=\"P\u00ebrmbledhja\" \/>\n\t<meta name=\"twitter:label2\" content=\"Est. reading time\" \/>\n\t<meta name=\"twitter:data2\" content=\"1 minut\u00eb\" \/>\n<script type=\"application\/ld+json\" class=\"yoast-schema-graph\">{\"@context\":\"https:\/\/schema.org\",\"@graph\":[{\"@type\":\"Article\",\"@id\":\"https:\/\/permbledhja.com\/aksidenti-i-rende-ne-prizren-ky-eshte-personi-qe-humbi-jeten-dy-te-lenduarit-ne-gjendje-te-rende\/#article\",\"isPartOf\":{\"@id\":\"https:\/\/permbledhja.com\/aksidenti-i-rende-ne-prizren-ky-eshte-personi-qe-humbi-jeten-dy-te-lenduarit-ne-gjendje-te-rende\/\"},\"author\":{\"name\":\"P\u00ebrmbledhja\",\"@id\":\"https:\/\/permbledhja.com\/#\/schema\/person\/0d064377258d3221e50693947b9eb4fe\"},\"headline\":\"Aksidenti i r\u00ebnd\u00eb n\u00eb Prizren: Ky \u00ebsht\u00eb personi q\u00eb humbi jet\u00ebn \u2013 dy t\u00eb l\u00ebnduarit n\u00eb gjendje t\u00eb r\u00ebnd\u00eb\",\"datePublished\":\"2022-07-12T12:30:55+00:00\",\"dateModified\":\"2022-07-12T12:30:55+00:00\",\"mainEntityOfPage\":{\"@id\":\"https:\/\/permbledhja.com\/aksidenti-i-rende-ne-prizren-ky-eshte-personi-qe-humbi-jeten-dy-te-lenduarit-ne-gjendje-te-rende\/\"},\"wordCount\":249,\"publisher\":{\"@id\":\"https:\/\/permbledhja.com\/#organization\"},\"keywords\":[\"Prizren\"],\"articleSection\":[\"Komb\u00ebtare\",\"Lajme\"],\"inLanguage\":\"sq\"},{\"@type\":\"WebPage\",\"@id\":\"https:\/\/permbledhja.com\/aksidenti-i-rende-ne-prizren-ky-eshte-personi-qe-humbi-jeten-dy-te-lenduarit-ne-gjendje-te-rende\/\",\"url\":\"https:\/\/permbledhja.com\/aksidenti-i-rende-ne-prizren-ky-eshte-personi-qe-humbi-jeten-dy-te-lenduarit-ne-gjendje-te-rende\/\",\"name\":\"Aksidenti i r\u00ebnd\u00eb n\u00eb Prizren: Ky \u00ebsht\u00eb personi q\u00eb humbi jet\u00ebn \u2013 dy t\u00eb l\u00ebnduarit n\u00eb gjendje t\u00eb r\u00ebnd\u00eb\",\"isPartOf\":{\"@id\":\"https:\/\/permbledhja.com\/#website\"},\"datePublished\":\"2022-07-12T12:30:55+00:00\",\"dateModified\":\"2022-07-12T12:30:55+00:00\",\"breadcrumb\":{\"@id\":\"https:\/\/permbledhja.com\/aksidenti-i-rende-ne-prizren-ky-eshte-personi-qe-humbi-jeten-dy-te-lenduarit-ne-gjendje-te-rende\/#breadcrumb\"},\"inLanguage\":\"sq\",\"potentialAction\":[{\"@type\":\"ReadAction\",\"target\":[\"https:\/\/permbledhja.com\/aksidenti-i-rende-ne-prizren-ky-eshte-personi-qe-humbi-jeten-dy-te-lenduarit-ne-gjendje-te-rende\/\"]}]},{\"@type\":\"BreadcrumbList\",\"@id\":\"https:\/\/permbledhja.com\/aksidenti-i-rende-ne-prizren-ky-eshte-personi-qe-humbi-jeten-dy-te-lenduarit-ne-gjendje-te-rende\/#breadcrumb\",\"itemListElement\":[{\"@type\":\"ListItem\",\"position\":1,\"name\":\"Ballina\",\"item\":\"https:\/\/permbledhja.com\/sq\/\"},{\"@type\":\"ListItem\",\"position\":2,\"name\":\"Aksidenti i r\u00ebnd\u00eb n\u00eb Prizren: Ky \u00ebsht\u00eb personi q\u00eb humbi jet\u00ebn \u2013 dy t\u00eb l\u00ebnduarit n\u00eb gjendje t\u00eb r\u00ebnd\u00eb\"}]},{\"@type\":\"WebSite\",\"@id\":\"https:\/\/permbledhja.com\/#website\",\"url\":\"https:\/\/permbledhja.com\/\",\"name\":\"Ve\u00e7 artikuj p\u00ebrmbledh\u00ebs\",\"description\":\"\",\"publisher\":{\"@id\":\"https:\/\/permbledhja.com\/#organization\"},\"potentialAction\":[{\"@type\":\"SearchAction\",\"target\":{\"@type\":\"EntryPoint\",\"urlTemplate\":\"https:\/\/permbledhja.com\/?s={search_term_string}\"},\"query-input\":\"required name=search_term_string\"}],\"inLanguage\":\"sq\"},{\"@type\":\"Organization\",\"@id\":\"https:\/\/permbledhja.com\/#organization\",\"name\":\"MK Media & Pr\",\"url\":\"https:\/\/permbledhja.com\/\",\"logo\":{\"@type\":\"ImageObject\",\"inLanguage\":\"sq\",\"@id\":\"https:\/\/permbledhja.com\/#\/schema\/logo\/image\/\",\"url\":\"https:\/\/permbledhja.com\/wp-content\/uploads\/2021\/12\/07-Press-Logo.jpg\",\"contentUrl\":\"https:\/\/permbledhja.com\/wp-content\/uploads\/2021\/12\/07-Press-Logo.jpg\",\"width\":512,\"height\":512,\"caption\":\"MK Media & Pr\"},\"image\":{\"@id\":\"https:\/\/permbledhja.com\/#\/schema\/logo\/image\/\"},\"sameAs\":[\"https:\/\/www.facebook.com\/press07\/\"]},{\"@type\":\"Person\",\"@id\":\"https:\/\/permbledhja.com\/#\/schema\/person\/0d064377258d3221e50693947b9eb4fe\",\"name\":\"P\u00ebrmbledhja\",\"image\":{\"@type\":\"ImageObject\",\"inLanguage\":\"sq\",\"@id\":\"https:\/\/permbledhja.com\/#\/schema\/person\/image\/\",\"url\":\"https:\/\/permbledhja.com\/wp-content\/uploads\/2026\/01\/452004717_1040944174702970_8932037511805513407_n-96x96.jpg\",\"contentUrl\":\"https:\/\/permbledhja.com\/wp-content\/uploads\/2026\/01\/452004717_1040944174702970_8932037511805513407_n-96x96.jpg\",\"caption\":\"P\u00ebrmbledhja\"},\"sameAs\":[\"https:\/\/www.facebook.com\/kafexhiu.muharrem\/\",\"https:\/\/www.instagram.com\/muharrem_kafexhiu\/\"],\"url\":\"https:\/\/permbledhja.com\/sq\/author\/admin\/\"}]}<\/script>\n<!-- \/ Yoast SEO plugin. -->","yoast_head_json":{"title":"Aksidenti i r\u00ebnd\u00eb n\u00eb Prizren: Ky \u00ebsht\u00eb personi q\u00eb humbi jet\u00ebn \u2013 dy t\u00eb l\u00ebnduarit n\u00eb gjendje t\u00eb r\u00ebnd\u00eb","robots":{"index":"index","follow":"follow","max-snippet":"max-snippet:-1","max-image-preview":"max-image-preview:large","max-video-preview":"max-video-preview:-1"},"canonical":"https:\/\/permbledhja.com\/sq\/aksidenti-i-rende-ne-prizren-ky-eshte-personi-qe-humbi-jeten-dy-te-lenduarit-ne-gjendje-te-rende\/","og_locale":"sq_AL","og_type":"article","og_title":"Aksidenti i r\u00ebnd\u00eb n\u00eb Prizren: Ky \u00ebsht\u00eb personi q\u00eb humbi jet\u00ebn \u2013 dy t\u00eb l\u00ebnduarit n\u00eb gjendje t\u00eb r\u00ebnd\u00eb","og_description":"Nj\u00eb person vdiq dhe dy t\u00eb tjer\u00eb mbet\u00ebn t\u00eb l\u00ebnduar n\u00eb nj\u00eb aksident mes kamionit dhe nj\u00eb veture q\u00eb ndodhi sot n\u00eb Zhur t\u00eb Prizrenit. Personi q\u00eb humbi jet\u00ebn ishte pasagjer i vetur\u00ebs q\u00eb u godit nga kamioni, shoferi i s\u00eb cilit tashm\u00eb \u00ebsht\u00eb arrestuar. Burimet e Sinjalit b\u00ebjn\u00eb me dije se pasagjeri i vetur\u00ebs [&hellip;]","og_url":"https:\/\/permbledhja.com\/sq\/aksidenti-i-rende-ne-prizren-ky-eshte-personi-qe-humbi-jeten-dy-te-lenduarit-ne-gjendje-te-rende\/","og_site_name":"Ve\u00e7 artikuj p\u00ebrmbledh\u00ebs","article_publisher":"https:\/\/www.facebook.com\/press07\/","article_author":"https:\/\/www.facebook.com\/kafexhiu.muharrem\/","article_published_time":"2022-07-12T12:30:55+00:00","og_image":[{"width":588,"height":406,"url":"https:\/\/permbledhja.com\/wp-content\/uploads\/2022\/07\/0BF8A2A4-C5E6-4DB5-8DAF-332B88AD7371.png","type":"image\/png"}],"author":"P\u00ebrmbledhja","twitter_card":"summary_large_image","twitter_misc":{"Written by":"P\u00ebrmbledhja","Est. reading time":"1 minut\u00eb"},"schema":{"@context":"https:\/\/schema.org","@graph":[{"@type":"Article","@id":"https:\/\/permbledhja.com\/aksidenti-i-rende-ne-prizren-ky-eshte-personi-qe-humbi-jeten-dy-te-lenduarit-ne-gjendje-te-rende\/#article","isPartOf":{"@id":"https:\/\/permbledhja.com\/aksidenti-i-rende-ne-prizren-ky-eshte-personi-qe-humbi-jeten-dy-te-lenduarit-ne-gjendje-te-rende\/"},"author":{"name":"P\u00ebrmbledhja","@id":"https:\/\/permbledhja.com\/#\/schema\/person\/0d064377258d3221e50693947b9eb4fe"},"headline":"Aksidenti i r\u00ebnd\u00eb n\u00eb Prizren: Ky \u00ebsht\u00eb personi q\u00eb humbi jet\u00ebn \u2013 dy t\u00eb l\u00ebnduarit n\u00eb gjendje t\u00eb r\u00ebnd\u00eb","datePublished":"2022-07-12T12:30:55+00:00","dateModified":"2022-07-12T12:30:55+00:00","mainEntityOfPage":{"@id":"https:\/\/permbledhja.com\/aksidenti-i-rende-ne-prizren-ky-eshte-personi-qe-humbi-jeten-dy-te-lenduarit-ne-gjendje-te-rende\/"},"wordCount":249,"publisher":{"@id":"https:\/\/permbledhja.com\/#organization"},"keywords":["Prizren"],"articleSection":["Komb\u00ebtare","Lajme"],"inLanguage":"sq"},{"@type":"WebPage","@id":"https:\/\/permbledhja.com\/aksidenti-i-rende-ne-prizren-ky-eshte-personi-qe-humbi-jeten-dy-te-lenduarit-ne-gjendje-te-rende\/","url":"https:\/\/permbledhja.com\/aksidenti-i-rende-ne-prizren-ky-eshte-personi-qe-humbi-jeten-dy-te-lenduarit-ne-gjendje-te-rende\/","name":"Aksidenti i r\u00ebnd\u00eb n\u00eb Prizren: Ky \u00ebsht\u00eb personi q\u00eb humbi jet\u00ebn \u2013 dy t\u00eb l\u00ebnduarit n\u00eb gjendje t\u00eb r\u00ebnd\u00eb","isPartOf":{"@id":"https:\/\/permbledhja.com\/#website"},"datePublished":"2022-07-12T12:30:55+00:00","dateModified":"2022-07-12T12:30:55+00:00","breadcrumb":{"@id":"https:\/\/permbledhja.com\/aksidenti-i-rende-ne-prizren-ky-eshte-personi-qe-humbi-jeten-dy-te-lenduarit-ne-gjendje-te-rende\/#breadcrumb"},"inLanguage":"sq","potentialAction":[{"@type":"ReadAction","target":["https:\/\/permbledhja.com\/aksidenti-i-rende-ne-prizren-ky-eshte-personi-qe-humbi-jeten-dy-te-lenduarit-ne-gjendje-te-rende\/"]}]},{"@type":"BreadcrumbList","@id":"https:\/\/permbledhja.com\/aksidenti-i-rende-ne-prizren-ky-eshte-personi-qe-humbi-jeten-dy-te-lenduarit-ne-gjendje-te-rende\/#breadcrumb","itemListElement":[{"@type":"ListItem","position":1,"name":"Ballina","item":"https:\/\/permbledhja.com\/sq\/"},{"@type":"ListItem","position":2,"name":"Aksidenti i r\u00ebnd\u00eb n\u00eb Prizren: Ky \u00ebsht\u00eb personi q\u00eb humbi jet\u00ebn \u2013 dy t\u00eb l\u00ebnduarit n\u00eb gjendje t\u00eb r\u00ebnd\u00eb"}]},{"@type":"WebSite","@id":"https:\/\/permbledhja.com\/#website","url":"https:\/\/permbledhja.com\/","name":"Ve\u00e7 artikuj p\u00ebrmbledh\u00ebs","description":"","publisher":{"@id":"https:\/\/permbledhja.com\/#organization"},"potentialAction":[{"@type":"SearchAction","target":{"@type":"EntryPoint","urlTemplate":"https:\/\/permbledhja.com\/?s={search_term_string}"},"query-input":"required name=search_term_string"}],"inLanguage":"sq"},{"@type":"Organization","@id":"https:\/\/permbledhja.com\/#organization","name":"MK Media & Pr","url":"https:\/\/permbledhja.com\/","logo":{"@type":"ImageObject","inLanguage":"sq","@id":"https:\/\/permbledhja.com\/#\/schema\/logo\/image\/","url":"https:\/\/permbledhja.com\/wp-content\/uploads\/2021\/12\/07-Press-Logo.jpg","contentUrl":"https:\/\/permbledhja.com\/wp-content\/uploads\/2021\/12\/07-Press-Logo.jpg","width":512,"height":512,"caption":"MK Media & Pr"},"image":{"@id":"https:\/\/permbledhja.com\/#\/schema\/logo\/image\/"},"sameAs":["https:\/\/www.facebook.com\/press07\/"]},{"@type":"Person","@id":"https:\/\/permbledhja.com\/#\/schema\/person\/0d064377258d3221e50693947b9eb4fe","name":"P\u00ebrmbledhja","image":{"@type":"ImageObject","inLanguage":"sq","@id":"https:\/\/permbledhja.com\/#\/schema\/person\/image\/","url":"https:\/\/permbledhja.com\/wp-content\/uploads\/2026\/01\/452004717_1040944174702970_8932037511805513407_n-96x96.jpg","contentUrl":"https:\/\/permbledhja.com\/wp-content\/uploads\/2026\/01\/452004717_1040944174702970_8932037511805513407_n-96x96.jpg","caption":"P\u00ebrmbledhja"},"sameAs":["https:\/\/www.facebook.com\/kafexhiu.muharrem\/","https:\/\/www.instagram.com\/muharrem_kafexhiu\/"],"url":"https:\/\/permbledhja.com\/sq\/author\/admin\/"}]}},"_links":{"self":[{"href":"https:\/\/permbledhja.com\/sq\/wp-json\/wp\/v2\/posts\/2210"}],"collection":[{"href":"https:\/\/permbledhja.com\/sq\/wp-json\/wp\/v2\/posts"}],"about":[{"href":"https:\/\/permbledhja.com\/sq\/wp-json\/wp\/v2\/types\/post"}],"author":[{"embeddable":true,"href":"https:\/\/permbledhja.com\/sq\/wp-json\/wp\/v2\/users\/1"}],"replies":[{"embeddable":true,"href":"https:\/\/permbledhja.com\/sq\/wp-json\/wp\/v2\/comments?post=2210"}],"version-history":[{"count":2,"href":"https:\/\/permbledhja.com\/sq\/wp-json\/wp\/v2\/posts\/2210\/revisions"}],"predecessor-version":[{"id":2213,"href":"https:\/\/permbledhja.com\/sq\/wp-json\/wp\/v2\/posts\/2210\/revisions\/2213"}],"wp:featuredmedia":[{"embeddable":true,"href":"https:\/\/permbledhja.com\/sq\/wp-json\/wp\/v2\/media\/2211"}],"wp:attachment":[{"href":"https:\/\/permbledhja.com\/sq\/wp-json\/wp\/v2\/media?parent=2210"}],"wp:term":[{"taxonomy":"category","embeddable":true,"href":"https:\/\/permbledhja.com\/sq\/wp-json\/wp\/v2\/categories?post=2210"},{"taxonomy":"post_tag","embeddable":true,"href":"https:\/\/permbledhja.com\/sq\/wp-json\/wp\/v2\/tags?post=2210"}],"curies":[{"name":"wp","href":"https:\/\/api.w.org\/{rel}","templated":true}]}}