{"id":2207,"date":"2022-07-12T11:46:03","date_gmt":"2022-07-12T11:46:03","guid":{"rendered":"https:\/\/permbledhja.com\/?p=2207"},"modified":"2022-07-12T11:46:03","modified_gmt":"2022-07-12T11:46:03","slug":"nese-e-shihni-kete-person-lajmerojeni-menjehere-policine","status":"publish","type":"post","link":"https:\/\/permbledhja.com\/sq\/nese-e-shihni-kete-person-lajmerojeni-menjehere-policine\/","title":{"rendered":"N\u00ebse e shihni k\u00ebt\u00eb person, lajm\u00ebrojeni menj\u00ebher\u00eb Policin\u00eb"},"content":{"rendered":"<p><strong>Policia e Kosov\u00ebs \u00ebsht\u00eb n\u00eb k\u00ebrkim t\u00eb Edmond Nokajt nga fshati Marmull i Gjakov\u00ebs, i cili dyshohet p\u00ebr vepr\u00ebn penale \u201cShkaktim i rrezikut t\u00eb p\u00ebrgjithsh\u00ebm\u201d.<\/strong><\/p>\n<p>P\u00ebrmes nj\u00eb komunikat\u00eb, Policia ka k\u00ebrkuar bashk\u00ebpunim nga qytetar\u00ebt p\u00ebr ta arrestuar personin n\u00eb fjal\u00eb.<\/p>\n<p>https:\/\/permbledhja.com\/lajmi-i-fundit-petkoviq-nuk-lejohet-te-hyje-ne-kosove\/<\/p>\n<p><em>\u201cPolicia e Kosov\u00ebs k\u00ebrkon nga qytetar\u00ebt e Republik\u00ebs s\u00eb Kosov\u00ebs q\u00eb kushdo q\u00eb ka informacion p\u00ebr vendndodhjen e personit t\u00eb dyshuar t\u00eb paraqitur n\u00eb fotografin\u00eb e bashkangjitur, t\u00eb lajm\u00ebrojn\u00eb Policin\u00eb e Kosov\u00ebs apo stacioni m\u00eb t\u00eb af\u00ebrt policor\u201d<\/em>, njofton Policia.<\/p>\n<p><img loading=\"lazy\" decoding=\"async\" src=\"https:\/\/permbledhja.com\/wp-content\/uploads\/2022\/07\/292299405_334823028857962_6850949384934301195_n-1.jpg\" alt=\"\" width=\"536\" height=\"706\" class=\"alignnone size-full wp-image-2208\" srcset=\"https:\/\/permbledhja.com\/wp-content\/uploads\/2022\/07\/292299405_334823028857962_6850949384934301195_n-1.jpg 536w, https:\/\/permbledhja.com\/wp-content\/uploads\/2022\/07\/292299405_334823028857962_6850949384934301195_n-1-228x300.jpg 228w, https:\/\/permbledhja.com\/wp-content\/uploads\/2022\/07\/292299405_334823028857962_6850949384934301195_n-1-9x12.jpg 9w\" sizes=\"(max-width: 536px) 100vw, 536px\" \/><\/p>\n","protected":false},"excerpt":{"rendered":"<p>Policia e Kosov\u00ebs \u00ebsht\u00eb n\u00eb k\u00ebrkim t\u00eb Edmond Nokajt nga fshati Marmull i Gjakov\u00ebs, i cili dyshohet p\u00ebr vepr\u00ebn penale \u201cShkaktim i rrezikut t\u00eb p\u00ebrgjithsh\u00ebm\u201d. P\u00ebrmes nj\u00eb komunikat\u00eb, Policia ka k\u00ebrkuar bashk\u00ebpunim nga qytetar\u00ebt p\u00ebr ta arrestuar personin n\u00eb fjal\u00eb. https:\/\/permbledhja.com\/lajmi-i-fundit-petkoviq-nuk-lejohet-te-hyje-ne-kosove\/ \u201cPolicia e Kosov\u00ebs k\u00ebrkon nga qytetar\u00ebt e Republik\u00ebs s\u00eb Kosov\u00ebs q\u00eb kushdo q\u00eb ka [&hellip;]<\/p>\n","protected":false},"author":1,"featured_media":1315,"comment_status":"closed","ping_status":"closed","sticky":false,"template":"","format":"standard","meta":{"_monsterinsights_skip_tracking":false,"_monsterinsights_sitenote_active":false,"_monsterinsights_sitenote_note":"","_monsterinsights_sitenote_category":0,"_uf_show_specific_survey":0,"_uf_disable_surveys":false,"footnotes":""},"categories":[23,15],"tags":[102],"yoast_head":"<!-- This site is optimized with the Yoast SEO plugin v21.5 - https:\/\/yoast.com\/wordpress\/plugins\/seo\/ -->\n<title>N\u00ebse e shihni k\u00ebt\u00eb person, lajm\u00ebrojeni menj\u00ebher\u00eb Policin\u00eb<\/title>\n<meta name=\"robots\" content=\"index, follow, max-snippet:-1, max-image-preview:large, max-video-preview:-1\" \/>\n<link rel=\"canonical\" href=\"https:\/\/permbledhja.com\/sq\/nese-e-shihni-kete-person-lajmerojeni-menjehere-policine\/\" \/>\n<meta property=\"og:locale\" content=\"sq_AL\" \/>\n<meta property=\"og:type\" content=\"article\" \/>\n<meta property=\"og:title\" content=\"N\u00ebse e shihni k\u00ebt\u00eb person, lajm\u00ebrojeni menj\u00ebher\u00eb Policin\u00eb\" \/>\n<meta property=\"og:description\" content=\"Policia e Kosov\u00ebs \u00ebsht\u00eb n\u00eb k\u00ebrkim t\u00eb Edmond Nokajt nga fshati Marmull i Gjakov\u00ebs, i cili dyshohet p\u00ebr vepr\u00ebn penale \u201cShkaktim i rrezikut t\u00eb p\u00ebrgjithsh\u00ebm\u201d. P\u00ebrmes nj\u00eb komunikat\u00eb, Policia ka k\u00ebrkuar bashk\u00ebpunim nga qytetar\u00ebt p\u00ebr ta arrestuar personin n\u00eb fjal\u00eb. https:\/\/permbledhja.com\/lajmi-i-fundit-petkoviq-nuk-lejohet-te-hyje-ne-kosove\/ \u201cPolicia e Kosov\u00ebs k\u00ebrkon nga qytetar\u00ebt e Republik\u00ebs s\u00eb Kosov\u00ebs q\u00eb kushdo q\u00eb ka [&hellip;]\" \/>\n<meta property=\"og:url\" content=\"https:\/\/permbledhja.com\/sq\/nese-e-shihni-kete-person-lajmerojeni-menjehere-policine\/\" \/>\n<meta property=\"og:site_name\" content=\"Ve\u00e7 artikuj p\u00ebrmbledh\u00ebs\" \/>\n<meta property=\"article:publisher\" content=\"https:\/\/www.facebook.com\/press07\/\" \/>\n<meta property=\"article:author\" content=\"https:\/\/www.facebook.com\/kafexhiu.muharrem\/\" \/>\n<meta property=\"article:published_time\" content=\"2022-07-12T11:46:03+00:00\" \/>\n<meta property=\"og:image\" content=\"https:\/\/permbledhja.com\/wp-content\/uploads\/2022\/07\/BEADB3E6-7AEA-446B-BEA3-5656644C4C0B.jpeg\" \/>\n\t<meta property=\"og:image:width\" content=\"750\" \/>\n\t<meta property=\"og:image:height\" content=\"375\" \/>\n\t<meta property=\"og:image:type\" content=\"image\/jpeg\" \/>\n<meta name=\"author\" content=\"P\u00ebrmbledhja\" \/>\n<meta name=\"twitter:card\" content=\"summary_large_image\" \/>\n<meta name=\"twitter:label1\" content=\"Written by\" \/>\n\t<meta name=\"twitter:data1\" content=\"P\u00ebrmbledhja\" \/>\n\t<meta name=\"twitter:label2\" content=\"Est. reading time\" \/>\n\t<meta name=\"twitter:data2\" content=\"1 minut\u00eb\" \/>\n<script type=\"application\/ld+json\" class=\"yoast-schema-graph\">{\"@context\":\"https:\/\/schema.org\",\"@graph\":[{\"@type\":\"Article\",\"@id\":\"https:\/\/permbledhja.com\/nese-e-shihni-kete-person-lajmerojeni-menjehere-policine\/#article\",\"isPartOf\":{\"@id\":\"https:\/\/permbledhja.com\/nese-e-shihni-kete-person-lajmerojeni-menjehere-policine\/\"},\"author\":{\"name\":\"P\u00ebrmbledhja\",\"@id\":\"https:\/\/permbledhja.com\/#\/schema\/person\/0d064377258d3221e50693947b9eb4fe\"},\"headline\":\"N\u00ebse e shihni k\u00ebt\u00eb person, lajm\u00ebrojeni menj\u00ebher\u00eb Policin\u00eb\",\"datePublished\":\"2022-07-12T11:46:03+00:00\",\"dateModified\":\"2022-07-12T11:46:03+00:00\",\"mainEntityOfPage\":{\"@id\":\"https:\/\/permbledhja.com\/nese-e-shihni-kete-person-lajmerojeni-menjehere-policine\/\"},\"wordCount\":117,\"publisher\":{\"@id\":\"https:\/\/permbledhja.com\/#organization\"},\"keywords\":[\"Policia e Kosov\u00ebs\"],\"articleSection\":[\"Komb\u00ebtare\",\"Lajme\"],\"inLanguage\":\"sq\"},{\"@type\":\"WebPage\",\"@id\":\"https:\/\/permbledhja.com\/nese-e-shihni-kete-person-lajmerojeni-menjehere-policine\/\",\"url\":\"https:\/\/permbledhja.com\/nese-e-shihni-kete-person-lajmerojeni-menjehere-policine\/\",\"name\":\"N\u00ebse e shihni k\u00ebt\u00eb person, lajm\u00ebrojeni menj\u00ebher\u00eb Policin\u00eb\",\"isPartOf\":{\"@id\":\"https:\/\/permbledhja.com\/#website\"},\"datePublished\":\"2022-07-12T11:46:03+00:00\",\"dateModified\":\"2022-07-12T11:46:03+00:00\",\"breadcrumb\":{\"@id\":\"https:\/\/permbledhja.com\/nese-e-shihni-kete-person-lajmerojeni-menjehere-policine\/#breadcrumb\"},\"inLanguage\":\"sq\",\"potentialAction\":[{\"@type\":\"ReadAction\",\"target\":[\"https:\/\/permbledhja.com\/nese-e-shihni-kete-person-lajmerojeni-menjehere-policine\/\"]}]},{\"@type\":\"BreadcrumbList\",\"@id\":\"https:\/\/permbledhja.com\/nese-e-shihni-kete-person-lajmerojeni-menjehere-policine\/#breadcrumb\",\"itemListElement\":[{\"@type\":\"ListItem\",\"position\":1,\"name\":\"Ballina\",\"item\":\"https:\/\/permbledhja.com\/sq\/\"},{\"@type\":\"ListItem\",\"position\":2,\"name\":\"N\u00ebse e shihni k\u00ebt\u00eb person, lajm\u00ebrojeni menj\u00ebher\u00eb Policin\u00eb\"}]},{\"@type\":\"WebSite\",\"@id\":\"https:\/\/permbledhja.com\/#website\",\"url\":\"https:\/\/permbledhja.com\/\",\"name\":\"Ve\u00e7 artikuj p\u00ebrmbledh\u00ebs\",\"description\":\"\",\"publisher\":{\"@id\":\"https:\/\/permbledhja.com\/#organization\"},\"potentialAction\":[{\"@type\":\"SearchAction\",\"target\":{\"@type\":\"EntryPoint\",\"urlTemplate\":\"https:\/\/permbledhja.com\/?s={search_term_string}\"},\"query-input\":\"required name=search_term_string\"}],\"inLanguage\":\"sq\"},{\"@type\":\"Organization\",\"@id\":\"https:\/\/permbledhja.com\/#organization\",\"name\":\"MK Media & Pr\",\"url\":\"https:\/\/permbledhja.com\/\",\"logo\":{\"@type\":\"ImageObject\",\"inLanguage\":\"sq\",\"@id\":\"https:\/\/permbledhja.com\/#\/schema\/logo\/image\/\",\"url\":\"https:\/\/permbledhja.com\/wp-content\/uploads\/2021\/12\/07-Press-Logo.jpg\",\"contentUrl\":\"https:\/\/permbledhja.com\/wp-content\/uploads\/2021\/12\/07-Press-Logo.jpg\",\"width\":512,\"height\":512,\"caption\":\"MK Media & Pr\"},\"image\":{\"@id\":\"https:\/\/permbledhja.com\/#\/schema\/logo\/image\/\"},\"sameAs\":[\"https:\/\/www.facebook.com\/press07\/\"]},{\"@type\":\"Person\",\"@id\":\"https:\/\/permbledhja.com\/#\/schema\/person\/0d064377258d3221e50693947b9eb4fe\",\"name\":\"P\u00ebrmbledhja\",\"image\":{\"@type\":\"ImageObject\",\"inLanguage\":\"sq\",\"@id\":\"https:\/\/permbledhja.com\/#\/schema\/person\/image\/\",\"url\":\"https:\/\/permbledhja.com\/wp-content\/uploads\/2026\/01\/452004717_1040944174702970_8932037511805513407_n-96x96.jpg\",\"contentUrl\":\"https:\/\/permbledhja.com\/wp-content\/uploads\/2026\/01\/452004717_1040944174702970_8932037511805513407_n-96x96.jpg\",\"caption\":\"P\u00ebrmbledhja\"},\"sameAs\":[\"https:\/\/www.facebook.com\/kafexhiu.muharrem\/\",\"https:\/\/www.instagram.com\/muharrem_kafexhiu\/\"],\"url\":\"https:\/\/permbledhja.com\/sq\/author\/admin\/\"}]}<\/script>\n<!-- \/ Yoast SEO plugin. -->","yoast_head_json":{"title":"N\u00ebse e shihni k\u00ebt\u00eb person, lajm\u00ebrojeni menj\u00ebher\u00eb Policin\u00eb","robots":{"index":"index","follow":"follow","max-snippet":"max-snippet:-1","max-image-preview":"max-image-preview:large","max-video-preview":"max-video-preview:-1"},"canonical":"https:\/\/permbledhja.com\/sq\/nese-e-shihni-kete-person-lajmerojeni-menjehere-policine\/","og_locale":"sq_AL","og_type":"article","og_title":"N\u00ebse e shihni k\u00ebt\u00eb person, lajm\u00ebrojeni menj\u00ebher\u00eb Policin\u00eb","og_description":"Policia e Kosov\u00ebs \u00ebsht\u00eb n\u00eb k\u00ebrkim t\u00eb Edmond Nokajt nga fshati Marmull i Gjakov\u00ebs, i cili dyshohet p\u00ebr vepr\u00ebn penale \u201cShkaktim i rrezikut t\u00eb p\u00ebrgjithsh\u00ebm\u201d. P\u00ebrmes nj\u00eb komunikat\u00eb, Policia ka k\u00ebrkuar bashk\u00ebpunim nga qytetar\u00ebt p\u00ebr ta arrestuar personin n\u00eb fjal\u00eb. https:\/\/permbledhja.com\/lajmi-i-fundit-petkoviq-nuk-lejohet-te-hyje-ne-kosove\/ \u201cPolicia e Kosov\u00ebs k\u00ebrkon nga qytetar\u00ebt e Republik\u00ebs s\u00eb Kosov\u00ebs q\u00eb kushdo q\u00eb ka [&hellip;]","og_url":"https:\/\/permbledhja.com\/sq\/nese-e-shihni-kete-person-lajmerojeni-menjehere-policine\/","og_site_name":"Ve\u00e7 artikuj p\u00ebrmbledh\u00ebs","article_publisher":"https:\/\/www.facebook.com\/press07\/","article_author":"https:\/\/www.facebook.com\/kafexhiu.muharrem\/","article_published_time":"2022-07-12T11:46:03+00:00","og_image":[{"width":750,"height":375,"url":"https:\/\/permbledhja.com\/wp-content\/uploads\/2022\/07\/BEADB3E6-7AEA-446B-BEA3-5656644C4C0B.jpeg","type":"image\/jpeg"}],"author":"P\u00ebrmbledhja","twitter_card":"summary_large_image","twitter_misc":{"Written by":"P\u00ebrmbledhja","Est. reading time":"1 minut\u00eb"},"schema":{"@context":"https:\/\/schema.org","@graph":[{"@type":"Article","@id":"https:\/\/permbledhja.com\/nese-e-shihni-kete-person-lajmerojeni-menjehere-policine\/#article","isPartOf":{"@id":"https:\/\/permbledhja.com\/nese-e-shihni-kete-person-lajmerojeni-menjehere-policine\/"},"author":{"name":"P\u00ebrmbledhja","@id":"https:\/\/permbledhja.com\/#\/schema\/person\/0d064377258d3221e50693947b9eb4fe"},"headline":"N\u00ebse e shihni k\u00ebt\u00eb person, lajm\u00ebrojeni menj\u00ebher\u00eb Policin\u00eb","datePublished":"2022-07-12T11:46:03+00:00","dateModified":"2022-07-12T11:46:03+00:00","mainEntityOfPage":{"@id":"https:\/\/permbledhja.com\/nese-e-shihni-kete-person-lajmerojeni-menjehere-policine\/"},"wordCount":117,"publisher":{"@id":"https:\/\/permbledhja.com\/#organization"},"keywords":["Policia e Kosov\u00ebs"],"articleSection":["Komb\u00ebtare","Lajme"],"inLanguage":"sq"},{"@type":"WebPage","@id":"https:\/\/permbledhja.com\/nese-e-shihni-kete-person-lajmerojeni-menjehere-policine\/","url":"https:\/\/permbledhja.com\/nese-e-shihni-kete-person-lajmerojeni-menjehere-policine\/","name":"N\u00ebse e shihni k\u00ebt\u00eb person, lajm\u00ebrojeni menj\u00ebher\u00eb Policin\u00eb","isPartOf":{"@id":"https:\/\/permbledhja.com\/#website"},"datePublished":"2022-07-12T11:46:03+00:00","dateModified":"2022-07-12T11:46:03+00:00","breadcrumb":{"@id":"https:\/\/permbledhja.com\/nese-e-shihni-kete-person-lajmerojeni-menjehere-policine\/#breadcrumb"},"inLanguage":"sq","potentialAction":[{"@type":"ReadAction","target":["https:\/\/permbledhja.com\/nese-e-shihni-kete-person-lajmerojeni-menjehere-policine\/"]}]},{"@type":"BreadcrumbList","@id":"https:\/\/permbledhja.com\/nese-e-shihni-kete-person-lajmerojeni-menjehere-policine\/#breadcrumb","itemListElement":[{"@type":"ListItem","position":1,"name":"Ballina","item":"https:\/\/permbledhja.com\/sq\/"},{"@type":"ListItem","position":2,"name":"N\u00ebse e shihni k\u00ebt\u00eb person, lajm\u00ebrojeni menj\u00ebher\u00eb Policin\u00eb"}]},{"@type":"WebSite","@id":"https:\/\/permbledhja.com\/#website","url":"https:\/\/permbledhja.com\/","name":"Ve\u00e7 artikuj p\u00ebrmbledh\u00ebs","description":"","publisher":{"@id":"https:\/\/permbledhja.com\/#organization"},"potentialAction":[{"@type":"SearchAction","target":{"@type":"EntryPoint","urlTemplate":"https:\/\/permbledhja.com\/?s={search_term_string}"},"query-input":"required name=search_term_string"}],"inLanguage":"sq"},{"@type":"Organization","@id":"https:\/\/permbledhja.com\/#organization","name":"MK Media & Pr","url":"https:\/\/permbledhja.com\/","logo":{"@type":"ImageObject","inLanguage":"sq","@id":"https:\/\/permbledhja.com\/#\/schema\/logo\/image\/","url":"https:\/\/permbledhja.com\/wp-content\/uploads\/2021\/12\/07-Press-Logo.jpg","contentUrl":"https:\/\/permbledhja.com\/wp-content\/uploads\/2021\/12\/07-Press-Logo.jpg","width":512,"height":512,"caption":"MK Media & Pr"},"image":{"@id":"https:\/\/permbledhja.com\/#\/schema\/logo\/image\/"},"sameAs":["https:\/\/www.facebook.com\/press07\/"]},{"@type":"Person","@id":"https:\/\/permbledhja.com\/#\/schema\/person\/0d064377258d3221e50693947b9eb4fe","name":"P\u00ebrmbledhja","image":{"@type":"ImageObject","inLanguage":"sq","@id":"https:\/\/permbledhja.com\/#\/schema\/person\/image\/","url":"https:\/\/permbledhja.com\/wp-content\/uploads\/2026\/01\/452004717_1040944174702970_8932037511805513407_n-96x96.jpg","contentUrl":"https:\/\/permbledhja.com\/wp-content\/uploads\/2026\/01\/452004717_1040944174702970_8932037511805513407_n-96x96.jpg","caption":"P\u00ebrmbledhja"},"sameAs":["https:\/\/www.facebook.com\/kafexhiu.muharrem\/","https:\/\/www.instagram.com\/muharrem_kafexhiu\/"],"url":"https:\/\/permbledhja.com\/sq\/author\/admin\/"}]}},"_links":{"self":[{"href":"https:\/\/permbledhja.com\/sq\/wp-json\/wp\/v2\/posts\/2207"}],"collection":[{"href":"https:\/\/permbledhja.com\/sq\/wp-json\/wp\/v2\/posts"}],"about":[{"href":"https:\/\/permbledhja.com\/sq\/wp-json\/wp\/v2\/types\/post"}],"author":[{"embeddable":true,"href":"https:\/\/permbledhja.com\/sq\/wp-json\/wp\/v2\/users\/1"}],"replies":[{"embeddable":true,"href":"https:\/\/permbledhja.com\/sq\/wp-json\/wp\/v2\/comments?post=2207"}],"version-history":[{"count":1,"href":"https:\/\/permbledhja.com\/sq\/wp-json\/wp\/v2\/posts\/2207\/revisions"}],"predecessor-version":[{"id":2209,"href":"https:\/\/permbledhja.com\/sq\/wp-json\/wp\/v2\/posts\/2207\/revisions\/2209"}],"wp:featuredmedia":[{"embeddable":true,"href":"https:\/\/permbledhja.com\/sq\/wp-json\/wp\/v2\/media\/1315"}],"wp:attachment":[{"href":"https:\/\/permbledhja.com\/sq\/wp-json\/wp\/v2\/media?parent=2207"}],"wp:term":[{"taxonomy":"category","embeddable":true,"href":"https:\/\/permbledhja.com\/sq\/wp-json\/wp\/v2\/categories?post=2207"},{"taxonomy":"post_tag","embeddable":true,"href":"https:\/\/permbledhja.com\/sq\/wp-json\/wp\/v2\/tags?post=2207"}],"curies":[{"name":"wp","href":"https:\/\/api.w.org\/{rel}","templated":true}]}}