{"id":22054,"date":"2023-08-04T08:38:21","date_gmt":"2023-08-04T08:38:21","guid":{"rendered":"https:\/\/permbledhja.com\/?p=22054"},"modified":"2023-08-04T08:38:21","modified_gmt":"2023-08-04T08:38:21","slug":"rozeta-hajdari-padite-gazeten-nacionale-berat-buzhalen-dhe-enver-hajrullahun","status":"publish","type":"post","link":"https:\/\/permbledhja.com\/sq\/rozeta-hajdari-padite-gazeten-nacionale-berat-buzhalen-dhe-enver-hajrullahun\/","title":{"rendered":"Rozeta Hajdari padit\u00eb Gazet\u00ebn Nacionale, Berat Buzhal\u00ebn dhe Enver Hajrullahun"},"content":{"rendered":"<h3>Ministrja e Tregtis\u00eb, Rozeta Hajdari ka paditur Gazet\u00ebn Nacionale, Berat Buzhal\u00ebn, Enver Hajrullahun.<\/h3>\n<p>\u201cKam dor\u00ebzuar padi n\u00eb Gjykat\u00ebn Themelore, n\u00eb Prishtin\u00eb, kund\u00ebr Gazet\u00ebs Nacionale, gazetarit Berat Buzhala dhe zyrtarit t\u00eb MINT, Enver Hajrullahu\u201d, ka shkruar Hajdari n\u00eb Facebook.<\/p>\n<p>Padin\u00eb e ka ushtruar si\u00e7 thot\u00eb ajo pasi \u201csulmet e vazhdueshme shpifjet, fyerjet dhe t\u00eb pav\u00ebrtetat, nuk duhet t\u00eb lejojm\u00eb t\u00eb kthehen n\u00eb di\u00e7ka t\u00eb zakonshme, sepse d\u00ebmi q\u00eb i b\u00ebhet opinionit publik, shoq\u00ebris\u00eb ton\u00eb mund t\u00eb jet\u00eb i jasht\u00ebzakonsh\u00ebm\u201d.<\/p>\n<p>Shkrimi i plot\u00eb i saj:<\/p>\n<p>Sulmet e vazhdueshme shpifjet, fyerjet dhe t\u00eb pav\u00ebrtetat, nuk duhet t\u00eb lejojm\u00eb t\u00eb kthehen n\u00eb di\u00e7ka t\u00eb zakonshme, sepse d\u00ebmi q\u00eb i b\u00ebhet opinionit publik, shoq\u00ebris\u00eb ton\u00eb mund t\u00eb jet\u00eb i jasht\u00ebzakonsh\u00ebm.<\/p>\n<p>Tentimet e d\u00ebshtuara p\u00ebr t\u00eb c\u00ebnuar integritetin dhe dinjitetin tim, p\u00ebrmes disa audio-incizimeve por edhe duke i dh\u00ebn\u00eb vehtes t\u00eb drejt\u00ebn p\u00ebr t\u00eb shpifur, duke shantazhuar dhe shp\u00ebrndar\u00eb informacione t\u00eb pav\u00ebrteta, do t\u00eb marrin epilog n\u00eb organet e drejt\u00ebsis\u00eb.<\/p>\n<p>Prandaj, sot p\u00ebr k\u00ebt\u00eb q\u00ebllim, kam dor\u00ebzuar padi n\u00eb Gjykat\u00ebn Themelore, n\u00eb Prishtin\u00eb, kund\u00ebr Gazet\u00ebs Nacionale, gazetarit Berat Buzhala dhe zyrtarit t\u00eb MINT, Enver Hajrullahu.<\/p>\n","protected":false},"excerpt":{"rendered":"<p>Ministrja e Tregtis\u00eb, Rozeta Hajdari ka paditur Gazet\u00ebn Nacionale, Berat Buzhal\u00ebn, Enver Hajrullahun. \u201cKam dor\u00ebzuar padi n\u00eb Gjykat\u00ebn Themelore, n\u00eb Prishtin\u00eb, kund\u00ebr Gazet\u00ebs Nacionale, gazetarit Berat Buzhala dhe zyrtarit t\u00eb MINT, Enver Hajrullahu\u201d, ka shkruar Hajdari n\u00eb Facebook. Padin\u00eb e ka ushtruar si\u00e7 thot\u00eb ajo pasi \u201csulmet e vazhdueshme shpifjet, fyerjet dhe t\u00eb pav\u00ebrtetat, nuk [&hellip;]<\/p>\n","protected":false},"author":1,"featured_media":22055,"comment_status":"closed","ping_status":"closed","sticky":false,"template":"","format":"standard","meta":{"_monsterinsights_skip_tracking":false,"_monsterinsights_sitenote_active":false,"_monsterinsights_sitenote_note":"","_monsterinsights_sitenote_category":0,"_uf_show_specific_survey":0,"_uf_disable_surveys":false,"footnotes":""},"categories":[23,15],"tags":[2235],"yoast_head":"<!-- This site is optimized with the Yoast SEO plugin v21.5 - https:\/\/yoast.com\/wordpress\/plugins\/seo\/ -->\n<title>Rozeta Hajdari padit\u00eb Gazet\u00ebn Nacionale, Berat Buzhal\u00ebn dhe Enver Hajrullahun<\/title>\n<meta name=\"robots\" content=\"index, follow, max-snippet:-1, max-image-preview:large, max-video-preview:-1\" \/>\n<link rel=\"canonical\" href=\"https:\/\/permbledhja.com\/sq\/rozeta-hajdari-padite-gazeten-nacionale-berat-buzhalen-dhe-enver-hajrullahun\/\" \/>\n<meta property=\"og:locale\" content=\"sq_AL\" \/>\n<meta property=\"og:type\" content=\"article\" \/>\n<meta property=\"og:title\" content=\"Rozeta Hajdari padit\u00eb Gazet\u00ebn Nacionale, Berat Buzhal\u00ebn dhe Enver Hajrullahun\" \/>\n<meta property=\"og:description\" content=\"Ministrja e Tregtis\u00eb, Rozeta Hajdari ka paditur Gazet\u00ebn Nacionale, Berat Buzhal\u00ebn, Enver Hajrullahun. \u201cKam dor\u00ebzuar padi n\u00eb Gjykat\u00ebn Themelore, n\u00eb Prishtin\u00eb, kund\u00ebr Gazet\u00ebs Nacionale, gazetarit Berat Buzhala dhe zyrtarit t\u00eb MINT, Enver Hajrullahu\u201d, ka shkruar Hajdari n\u00eb Facebook. Padin\u00eb e ka ushtruar si\u00e7 thot\u00eb ajo pasi \u201csulmet e vazhdueshme shpifjet, fyerjet dhe t\u00eb pav\u00ebrtetat, nuk [&hellip;]\" \/>\n<meta property=\"og:url\" content=\"https:\/\/permbledhja.com\/sq\/rozeta-hajdari-padite-gazeten-nacionale-berat-buzhalen-dhe-enver-hajrullahun\/\" \/>\n<meta property=\"og:site_name\" content=\"Ve\u00e7 artikuj p\u00ebrmbledh\u00ebs\" \/>\n<meta property=\"article:publisher\" content=\"https:\/\/www.facebook.com\/press07\/\" \/>\n<meta property=\"article:author\" content=\"https:\/\/www.facebook.com\/kafexhiu.muharrem\/\" \/>\n<meta property=\"article:published_time\" content=\"2023-08-04T08:38:21+00:00\" \/>\n<meta property=\"og:image\" content=\"https:\/\/permbledhja.com\/wp-content\/uploads\/2023\/08\/ADAA135C-3278-443E-AE92-C54E8FB483A1.jpeg\" \/>\n\t<meta property=\"og:image:width\" content=\"1284\" \/>\n\t<meta property=\"og:image:height\" content=\"946\" \/>\n\t<meta property=\"og:image:type\" content=\"image\/jpeg\" \/>\n<meta name=\"author\" content=\"P\u00ebrmbledhja\" \/>\n<meta name=\"twitter:card\" content=\"summary_large_image\" \/>\n<meta name=\"twitter:label1\" content=\"Written by\" \/>\n\t<meta name=\"twitter:data1\" content=\"P\u00ebrmbledhja\" \/>\n\t<meta name=\"twitter:label2\" content=\"Est. reading time\" \/>\n\t<meta name=\"twitter:data2\" content=\"1 minut\u00eb\" \/>\n<script type=\"application\/ld+json\" class=\"yoast-schema-graph\">{\"@context\":\"https:\/\/schema.org\",\"@graph\":[{\"@type\":\"Article\",\"@id\":\"https:\/\/permbledhja.com\/rozeta-hajdari-padite-gazeten-nacionale-berat-buzhalen-dhe-enver-hajrullahun\/#article\",\"isPartOf\":{\"@id\":\"https:\/\/permbledhja.com\/rozeta-hajdari-padite-gazeten-nacionale-berat-buzhalen-dhe-enver-hajrullahun\/\"},\"author\":{\"name\":\"P\u00ebrmbledhja\",\"@id\":\"https:\/\/permbledhja.com\/#\/schema\/person\/0d064377258d3221e50693947b9eb4fe\"},\"headline\":\"Rozeta Hajdari padit\u00eb Gazet\u00ebn Nacionale, Berat Buzhal\u00ebn dhe Enver Hajrullahun\",\"datePublished\":\"2023-08-04T08:38:21+00:00\",\"dateModified\":\"2023-08-04T08:38:21+00:00\",\"mainEntityOfPage\":{\"@id\":\"https:\/\/permbledhja.com\/rozeta-hajdari-padite-gazeten-nacionale-berat-buzhalen-dhe-enver-hajrullahun\/\"},\"wordCount\":228,\"publisher\":{\"@id\":\"https:\/\/permbledhja.com\/#organization\"},\"keywords\":[\"Nacionale\"],\"articleSection\":[\"Komb\u00ebtare\",\"Lajme\"],\"inLanguage\":\"sq\"},{\"@type\":\"WebPage\",\"@id\":\"https:\/\/permbledhja.com\/rozeta-hajdari-padite-gazeten-nacionale-berat-buzhalen-dhe-enver-hajrullahun\/\",\"url\":\"https:\/\/permbledhja.com\/rozeta-hajdari-padite-gazeten-nacionale-berat-buzhalen-dhe-enver-hajrullahun\/\",\"name\":\"Rozeta Hajdari padit\u00eb Gazet\u00ebn Nacionale, Berat Buzhal\u00ebn dhe Enver Hajrullahun\",\"isPartOf\":{\"@id\":\"https:\/\/permbledhja.com\/#website\"},\"datePublished\":\"2023-08-04T08:38:21+00:00\",\"dateModified\":\"2023-08-04T08:38:21+00:00\",\"breadcrumb\":{\"@id\":\"https:\/\/permbledhja.com\/rozeta-hajdari-padite-gazeten-nacionale-berat-buzhalen-dhe-enver-hajrullahun\/#breadcrumb\"},\"inLanguage\":\"sq\",\"potentialAction\":[{\"@type\":\"ReadAction\",\"target\":[\"https:\/\/permbledhja.com\/rozeta-hajdari-padite-gazeten-nacionale-berat-buzhalen-dhe-enver-hajrullahun\/\"]}]},{\"@type\":\"BreadcrumbList\",\"@id\":\"https:\/\/permbledhja.com\/rozeta-hajdari-padite-gazeten-nacionale-berat-buzhalen-dhe-enver-hajrullahun\/#breadcrumb\",\"itemListElement\":[{\"@type\":\"ListItem\",\"position\":1,\"name\":\"Ballina\",\"item\":\"https:\/\/permbledhja.com\/sq\/\"},{\"@type\":\"ListItem\",\"position\":2,\"name\":\"Rozeta Hajdari padit\u00eb Gazet\u00ebn Nacionale, Berat Buzhal\u00ebn dhe Enver Hajrullahun\"}]},{\"@type\":\"WebSite\",\"@id\":\"https:\/\/permbledhja.com\/#website\",\"url\":\"https:\/\/permbledhja.com\/\",\"name\":\"Ve\u00e7 artikuj p\u00ebrmbledh\u00ebs\",\"description\":\"\",\"publisher\":{\"@id\":\"https:\/\/permbledhja.com\/#organization\"},\"potentialAction\":[{\"@type\":\"SearchAction\",\"target\":{\"@type\":\"EntryPoint\",\"urlTemplate\":\"https:\/\/permbledhja.com\/?s={search_term_string}\"},\"query-input\":\"required name=search_term_string\"}],\"inLanguage\":\"sq\"},{\"@type\":\"Organization\",\"@id\":\"https:\/\/permbledhja.com\/#organization\",\"name\":\"MK Media & Pr\",\"url\":\"https:\/\/permbledhja.com\/\",\"logo\":{\"@type\":\"ImageObject\",\"inLanguage\":\"sq\",\"@id\":\"https:\/\/permbledhja.com\/#\/schema\/logo\/image\/\",\"url\":\"https:\/\/permbledhja.com\/wp-content\/uploads\/2021\/12\/07-Press-Logo.jpg\",\"contentUrl\":\"https:\/\/permbledhja.com\/wp-content\/uploads\/2021\/12\/07-Press-Logo.jpg\",\"width\":512,\"height\":512,\"caption\":\"MK Media & Pr\"},\"image\":{\"@id\":\"https:\/\/permbledhja.com\/#\/schema\/logo\/image\/\"},\"sameAs\":[\"https:\/\/www.facebook.com\/press07\/\"]},{\"@type\":\"Person\",\"@id\":\"https:\/\/permbledhja.com\/#\/schema\/person\/0d064377258d3221e50693947b9eb4fe\",\"name\":\"P\u00ebrmbledhja\",\"image\":{\"@type\":\"ImageObject\",\"inLanguage\":\"sq\",\"@id\":\"https:\/\/permbledhja.com\/#\/schema\/person\/image\/\",\"url\":\"https:\/\/permbledhja.com\/wp-content\/uploads\/2026\/01\/452004717_1040944174702970_8932037511805513407_n-96x96.jpg\",\"contentUrl\":\"https:\/\/permbledhja.com\/wp-content\/uploads\/2026\/01\/452004717_1040944174702970_8932037511805513407_n-96x96.jpg\",\"caption\":\"P\u00ebrmbledhja\"},\"sameAs\":[\"https:\/\/www.facebook.com\/kafexhiu.muharrem\/\",\"https:\/\/www.instagram.com\/muharrem_kafexhiu\/\"],\"url\":\"https:\/\/permbledhja.com\/sq\/author\/admin\/\"}]}<\/script>\n<!-- \/ Yoast SEO plugin. -->","yoast_head_json":{"title":"Rozeta Hajdari padit\u00eb Gazet\u00ebn Nacionale, Berat Buzhal\u00ebn dhe Enver Hajrullahun","robots":{"index":"index","follow":"follow","max-snippet":"max-snippet:-1","max-image-preview":"max-image-preview:large","max-video-preview":"max-video-preview:-1"},"canonical":"https:\/\/permbledhja.com\/sq\/rozeta-hajdari-padite-gazeten-nacionale-berat-buzhalen-dhe-enver-hajrullahun\/","og_locale":"sq_AL","og_type":"article","og_title":"Rozeta Hajdari padit\u00eb Gazet\u00ebn Nacionale, Berat Buzhal\u00ebn dhe Enver Hajrullahun","og_description":"Ministrja e Tregtis\u00eb, Rozeta Hajdari ka paditur Gazet\u00ebn Nacionale, Berat Buzhal\u00ebn, Enver Hajrullahun. \u201cKam dor\u00ebzuar padi n\u00eb Gjykat\u00ebn Themelore, n\u00eb Prishtin\u00eb, kund\u00ebr Gazet\u00ebs Nacionale, gazetarit Berat Buzhala dhe zyrtarit t\u00eb MINT, Enver Hajrullahu\u201d, ka shkruar Hajdari n\u00eb Facebook. Padin\u00eb e ka ushtruar si\u00e7 thot\u00eb ajo pasi \u201csulmet e vazhdueshme shpifjet, fyerjet dhe t\u00eb pav\u00ebrtetat, nuk [&hellip;]","og_url":"https:\/\/permbledhja.com\/sq\/rozeta-hajdari-padite-gazeten-nacionale-berat-buzhalen-dhe-enver-hajrullahun\/","og_site_name":"Ve\u00e7 artikuj p\u00ebrmbledh\u00ebs","article_publisher":"https:\/\/www.facebook.com\/press07\/","article_author":"https:\/\/www.facebook.com\/kafexhiu.muharrem\/","article_published_time":"2023-08-04T08:38:21+00:00","og_image":[{"width":1284,"height":946,"url":"https:\/\/permbledhja.com\/wp-content\/uploads\/2023\/08\/ADAA135C-3278-443E-AE92-C54E8FB483A1.jpeg","type":"image\/jpeg"}],"author":"P\u00ebrmbledhja","twitter_card":"summary_large_image","twitter_misc":{"Written by":"P\u00ebrmbledhja","Est. reading time":"1 minut\u00eb"},"schema":{"@context":"https:\/\/schema.org","@graph":[{"@type":"Article","@id":"https:\/\/permbledhja.com\/rozeta-hajdari-padite-gazeten-nacionale-berat-buzhalen-dhe-enver-hajrullahun\/#article","isPartOf":{"@id":"https:\/\/permbledhja.com\/rozeta-hajdari-padite-gazeten-nacionale-berat-buzhalen-dhe-enver-hajrullahun\/"},"author":{"name":"P\u00ebrmbledhja","@id":"https:\/\/permbledhja.com\/#\/schema\/person\/0d064377258d3221e50693947b9eb4fe"},"headline":"Rozeta Hajdari padit\u00eb Gazet\u00ebn Nacionale, Berat Buzhal\u00ebn dhe Enver Hajrullahun","datePublished":"2023-08-04T08:38:21+00:00","dateModified":"2023-08-04T08:38:21+00:00","mainEntityOfPage":{"@id":"https:\/\/permbledhja.com\/rozeta-hajdari-padite-gazeten-nacionale-berat-buzhalen-dhe-enver-hajrullahun\/"},"wordCount":228,"publisher":{"@id":"https:\/\/permbledhja.com\/#organization"},"keywords":["Nacionale"],"articleSection":["Komb\u00ebtare","Lajme"],"inLanguage":"sq"},{"@type":"WebPage","@id":"https:\/\/permbledhja.com\/rozeta-hajdari-padite-gazeten-nacionale-berat-buzhalen-dhe-enver-hajrullahun\/","url":"https:\/\/permbledhja.com\/rozeta-hajdari-padite-gazeten-nacionale-berat-buzhalen-dhe-enver-hajrullahun\/","name":"Rozeta Hajdari padit\u00eb Gazet\u00ebn Nacionale, Berat Buzhal\u00ebn dhe Enver Hajrullahun","isPartOf":{"@id":"https:\/\/permbledhja.com\/#website"},"datePublished":"2023-08-04T08:38:21+00:00","dateModified":"2023-08-04T08:38:21+00:00","breadcrumb":{"@id":"https:\/\/permbledhja.com\/rozeta-hajdari-padite-gazeten-nacionale-berat-buzhalen-dhe-enver-hajrullahun\/#breadcrumb"},"inLanguage":"sq","potentialAction":[{"@type":"ReadAction","target":["https:\/\/permbledhja.com\/rozeta-hajdari-padite-gazeten-nacionale-berat-buzhalen-dhe-enver-hajrullahun\/"]}]},{"@type":"BreadcrumbList","@id":"https:\/\/permbledhja.com\/rozeta-hajdari-padite-gazeten-nacionale-berat-buzhalen-dhe-enver-hajrullahun\/#breadcrumb","itemListElement":[{"@type":"ListItem","position":1,"name":"Ballina","item":"https:\/\/permbledhja.com\/sq\/"},{"@type":"ListItem","position":2,"name":"Rozeta Hajdari padit\u00eb Gazet\u00ebn Nacionale, Berat Buzhal\u00ebn dhe Enver Hajrullahun"}]},{"@type":"WebSite","@id":"https:\/\/permbledhja.com\/#website","url":"https:\/\/permbledhja.com\/","name":"Ve\u00e7 artikuj p\u00ebrmbledh\u00ebs","description":"","publisher":{"@id":"https:\/\/permbledhja.com\/#organization"},"potentialAction":[{"@type":"SearchAction","target":{"@type":"EntryPoint","urlTemplate":"https:\/\/permbledhja.com\/?s={search_term_string}"},"query-input":"required name=search_term_string"}],"inLanguage":"sq"},{"@type":"Organization","@id":"https:\/\/permbledhja.com\/#organization","name":"MK Media & Pr","url":"https:\/\/permbledhja.com\/","logo":{"@type":"ImageObject","inLanguage":"sq","@id":"https:\/\/permbledhja.com\/#\/schema\/logo\/image\/","url":"https:\/\/permbledhja.com\/wp-content\/uploads\/2021\/12\/07-Press-Logo.jpg","contentUrl":"https:\/\/permbledhja.com\/wp-content\/uploads\/2021\/12\/07-Press-Logo.jpg","width":512,"height":512,"caption":"MK Media & Pr"},"image":{"@id":"https:\/\/permbledhja.com\/#\/schema\/logo\/image\/"},"sameAs":["https:\/\/www.facebook.com\/press07\/"]},{"@type":"Person","@id":"https:\/\/permbledhja.com\/#\/schema\/person\/0d064377258d3221e50693947b9eb4fe","name":"P\u00ebrmbledhja","image":{"@type":"ImageObject","inLanguage":"sq","@id":"https:\/\/permbledhja.com\/#\/schema\/person\/image\/","url":"https:\/\/permbledhja.com\/wp-content\/uploads\/2026\/01\/452004717_1040944174702970_8932037511805513407_n-96x96.jpg","contentUrl":"https:\/\/permbledhja.com\/wp-content\/uploads\/2026\/01\/452004717_1040944174702970_8932037511805513407_n-96x96.jpg","caption":"P\u00ebrmbledhja"},"sameAs":["https:\/\/www.facebook.com\/kafexhiu.muharrem\/","https:\/\/www.instagram.com\/muharrem_kafexhiu\/"],"url":"https:\/\/permbledhja.com\/sq\/author\/admin\/"}]}},"_links":{"self":[{"href":"https:\/\/permbledhja.com\/sq\/wp-json\/wp\/v2\/posts\/22054"}],"collection":[{"href":"https:\/\/permbledhja.com\/sq\/wp-json\/wp\/v2\/posts"}],"about":[{"href":"https:\/\/permbledhja.com\/sq\/wp-json\/wp\/v2\/types\/post"}],"author":[{"embeddable":true,"href":"https:\/\/permbledhja.com\/sq\/wp-json\/wp\/v2\/users\/1"}],"replies":[{"embeddable":true,"href":"https:\/\/permbledhja.com\/sq\/wp-json\/wp\/v2\/comments?post=22054"}],"version-history":[{"count":1,"href":"https:\/\/permbledhja.com\/sq\/wp-json\/wp\/v2\/posts\/22054\/revisions"}],"predecessor-version":[{"id":22056,"href":"https:\/\/permbledhja.com\/sq\/wp-json\/wp\/v2\/posts\/22054\/revisions\/22056"}],"wp:featuredmedia":[{"embeddable":true,"href":"https:\/\/permbledhja.com\/sq\/wp-json\/wp\/v2\/media\/22055"}],"wp:attachment":[{"href":"https:\/\/permbledhja.com\/sq\/wp-json\/wp\/v2\/media?parent=22054"}],"wp:term":[{"taxonomy":"category","embeddable":true,"href":"https:\/\/permbledhja.com\/sq\/wp-json\/wp\/v2\/categories?post=22054"},{"taxonomy":"post_tag","embeddable":true,"href":"https:\/\/permbledhja.com\/sq\/wp-json\/wp\/v2\/tags?post=22054"}],"curies":[{"name":"wp","href":"https:\/\/api.w.org\/{rel}","templated":true}]}}