{"id":21972,"date":"2023-08-03T14:06:25","date_gmt":"2023-08-03T14:06:25","guid":{"rendered":"https:\/\/permbledhja.com\/?p=21972"},"modified":"2023-08-03T14:06:25","modified_gmt":"2023-08-03T14:06:25","slug":"me-10-gusht-hapet-ekspozita-kujtesa-e-ujit-e-halil-matoshit","status":"publish","type":"post","link":"https:\/\/permbledhja.com\/sq\/me-10-gusht-hapet-ekspozita-kujtesa-e-ujit-e-halil-matoshit\/","title":{"rendered":"M\u00eb 10 gusht hapet ekspozita \u201cKujtesa e ujit\u201d e Halil Matoshit"},"content":{"rendered":"<h3>Ekspozita e Halil Matoshit e quajtur \u201cKujtesa e Ujit\u201d pritet t\u00eb hapet s\u00eb shpejti.<\/h3>\n<p>N\u00eb nj\u00eb ftes\u00eb d\u00ebrguar nga organizator\u00ebt, b\u00ebhet e ditur se ekspozita do t\u00eb hapet m\u00eb 10 gusht nga ora 19:00.<\/p>\n<p>\u201cN\u00eb dit\u00eblindjen e tret\u00eb t\u00eb Medias 10, m\u00eb 10 gusht, 2023, n\u00eb ambientet e televizionit, me fillim nga ora 19:00 do t\u00eb hapet ekspozita personale dhe performanca \u201cKujtesa e ujit\u201d e Halil Matoshit.&#8221; &#8211; thuhet n\u00eb ftes\u00eb.<\/p>\n<p>\u201cTHE LIL\u2019S POEM\u201d E HALIL MATOSHIT, SIMFONI JETE E DASHURIE<br \/>\nRikonstruktimi i modernitetit n\u00eb semantik\u00ebn e shpirtit t\u00eb fjal\u00ebs, n\u00eb poezin\u00eb e Halil Matoshit.<\/p>\n<p>(Sh\u00ebnim p\u00ebr librin \u201cThe Lil\u2019s poem\u201d t\u00eb Halil Matoshit, Sht\u00ebpia Botuese \u201cLittera\u201d, Prishtin\u00eb, 2023)<\/p>\n<p>Nj\u00eb poezi krejt ndryshe, brenda nj\u00eb poeme. Nj\u00eb thirrm\u00eb shpirti. Nj\u00eb klithm\u00eb. Nj\u00eb thurim\u00eb jete, dashurie, q\u00ebndrese, nj\u00eb shpirt l\u00ebviz\u00ebs mesp\u00ebrmes dramatik\u00ebs s\u00eb jet\u00ebs. P\u00ebrshpritshm\u00ebria p\u00ebrtej dashuris\u00eb dhe jet\u00ebs, m\u00ebp\u00ebrtej kufijve me semantik\u00ebn e shpirtit t\u00eb fjal\u00ebve, deri n\u00eb hemisferat m\u00eb sublime t\u00eb koh\u00ebs dhe shpirt\u00ebrores, deri n\u00eb tejskajet e fateve, shpresave, ikjejeardhjeve, derdheje, mungesave, teprive, kufijve hyjnor\u00eb dhe njer\u00ebzor\u00eb, miteve t\u00eb reja dhe t\u00eb vjetra, tejp\u00ebrtej Zotave tok\u00ebsor dhe primodial\u00eb, ndjesores dhe dashurores, universales dhe individuales gjer tek britmat e vetes dhe p\u00ebrtejvetes, ku fashitja e klithm\u00ebnaj\u00ebs bulon nga The Lil\u2019s poem (Matoshi: 2023).<\/p>\n<p>Autori p\u00ebrmes vargjeve: grueja q\u00eb zhduket\/\u2026\/ U zhduke aq e hajthme\/si ni shllung\u00eb mjegulle \/q\u00eb p\u00ebrshkon zjarrin, metaforizon deri n\u00eb metonimi pse jo edhe deri n\u00eb metamorfoz\u00ebn e mjegull\u00ebs dhe zjarrit. Ndoshta metafmorfoza e Ovidit, (Defneja\/gruazjarr\/gruagjethe) \u00ebsht\u00eb e gjitha-hap\u00ebsira e r\u00ebnd\u00ebsishme, ku tregimet p\u00ebr shoq\u00ebrin\u00eb, shfaqin paqart\u00ebsira kulturore dhe negocion kuptimet, si pjes\u00eb e evolucionit dhe zhvillimit natyror t\u00eb shoq\u00ebris\u00eb (Bauer, 2021: 5).<\/p>\n","protected":false},"excerpt":{"rendered":"<p>Ekspozita e Halil Matoshit e quajtur \u201cKujtesa e Ujit\u201d pritet t\u00eb hapet s\u00eb shpejti. N\u00eb nj\u00eb ftes\u00eb d\u00ebrguar nga organizator\u00ebt, b\u00ebhet e ditur se ekspozita do t\u00eb hapet m\u00eb 10 gusht nga ora 19:00. \u201cN\u00eb dit\u00eblindjen e tret\u00eb t\u00eb Medias 10, m\u00eb 10 gusht, 2023, n\u00eb ambientet e televizionit, me fillim nga ora 19:00 do [&hellip;]<\/p>\n","protected":false},"author":1,"featured_media":11822,"comment_status":"closed","ping_status":"closed","sticky":false,"template":"","format":"standard","meta":{"_monsterinsights_skip_tracking":false,"_monsterinsights_sitenote_active":false,"_monsterinsights_sitenote_note":"","_monsterinsights_sitenote_category":0,"_uf_show_specific_survey":0,"_uf_disable_surveys":false,"footnotes":""},"categories":[23,15],"tags":[2232],"yoast_head":"<!-- This site is optimized with the Yoast SEO plugin v21.5 - https:\/\/yoast.com\/wordpress\/plugins\/seo\/ -->\n<title>M\u00eb 10 gusht hapet ekspozita \u201cKujtesa e ujit\u201d e Halil Matoshit<\/title>\n<meta name=\"robots\" content=\"index, follow, max-snippet:-1, max-image-preview:large, max-video-preview:-1\" \/>\n<link rel=\"canonical\" href=\"https:\/\/permbledhja.com\/sq\/me-10-gusht-hapet-ekspozita-kujtesa-e-ujit-e-halil-matoshit\/\" \/>\n<meta property=\"og:locale\" content=\"sq_AL\" \/>\n<meta property=\"og:type\" content=\"article\" \/>\n<meta property=\"og:title\" content=\"M\u00eb 10 gusht hapet ekspozita \u201cKujtesa e ujit\u201d e Halil Matoshit\" \/>\n<meta property=\"og:description\" content=\"Ekspozita e Halil Matoshit e quajtur \u201cKujtesa e Ujit\u201d pritet t\u00eb hapet s\u00eb shpejti. N\u00eb nj\u00eb ftes\u00eb d\u00ebrguar nga organizator\u00ebt, b\u00ebhet e ditur se ekspozita do t\u00eb hapet m\u00eb 10 gusht nga ora 19:00. \u201cN\u00eb dit\u00eblindjen e tret\u00eb t\u00eb Medias 10, m\u00eb 10 gusht, 2023, n\u00eb ambientet e televizionit, me fillim nga ora 19:00 do [&hellip;]\" \/>\n<meta property=\"og:url\" content=\"https:\/\/permbledhja.com\/sq\/me-10-gusht-hapet-ekspozita-kujtesa-e-ujit-e-halil-matoshit\/\" \/>\n<meta property=\"og:site_name\" content=\"Ve\u00e7 artikuj p\u00ebrmbledh\u00ebs\" \/>\n<meta property=\"article:publisher\" content=\"https:\/\/www.facebook.com\/press07\/\" \/>\n<meta property=\"article:author\" content=\"https:\/\/www.facebook.com\/kafexhiu.muharrem\/\" \/>\n<meta property=\"article:published_time\" content=\"2023-08-03T14:06:25+00:00\" \/>\n<meta property=\"og:image\" content=\"https:\/\/permbledhja.com\/wp-content\/uploads\/2023\/01\/halil-matoshi.png\" \/>\n\t<meta property=\"og:image:width\" content=\"850\" \/>\n\t<meta property=\"og:image:height\" content=\"479\" \/>\n\t<meta property=\"og:image:type\" content=\"image\/png\" \/>\n<meta name=\"author\" content=\"P\u00ebrmbledhja\" \/>\n<meta name=\"twitter:card\" content=\"summary_large_image\" \/>\n<meta name=\"twitter:label1\" content=\"Written by\" \/>\n\t<meta name=\"twitter:data1\" content=\"P\u00ebrmbledhja\" \/>\n\t<meta name=\"twitter:label2\" content=\"Est. reading time\" \/>\n\t<meta name=\"twitter:data2\" content=\"2 minuta\" \/>\n<script type=\"application\/ld+json\" class=\"yoast-schema-graph\">{\"@context\":\"https:\/\/schema.org\",\"@graph\":[{\"@type\":\"Article\",\"@id\":\"https:\/\/permbledhja.com\/me-10-gusht-hapet-ekspozita-kujtesa-e-ujit-e-halil-matoshit\/#article\",\"isPartOf\":{\"@id\":\"https:\/\/permbledhja.com\/me-10-gusht-hapet-ekspozita-kujtesa-e-ujit-e-halil-matoshit\/\"},\"author\":{\"name\":\"P\u00ebrmbledhja\",\"@id\":\"https:\/\/permbledhja.com\/#\/schema\/person\/0d064377258d3221e50693947b9eb4fe\"},\"headline\":\"M\u00eb 10 gusht hapet ekspozita \u201cKujtesa e ujit\u201d e Halil Matoshit\",\"datePublished\":\"2023-08-03T14:06:25+00:00\",\"dateModified\":\"2023-08-03T14:06:25+00:00\",\"mainEntityOfPage\":{\"@id\":\"https:\/\/permbledhja.com\/me-10-gusht-hapet-ekspozita-kujtesa-e-ujit-e-halil-matoshit\/\"},\"wordCount\":315,\"publisher\":{\"@id\":\"https:\/\/permbledhja.com\/#organization\"},\"keywords\":[\"Ekspozita\"],\"articleSection\":[\"Komb\u00ebtare\",\"Lajme\"],\"inLanguage\":\"sq\"},{\"@type\":\"WebPage\",\"@id\":\"https:\/\/permbledhja.com\/me-10-gusht-hapet-ekspozita-kujtesa-e-ujit-e-halil-matoshit\/\",\"url\":\"https:\/\/permbledhja.com\/me-10-gusht-hapet-ekspozita-kujtesa-e-ujit-e-halil-matoshit\/\",\"name\":\"M\u00eb 10 gusht hapet ekspozita \u201cKujtesa e ujit\u201d e Halil Matoshit\",\"isPartOf\":{\"@id\":\"https:\/\/permbledhja.com\/#website\"},\"datePublished\":\"2023-08-03T14:06:25+00:00\",\"dateModified\":\"2023-08-03T14:06:25+00:00\",\"breadcrumb\":{\"@id\":\"https:\/\/permbledhja.com\/me-10-gusht-hapet-ekspozita-kujtesa-e-ujit-e-halil-matoshit\/#breadcrumb\"},\"inLanguage\":\"sq\",\"potentialAction\":[{\"@type\":\"ReadAction\",\"target\":[\"https:\/\/permbledhja.com\/me-10-gusht-hapet-ekspozita-kujtesa-e-ujit-e-halil-matoshit\/\"]}]},{\"@type\":\"BreadcrumbList\",\"@id\":\"https:\/\/permbledhja.com\/me-10-gusht-hapet-ekspozita-kujtesa-e-ujit-e-halil-matoshit\/#breadcrumb\",\"itemListElement\":[{\"@type\":\"ListItem\",\"position\":1,\"name\":\"Ballina\",\"item\":\"https:\/\/permbledhja.com\/sq\/\"},{\"@type\":\"ListItem\",\"position\":2,\"name\":\"M\u00eb 10 gusht hapet ekspozita \u201cKujtesa e ujit\u201d e Halil Matoshit\"}]},{\"@type\":\"WebSite\",\"@id\":\"https:\/\/permbledhja.com\/#website\",\"url\":\"https:\/\/permbledhja.com\/\",\"name\":\"Ve\u00e7 artikuj p\u00ebrmbledh\u00ebs\",\"description\":\"\",\"publisher\":{\"@id\":\"https:\/\/permbledhja.com\/#organization\"},\"potentialAction\":[{\"@type\":\"SearchAction\",\"target\":{\"@type\":\"EntryPoint\",\"urlTemplate\":\"https:\/\/permbledhja.com\/?s={search_term_string}\"},\"query-input\":\"required name=search_term_string\"}],\"inLanguage\":\"sq\"},{\"@type\":\"Organization\",\"@id\":\"https:\/\/permbledhja.com\/#organization\",\"name\":\"MK Media & Pr\",\"url\":\"https:\/\/permbledhja.com\/\",\"logo\":{\"@type\":\"ImageObject\",\"inLanguage\":\"sq\",\"@id\":\"https:\/\/permbledhja.com\/#\/schema\/logo\/image\/\",\"url\":\"https:\/\/permbledhja.com\/wp-content\/uploads\/2021\/12\/07-Press-Logo.jpg\",\"contentUrl\":\"https:\/\/permbledhja.com\/wp-content\/uploads\/2021\/12\/07-Press-Logo.jpg\",\"width\":512,\"height\":512,\"caption\":\"MK Media & Pr\"},\"image\":{\"@id\":\"https:\/\/permbledhja.com\/#\/schema\/logo\/image\/\"},\"sameAs\":[\"https:\/\/www.facebook.com\/press07\/\"]},{\"@type\":\"Person\",\"@id\":\"https:\/\/permbledhja.com\/#\/schema\/person\/0d064377258d3221e50693947b9eb4fe\",\"name\":\"P\u00ebrmbledhja\",\"image\":{\"@type\":\"ImageObject\",\"inLanguage\":\"sq\",\"@id\":\"https:\/\/permbledhja.com\/#\/schema\/person\/image\/\",\"url\":\"https:\/\/permbledhja.com\/wp-content\/uploads\/2026\/01\/452004717_1040944174702970_8932037511805513407_n-96x96.jpg\",\"contentUrl\":\"https:\/\/permbledhja.com\/wp-content\/uploads\/2026\/01\/452004717_1040944174702970_8932037511805513407_n-96x96.jpg\",\"caption\":\"P\u00ebrmbledhja\"},\"sameAs\":[\"https:\/\/www.facebook.com\/kafexhiu.muharrem\/\",\"https:\/\/www.instagram.com\/muharrem_kafexhiu\/\"],\"url\":\"https:\/\/permbledhja.com\/sq\/author\/admin\/\"}]}<\/script>\n<!-- \/ Yoast SEO plugin. -->","yoast_head_json":{"title":"M\u00eb 10 gusht hapet ekspozita \u201cKujtesa e ujit\u201d e Halil Matoshit","robots":{"index":"index","follow":"follow","max-snippet":"max-snippet:-1","max-image-preview":"max-image-preview:large","max-video-preview":"max-video-preview:-1"},"canonical":"https:\/\/permbledhja.com\/sq\/me-10-gusht-hapet-ekspozita-kujtesa-e-ujit-e-halil-matoshit\/","og_locale":"sq_AL","og_type":"article","og_title":"M\u00eb 10 gusht hapet ekspozita \u201cKujtesa e ujit\u201d e Halil Matoshit","og_description":"Ekspozita e Halil Matoshit e quajtur \u201cKujtesa e Ujit\u201d pritet t\u00eb hapet s\u00eb shpejti. N\u00eb nj\u00eb ftes\u00eb d\u00ebrguar nga organizator\u00ebt, b\u00ebhet e ditur se ekspozita do t\u00eb hapet m\u00eb 10 gusht nga ora 19:00. \u201cN\u00eb dit\u00eblindjen e tret\u00eb t\u00eb Medias 10, m\u00eb 10 gusht, 2023, n\u00eb ambientet e televizionit, me fillim nga ora 19:00 do [&hellip;]","og_url":"https:\/\/permbledhja.com\/sq\/me-10-gusht-hapet-ekspozita-kujtesa-e-ujit-e-halil-matoshit\/","og_site_name":"Ve\u00e7 artikuj p\u00ebrmbledh\u00ebs","article_publisher":"https:\/\/www.facebook.com\/press07\/","article_author":"https:\/\/www.facebook.com\/kafexhiu.muharrem\/","article_published_time":"2023-08-03T14:06:25+00:00","og_image":[{"width":850,"height":479,"url":"https:\/\/permbledhja.com\/wp-content\/uploads\/2023\/01\/halil-matoshi.png","type":"image\/png"}],"author":"P\u00ebrmbledhja","twitter_card":"summary_large_image","twitter_misc":{"Written by":"P\u00ebrmbledhja","Est. reading time":"2 minuta"},"schema":{"@context":"https:\/\/schema.org","@graph":[{"@type":"Article","@id":"https:\/\/permbledhja.com\/me-10-gusht-hapet-ekspozita-kujtesa-e-ujit-e-halil-matoshit\/#article","isPartOf":{"@id":"https:\/\/permbledhja.com\/me-10-gusht-hapet-ekspozita-kujtesa-e-ujit-e-halil-matoshit\/"},"author":{"name":"P\u00ebrmbledhja","@id":"https:\/\/permbledhja.com\/#\/schema\/person\/0d064377258d3221e50693947b9eb4fe"},"headline":"M\u00eb 10 gusht hapet ekspozita \u201cKujtesa e ujit\u201d e Halil Matoshit","datePublished":"2023-08-03T14:06:25+00:00","dateModified":"2023-08-03T14:06:25+00:00","mainEntityOfPage":{"@id":"https:\/\/permbledhja.com\/me-10-gusht-hapet-ekspozita-kujtesa-e-ujit-e-halil-matoshit\/"},"wordCount":315,"publisher":{"@id":"https:\/\/permbledhja.com\/#organization"},"keywords":["Ekspozita"],"articleSection":["Komb\u00ebtare","Lajme"],"inLanguage":"sq"},{"@type":"WebPage","@id":"https:\/\/permbledhja.com\/me-10-gusht-hapet-ekspozita-kujtesa-e-ujit-e-halil-matoshit\/","url":"https:\/\/permbledhja.com\/me-10-gusht-hapet-ekspozita-kujtesa-e-ujit-e-halil-matoshit\/","name":"M\u00eb 10 gusht hapet ekspozita \u201cKujtesa e ujit\u201d e Halil Matoshit","isPartOf":{"@id":"https:\/\/permbledhja.com\/#website"},"datePublished":"2023-08-03T14:06:25+00:00","dateModified":"2023-08-03T14:06:25+00:00","breadcrumb":{"@id":"https:\/\/permbledhja.com\/me-10-gusht-hapet-ekspozita-kujtesa-e-ujit-e-halil-matoshit\/#breadcrumb"},"inLanguage":"sq","potentialAction":[{"@type":"ReadAction","target":["https:\/\/permbledhja.com\/me-10-gusht-hapet-ekspozita-kujtesa-e-ujit-e-halil-matoshit\/"]}]},{"@type":"BreadcrumbList","@id":"https:\/\/permbledhja.com\/me-10-gusht-hapet-ekspozita-kujtesa-e-ujit-e-halil-matoshit\/#breadcrumb","itemListElement":[{"@type":"ListItem","position":1,"name":"Ballina","item":"https:\/\/permbledhja.com\/sq\/"},{"@type":"ListItem","position":2,"name":"M\u00eb 10 gusht hapet ekspozita \u201cKujtesa e ujit\u201d e Halil Matoshit"}]},{"@type":"WebSite","@id":"https:\/\/permbledhja.com\/#website","url":"https:\/\/permbledhja.com\/","name":"Ve\u00e7 artikuj p\u00ebrmbledh\u00ebs","description":"","publisher":{"@id":"https:\/\/permbledhja.com\/#organization"},"potentialAction":[{"@type":"SearchAction","target":{"@type":"EntryPoint","urlTemplate":"https:\/\/permbledhja.com\/?s={search_term_string}"},"query-input":"required name=search_term_string"}],"inLanguage":"sq"},{"@type":"Organization","@id":"https:\/\/permbledhja.com\/#organization","name":"MK Media & Pr","url":"https:\/\/permbledhja.com\/","logo":{"@type":"ImageObject","inLanguage":"sq","@id":"https:\/\/permbledhja.com\/#\/schema\/logo\/image\/","url":"https:\/\/permbledhja.com\/wp-content\/uploads\/2021\/12\/07-Press-Logo.jpg","contentUrl":"https:\/\/permbledhja.com\/wp-content\/uploads\/2021\/12\/07-Press-Logo.jpg","width":512,"height":512,"caption":"MK Media & Pr"},"image":{"@id":"https:\/\/permbledhja.com\/#\/schema\/logo\/image\/"},"sameAs":["https:\/\/www.facebook.com\/press07\/"]},{"@type":"Person","@id":"https:\/\/permbledhja.com\/#\/schema\/person\/0d064377258d3221e50693947b9eb4fe","name":"P\u00ebrmbledhja","image":{"@type":"ImageObject","inLanguage":"sq","@id":"https:\/\/permbledhja.com\/#\/schema\/person\/image\/","url":"https:\/\/permbledhja.com\/wp-content\/uploads\/2026\/01\/452004717_1040944174702970_8932037511805513407_n-96x96.jpg","contentUrl":"https:\/\/permbledhja.com\/wp-content\/uploads\/2026\/01\/452004717_1040944174702970_8932037511805513407_n-96x96.jpg","caption":"P\u00ebrmbledhja"},"sameAs":["https:\/\/www.facebook.com\/kafexhiu.muharrem\/","https:\/\/www.instagram.com\/muharrem_kafexhiu\/"],"url":"https:\/\/permbledhja.com\/sq\/author\/admin\/"}]}},"_links":{"self":[{"href":"https:\/\/permbledhja.com\/sq\/wp-json\/wp\/v2\/posts\/21972"}],"collection":[{"href":"https:\/\/permbledhja.com\/sq\/wp-json\/wp\/v2\/posts"}],"about":[{"href":"https:\/\/permbledhja.com\/sq\/wp-json\/wp\/v2\/types\/post"}],"author":[{"embeddable":true,"href":"https:\/\/permbledhja.com\/sq\/wp-json\/wp\/v2\/users\/1"}],"replies":[{"embeddable":true,"href":"https:\/\/permbledhja.com\/sq\/wp-json\/wp\/v2\/comments?post=21972"}],"version-history":[{"count":1,"href":"https:\/\/permbledhja.com\/sq\/wp-json\/wp\/v2\/posts\/21972\/revisions"}],"predecessor-version":[{"id":21973,"href":"https:\/\/permbledhja.com\/sq\/wp-json\/wp\/v2\/posts\/21972\/revisions\/21973"}],"wp:featuredmedia":[{"embeddable":true,"href":"https:\/\/permbledhja.com\/sq\/wp-json\/wp\/v2\/media\/11822"}],"wp:attachment":[{"href":"https:\/\/permbledhja.com\/sq\/wp-json\/wp\/v2\/media?parent=21972"}],"wp:term":[{"taxonomy":"category","embeddable":true,"href":"https:\/\/permbledhja.com\/sq\/wp-json\/wp\/v2\/categories?post=21972"},{"taxonomy":"post_tag","embeddable":true,"href":"https:\/\/permbledhja.com\/sq\/wp-json\/wp\/v2\/tags?post=21972"}],"curies":[{"name":"wp","href":"https:\/\/api.w.org\/{rel}","templated":true}]}}