{"id":21900,"date":"2023-08-03T07:38:22","date_gmt":"2023-08-03T07:38:22","guid":{"rendered":"https:\/\/permbledhja.com\/?p=21900"},"modified":"2023-08-03T07:38:22","modified_gmt":"2023-08-03T07:38:22","slug":"ferizaj-vdes-ngasesi-i-bicikletes-qe-u-godit-dje-nga-vetura","status":"publish","type":"post","link":"https:\/\/permbledhja.com\/sq\/ferizaj-vdes-ngasesi-i-bicikletes-qe-u-godit-dje-nga-vetura\/","title":{"rendered":"Ferizaj: Vdes ngas\u00ebsi i bi\u00e7iklet\u00ebs q\u00eb u godit dje nga vetura"},"content":{"rendered":"<h3>\u00cbsht\u00eb ndar\u00eb nga jeta bi\u00e7iklisti i cili u godit nga nj\u00eb vetur\u00eb dje n\u00eb Ferizaj.<\/h3>\n<p>\u201cMe dat\u00ebn 02.08.2023 rreth or\u00ebs 13:50 kemi pranuar informat\u00ebn se n\u00eb rrug\u00ebn \u2018Riza Matoshi\u2019 n\u00eb Ferizaj \u00ebsht\u00eb nj\u00eb aksident komunikacioni, ku ishin t\u00eb p\u00ebrfshir\u00eb nj\u00eb vetur\u00eb me targa vendore t\u00eb cil\u00ebn e drejtonte\u00a0 B.S ( F\/K) e mosh\u00ebs 39 vje\u00e7are dhe nj\u00eb bi\u00e7iklet\u00eb t\u00eb cil\u00ebn e drejtonte\u00a0 H.S ( M\/K) i mosh\u0113s 62-vje\u00e7ar .<\/p>\n<p>\u201cP\u00ebr pasoj\u00eb e k\u00ebtij aksidenti, l\u0113ndime t\u00eb r\u00ebnda trupore p\u00ebson ngas\u00ebsi i bi\u00e7iklet\u00ebs, t\u00eb cilin p\u00ebr ndihm\u00eb mjek\u00ebsore e d\u00ebrgojn\u00eb n\u00eb Qendr\u00ebn Emeregjente n\u00eb Ferizaj, e m\u00eb pas p\u00ebr tretman t\u00eb m\u00ebtutjesh\u00ebm mjek\u00ebsor d\u00ebrgohet n\u00eb Qendr\u00ebn Klinike Universitare n\u00eb Prishtin\u00eb\u201d.<\/p>\n<p>\u201cFillimisht, polic\u00ebt e rendit e m\u00eb pas hetuesit e Nj\u00ebsis\u00eb s\u00eb Hetimeve t\u00eb Aksidenteve i kan\u00eb marr\u00eb veprimet e menj\u00ebhershme dhe kan\u00eb dal\u00eb n\u00eb vendin e aksidentit dhe n\u00ebn autorizim t\u00eb prokurorit kujdestar nga Prokuroria Themelore n\u00eb Ferizaj i kishin nisur hetimet.<\/p>\n<p>Policia ka njoftuar q\u00eb e dyshuara \u00ebsht\u00eb d\u00ebrguar n\u00eb mbajtje p\u00ebr 48 or\u00eb.<\/p>\n<p>\u201cE dyshuara ishte shoq\u00ebruar n\u00eb Nj\u00ebsin\u00eb e Komunikacionit Rrugor n\u00eb Ferizaj dhe pas intervistimit nga polic\u00ebt hetues, me vendim t\u00eb prokurorit \u00ebsht\u00eb d\u00ebrguar n\u00eb mbajtje p\u00ebr 48 or\u00eb\u201d.<\/p>\n<p>\u201cNd\u00ebrsa, sot me dat\u00ebn 03.08.2023, rreth or\u00ebs 02:00 nga Qendra Klinike Universitare e Prishtin\u00ebs jemi njoftuar se ngas\u00ebsi i bi\u00e7iklet\u00ebs H.S ( M\/K) i mosh\u00ebs 62-vje\u00e7ar, si pasoj\u00eb e l\u00ebndimeve t\u00eb r\u00ebnda trupore n\u00eb aksident komunikacioni, ka nd\u00ebrruar jet\u00eb\u201d.<\/p>\n<p>\u201cMe vendim t\u00eb prokurorit t\u00eb rastit trupi i pajet\u00eb d\u00ebrgohet n\u00eb Institutin e Mjek\u00ebsis\u00eb Ligjore n\u00eb Prishtin\u00eb p\u00ebr obduksion, nd\u00ebrsa e dyshuara B.S vazhdon t\u00eb mbahet n\u00eb qendr\u00ebn e ndalimit p\u00ebr procedura tjera hetimore\u201d.<\/p>\n","protected":false},"excerpt":{"rendered":"<p>\u00cbsht\u00eb ndar\u00eb nga jeta bi\u00e7iklisti i cili u godit nga nj\u00eb vetur\u00eb dje n\u00eb Ferizaj. \u201cMe dat\u00ebn 02.08.2023 rreth or\u00ebs 13:50 kemi pranuar informat\u00ebn se n\u00eb rrug\u00ebn \u2018Riza Matoshi\u2019 n\u00eb Ferizaj \u00ebsht\u00eb nj\u00eb aksident komunikacioni, ku ishin t\u00eb p\u00ebrfshir\u00eb nj\u00eb vetur\u00eb me targa vendore t\u00eb cil\u00ebn e drejtonte\u00a0 B.S ( F\/K) e mosh\u00ebs 39 vje\u00e7are [&hellip;]<\/p>\n","protected":false},"author":2,"featured_media":21901,"comment_status":"closed","ping_status":"closed","sticky":false,"template":"","format":"standard","meta":{"_monsterinsights_skip_tracking":false,"_monsterinsights_sitenote_active":false,"_monsterinsights_sitenote_note":"","_monsterinsights_sitenote_category":0,"_uf_show_specific_survey":0,"_uf_disable_surveys":false,"footnotes":""},"categories":[23,15],"tags":[],"yoast_head":"<!-- This site is optimized with the Yoast SEO plugin v21.5 - https:\/\/yoast.com\/wordpress\/plugins\/seo\/ -->\n<title>Ferizaj: Vdes ngas\u00ebsi i bi\u00e7iklet\u00ebs q\u00eb u godit dje nga vetura<\/title>\n<meta name=\"robots\" content=\"index, follow, max-snippet:-1, max-image-preview:large, max-video-preview:-1\" \/>\n<link rel=\"canonical\" href=\"https:\/\/permbledhja.com\/sq\/ferizaj-vdes-ngasesi-i-bicikletes-qe-u-godit-dje-nga-vetura\/\" \/>\n<meta property=\"og:locale\" content=\"sq_AL\" \/>\n<meta property=\"og:type\" content=\"article\" \/>\n<meta property=\"og:title\" content=\"Ferizaj: Vdes ngas\u00ebsi i bi\u00e7iklet\u00ebs q\u00eb u godit dje nga vetura\" \/>\n<meta property=\"og:description\" content=\"\u00cbsht\u00eb ndar\u00eb nga jeta bi\u00e7iklisti i cili u godit nga nj\u00eb vetur\u00eb dje n\u00eb Ferizaj. \u201cMe dat\u00ebn 02.08.2023 rreth or\u00ebs 13:50 kemi pranuar informat\u00ebn se n\u00eb rrug\u00ebn \u2018Riza Matoshi\u2019 n\u00eb Ferizaj \u00ebsht\u00eb nj\u00eb aksident komunikacioni, ku ishin t\u00eb p\u00ebrfshir\u00eb nj\u00eb vetur\u00eb me targa vendore t\u00eb cil\u00ebn e drejtonte\u00a0 B.S ( F\/K) e mosh\u00ebs 39 vje\u00e7are [&hellip;]\" \/>\n<meta property=\"og:url\" content=\"https:\/\/permbledhja.com\/sq\/ferizaj-vdes-ngasesi-i-bicikletes-qe-u-godit-dje-nga-vetura\/\" \/>\n<meta property=\"og:site_name\" content=\"Ve\u00e7 artikuj p\u00ebrmbledh\u00ebs\" \/>\n<meta property=\"article:publisher\" content=\"https:\/\/www.facebook.com\/press07\/\" \/>\n<meta property=\"article:published_time\" content=\"2023-08-03T07:38:22+00:00\" \/>\n<meta property=\"og:image\" content=\"https:\/\/permbledhja.com\/wp-content\/uploads\/2023\/08\/gg-3.jpg\" \/>\n\t<meta property=\"og:image:width\" content=\"1173\" \/>\n\t<meta property=\"og:image:height\" content=\"680\" \/>\n\t<meta property=\"og:image:type\" content=\"image\/jpeg\" \/>\n<meta name=\"author\" content=\"M M\" \/>\n<meta name=\"twitter:card\" content=\"summary_large_image\" \/>\n<meta name=\"twitter:label1\" content=\"Written by\" \/>\n\t<meta name=\"twitter:data1\" content=\"M M\" \/>\n\t<meta name=\"twitter:label2\" content=\"Est. reading time\" \/>\n\t<meta name=\"twitter:data2\" content=\"2 minuta\" \/>\n<script type=\"application\/ld+json\" class=\"yoast-schema-graph\">{\"@context\":\"https:\/\/schema.org\",\"@graph\":[{\"@type\":\"Article\",\"@id\":\"https:\/\/permbledhja.com\/ferizaj-vdes-ngasesi-i-bicikletes-qe-u-godit-dje-nga-vetura\/#article\",\"isPartOf\":{\"@id\":\"https:\/\/permbledhja.com\/ferizaj-vdes-ngasesi-i-bicikletes-qe-u-godit-dje-nga-vetura\/\"},\"author\":{\"name\":\"M M\",\"@id\":\"https:\/\/permbledhja.com\/#\/schema\/person\/d23f13f59b5722643933d6780783acf3\"},\"headline\":\"Ferizaj: Vdes ngas\u00ebsi i bi\u00e7iklet\u00ebs q\u00eb u godit dje nga vetura\",\"datePublished\":\"2023-08-03T07:38:22+00:00\",\"dateModified\":\"2023-08-03T07:38:22+00:00\",\"mainEntityOfPage\":{\"@id\":\"https:\/\/permbledhja.com\/ferizaj-vdes-ngasesi-i-bicikletes-qe-u-godit-dje-nga-vetura\/\"},\"wordCount\":335,\"publisher\":{\"@id\":\"https:\/\/permbledhja.com\/#organization\"},\"articleSection\":[\"Komb\u00ebtare\",\"Lajme\"],\"inLanguage\":\"sq\"},{\"@type\":\"WebPage\",\"@id\":\"https:\/\/permbledhja.com\/ferizaj-vdes-ngasesi-i-bicikletes-qe-u-godit-dje-nga-vetura\/\",\"url\":\"https:\/\/permbledhja.com\/ferizaj-vdes-ngasesi-i-bicikletes-qe-u-godit-dje-nga-vetura\/\",\"name\":\"Ferizaj: Vdes ngas\u00ebsi i bi\u00e7iklet\u00ebs q\u00eb u godit dje nga vetura\",\"isPartOf\":{\"@id\":\"https:\/\/permbledhja.com\/#website\"},\"datePublished\":\"2023-08-03T07:38:22+00:00\",\"dateModified\":\"2023-08-03T07:38:22+00:00\",\"breadcrumb\":{\"@id\":\"https:\/\/permbledhja.com\/ferizaj-vdes-ngasesi-i-bicikletes-qe-u-godit-dje-nga-vetura\/#breadcrumb\"},\"inLanguage\":\"sq\",\"potentialAction\":[{\"@type\":\"ReadAction\",\"target\":[\"https:\/\/permbledhja.com\/ferizaj-vdes-ngasesi-i-bicikletes-qe-u-godit-dje-nga-vetura\/\"]}]},{\"@type\":\"BreadcrumbList\",\"@id\":\"https:\/\/permbledhja.com\/ferizaj-vdes-ngasesi-i-bicikletes-qe-u-godit-dje-nga-vetura\/#breadcrumb\",\"itemListElement\":[{\"@type\":\"ListItem\",\"position\":1,\"name\":\"Ballina\",\"item\":\"https:\/\/permbledhja.com\/sq\/\"},{\"@type\":\"ListItem\",\"position\":2,\"name\":\"Ferizaj: Vdes ngas\u00ebsi i bi\u00e7iklet\u00ebs q\u00eb u godit dje nga vetura\"}]},{\"@type\":\"WebSite\",\"@id\":\"https:\/\/permbledhja.com\/#website\",\"url\":\"https:\/\/permbledhja.com\/\",\"name\":\"Ve\u00e7 artikuj p\u00ebrmbledh\u00ebs\",\"description\":\"\",\"publisher\":{\"@id\":\"https:\/\/permbledhja.com\/#organization\"},\"potentialAction\":[{\"@type\":\"SearchAction\",\"target\":{\"@type\":\"EntryPoint\",\"urlTemplate\":\"https:\/\/permbledhja.com\/?s={search_term_string}\"},\"query-input\":\"required name=search_term_string\"}],\"inLanguage\":\"sq\"},{\"@type\":\"Organization\",\"@id\":\"https:\/\/permbledhja.com\/#organization\",\"name\":\"MK Media & Pr\",\"url\":\"https:\/\/permbledhja.com\/\",\"logo\":{\"@type\":\"ImageObject\",\"inLanguage\":\"sq\",\"@id\":\"https:\/\/permbledhja.com\/#\/schema\/logo\/image\/\",\"url\":\"https:\/\/permbledhja.com\/wp-content\/uploads\/2021\/12\/07-Press-Logo.jpg\",\"contentUrl\":\"https:\/\/permbledhja.com\/wp-content\/uploads\/2021\/12\/07-Press-Logo.jpg\",\"width\":512,\"height\":512,\"caption\":\"MK Media & Pr\"},\"image\":{\"@id\":\"https:\/\/permbledhja.com\/#\/schema\/logo\/image\/\"},\"sameAs\":[\"https:\/\/www.facebook.com\/press07\/\"]},{\"@type\":\"Person\",\"@id\":\"https:\/\/permbledhja.com\/#\/schema\/person\/d23f13f59b5722643933d6780783acf3\",\"name\":\"M M\",\"image\":{\"@type\":\"ImageObject\",\"inLanguage\":\"sq\",\"@id\":\"https:\/\/permbledhja.com\/#\/schema\/person\/image\/\",\"url\":\"https:\/\/secure.gravatar.com\/avatar\/e2835a76ca7c31a2416b2d51c4ec9a8f?s=96&d=mm&r=g\",\"contentUrl\":\"https:\/\/secure.gravatar.com\/avatar\/e2835a76ca7c31a2416b2d51c4ec9a8f?s=96&d=mm&r=g\",\"caption\":\"M M\"},\"sameAs\":[\"http:\/\/MM\"],\"url\":\"https:\/\/permbledhja.com\/sq\/author\/muhamet\/\"}]}<\/script>\n<!-- \/ Yoast SEO plugin. -->","yoast_head_json":{"title":"Ferizaj: Vdes ngas\u00ebsi i bi\u00e7iklet\u00ebs q\u00eb u godit dje nga vetura","robots":{"index":"index","follow":"follow","max-snippet":"max-snippet:-1","max-image-preview":"max-image-preview:large","max-video-preview":"max-video-preview:-1"},"canonical":"https:\/\/permbledhja.com\/sq\/ferizaj-vdes-ngasesi-i-bicikletes-qe-u-godit-dje-nga-vetura\/","og_locale":"sq_AL","og_type":"article","og_title":"Ferizaj: Vdes ngas\u00ebsi i bi\u00e7iklet\u00ebs q\u00eb u godit dje nga vetura","og_description":"\u00cbsht\u00eb ndar\u00eb nga jeta bi\u00e7iklisti i cili u godit nga nj\u00eb vetur\u00eb dje n\u00eb Ferizaj. \u201cMe dat\u00ebn 02.08.2023 rreth or\u00ebs 13:50 kemi pranuar informat\u00ebn se n\u00eb rrug\u00ebn \u2018Riza Matoshi\u2019 n\u00eb Ferizaj \u00ebsht\u00eb nj\u00eb aksident komunikacioni, ku ishin t\u00eb p\u00ebrfshir\u00eb nj\u00eb vetur\u00eb me targa vendore t\u00eb cil\u00ebn e drejtonte\u00a0 B.S ( F\/K) e mosh\u00ebs 39 vje\u00e7are [&hellip;]","og_url":"https:\/\/permbledhja.com\/sq\/ferizaj-vdes-ngasesi-i-bicikletes-qe-u-godit-dje-nga-vetura\/","og_site_name":"Ve\u00e7 artikuj p\u00ebrmbledh\u00ebs","article_publisher":"https:\/\/www.facebook.com\/press07\/","article_published_time":"2023-08-03T07:38:22+00:00","og_image":[{"width":1173,"height":680,"url":"https:\/\/permbledhja.com\/wp-content\/uploads\/2023\/08\/gg-3.jpg","type":"image\/jpeg"}],"author":"M M","twitter_card":"summary_large_image","twitter_misc":{"Written by":"M M","Est. reading time":"2 minuta"},"schema":{"@context":"https:\/\/schema.org","@graph":[{"@type":"Article","@id":"https:\/\/permbledhja.com\/ferizaj-vdes-ngasesi-i-bicikletes-qe-u-godit-dje-nga-vetura\/#article","isPartOf":{"@id":"https:\/\/permbledhja.com\/ferizaj-vdes-ngasesi-i-bicikletes-qe-u-godit-dje-nga-vetura\/"},"author":{"name":"M M","@id":"https:\/\/permbledhja.com\/#\/schema\/person\/d23f13f59b5722643933d6780783acf3"},"headline":"Ferizaj: Vdes ngas\u00ebsi i bi\u00e7iklet\u00ebs q\u00eb u godit dje nga vetura","datePublished":"2023-08-03T07:38:22+00:00","dateModified":"2023-08-03T07:38:22+00:00","mainEntityOfPage":{"@id":"https:\/\/permbledhja.com\/ferizaj-vdes-ngasesi-i-bicikletes-qe-u-godit-dje-nga-vetura\/"},"wordCount":335,"publisher":{"@id":"https:\/\/permbledhja.com\/#organization"},"articleSection":["Komb\u00ebtare","Lajme"],"inLanguage":"sq"},{"@type":"WebPage","@id":"https:\/\/permbledhja.com\/ferizaj-vdes-ngasesi-i-bicikletes-qe-u-godit-dje-nga-vetura\/","url":"https:\/\/permbledhja.com\/ferizaj-vdes-ngasesi-i-bicikletes-qe-u-godit-dje-nga-vetura\/","name":"Ferizaj: Vdes ngas\u00ebsi i bi\u00e7iklet\u00ebs q\u00eb u godit dje nga vetura","isPartOf":{"@id":"https:\/\/permbledhja.com\/#website"},"datePublished":"2023-08-03T07:38:22+00:00","dateModified":"2023-08-03T07:38:22+00:00","breadcrumb":{"@id":"https:\/\/permbledhja.com\/ferizaj-vdes-ngasesi-i-bicikletes-qe-u-godit-dje-nga-vetura\/#breadcrumb"},"inLanguage":"sq","potentialAction":[{"@type":"ReadAction","target":["https:\/\/permbledhja.com\/ferizaj-vdes-ngasesi-i-bicikletes-qe-u-godit-dje-nga-vetura\/"]}]},{"@type":"BreadcrumbList","@id":"https:\/\/permbledhja.com\/ferizaj-vdes-ngasesi-i-bicikletes-qe-u-godit-dje-nga-vetura\/#breadcrumb","itemListElement":[{"@type":"ListItem","position":1,"name":"Ballina","item":"https:\/\/permbledhja.com\/sq\/"},{"@type":"ListItem","position":2,"name":"Ferizaj: Vdes ngas\u00ebsi i bi\u00e7iklet\u00ebs q\u00eb u godit dje nga vetura"}]},{"@type":"WebSite","@id":"https:\/\/permbledhja.com\/#website","url":"https:\/\/permbledhja.com\/","name":"Ve\u00e7 artikuj p\u00ebrmbledh\u00ebs","description":"","publisher":{"@id":"https:\/\/permbledhja.com\/#organization"},"potentialAction":[{"@type":"SearchAction","target":{"@type":"EntryPoint","urlTemplate":"https:\/\/permbledhja.com\/?s={search_term_string}"},"query-input":"required name=search_term_string"}],"inLanguage":"sq"},{"@type":"Organization","@id":"https:\/\/permbledhja.com\/#organization","name":"MK Media & Pr","url":"https:\/\/permbledhja.com\/","logo":{"@type":"ImageObject","inLanguage":"sq","@id":"https:\/\/permbledhja.com\/#\/schema\/logo\/image\/","url":"https:\/\/permbledhja.com\/wp-content\/uploads\/2021\/12\/07-Press-Logo.jpg","contentUrl":"https:\/\/permbledhja.com\/wp-content\/uploads\/2021\/12\/07-Press-Logo.jpg","width":512,"height":512,"caption":"MK Media & Pr"},"image":{"@id":"https:\/\/permbledhja.com\/#\/schema\/logo\/image\/"},"sameAs":["https:\/\/www.facebook.com\/press07\/"]},{"@type":"Person","@id":"https:\/\/permbledhja.com\/#\/schema\/person\/d23f13f59b5722643933d6780783acf3","name":"M M","image":{"@type":"ImageObject","inLanguage":"sq","@id":"https:\/\/permbledhja.com\/#\/schema\/person\/image\/","url":"https:\/\/secure.gravatar.com\/avatar\/e2835a76ca7c31a2416b2d51c4ec9a8f?s=96&d=mm&r=g","contentUrl":"https:\/\/secure.gravatar.com\/avatar\/e2835a76ca7c31a2416b2d51c4ec9a8f?s=96&d=mm&r=g","caption":"M M"},"sameAs":["http:\/\/MM"],"url":"https:\/\/permbledhja.com\/sq\/author\/muhamet\/"}]}},"_links":{"self":[{"href":"https:\/\/permbledhja.com\/sq\/wp-json\/wp\/v2\/posts\/21900"}],"collection":[{"href":"https:\/\/permbledhja.com\/sq\/wp-json\/wp\/v2\/posts"}],"about":[{"href":"https:\/\/permbledhja.com\/sq\/wp-json\/wp\/v2\/types\/post"}],"author":[{"embeddable":true,"href":"https:\/\/permbledhja.com\/sq\/wp-json\/wp\/v2\/users\/2"}],"replies":[{"embeddable":true,"href":"https:\/\/permbledhja.com\/sq\/wp-json\/wp\/v2\/comments?post=21900"}],"version-history":[{"count":1,"href":"https:\/\/permbledhja.com\/sq\/wp-json\/wp\/v2\/posts\/21900\/revisions"}],"predecessor-version":[{"id":21902,"href":"https:\/\/permbledhja.com\/sq\/wp-json\/wp\/v2\/posts\/21900\/revisions\/21902"}],"wp:featuredmedia":[{"embeddable":true,"href":"https:\/\/permbledhja.com\/sq\/wp-json\/wp\/v2\/media\/21901"}],"wp:attachment":[{"href":"https:\/\/permbledhja.com\/sq\/wp-json\/wp\/v2\/media?parent=21900"}],"wp:term":[{"taxonomy":"category","embeddable":true,"href":"https:\/\/permbledhja.com\/sq\/wp-json\/wp\/v2\/categories?post=21900"},{"taxonomy":"post_tag","embeddable":true,"href":"https:\/\/permbledhja.com\/sq\/wp-json\/wp\/v2\/tags?post=21900"}],"curies":[{"name":"wp","href":"https:\/\/api.w.org\/{rel}","templated":true}]}}