{"id":21897,"date":"2023-08-03T07:21:41","date_gmt":"2023-08-03T07:21:41","guid":{"rendered":"https:\/\/permbledhja.com\/?p=21897"},"modified":"2023-08-03T07:21:41","modified_gmt":"2023-08-03T07:21:41","slug":"serbia-nuk-po-bashkepunon-me-kosoven-per-zbardhjen-e-fatit-te-te-zhdukurve","status":"publish","type":"post","link":"https:\/\/permbledhja.com\/sq\/serbia-nuk-po-bashkepunon-me-kosoven-per-zbardhjen-e-fatit-te-te-zhdukurve\/","title":{"rendered":"&#8220;Serbia nuk po bashk\u00ebpunon me Kosov\u00ebn p\u00ebr zbardhjen e fatit t\u00eb t\u00eb zhdukurve&#8221;"},"content":{"rendered":"<h3>Marr\u00ebveshjet e arritura mes Kosov\u00ebs dhe Serbis\u00eb n\u00eb kuad\u00ebr t\u00eb dialogut po vazhdojn\u00eb t\u00eb mos gjejn\u00eb zbatim.<\/h3>\n<p>Nj\u00ebra nga to \u00ebsht\u00eb edhe Marr\u00ebveshja p\u00ebr personat e zhdukur, pavar\u00ebsisht se me deklarat\u00ebn e arritur mes pal\u00ebve me 2 maj, kjo \u00e7\u00ebshtje \u00ebsht\u00eb cil\u00ebsuar si humanitare.<\/p>\n<p>Kushtrim Gara nga Komisioni Qeveritar p\u00ebr Persona t\u00eb Zhdukur, thot\u00eb se Serbia nuk po bashk\u00ebpunon n\u00eb zbardhjen e fatit t\u00eb t\u00eb zhdukurve.<\/p>\n<p>Drejtori i Fondit p\u00ebr t\u00eb Drejt\u00ebn Humanitare t\u00eb Kosov\u00ebs, Bekim Blakaj thot\u00eb se duhet t\u00eb ket\u00eb nj\u00eb presion t\u00eb madh mbi Serbin\u00eb, p\u00ebr shkak t\u00eb mosbashk\u00ebpunimit n\u00eb k\u00ebt\u00eb \u00e7\u00ebshtje.<ins><\/ins><\/p>\n<div>\n<div id=\"div-gpt-ad-1634289484286-0\" data-google-query-id=\"CMfQ8JX4v4ADFY-K_QcdMxkAAw\">\n<p>\u201c\u00cbsht\u00eb shum\u00eb shqet\u00ebsuese n\u00ebse \u00ebsht\u00eb e v\u00ebrtet\u00eb q\u00eb Serbia po refuzon t\u00eb g\u00ebrmoi vendet e dyshuara ku ka varreza masive dhe n\u00ebse \u00ebsht\u00eb k\u00ebshtu, at\u00ebher\u00eb do t\u00eb duhej t\u2019i b\u00ebhej nj\u00eb presion i madh, sepse n\u00eb t\u00eb kaluar\u00ebn kan\u00eb ndodhur g\u00ebrmimet. Ka qen\u00eb evidente q\u00eb Serbia nuk ka dh\u00ebn\u00eb informacione t\u00eb sakta mbi lokacionin e varrezave dhe si shembull gjithmon\u00eb e marrim, varrez\u00ebn n\u00eb Rudnic\u00ebn apo Kizhevak\u201d, deklaroi Blakaj.<\/p>\n<p>Bashk\u00ebpunimi n\u00eb zbardhjen e fatit t\u00eb personave t\u00eb zhdukur dhe qasja n\u00eb arkiva, jan\u00eb obligime p\u00ebr t\u00eb cilat Serbia \u00ebsht\u00eb zotuar n\u00eb deklarat\u00ebn e arritur ne Bruksel m\u00eb 2 maj.<ins><\/ins><\/p>\n<p>Mbi, baz\u00ebn e k\u00ebsaj deklarate Qeveria e Kosov\u00ebs, ia ka dor\u00ebzuar m\u00eb 2 qershor shkres\u00ebn e par\u00eb Serbis\u00eb, p\u00ebr t\u00eb k\u00ebrkuar arkivat q\u00eb do t\u00eb ndihmojn\u00eb n\u00eb zbardhjen e fatit t\u00eb personave t\u00eb zhdukur me forc\u00eb gjat\u00eb luft\u00ebs.<\/p>\n<\/div>\n<\/div>\n","protected":false},"excerpt":{"rendered":"<p>Marr\u00ebveshjet e arritura mes Kosov\u00ebs dhe Serbis\u00eb n\u00eb kuad\u00ebr t\u00eb dialogut po vazhdojn\u00eb t\u00eb mos gjejn\u00eb zbatim. Nj\u00ebra nga to \u00ebsht\u00eb edhe Marr\u00ebveshja p\u00ebr personat e zhdukur, pavar\u00ebsisht se me deklarat\u00ebn e arritur mes pal\u00ebve me 2 maj, kjo \u00e7\u00ebshtje \u00ebsht\u00eb cil\u00ebsuar si humanitare. Kushtrim Gara nga Komisioni Qeveritar p\u00ebr Persona t\u00eb Zhdukur, thot\u00eb se [&hellip;]<\/p>\n","protected":false},"author":2,"featured_media":21898,"comment_status":"closed","ping_status":"closed","sticky":false,"template":"","format":"standard","meta":{"_monsterinsights_skip_tracking":false,"_monsterinsights_sitenote_active":false,"_monsterinsights_sitenote_note":"","_monsterinsights_sitenote_category":0,"_uf_show_specific_survey":0,"_uf_disable_surveys":false,"footnotes":""},"categories":[23,15],"tags":[],"yoast_head":"<!-- This site is optimized with the Yoast SEO plugin v21.5 - https:\/\/yoast.com\/wordpress\/plugins\/seo\/ -->\n<title>&quot;Serbia nuk po bashk\u00ebpunon me Kosov\u00ebn p\u00ebr zbardhjen e fatit t\u00eb t\u00eb zhdukurve&quot;<\/title>\n<meta name=\"robots\" content=\"index, follow, max-snippet:-1, max-image-preview:large, max-video-preview:-1\" \/>\n<link rel=\"canonical\" href=\"https:\/\/permbledhja.com\/sq\/serbia-nuk-po-bashkepunon-me-kosoven-per-zbardhjen-e-fatit-te-te-zhdukurve\/\" \/>\n<meta property=\"og:locale\" content=\"sq_AL\" \/>\n<meta property=\"og:type\" content=\"article\" \/>\n<meta property=\"og:title\" content=\"&quot;Serbia nuk po bashk\u00ebpunon me Kosov\u00ebn p\u00ebr zbardhjen e fatit t\u00eb t\u00eb zhdukurve&quot;\" \/>\n<meta property=\"og:description\" content=\"Marr\u00ebveshjet e arritura mes Kosov\u00ebs dhe Serbis\u00eb n\u00eb kuad\u00ebr t\u00eb dialogut po vazhdojn\u00eb t\u00eb mos gjejn\u00eb zbatim. Nj\u00ebra nga to \u00ebsht\u00eb edhe Marr\u00ebveshja p\u00ebr personat e zhdukur, pavar\u00ebsisht se me deklarat\u00ebn e arritur mes pal\u00ebve me 2 maj, kjo \u00e7\u00ebshtje \u00ebsht\u00eb cil\u00ebsuar si humanitare. Kushtrim Gara nga Komisioni Qeveritar p\u00ebr Persona t\u00eb Zhdukur, thot\u00eb se [&hellip;]\" \/>\n<meta property=\"og:url\" content=\"https:\/\/permbledhja.com\/sq\/serbia-nuk-po-bashkepunon-me-kosoven-per-zbardhjen-e-fatit-te-te-zhdukurve\/\" \/>\n<meta property=\"og:site_name\" content=\"Ve\u00e7 artikuj p\u00ebrmbledh\u00ebs\" \/>\n<meta property=\"article:publisher\" content=\"https:\/\/www.facebook.com\/press07\/\" \/>\n<meta property=\"article:published_time\" content=\"2023-08-03T07:21:41+00:00\" \/>\n<meta property=\"og:image\" content=\"https:\/\/permbledhja.com\/wp-content\/uploads\/2023\/08\/t.jpg\" \/>\n\t<meta property=\"og:image:width\" content=\"1150\" \/>\n\t<meta property=\"og:image:height\" content=\"715\" \/>\n\t<meta property=\"og:image:type\" content=\"image\/jpeg\" \/>\n<meta name=\"author\" content=\"M M\" \/>\n<meta name=\"twitter:card\" content=\"summary_large_image\" \/>\n<meta name=\"twitter:label1\" content=\"Written by\" \/>\n\t<meta name=\"twitter:data1\" content=\"M M\" \/>\n\t<meta name=\"twitter:label2\" content=\"Est. reading time\" \/>\n\t<meta name=\"twitter:data2\" content=\"1 minut\u00eb\" \/>\n<script type=\"application\/ld+json\" class=\"yoast-schema-graph\">{\"@context\":\"https:\/\/schema.org\",\"@graph\":[{\"@type\":\"Article\",\"@id\":\"https:\/\/permbledhja.com\/serbia-nuk-po-bashkepunon-me-kosoven-per-zbardhjen-e-fatit-te-te-zhdukurve\/#article\",\"isPartOf\":{\"@id\":\"https:\/\/permbledhja.com\/serbia-nuk-po-bashkepunon-me-kosoven-per-zbardhjen-e-fatit-te-te-zhdukurve\/\"},\"author\":{\"name\":\"M M\",\"@id\":\"https:\/\/permbledhja.com\/#\/schema\/person\/d23f13f59b5722643933d6780783acf3\"},\"headline\":\"&#8220;Serbia nuk po bashk\u00ebpunon me Kosov\u00ebn p\u00ebr zbardhjen e fatit t\u00eb t\u00eb zhdukurve&#8221;\",\"datePublished\":\"2023-08-03T07:21:41+00:00\",\"dateModified\":\"2023-08-03T07:21:41+00:00\",\"mainEntityOfPage\":{\"@id\":\"https:\/\/permbledhja.com\/serbia-nuk-po-bashkepunon-me-kosoven-per-zbardhjen-e-fatit-te-te-zhdukurve\/\"},\"wordCount\":288,\"publisher\":{\"@id\":\"https:\/\/permbledhja.com\/#organization\"},\"articleSection\":[\"Komb\u00ebtare\",\"Lajme\"],\"inLanguage\":\"sq\"},{\"@type\":\"WebPage\",\"@id\":\"https:\/\/permbledhja.com\/serbia-nuk-po-bashkepunon-me-kosoven-per-zbardhjen-e-fatit-te-te-zhdukurve\/\",\"url\":\"https:\/\/permbledhja.com\/serbia-nuk-po-bashkepunon-me-kosoven-per-zbardhjen-e-fatit-te-te-zhdukurve\/\",\"name\":\"\\\"Serbia nuk po bashk\u00ebpunon me Kosov\u00ebn p\u00ebr zbardhjen e fatit t\u00eb t\u00eb zhdukurve\\\"\",\"isPartOf\":{\"@id\":\"https:\/\/permbledhja.com\/#website\"},\"datePublished\":\"2023-08-03T07:21:41+00:00\",\"dateModified\":\"2023-08-03T07:21:41+00:00\",\"breadcrumb\":{\"@id\":\"https:\/\/permbledhja.com\/serbia-nuk-po-bashkepunon-me-kosoven-per-zbardhjen-e-fatit-te-te-zhdukurve\/#breadcrumb\"},\"inLanguage\":\"sq\",\"potentialAction\":[{\"@type\":\"ReadAction\",\"target\":[\"https:\/\/permbledhja.com\/serbia-nuk-po-bashkepunon-me-kosoven-per-zbardhjen-e-fatit-te-te-zhdukurve\/\"]}]},{\"@type\":\"BreadcrumbList\",\"@id\":\"https:\/\/permbledhja.com\/serbia-nuk-po-bashkepunon-me-kosoven-per-zbardhjen-e-fatit-te-te-zhdukurve\/#breadcrumb\",\"itemListElement\":[{\"@type\":\"ListItem\",\"position\":1,\"name\":\"Ballina\",\"item\":\"https:\/\/permbledhja.com\/sq\/\"},{\"@type\":\"ListItem\",\"position\":2,\"name\":\"&#8220;Serbia nuk po bashk\u00ebpunon me Kosov\u00ebn p\u00ebr zbardhjen e fatit t\u00eb t\u00eb zhdukurve&#8221;\"}]},{\"@type\":\"WebSite\",\"@id\":\"https:\/\/permbledhja.com\/#website\",\"url\":\"https:\/\/permbledhja.com\/\",\"name\":\"Ve\u00e7 artikuj p\u00ebrmbledh\u00ebs\",\"description\":\"\",\"publisher\":{\"@id\":\"https:\/\/permbledhja.com\/#organization\"},\"potentialAction\":[{\"@type\":\"SearchAction\",\"target\":{\"@type\":\"EntryPoint\",\"urlTemplate\":\"https:\/\/permbledhja.com\/?s={search_term_string}\"},\"query-input\":\"required name=search_term_string\"}],\"inLanguage\":\"sq\"},{\"@type\":\"Organization\",\"@id\":\"https:\/\/permbledhja.com\/#organization\",\"name\":\"MK Media & Pr\",\"url\":\"https:\/\/permbledhja.com\/\",\"logo\":{\"@type\":\"ImageObject\",\"inLanguage\":\"sq\",\"@id\":\"https:\/\/permbledhja.com\/#\/schema\/logo\/image\/\",\"url\":\"https:\/\/permbledhja.com\/wp-content\/uploads\/2021\/12\/07-Press-Logo.jpg\",\"contentUrl\":\"https:\/\/permbledhja.com\/wp-content\/uploads\/2021\/12\/07-Press-Logo.jpg\",\"width\":512,\"height\":512,\"caption\":\"MK Media & Pr\"},\"image\":{\"@id\":\"https:\/\/permbledhja.com\/#\/schema\/logo\/image\/\"},\"sameAs\":[\"https:\/\/www.facebook.com\/press07\/\"]},{\"@type\":\"Person\",\"@id\":\"https:\/\/permbledhja.com\/#\/schema\/person\/d23f13f59b5722643933d6780783acf3\",\"name\":\"M M\",\"image\":{\"@type\":\"ImageObject\",\"inLanguage\":\"sq\",\"@id\":\"https:\/\/permbledhja.com\/#\/schema\/person\/image\/\",\"url\":\"https:\/\/secure.gravatar.com\/avatar\/e2835a76ca7c31a2416b2d51c4ec9a8f?s=96&d=mm&r=g\",\"contentUrl\":\"https:\/\/secure.gravatar.com\/avatar\/e2835a76ca7c31a2416b2d51c4ec9a8f?s=96&d=mm&r=g\",\"caption\":\"M M\"},\"sameAs\":[\"http:\/\/MM\"],\"url\":\"https:\/\/permbledhja.com\/sq\/author\/muhamet\/\"}]}<\/script>\n<!-- \/ Yoast SEO plugin. -->","yoast_head_json":{"title":"\"Serbia nuk po bashk\u00ebpunon me Kosov\u00ebn p\u00ebr zbardhjen e fatit t\u00eb t\u00eb zhdukurve\"","robots":{"index":"index","follow":"follow","max-snippet":"max-snippet:-1","max-image-preview":"max-image-preview:large","max-video-preview":"max-video-preview:-1"},"canonical":"https:\/\/permbledhja.com\/sq\/serbia-nuk-po-bashkepunon-me-kosoven-per-zbardhjen-e-fatit-te-te-zhdukurve\/","og_locale":"sq_AL","og_type":"article","og_title":"\"Serbia nuk po bashk\u00ebpunon me Kosov\u00ebn p\u00ebr zbardhjen e fatit t\u00eb t\u00eb zhdukurve\"","og_description":"Marr\u00ebveshjet e arritura mes Kosov\u00ebs dhe Serbis\u00eb n\u00eb kuad\u00ebr t\u00eb dialogut po vazhdojn\u00eb t\u00eb mos gjejn\u00eb zbatim. Nj\u00ebra nga to \u00ebsht\u00eb edhe Marr\u00ebveshja p\u00ebr personat e zhdukur, pavar\u00ebsisht se me deklarat\u00ebn e arritur mes pal\u00ebve me 2 maj, kjo \u00e7\u00ebshtje \u00ebsht\u00eb cil\u00ebsuar si humanitare. Kushtrim Gara nga Komisioni Qeveritar p\u00ebr Persona t\u00eb Zhdukur, thot\u00eb se [&hellip;]","og_url":"https:\/\/permbledhja.com\/sq\/serbia-nuk-po-bashkepunon-me-kosoven-per-zbardhjen-e-fatit-te-te-zhdukurve\/","og_site_name":"Ve\u00e7 artikuj p\u00ebrmbledh\u00ebs","article_publisher":"https:\/\/www.facebook.com\/press07\/","article_published_time":"2023-08-03T07:21:41+00:00","og_image":[{"width":1150,"height":715,"url":"https:\/\/permbledhja.com\/wp-content\/uploads\/2023\/08\/t.jpg","type":"image\/jpeg"}],"author":"M M","twitter_card":"summary_large_image","twitter_misc":{"Written by":"M M","Est. reading time":"1 minut\u00eb"},"schema":{"@context":"https:\/\/schema.org","@graph":[{"@type":"Article","@id":"https:\/\/permbledhja.com\/serbia-nuk-po-bashkepunon-me-kosoven-per-zbardhjen-e-fatit-te-te-zhdukurve\/#article","isPartOf":{"@id":"https:\/\/permbledhja.com\/serbia-nuk-po-bashkepunon-me-kosoven-per-zbardhjen-e-fatit-te-te-zhdukurve\/"},"author":{"name":"M M","@id":"https:\/\/permbledhja.com\/#\/schema\/person\/d23f13f59b5722643933d6780783acf3"},"headline":"&#8220;Serbia nuk po bashk\u00ebpunon me Kosov\u00ebn p\u00ebr zbardhjen e fatit t\u00eb t\u00eb zhdukurve&#8221;","datePublished":"2023-08-03T07:21:41+00:00","dateModified":"2023-08-03T07:21:41+00:00","mainEntityOfPage":{"@id":"https:\/\/permbledhja.com\/serbia-nuk-po-bashkepunon-me-kosoven-per-zbardhjen-e-fatit-te-te-zhdukurve\/"},"wordCount":288,"publisher":{"@id":"https:\/\/permbledhja.com\/#organization"},"articleSection":["Komb\u00ebtare","Lajme"],"inLanguage":"sq"},{"@type":"WebPage","@id":"https:\/\/permbledhja.com\/serbia-nuk-po-bashkepunon-me-kosoven-per-zbardhjen-e-fatit-te-te-zhdukurve\/","url":"https:\/\/permbledhja.com\/serbia-nuk-po-bashkepunon-me-kosoven-per-zbardhjen-e-fatit-te-te-zhdukurve\/","name":"\"Serbia nuk po bashk\u00ebpunon me Kosov\u00ebn p\u00ebr zbardhjen e fatit t\u00eb t\u00eb zhdukurve\"","isPartOf":{"@id":"https:\/\/permbledhja.com\/#website"},"datePublished":"2023-08-03T07:21:41+00:00","dateModified":"2023-08-03T07:21:41+00:00","breadcrumb":{"@id":"https:\/\/permbledhja.com\/serbia-nuk-po-bashkepunon-me-kosoven-per-zbardhjen-e-fatit-te-te-zhdukurve\/#breadcrumb"},"inLanguage":"sq","potentialAction":[{"@type":"ReadAction","target":["https:\/\/permbledhja.com\/serbia-nuk-po-bashkepunon-me-kosoven-per-zbardhjen-e-fatit-te-te-zhdukurve\/"]}]},{"@type":"BreadcrumbList","@id":"https:\/\/permbledhja.com\/serbia-nuk-po-bashkepunon-me-kosoven-per-zbardhjen-e-fatit-te-te-zhdukurve\/#breadcrumb","itemListElement":[{"@type":"ListItem","position":1,"name":"Ballina","item":"https:\/\/permbledhja.com\/sq\/"},{"@type":"ListItem","position":2,"name":"&#8220;Serbia nuk po bashk\u00ebpunon me Kosov\u00ebn p\u00ebr zbardhjen e fatit t\u00eb t\u00eb zhdukurve&#8221;"}]},{"@type":"WebSite","@id":"https:\/\/permbledhja.com\/#website","url":"https:\/\/permbledhja.com\/","name":"Ve\u00e7 artikuj p\u00ebrmbledh\u00ebs","description":"","publisher":{"@id":"https:\/\/permbledhja.com\/#organization"},"potentialAction":[{"@type":"SearchAction","target":{"@type":"EntryPoint","urlTemplate":"https:\/\/permbledhja.com\/?s={search_term_string}"},"query-input":"required name=search_term_string"}],"inLanguage":"sq"},{"@type":"Organization","@id":"https:\/\/permbledhja.com\/#organization","name":"MK Media & Pr","url":"https:\/\/permbledhja.com\/","logo":{"@type":"ImageObject","inLanguage":"sq","@id":"https:\/\/permbledhja.com\/#\/schema\/logo\/image\/","url":"https:\/\/permbledhja.com\/wp-content\/uploads\/2021\/12\/07-Press-Logo.jpg","contentUrl":"https:\/\/permbledhja.com\/wp-content\/uploads\/2021\/12\/07-Press-Logo.jpg","width":512,"height":512,"caption":"MK Media & Pr"},"image":{"@id":"https:\/\/permbledhja.com\/#\/schema\/logo\/image\/"},"sameAs":["https:\/\/www.facebook.com\/press07\/"]},{"@type":"Person","@id":"https:\/\/permbledhja.com\/#\/schema\/person\/d23f13f59b5722643933d6780783acf3","name":"M M","image":{"@type":"ImageObject","inLanguage":"sq","@id":"https:\/\/permbledhja.com\/#\/schema\/person\/image\/","url":"https:\/\/secure.gravatar.com\/avatar\/e2835a76ca7c31a2416b2d51c4ec9a8f?s=96&d=mm&r=g","contentUrl":"https:\/\/secure.gravatar.com\/avatar\/e2835a76ca7c31a2416b2d51c4ec9a8f?s=96&d=mm&r=g","caption":"M M"},"sameAs":["http:\/\/MM"],"url":"https:\/\/permbledhja.com\/sq\/author\/muhamet\/"}]}},"_links":{"self":[{"href":"https:\/\/permbledhja.com\/sq\/wp-json\/wp\/v2\/posts\/21897"}],"collection":[{"href":"https:\/\/permbledhja.com\/sq\/wp-json\/wp\/v2\/posts"}],"about":[{"href":"https:\/\/permbledhja.com\/sq\/wp-json\/wp\/v2\/types\/post"}],"author":[{"embeddable":true,"href":"https:\/\/permbledhja.com\/sq\/wp-json\/wp\/v2\/users\/2"}],"replies":[{"embeddable":true,"href":"https:\/\/permbledhja.com\/sq\/wp-json\/wp\/v2\/comments?post=21897"}],"version-history":[{"count":1,"href":"https:\/\/permbledhja.com\/sq\/wp-json\/wp\/v2\/posts\/21897\/revisions"}],"predecessor-version":[{"id":21899,"href":"https:\/\/permbledhja.com\/sq\/wp-json\/wp\/v2\/posts\/21897\/revisions\/21899"}],"wp:featuredmedia":[{"embeddable":true,"href":"https:\/\/permbledhja.com\/sq\/wp-json\/wp\/v2\/media\/21898"}],"wp:attachment":[{"href":"https:\/\/permbledhja.com\/sq\/wp-json\/wp\/v2\/media?parent=21897"}],"wp:term":[{"taxonomy":"category","embeddable":true,"href":"https:\/\/permbledhja.com\/sq\/wp-json\/wp\/v2\/categories?post=21897"},{"taxonomy":"post_tag","embeddable":true,"href":"https:\/\/permbledhja.com\/sq\/wp-json\/wp\/v2\/tags?post=21897"}],"curies":[{"name":"wp","href":"https:\/\/api.w.org\/{rel}","templated":true}]}}