{"id":21891,"date":"2023-08-03T06:51:48","date_gmt":"2023-08-03T06:51:48","guid":{"rendered":"https:\/\/permbledhja.com\/?p=21891"},"modified":"2023-08-03T06:51:48","modified_gmt":"2023-08-03T06:51:48","slug":"fondi-prej-500-mije-eurosh-ne-listen-e-perfituesve-edhe-vellau-i-gruas-se-xhelal-svecles","status":"publish","type":"post","link":"https:\/\/permbledhja.com\/sq\/fondi-prej-500-mije-eurosh-ne-listen-e-perfituesve-edhe-vellau-i-gruas-se-xhelal-svecles\/","title":{"rendered":"Fondi prej 500 mij\u00eb eurosh: N\u00eb list\u00ebn e p\u00ebrfituesve edhe v\u00ebllau i gruas s\u00eb Xhelal Sve\u00e7l\u00ebs"},"content":{"rendered":"<h3>Albin Kurti n\u00eb fushat\u00eb zgjedhore thoshte se familjar\u00ebt jan\u00eb p\u00ebr dasma e ahengje, por Qeveria e udh\u00ebhequr nga ai i ka ndar\u00eb fond v\u00ebllait t\u00eb gruas se Xhelal Sve\u00e7l\u00ebs, Mentor Baranit.<\/h3>\n<p>Barani e ka pranuar p\u00ebr Albanian Post se e ka fituar fondin, por ai nuk e dinte se pse ishte nj\u00eb nga fituesit.<\/p>\n<p>\u201cNuk e di vallahi\u2026\u201d, deklaroi Barani kur u pyet se si ndodhi q\u00eb me organizat\u00ebn e tij \u201cVullneti Rinor\u201d t\u00eb fitonte para nga fondi prej 500 mij\u00eb eurosh t\u00eb destinuara nga Zyra e Kryeministrit p\u00ebr OJQ dhe media t\u00eb minoriteteve.<\/p>\n<p>Barani nuk e dinte as me \u00e7far\u00eb projekti ka fituar.<\/p>\n<p>\u201cO nuk e di, me pyet projekt-menaxherin ai mundet me dit\u00eb\u201d, deklaroi.<\/p>\n<p>\u201cPo 5000 euro jan\u00eb\u201d, tha Barani, duke aluduar n\u00eb \u201cshum\u00eb t\u00eb vog\u00ebl\u201d t\u00eb hollash.<\/p>\n<p>Sipas kritereve paraprake, fituesit do t\u00eb duhej t\u00eb ishin OJQ dhe media q\u00eb merren me organizimin e aktiviteteve t\u00eb komuniteteve jo shumic\u00eb, por Barani ka profil krejt tjet\u00ebr.<\/p>\n<p>Ai, si\u00e7 i shkruan edhe n\u00eb llogarin\u00eb e tij n\u00eb Facebook, \u00ebsht\u00eb an\u00ebtar tek Shoqata e Prodhuesve t\u00eb Qumshtit t\u00eb Kosov\u00ebs.<\/p>\n<p>Megjithat\u00eb, thot\u00eb se politikisht \u201cs&#8217;em ka nimu k\u00ebrkush se un\u00eb jam me LDK\u201d.<\/p>\n<p>Kur pyetet p\u00ebr aktivitetin e organizat\u00ebs, \u201cmiku i Sve\u00e7l\u00ebs\u201d shton se \u201cun\u00eb ve\u00e7 kam aplikuar dhe e kam fituar\u201d.<\/p>\n<p>Mentori, v\u00ebllai i Merita Baranit, gruas s\u00eb Xhelal Sve\u00e7l\u00ebs, nuk kishte d\u00ebgjuar se si pasoj\u00eb e parregullsive t\u00eb k\u00ebtij procesi, ku OJQ si kjo e tija kan\u00eb fituar pa e ditur me \u00e7far\u00eb projekti, n\u00eb nj\u00eb konkurs ku as nuk kishin t\u00eb drejt t\u00eb konkurronin, dha dor\u00ebheqje edhe k\u00ebshilltarja e Kurtit, Elizabeth Gowing, nga puna n\u00eb Zyr\u00ebn p\u00ebr \u00c7\u00ebshtje t\u00eb Komuniteteve, e cila funksionon n\u00eb kuad\u00ebr t\u00eb Kabinetit t\u00eb Kryeministrit t\u00eb Kosov\u00ebs.<\/p>\n<p>Ajo kishte sqaruar se vendimi i saj vjen si reagim ndaj dh\u00ebnies s\u00eb gjysm\u00eb milioni eurove n\u00eb forma t\u00eb parregullta n\u00eb konkursin e fundit t\u00eb Zyr\u00ebs p\u00ebr \u00c7\u00ebshtje t\u00eb Komuniteteve.<\/p>\n<p>Gowing njoftoi se i ka treguar kryeministrit me e-mail se \u00ebsht\u00eb \u201cbefasuar e tmerruar\u201d kur ka par\u00eb \u00e7far\u00eb ka ndodhur dhe sesi parat\u00eb nuk shkuan aty ku ishin t\u00eb destinuara si fillim.<\/p>\n<p>AP duke ndjekur sugjerimin e Baranit, pyeti menaxherin e projektit t\u00eb tij, Fatmir Hoxh\u00ebn, mos dinte gj\u00eb m\u00eb shum\u00eb.<\/p>\n<p>Fillimisht Hoxha nuk u prezantua si menaxher fare.<\/p>\n<p>\u201cUn\u00eb i kam ndihmuar\u201d, tha.<\/p>\n<p>Pasi iu p\u00ebrcoll se Barani e ka prezantuar si menaxher, Hoxha ri-konfirmoi se \u201cpo, ashtu \u00ebsht\u00eb\u201d.<\/p>\n<p>I bezdisur nga pyetjet rreth projektit, njohurit\u00eb e Hoxh\u00ebs dallonin fare pak nga ato t\u00eb Baranit.<\/p>\n<p>Ai tregoi se ka t\u00eb b\u00ebj\u00eb me disa aktivitete p\u00ebr t\u00eb rinjt\u00eb boshnjak\u00eb dhe t\u00eb komuniteteve t\u00eb tjera, por s\u2019kishte agjend\u00eb t\u00eb aktiviteteve, s\u2019kishte lokacione konkrete t\u00eb aktiviteteve dhe s\u2019kishte qart\u00ebsi n\u00eb nd\u00ebrlidhjen mes aktiviteteve dhe linj\u00ebs buxhetore.<\/p>\n<p>\u201cAktiviteti zhvillohet n\u00eb tri faza, \u00ebsht\u00eb nj\u00eb kamp me t\u00eb rinj; pastaj faza e dyt\u00eb \u00ebsht\u00eb krijimi i grupeve joformale me t\u00eb rinj, t\u00eb cil\u00ebt pastaj do t\u2019i dizajnojn\u00eb projekt propozimet p\u00ebr zhvillimin e aktiviteteve p\u00ebr vitin e ardhsh\u00ebm; dhe pjesa e tret\u00eb ka t\u00eb b\u00ebj\u00eb me p\u00ebrgatitjen e nj\u00eb ekspozite me fotografi lidhur me bukurit\u00eb natyrore t\u00eb Kosov\u00ebs, dhe nj\u00eb video lidhur me aktivitetet q\u00eb do t\u2019i zhvillojm\u00eb me komunitet\u201d, shpjegoi me terme t\u00eb p\u00ebrgjithshme Hoxha.<\/p>\n<p>\u201cN\u00ebse nuk gaboj n\u00eb faz\u00ebn e tret\u00eb edhe p\u00ebr fotografi edhe p\u00ebr ekspozit\u00eb edhe p\u00ebr video, s\u2019e di a jan\u00eb m\u00eb tep\u00ebr se 700 euro\u201d.<\/p>\n<p>Keqp\u00ebrdorimet me fondet p\u00ebr minoritetet u kuptuan me 10 korrik, kur faqja zyrtare e kryeministrit publikoi list\u00ebn e fituesve t\u00eb 500 mij\u00eb eurove.<\/p>\n<p>K\u00ebshilltarja britanike e Kurtit, Elizabeth Gowing, kishte b\u00ebr\u00eb ankes\u00eb p\u00ebr keqp\u00ebrdorimet, por v\u00ebrejtjet e saja ishin kthyer prapa nga komisioni si t\u00eb pa baza.<\/p>\n<p>Sa p\u00ebr Sve\u00e7l\u00ebn, kjo nuk \u00ebsht\u00eb hera e par\u00eb q\u00eb familjar\u00ebt e tij p\u00ebrfliten p\u00ebr p\u00ebrfitime nga pushteti.<\/p>\n<p>P\u00ebr kreun e MPB-s\u00eb mediet kishin raportuar vitin e kaluar se motra e tij, Magbule Hyseni, ishte pun\u00ebsuar n\u00eb Ministrin\u00eb e Bujq\u00ebsis\u00eb, Pylltaris\u00eb dhe Zhvillimit Rural.<\/p>\n<p>Por, Sve\u00e7l\u00ebn e kishin nervozuar pyetjet e gazetar\u00ebve p\u00ebr pun\u00ebsimin e motr\u00ebs.<\/p>\n<p>\u201cNe po flasim p\u00ebr nj\u00eb sulm terrorist dhe ju merreni me budallall\u00ebqe t\u00eb tilla\u201d, pati th\u00ebn\u00eb ai gjat\u00eb nj\u00eb konference p\u00ebr media n\u00eb muajin prill.<\/p>\n<p>P\u00ebrkund\u00ebr keqp\u00ebrdorimeve, ministri i Brendsh\u00ebm n\u00eb publik provon gjithmon\u00eb t\u00eb paraqitet si nj\u00eb fanatik i sjelljes korrekte me institucionet.<\/p>\n<p>Kishte b\u00ebr\u00eb buj\u00eb edhe nj\u00eb lajm i sponsorizuar nga vet\u00eb Sve\u00e7la, kur p\u00ebrmes nj\u00eb portali t\u00eb kontrolluar nga L\u00ebvizja Vet\u00ebvendosje, ishte njoftuar se si n\u00eb nj\u00eb vizit\u00eb Sve\u00e7l\u00ebs i ishte dh\u00ebn\u00eb nj\u00eb or\u00eb dore e shtrenjt\u00eb e mark\u00ebs Rolex, por ai s\u2019e kishte mbajtur dot p\u00ebr vete, sepse binde ndesh me ligjin q\u00eb rregullon pranimin e dhuratave me vler\u00eb nga zyrtar\u00ebt e shtetit, prandaj e kishte kthyer n\u00eb ministri.<\/p>\n<p>&nbsp;<\/p>\n","protected":false},"excerpt":{"rendered":"<p>Albin Kurti n\u00eb fushat\u00eb zgjedhore thoshte se familjar\u00ebt jan\u00eb p\u00ebr dasma e ahengje, por Qeveria e udh\u00ebhequr nga ai i ka ndar\u00eb fond v\u00ebllait t\u00eb gruas se Xhelal Sve\u00e7l\u00ebs, Mentor Baranit. Barani e ka pranuar p\u00ebr Albanian Post se e ka fituar fondin, por ai nuk e dinte se pse ishte nj\u00eb nga fituesit. \u201cNuk [&hellip;]<\/p>\n","protected":false},"author":2,"featured_media":21892,"comment_status":"closed","ping_status":"closed","sticky":false,"template":"","format":"standard","meta":{"_monsterinsights_skip_tracking":false,"_monsterinsights_sitenote_active":false,"_monsterinsights_sitenote_note":"","_monsterinsights_sitenote_category":0,"_uf_show_specific_survey":0,"_uf_disable_surveys":false,"footnotes":""},"categories":[23,15],"tags":[665],"yoast_head":"<!-- This site is optimized with the Yoast SEO plugin v21.5 - https:\/\/yoast.com\/wordpress\/plugins\/seo\/ -->\n<title>Fondi prej 500 mij\u00eb eurosh: N\u00eb list\u00ebn e p\u00ebrfituesve edhe v\u00ebllau i gruas s\u00eb Xhelal Sve\u00e7l\u00ebs<\/title>\n<meta name=\"robots\" content=\"index, follow, max-snippet:-1, max-image-preview:large, max-video-preview:-1\" \/>\n<link rel=\"canonical\" href=\"https:\/\/permbledhja.com\/sq\/fondi-prej-500-mije-eurosh-ne-listen-e-perfituesve-edhe-vellau-i-gruas-se-xhelal-svecles\/\" \/>\n<meta property=\"og:locale\" content=\"sq_AL\" \/>\n<meta property=\"og:type\" content=\"article\" \/>\n<meta property=\"og:title\" content=\"Fondi prej 500 mij\u00eb eurosh: N\u00eb list\u00ebn e p\u00ebrfituesve edhe v\u00ebllau i gruas s\u00eb Xhelal Sve\u00e7l\u00ebs\" \/>\n<meta property=\"og:description\" content=\"Albin Kurti n\u00eb fushat\u00eb zgjedhore thoshte se familjar\u00ebt jan\u00eb p\u00ebr dasma e ahengje, por Qeveria e udh\u00ebhequr nga ai i ka ndar\u00eb fond v\u00ebllait t\u00eb gruas se Xhelal Sve\u00e7l\u00ebs, Mentor Baranit. Barani e ka pranuar p\u00ebr Albanian Post se e ka fituar fondin, por ai nuk e dinte se pse ishte nj\u00eb nga fituesit. \u201cNuk [&hellip;]\" \/>\n<meta property=\"og:url\" content=\"https:\/\/permbledhja.com\/sq\/fondi-prej-500-mije-eurosh-ne-listen-e-perfituesve-edhe-vellau-i-gruas-se-xhelal-svecles\/\" \/>\n<meta property=\"og:site_name\" content=\"Ve\u00e7 artikuj p\u00ebrmbledh\u00ebs\" \/>\n<meta property=\"article:publisher\" content=\"https:\/\/www.facebook.com\/press07\/\" \/>\n<meta property=\"article:published_time\" content=\"2023-08-03T06:51:48+00:00\" \/>\n<meta property=\"og:image\" content=\"https:\/\/permbledhja.com\/wp-content\/uploads\/2023\/08\/22-1.png\" \/>\n\t<meta property=\"og:image:width\" content=\"1056\" \/>\n\t<meta property=\"og:image:height\" content=\"632\" \/>\n\t<meta property=\"og:image:type\" content=\"image\/png\" \/>\n<meta name=\"author\" content=\"M M\" \/>\n<meta name=\"twitter:card\" content=\"summary_large_image\" \/>\n<meta name=\"twitter:label1\" content=\"Written by\" \/>\n\t<meta name=\"twitter:data1\" content=\"M M\" \/>\n\t<meta name=\"twitter:label2\" content=\"Est. reading time\" \/>\n\t<meta name=\"twitter:data2\" content=\"4 minuta\" \/>\n<script type=\"application\/ld+json\" class=\"yoast-schema-graph\">{\"@context\":\"https:\/\/schema.org\",\"@graph\":[{\"@type\":\"Article\",\"@id\":\"https:\/\/permbledhja.com\/sq\/fondi-prej-500-mije-eurosh-ne-listen-e-perfituesve-edhe-vellau-i-gruas-se-xhelal-svecles\/#article\",\"isPartOf\":{\"@id\":\"https:\/\/permbledhja.com\/sq\/fondi-prej-500-mije-eurosh-ne-listen-e-perfituesve-edhe-vellau-i-gruas-se-xhelal-svecles\/\"},\"author\":{\"name\":\"M M\",\"@id\":\"https:\/\/permbledhja.com\/#\/schema\/person\/d23f13f59b5722643933d6780783acf3\"},\"headline\":\"Fondi prej 500 mij\u00eb eurosh: N\u00eb list\u00ebn e p\u00ebrfituesve edhe v\u00ebllau i gruas s\u00eb Xhelal Sve\u00e7l\u00ebs\",\"datePublished\":\"2023-08-03T06:51:48+00:00\",\"dateModified\":\"2023-08-03T06:51:48+00:00\",\"mainEntityOfPage\":{\"@id\":\"https:\/\/permbledhja.com\/sq\/fondi-prej-500-mije-eurosh-ne-listen-e-perfituesve-edhe-vellau-i-gruas-se-xhelal-svecles\/\"},\"wordCount\":886,\"publisher\":{\"@id\":\"https:\/\/permbledhja.com\/#organization\"},\"keywords\":[\"Xhelal Sve\u00e7la\"],\"articleSection\":[\"Komb\u00ebtare\",\"Lajme\"],\"inLanguage\":\"sq\"},{\"@type\":\"WebPage\",\"@id\":\"https:\/\/permbledhja.com\/sq\/fondi-prej-500-mije-eurosh-ne-listen-e-perfituesve-edhe-vellau-i-gruas-se-xhelal-svecles\/\",\"url\":\"https:\/\/permbledhja.com\/sq\/fondi-prej-500-mije-eurosh-ne-listen-e-perfituesve-edhe-vellau-i-gruas-se-xhelal-svecles\/\",\"name\":\"Fondi prej 500 mij\u00eb eurosh: N\u00eb list\u00ebn e p\u00ebrfituesve edhe v\u00ebllau i gruas s\u00eb Xhelal Sve\u00e7l\u00ebs\",\"isPartOf\":{\"@id\":\"https:\/\/permbledhja.com\/#website\"},\"datePublished\":\"2023-08-03T06:51:48+00:00\",\"dateModified\":\"2023-08-03T06:51:48+00:00\",\"breadcrumb\":{\"@id\":\"https:\/\/permbledhja.com\/sq\/fondi-prej-500-mije-eurosh-ne-listen-e-perfituesve-edhe-vellau-i-gruas-se-xhelal-svecles\/#breadcrumb\"},\"inLanguage\":\"sq\",\"potentialAction\":[{\"@type\":\"ReadAction\",\"target\":[\"https:\/\/permbledhja.com\/sq\/fondi-prej-500-mije-eurosh-ne-listen-e-perfituesve-edhe-vellau-i-gruas-se-xhelal-svecles\/\"]}]},{\"@type\":\"BreadcrumbList\",\"@id\":\"https:\/\/permbledhja.com\/sq\/fondi-prej-500-mije-eurosh-ne-listen-e-perfituesve-edhe-vellau-i-gruas-se-xhelal-svecles\/#breadcrumb\",\"itemListElement\":[{\"@type\":\"ListItem\",\"position\":1,\"name\":\"Ballina\",\"item\":\"https:\/\/permbledhja.com\/sq\/\"},{\"@type\":\"ListItem\",\"position\":2,\"name\":\"Fondi prej 500 mij\u00eb eurosh: N\u00eb list\u00ebn e p\u00ebrfituesve edhe v\u00ebllau i gruas s\u00eb Xhelal Sve\u00e7l\u00ebs\"}]},{\"@type\":\"WebSite\",\"@id\":\"https:\/\/permbledhja.com\/#website\",\"url\":\"https:\/\/permbledhja.com\/\",\"name\":\"Ve\u00e7 artikuj p\u00ebrmbledh\u00ebs\",\"description\":\"\",\"publisher\":{\"@id\":\"https:\/\/permbledhja.com\/#organization\"},\"potentialAction\":[{\"@type\":\"SearchAction\",\"target\":{\"@type\":\"EntryPoint\",\"urlTemplate\":\"https:\/\/permbledhja.com\/?s={search_term_string}\"},\"query-input\":\"required name=search_term_string\"}],\"inLanguage\":\"sq\"},{\"@type\":\"Organization\",\"@id\":\"https:\/\/permbledhja.com\/#organization\",\"name\":\"MK Media & Pr\",\"url\":\"https:\/\/permbledhja.com\/\",\"logo\":{\"@type\":\"ImageObject\",\"inLanguage\":\"sq\",\"@id\":\"https:\/\/permbledhja.com\/#\/schema\/logo\/image\/\",\"url\":\"https:\/\/permbledhja.com\/wp-content\/uploads\/2021\/12\/07-Press-Logo.jpg\",\"contentUrl\":\"https:\/\/permbledhja.com\/wp-content\/uploads\/2021\/12\/07-Press-Logo.jpg\",\"width\":512,\"height\":512,\"caption\":\"MK Media & Pr\"},\"image\":{\"@id\":\"https:\/\/permbledhja.com\/#\/schema\/logo\/image\/\"},\"sameAs\":[\"https:\/\/www.facebook.com\/press07\/\"]},{\"@type\":\"Person\",\"@id\":\"https:\/\/permbledhja.com\/#\/schema\/person\/d23f13f59b5722643933d6780783acf3\",\"name\":\"M M\",\"image\":{\"@type\":\"ImageObject\",\"inLanguage\":\"sq\",\"@id\":\"https:\/\/permbledhja.com\/#\/schema\/person\/image\/\",\"url\":\"https:\/\/secure.gravatar.com\/avatar\/e2835a76ca7c31a2416b2d51c4ec9a8f?s=96&d=mm&r=g\",\"contentUrl\":\"https:\/\/secure.gravatar.com\/avatar\/e2835a76ca7c31a2416b2d51c4ec9a8f?s=96&d=mm&r=g\",\"caption\":\"M M\"},\"sameAs\":[\"http:\/\/MM\"],\"url\":\"https:\/\/permbledhja.com\/sq\/author\/muhamet\/\"}]}<\/script>\n<!-- \/ Yoast SEO plugin. -->","yoast_head_json":{"title":"Fondi prej 500 mij\u00eb eurosh: N\u00eb list\u00ebn e p\u00ebrfituesve edhe v\u00ebllau i gruas s\u00eb Xhelal Sve\u00e7l\u00ebs","robots":{"index":"index","follow":"follow","max-snippet":"max-snippet:-1","max-image-preview":"max-image-preview:large","max-video-preview":"max-video-preview:-1"},"canonical":"https:\/\/permbledhja.com\/sq\/fondi-prej-500-mije-eurosh-ne-listen-e-perfituesve-edhe-vellau-i-gruas-se-xhelal-svecles\/","og_locale":"sq_AL","og_type":"article","og_title":"Fondi prej 500 mij\u00eb eurosh: N\u00eb list\u00ebn e p\u00ebrfituesve edhe v\u00ebllau i gruas s\u00eb Xhelal Sve\u00e7l\u00ebs","og_description":"Albin Kurti n\u00eb fushat\u00eb zgjedhore thoshte se familjar\u00ebt jan\u00eb p\u00ebr dasma e ahengje, por Qeveria e udh\u00ebhequr nga ai i ka ndar\u00eb fond v\u00ebllait t\u00eb gruas se Xhelal Sve\u00e7l\u00ebs, Mentor Baranit. Barani e ka pranuar p\u00ebr Albanian Post se e ka fituar fondin, por ai nuk e dinte se pse ishte nj\u00eb nga fituesit. \u201cNuk [&hellip;]","og_url":"https:\/\/permbledhja.com\/sq\/fondi-prej-500-mije-eurosh-ne-listen-e-perfituesve-edhe-vellau-i-gruas-se-xhelal-svecles\/","og_site_name":"Ve\u00e7 artikuj p\u00ebrmbledh\u00ebs","article_publisher":"https:\/\/www.facebook.com\/press07\/","article_published_time":"2023-08-03T06:51:48+00:00","og_image":[{"width":1056,"height":632,"url":"https:\/\/permbledhja.com\/wp-content\/uploads\/2023\/08\/22-1.png","type":"image\/png"}],"author":"M M","twitter_card":"summary_large_image","twitter_misc":{"Written by":"M M","Est. reading time":"4 minuta"},"schema":{"@context":"https:\/\/schema.org","@graph":[{"@type":"Article","@id":"https:\/\/permbledhja.com\/sq\/fondi-prej-500-mije-eurosh-ne-listen-e-perfituesve-edhe-vellau-i-gruas-se-xhelal-svecles\/#article","isPartOf":{"@id":"https:\/\/permbledhja.com\/sq\/fondi-prej-500-mije-eurosh-ne-listen-e-perfituesve-edhe-vellau-i-gruas-se-xhelal-svecles\/"},"author":{"name":"M M","@id":"https:\/\/permbledhja.com\/#\/schema\/person\/d23f13f59b5722643933d6780783acf3"},"headline":"Fondi prej 500 mij\u00eb eurosh: N\u00eb list\u00ebn e p\u00ebrfituesve edhe v\u00ebllau i gruas s\u00eb Xhelal Sve\u00e7l\u00ebs","datePublished":"2023-08-03T06:51:48+00:00","dateModified":"2023-08-03T06:51:48+00:00","mainEntityOfPage":{"@id":"https:\/\/permbledhja.com\/sq\/fondi-prej-500-mije-eurosh-ne-listen-e-perfituesve-edhe-vellau-i-gruas-se-xhelal-svecles\/"},"wordCount":886,"publisher":{"@id":"https:\/\/permbledhja.com\/#organization"},"keywords":["Xhelal Sve\u00e7la"],"articleSection":["Komb\u00ebtare","Lajme"],"inLanguage":"sq"},{"@type":"WebPage","@id":"https:\/\/permbledhja.com\/sq\/fondi-prej-500-mije-eurosh-ne-listen-e-perfituesve-edhe-vellau-i-gruas-se-xhelal-svecles\/","url":"https:\/\/permbledhja.com\/sq\/fondi-prej-500-mije-eurosh-ne-listen-e-perfituesve-edhe-vellau-i-gruas-se-xhelal-svecles\/","name":"Fondi prej 500 mij\u00eb eurosh: N\u00eb list\u00ebn e p\u00ebrfituesve edhe v\u00ebllau i gruas s\u00eb Xhelal Sve\u00e7l\u00ebs","isPartOf":{"@id":"https:\/\/permbledhja.com\/#website"},"datePublished":"2023-08-03T06:51:48+00:00","dateModified":"2023-08-03T06:51:48+00:00","breadcrumb":{"@id":"https:\/\/permbledhja.com\/sq\/fondi-prej-500-mije-eurosh-ne-listen-e-perfituesve-edhe-vellau-i-gruas-se-xhelal-svecles\/#breadcrumb"},"inLanguage":"sq","potentialAction":[{"@type":"ReadAction","target":["https:\/\/permbledhja.com\/sq\/fondi-prej-500-mije-eurosh-ne-listen-e-perfituesve-edhe-vellau-i-gruas-se-xhelal-svecles\/"]}]},{"@type":"BreadcrumbList","@id":"https:\/\/permbledhja.com\/sq\/fondi-prej-500-mije-eurosh-ne-listen-e-perfituesve-edhe-vellau-i-gruas-se-xhelal-svecles\/#breadcrumb","itemListElement":[{"@type":"ListItem","position":1,"name":"Ballina","item":"https:\/\/permbledhja.com\/sq\/"},{"@type":"ListItem","position":2,"name":"Fondi prej 500 mij\u00eb eurosh: N\u00eb list\u00ebn e p\u00ebrfituesve edhe v\u00ebllau i gruas s\u00eb Xhelal Sve\u00e7l\u00ebs"}]},{"@type":"WebSite","@id":"https:\/\/permbledhja.com\/#website","url":"https:\/\/permbledhja.com\/","name":"Ve\u00e7 artikuj p\u00ebrmbledh\u00ebs","description":"","publisher":{"@id":"https:\/\/permbledhja.com\/#organization"},"potentialAction":[{"@type":"SearchAction","target":{"@type":"EntryPoint","urlTemplate":"https:\/\/permbledhja.com\/?s={search_term_string}"},"query-input":"required name=search_term_string"}],"inLanguage":"sq"},{"@type":"Organization","@id":"https:\/\/permbledhja.com\/#organization","name":"MK Media & Pr","url":"https:\/\/permbledhja.com\/","logo":{"@type":"ImageObject","inLanguage":"sq","@id":"https:\/\/permbledhja.com\/#\/schema\/logo\/image\/","url":"https:\/\/permbledhja.com\/wp-content\/uploads\/2021\/12\/07-Press-Logo.jpg","contentUrl":"https:\/\/permbledhja.com\/wp-content\/uploads\/2021\/12\/07-Press-Logo.jpg","width":512,"height":512,"caption":"MK Media & Pr"},"image":{"@id":"https:\/\/permbledhja.com\/#\/schema\/logo\/image\/"},"sameAs":["https:\/\/www.facebook.com\/press07\/"]},{"@type":"Person","@id":"https:\/\/permbledhja.com\/#\/schema\/person\/d23f13f59b5722643933d6780783acf3","name":"M M","image":{"@type":"ImageObject","inLanguage":"sq","@id":"https:\/\/permbledhja.com\/#\/schema\/person\/image\/","url":"https:\/\/secure.gravatar.com\/avatar\/e2835a76ca7c31a2416b2d51c4ec9a8f?s=96&d=mm&r=g","contentUrl":"https:\/\/secure.gravatar.com\/avatar\/e2835a76ca7c31a2416b2d51c4ec9a8f?s=96&d=mm&r=g","caption":"M M"},"sameAs":["http:\/\/MM"],"url":"https:\/\/permbledhja.com\/sq\/author\/muhamet\/"}]}},"_links":{"self":[{"href":"https:\/\/permbledhja.com\/sq\/wp-json\/wp\/v2\/posts\/21891"}],"collection":[{"href":"https:\/\/permbledhja.com\/sq\/wp-json\/wp\/v2\/posts"}],"about":[{"href":"https:\/\/permbledhja.com\/sq\/wp-json\/wp\/v2\/types\/post"}],"author":[{"embeddable":true,"href":"https:\/\/permbledhja.com\/sq\/wp-json\/wp\/v2\/users\/2"}],"replies":[{"embeddable":true,"href":"https:\/\/permbledhja.com\/sq\/wp-json\/wp\/v2\/comments?post=21891"}],"version-history":[{"count":1,"href":"https:\/\/permbledhja.com\/sq\/wp-json\/wp\/v2\/posts\/21891\/revisions"}],"predecessor-version":[{"id":21893,"href":"https:\/\/permbledhja.com\/sq\/wp-json\/wp\/v2\/posts\/21891\/revisions\/21893"}],"wp:featuredmedia":[{"embeddable":true,"href":"https:\/\/permbledhja.com\/sq\/wp-json\/wp\/v2\/media\/21892"}],"wp:attachment":[{"href":"https:\/\/permbledhja.com\/sq\/wp-json\/wp\/v2\/media?parent=21891"}],"wp:term":[{"taxonomy":"category","embeddable":true,"href":"https:\/\/permbledhja.com\/sq\/wp-json\/wp\/v2\/categories?post=21891"},{"taxonomy":"post_tag","embeddable":true,"href":"https:\/\/permbledhja.com\/sq\/wp-json\/wp\/v2\/tags?post=21891"}],"curies":[{"name":"wp","href":"https:\/\/api.w.org\/{rel}","templated":true}]}}