{"id":21862,"date":"2023-08-02T19:27:31","date_gmt":"2023-08-02T19:27:31","guid":{"rendered":"https:\/\/permbledhja.com\/?p=21862"},"modified":"2023-08-02T19:27:31","modified_gmt":"2023-08-02T19:27:31","slug":"skandal-korrupsion-e-mashtrim-keshtu-karakterizohet-qeveria-kurti-sipas-deputetes-se-pdk-se","status":"publish","type":"post","link":"https:\/\/permbledhja.com\/sq\/skandal-korrupsion-e-mashtrim-keshtu-karakterizohet-qeveria-kurti-sipas-deputetes-se-pdk-se\/","title":{"rendered":"Skandal, korrupsion e mashtrim \u2013 k\u00ebshtu karakterizohet Qeveria Kurti sipas deputetes s\u00eb PDK-s\u00eb"},"content":{"rendered":"<h3>Deputetja e Partis\u00eb Demokratike t\u00eb Kosov\u00ebs (PDK), Ganimete Musliu ka th\u00ebn\u00eb se Qeveria Kurti njihet si qeveri e skandalit, korrupsionit dhe mashtrimit.<\/h3>\n<p>Musliu n\u00eb nj\u00eb intervist\u00eb p\u00ebr \u201cP\u00ebrballje\u201d n\u00eb Telegrafi me kryeredaktorin Muhamet Hajrullahu, ka th\u00ebn\u00eb se k\u00ebto tri epitete e p\u00ebrshkruajn\u00eb m\u00eb s\u00eb miri qeverisjen e Albin Kurtit.<\/p>\n<p>\u201cKur thash skandal, \u00ebsht\u00eb qeveria e cila p\u00ebr tri vite kalon nga skandali n\u00eb skandal. Nj\u00eb qeveri e cila ka ardhur me dhun\u00eb n\u00eb pushtet tenton me dhun\u00eb ta mbaj\u00eb pushtetin duke iu referuar asaj q\u00eb biseduam m\u00eb her\u00ebt, sepse ministrat e Kurtit q\u00eb jan\u00eb skandal n\u00eb vete n\u00eb \u00e7do seanc\u00eb kan\u00eb provokuar deputet\u00ebt dhe jan\u00eb munduar q\u00eb t\u2019ia ndalin fjal\u00ebn. Kemi rastin kur ministrja e Drejt\u00ebsis\u00eb, Albulena Haxhiu i thot\u00eb deputetit ty duhet me t\u2019a ndal fjal\u00ebn me ligj\u201d, tha Musliu.<\/p>\n<p>Deputetja m\u00eb tej si skandal tjet\u00ebr p\u00ebrmend afer\u00ebn e Martin Berishaj, Nagip Krasniqit, vajit, e autostrad\u00ebs p\u00ebr Gjilan. Sa i p\u00ebrket korrupsionit, sipas Musliut t\u00eb gjitha k\u00ebto afera lidhen n\u00eb k\u00ebt\u00eb pik\u00eb.<\/p>\n<p>\u201cQeveria i ka shpenzuar mbi 4 milion\u00eb, ka bler\u00eb rrym\u00eb p\u00ebrmes zyr\u00ebs GEN q\u00eb udh\u00ebhiqet nga Martin Berishaj e cila i ka zyrat n\u00eb Beograd. Mbi 4 milion\u00eb p\u00ebr nj\u00eb muaj. 300 mij\u00eb euro \u00ebsht\u00eb b\u00ebr\u00eb pagesa n\u00eb Poloni p\u00ebr me ble vaj, e vaji nuk ka ardhur kurr\u00eb n\u00eb Kosov\u00eb. Ato pare jan\u00eb vjedh nga Kurti dhe qeveria e tij Autostrada e Gjilanit e p\u00ebr \u00e7udi ministri Liburn Aliu n\u00eb \u00e7do pyetje t\u00eb gazetarit thot\u00eb un\u00eb nuk e di, jam staf politik. Ai thot\u00eb nuk e di sepse nuk ka marr\u00eb leje nga Albin Kurti p\u00ebr me fol\u201d, u shpreh Musliu.<\/p>\n<p>Nd\u00ebrkaq lidhur me mashtrimin, deputetja e PDK-s\u00eb, ka theksuar se Qeveria Kurti ka mashtruar qytetar\u00ebt.<\/p>\n<p>\u201cGjat\u00eb q\u00ebndrimit n\u00eb opozit\u00eb i ka mashtruar qytetar\u00ebt duke th\u00ebn\u00eb se kur vjen n\u00eb pushtet do t\u00eb qeveris\u00eb me duar t\u00eb pastra. Do t\u00eb jet\u00eb komb\u00ebtar e patriot, nuk do t\u00eb shkoj n\u00eb bisedime pa k\u00ebrku falje Serbia, pa deklaruar se ku jan\u00eb t\u00eb zhdukurit. K\u00ebta edhe 20 vjet kan\u00eb me pas luft\u00ebn politike me neve. Kudo q\u00eb t\u00eb shkelin ngado q\u00eb ta kthejn\u00eb kok\u00ebn k\u00ebta kan\u00eb me u p\u00ebrball me projektet gjigande t\u00eb PDK-s\u00eb, duke filluar nga \u00e7lirimi i vendit sepse k\u00ebta kan\u00eb komplekse p\u00ebr deficitet e tyre komb\u00ebtare, pastaj shpalljen e pavar\u00ebsis\u00eb k\u00ebta me mujt e zhb\u00ebjn\u00eb pavar\u00ebsin\u00eb q\u00eb me than\u00eb pastaj e kemi shpallur ne\u201d, tha Musliu.<\/p>\n<p>Deputetja theksoi se \u201cAlbin Kurti \u00ebsht\u00eb duke e humbur edhe trenin p\u00ebr tu treguar institucionalist, p\u00ebr ta d\u00ebshmuar veten\u201d.<\/p>\n<p>Sipas Musliut zyrtar\u00ebt e Vet\u00ebvendosjes n\u00eb institucione kan\u00eb pun\u00ebsuar militant\u00eb p\u00ebr t\u00eb shantazhuar e k\u00ebrc\u00ebnuar pun\u00ebtor\u00ebt e administrat\u00ebs.<\/p>\n<p>\u201cK\u00ebta i kan\u00eb pun\u00ebs militant\u00ebt n\u00ebp\u00ebr kabinete q\u00eb detyr\u00eb par\u00ebsore nga ora 08:00 deri n\u00eb or\u00ebn 16:00 e kan\u00eb me i k\u00ebrc\u00ebnu pun\u00ebtoret e administrat\u00ebs, e me i shantazhu. Albin Kurti i ka mashtruar qytetar\u00ebt e Kosov\u00ebs n\u00eb \u00e7do fjal\u00eb\u201d, u shpreh ajo.<\/p>\n","protected":false},"excerpt":{"rendered":"<p>Deputetja e Partis\u00eb Demokratike t\u00eb Kosov\u00ebs (PDK), Ganimete Musliu ka th\u00ebn\u00eb se Qeveria Kurti njihet si qeveri e skandalit, korrupsionit dhe mashtrimit. Musliu n\u00eb nj\u00eb intervist\u00eb p\u00ebr \u201cP\u00ebrballje\u201d n\u00eb Telegrafi me kryeredaktorin Muhamet Hajrullahu, ka th\u00ebn\u00eb se k\u00ebto tri epitete e p\u00ebrshkruajn\u00eb m\u00eb s\u00eb miri qeverisjen e Albin Kurtit. \u201cKur thash skandal, \u00ebsht\u00eb qeveria e [&hellip;]<\/p>\n","protected":false},"author":1,"featured_media":1816,"comment_status":"closed","ping_status":"closed","sticky":false,"template":"","format":"standard","meta":{"_monsterinsights_skip_tracking":false,"_monsterinsights_sitenote_active":false,"_monsterinsights_sitenote_note":"","_monsterinsights_sitenote_category":0,"_uf_show_specific_survey":0,"_uf_disable_surveys":false,"footnotes":""},"categories":[23,15],"tags":[131],"yoast_head":"<!-- This site is optimized with the Yoast SEO plugin v21.5 - https:\/\/yoast.com\/wordpress\/plugins\/seo\/ -->\n<title>Skandal, korrupsion e mashtrim \u2013 k\u00ebshtu karakterizohet Qeveria Kurti sipas deputetes s\u00eb PDK-s\u00eb<\/title>\n<meta name=\"robots\" content=\"index, follow, max-snippet:-1, max-image-preview:large, max-video-preview:-1\" \/>\n<link rel=\"canonical\" href=\"https:\/\/permbledhja.com\/sq\/skandal-korrupsion-e-mashtrim-keshtu-karakterizohet-qeveria-kurti-sipas-deputetes-se-pdk-se\/\" \/>\n<meta property=\"og:locale\" content=\"sq_AL\" \/>\n<meta property=\"og:type\" content=\"article\" \/>\n<meta property=\"og:title\" content=\"Skandal, korrupsion e mashtrim \u2013 k\u00ebshtu karakterizohet Qeveria Kurti sipas deputetes s\u00eb PDK-s\u00eb\" \/>\n<meta property=\"og:description\" content=\"Deputetja e Partis\u00eb Demokratike t\u00eb Kosov\u00ebs (PDK), Ganimete Musliu ka th\u00ebn\u00eb se Qeveria Kurti njihet si qeveri e skandalit, korrupsionit dhe mashtrimit. Musliu n\u00eb nj\u00eb intervist\u00eb p\u00ebr \u201cP\u00ebrballje\u201d n\u00eb Telegrafi me kryeredaktorin Muhamet Hajrullahu, ka th\u00ebn\u00eb se k\u00ebto tri epitete e p\u00ebrshkruajn\u00eb m\u00eb s\u00eb miri qeverisjen e Albin Kurtit. \u201cKur thash skandal, \u00ebsht\u00eb qeveria e [&hellip;]\" \/>\n<meta property=\"og:url\" content=\"https:\/\/permbledhja.com\/sq\/skandal-korrupsion-e-mashtrim-keshtu-karakterizohet-qeveria-kurti-sipas-deputetes-se-pdk-se\/\" \/>\n<meta property=\"og:site_name\" content=\"Ve\u00e7 artikuj p\u00ebrmbledh\u00ebs\" \/>\n<meta property=\"article:publisher\" content=\"https:\/\/www.facebook.com\/press07\/\" \/>\n<meta property=\"article:author\" content=\"https:\/\/www.facebook.com\/kafexhiu.muharrem\/\" \/>\n<meta property=\"article:published_time\" content=\"2023-08-02T19:27:31+00:00\" \/>\n<meta property=\"og:image\" content=\"https:\/\/permbledhja.com\/wp-content\/uploads\/2022\/07\/Ganimete-Musliu.png\" \/>\n\t<meta property=\"og:image:width\" content=\"685\" \/>\n\t<meta property=\"og:image:height\" content=\"418\" \/>\n\t<meta property=\"og:image:type\" content=\"image\/png\" \/>\n<meta name=\"author\" content=\"P\u00ebrmbledhja\" \/>\n<meta name=\"twitter:card\" content=\"summary_large_image\" \/>\n<meta name=\"twitter:label1\" content=\"Written by\" \/>\n\t<meta name=\"twitter:data1\" content=\"P\u00ebrmbledhja\" \/>\n\t<meta name=\"twitter:label2\" content=\"Est. reading time\" \/>\n\t<meta name=\"twitter:data2\" content=\"3 minuta\" \/>\n<script type=\"application\/ld+json\" class=\"yoast-schema-graph\">{\"@context\":\"https:\/\/schema.org\",\"@graph\":[{\"@type\":\"Article\",\"@id\":\"https:\/\/permbledhja.com\/sq\/skandal-korrupsion-e-mashtrim-keshtu-karakterizohet-qeveria-kurti-sipas-deputetes-se-pdk-se\/#article\",\"isPartOf\":{\"@id\":\"https:\/\/permbledhja.com\/sq\/skandal-korrupsion-e-mashtrim-keshtu-karakterizohet-qeveria-kurti-sipas-deputetes-se-pdk-se\/\"},\"author\":{\"name\":\"P\u00ebrmbledhja\",\"@id\":\"https:\/\/permbledhja.com\/#\/schema\/person\/0d064377258d3221e50693947b9eb4fe\"},\"headline\":\"Skandal, korrupsion e mashtrim \u2013 k\u00ebshtu karakterizohet Qeveria Kurti sipas deputetes s\u00eb PDK-s\u00eb\",\"datePublished\":\"2023-08-02T19:27:31+00:00\",\"dateModified\":\"2023-08-02T19:27:31+00:00\",\"mainEntityOfPage\":{\"@id\":\"https:\/\/permbledhja.com\/sq\/skandal-korrupsion-e-mashtrim-keshtu-karakterizohet-qeveria-kurti-sipas-deputetes-se-pdk-se\/\"},\"wordCount\":552,\"publisher\":{\"@id\":\"https:\/\/permbledhja.com\/#organization\"},\"keywords\":[\"Ganimete Musliu\"],\"articleSection\":[\"Komb\u00ebtare\",\"Lajme\"],\"inLanguage\":\"sq\"},{\"@type\":\"WebPage\",\"@id\":\"https:\/\/permbledhja.com\/sq\/skandal-korrupsion-e-mashtrim-keshtu-karakterizohet-qeveria-kurti-sipas-deputetes-se-pdk-se\/\",\"url\":\"https:\/\/permbledhja.com\/sq\/skandal-korrupsion-e-mashtrim-keshtu-karakterizohet-qeveria-kurti-sipas-deputetes-se-pdk-se\/\",\"name\":\"Skandal, korrupsion e mashtrim \u2013 k\u00ebshtu karakterizohet Qeveria Kurti sipas deputetes s\u00eb PDK-s\u00eb\",\"isPartOf\":{\"@id\":\"https:\/\/permbledhja.com\/#website\"},\"datePublished\":\"2023-08-02T19:27:31+00:00\",\"dateModified\":\"2023-08-02T19:27:31+00:00\",\"breadcrumb\":{\"@id\":\"https:\/\/permbledhja.com\/sq\/skandal-korrupsion-e-mashtrim-keshtu-karakterizohet-qeveria-kurti-sipas-deputetes-se-pdk-se\/#breadcrumb\"},\"inLanguage\":\"sq\",\"potentialAction\":[{\"@type\":\"ReadAction\",\"target\":[\"https:\/\/permbledhja.com\/sq\/skandal-korrupsion-e-mashtrim-keshtu-karakterizohet-qeveria-kurti-sipas-deputetes-se-pdk-se\/\"]}]},{\"@type\":\"BreadcrumbList\",\"@id\":\"https:\/\/permbledhja.com\/sq\/skandal-korrupsion-e-mashtrim-keshtu-karakterizohet-qeveria-kurti-sipas-deputetes-se-pdk-se\/#breadcrumb\",\"itemListElement\":[{\"@type\":\"ListItem\",\"position\":1,\"name\":\"Ballina\",\"item\":\"https:\/\/permbledhja.com\/sq\/\"},{\"@type\":\"ListItem\",\"position\":2,\"name\":\"Skandal, korrupsion e mashtrim \u2013 k\u00ebshtu karakterizohet Qeveria Kurti sipas deputetes s\u00eb PDK-s\u00eb\"}]},{\"@type\":\"WebSite\",\"@id\":\"https:\/\/permbledhja.com\/#website\",\"url\":\"https:\/\/permbledhja.com\/\",\"name\":\"Ve\u00e7 artikuj p\u00ebrmbledh\u00ebs\",\"description\":\"\",\"publisher\":{\"@id\":\"https:\/\/permbledhja.com\/#organization\"},\"potentialAction\":[{\"@type\":\"SearchAction\",\"target\":{\"@type\":\"EntryPoint\",\"urlTemplate\":\"https:\/\/permbledhja.com\/?s={search_term_string}\"},\"query-input\":\"required name=search_term_string\"}],\"inLanguage\":\"sq\"},{\"@type\":\"Organization\",\"@id\":\"https:\/\/permbledhja.com\/#organization\",\"name\":\"MK Media & Pr\",\"url\":\"https:\/\/permbledhja.com\/\",\"logo\":{\"@type\":\"ImageObject\",\"inLanguage\":\"sq\",\"@id\":\"https:\/\/permbledhja.com\/#\/schema\/logo\/image\/\",\"url\":\"https:\/\/permbledhja.com\/wp-content\/uploads\/2021\/12\/07-Press-Logo.jpg\",\"contentUrl\":\"https:\/\/permbledhja.com\/wp-content\/uploads\/2021\/12\/07-Press-Logo.jpg\",\"width\":512,\"height\":512,\"caption\":\"MK Media & Pr\"},\"image\":{\"@id\":\"https:\/\/permbledhja.com\/#\/schema\/logo\/image\/\"},\"sameAs\":[\"https:\/\/www.facebook.com\/press07\/\"]},{\"@type\":\"Person\",\"@id\":\"https:\/\/permbledhja.com\/#\/schema\/person\/0d064377258d3221e50693947b9eb4fe\",\"name\":\"P\u00ebrmbledhja\",\"image\":{\"@type\":\"ImageObject\",\"inLanguage\":\"sq\",\"@id\":\"https:\/\/permbledhja.com\/#\/schema\/person\/image\/\",\"url\":\"https:\/\/permbledhja.com\/wp-content\/uploads\/2026\/01\/452004717_1040944174702970_8932037511805513407_n-96x96.jpg\",\"contentUrl\":\"https:\/\/permbledhja.com\/wp-content\/uploads\/2026\/01\/452004717_1040944174702970_8932037511805513407_n-96x96.jpg\",\"caption\":\"P\u00ebrmbledhja\"},\"sameAs\":[\"https:\/\/www.facebook.com\/kafexhiu.muharrem\/\",\"https:\/\/www.instagram.com\/muharrem_kafexhiu\/\"],\"url\":\"https:\/\/permbledhja.com\/sq\/author\/admin\/\"}]}<\/script>\n<!-- \/ Yoast SEO plugin. -->","yoast_head_json":{"title":"Skandal, korrupsion e mashtrim \u2013 k\u00ebshtu karakterizohet Qeveria Kurti sipas deputetes s\u00eb PDK-s\u00eb","robots":{"index":"index","follow":"follow","max-snippet":"max-snippet:-1","max-image-preview":"max-image-preview:large","max-video-preview":"max-video-preview:-1"},"canonical":"https:\/\/permbledhja.com\/sq\/skandal-korrupsion-e-mashtrim-keshtu-karakterizohet-qeveria-kurti-sipas-deputetes-se-pdk-se\/","og_locale":"sq_AL","og_type":"article","og_title":"Skandal, korrupsion e mashtrim \u2013 k\u00ebshtu karakterizohet Qeveria Kurti sipas deputetes s\u00eb PDK-s\u00eb","og_description":"Deputetja e Partis\u00eb Demokratike t\u00eb Kosov\u00ebs (PDK), Ganimete Musliu ka th\u00ebn\u00eb se Qeveria Kurti njihet si qeveri e skandalit, korrupsionit dhe mashtrimit. Musliu n\u00eb nj\u00eb intervist\u00eb p\u00ebr \u201cP\u00ebrballje\u201d n\u00eb Telegrafi me kryeredaktorin Muhamet Hajrullahu, ka th\u00ebn\u00eb se k\u00ebto tri epitete e p\u00ebrshkruajn\u00eb m\u00eb s\u00eb miri qeverisjen e Albin Kurtit. \u201cKur thash skandal, \u00ebsht\u00eb qeveria e [&hellip;]","og_url":"https:\/\/permbledhja.com\/sq\/skandal-korrupsion-e-mashtrim-keshtu-karakterizohet-qeveria-kurti-sipas-deputetes-se-pdk-se\/","og_site_name":"Ve\u00e7 artikuj p\u00ebrmbledh\u00ebs","article_publisher":"https:\/\/www.facebook.com\/press07\/","article_author":"https:\/\/www.facebook.com\/kafexhiu.muharrem\/","article_published_time":"2023-08-02T19:27:31+00:00","og_image":[{"width":685,"height":418,"url":"https:\/\/permbledhja.com\/wp-content\/uploads\/2022\/07\/Ganimete-Musliu.png","type":"image\/png"}],"author":"P\u00ebrmbledhja","twitter_card":"summary_large_image","twitter_misc":{"Written by":"P\u00ebrmbledhja","Est. reading time":"3 minuta"},"schema":{"@context":"https:\/\/schema.org","@graph":[{"@type":"Article","@id":"https:\/\/permbledhja.com\/sq\/skandal-korrupsion-e-mashtrim-keshtu-karakterizohet-qeveria-kurti-sipas-deputetes-se-pdk-se\/#article","isPartOf":{"@id":"https:\/\/permbledhja.com\/sq\/skandal-korrupsion-e-mashtrim-keshtu-karakterizohet-qeveria-kurti-sipas-deputetes-se-pdk-se\/"},"author":{"name":"P\u00ebrmbledhja","@id":"https:\/\/permbledhja.com\/#\/schema\/person\/0d064377258d3221e50693947b9eb4fe"},"headline":"Skandal, korrupsion e mashtrim \u2013 k\u00ebshtu karakterizohet Qeveria Kurti sipas deputetes s\u00eb PDK-s\u00eb","datePublished":"2023-08-02T19:27:31+00:00","dateModified":"2023-08-02T19:27:31+00:00","mainEntityOfPage":{"@id":"https:\/\/permbledhja.com\/sq\/skandal-korrupsion-e-mashtrim-keshtu-karakterizohet-qeveria-kurti-sipas-deputetes-se-pdk-se\/"},"wordCount":552,"publisher":{"@id":"https:\/\/permbledhja.com\/#organization"},"keywords":["Ganimete Musliu"],"articleSection":["Komb\u00ebtare","Lajme"],"inLanguage":"sq"},{"@type":"WebPage","@id":"https:\/\/permbledhja.com\/sq\/skandal-korrupsion-e-mashtrim-keshtu-karakterizohet-qeveria-kurti-sipas-deputetes-se-pdk-se\/","url":"https:\/\/permbledhja.com\/sq\/skandal-korrupsion-e-mashtrim-keshtu-karakterizohet-qeveria-kurti-sipas-deputetes-se-pdk-se\/","name":"Skandal, korrupsion e mashtrim \u2013 k\u00ebshtu karakterizohet Qeveria Kurti sipas deputetes s\u00eb PDK-s\u00eb","isPartOf":{"@id":"https:\/\/permbledhja.com\/#website"},"datePublished":"2023-08-02T19:27:31+00:00","dateModified":"2023-08-02T19:27:31+00:00","breadcrumb":{"@id":"https:\/\/permbledhja.com\/sq\/skandal-korrupsion-e-mashtrim-keshtu-karakterizohet-qeveria-kurti-sipas-deputetes-se-pdk-se\/#breadcrumb"},"inLanguage":"sq","potentialAction":[{"@type":"ReadAction","target":["https:\/\/permbledhja.com\/sq\/skandal-korrupsion-e-mashtrim-keshtu-karakterizohet-qeveria-kurti-sipas-deputetes-se-pdk-se\/"]}]},{"@type":"BreadcrumbList","@id":"https:\/\/permbledhja.com\/sq\/skandal-korrupsion-e-mashtrim-keshtu-karakterizohet-qeveria-kurti-sipas-deputetes-se-pdk-se\/#breadcrumb","itemListElement":[{"@type":"ListItem","position":1,"name":"Ballina","item":"https:\/\/permbledhja.com\/sq\/"},{"@type":"ListItem","position":2,"name":"Skandal, korrupsion e mashtrim \u2013 k\u00ebshtu karakterizohet Qeveria Kurti sipas deputetes s\u00eb PDK-s\u00eb"}]},{"@type":"WebSite","@id":"https:\/\/permbledhja.com\/#website","url":"https:\/\/permbledhja.com\/","name":"Ve\u00e7 artikuj p\u00ebrmbledh\u00ebs","description":"","publisher":{"@id":"https:\/\/permbledhja.com\/#organization"},"potentialAction":[{"@type":"SearchAction","target":{"@type":"EntryPoint","urlTemplate":"https:\/\/permbledhja.com\/?s={search_term_string}"},"query-input":"required name=search_term_string"}],"inLanguage":"sq"},{"@type":"Organization","@id":"https:\/\/permbledhja.com\/#organization","name":"MK Media & Pr","url":"https:\/\/permbledhja.com\/","logo":{"@type":"ImageObject","inLanguage":"sq","@id":"https:\/\/permbledhja.com\/#\/schema\/logo\/image\/","url":"https:\/\/permbledhja.com\/wp-content\/uploads\/2021\/12\/07-Press-Logo.jpg","contentUrl":"https:\/\/permbledhja.com\/wp-content\/uploads\/2021\/12\/07-Press-Logo.jpg","width":512,"height":512,"caption":"MK Media & Pr"},"image":{"@id":"https:\/\/permbledhja.com\/#\/schema\/logo\/image\/"},"sameAs":["https:\/\/www.facebook.com\/press07\/"]},{"@type":"Person","@id":"https:\/\/permbledhja.com\/#\/schema\/person\/0d064377258d3221e50693947b9eb4fe","name":"P\u00ebrmbledhja","image":{"@type":"ImageObject","inLanguage":"sq","@id":"https:\/\/permbledhja.com\/#\/schema\/person\/image\/","url":"https:\/\/permbledhja.com\/wp-content\/uploads\/2026\/01\/452004717_1040944174702970_8932037511805513407_n-96x96.jpg","contentUrl":"https:\/\/permbledhja.com\/wp-content\/uploads\/2026\/01\/452004717_1040944174702970_8932037511805513407_n-96x96.jpg","caption":"P\u00ebrmbledhja"},"sameAs":["https:\/\/www.facebook.com\/kafexhiu.muharrem\/","https:\/\/www.instagram.com\/muharrem_kafexhiu\/"],"url":"https:\/\/permbledhja.com\/sq\/author\/admin\/"}]}},"_links":{"self":[{"href":"https:\/\/permbledhja.com\/sq\/wp-json\/wp\/v2\/posts\/21862"}],"collection":[{"href":"https:\/\/permbledhja.com\/sq\/wp-json\/wp\/v2\/posts"}],"about":[{"href":"https:\/\/permbledhja.com\/sq\/wp-json\/wp\/v2\/types\/post"}],"author":[{"embeddable":true,"href":"https:\/\/permbledhja.com\/sq\/wp-json\/wp\/v2\/users\/1"}],"replies":[{"embeddable":true,"href":"https:\/\/permbledhja.com\/sq\/wp-json\/wp\/v2\/comments?post=21862"}],"version-history":[{"count":1,"href":"https:\/\/permbledhja.com\/sq\/wp-json\/wp\/v2\/posts\/21862\/revisions"}],"predecessor-version":[{"id":21863,"href":"https:\/\/permbledhja.com\/sq\/wp-json\/wp\/v2\/posts\/21862\/revisions\/21863"}],"wp:featuredmedia":[{"embeddable":true,"href":"https:\/\/permbledhja.com\/sq\/wp-json\/wp\/v2\/media\/1816"}],"wp:attachment":[{"href":"https:\/\/permbledhja.com\/sq\/wp-json\/wp\/v2\/media?parent=21862"}],"wp:term":[{"taxonomy":"category","embeddable":true,"href":"https:\/\/permbledhja.com\/sq\/wp-json\/wp\/v2\/categories?post=21862"},{"taxonomy":"post_tag","embeddable":true,"href":"https:\/\/permbledhja.com\/sq\/wp-json\/wp\/v2\/tags?post=21862"}],"curies":[{"name":"wp","href":"https:\/\/api.w.org\/{rel}","templated":true}]}}