{"id":21718,"date":"2023-08-02T06:54:22","date_gmt":"2023-08-02T06:54:22","guid":{"rendered":"https:\/\/permbledhja.com\/?p=21718"},"modified":"2023-08-02T06:54:22","modified_gmt":"2023-08-02T06:54:22","slug":"ne-ballkonin-e-hapur-te-qeverise-kurti-takon-mergimtaret-per-nder-te-dites-se-diaspores","status":"publish","type":"post","link":"https:\/\/permbledhja.com\/sq\/ne-ballkonin-e-hapur-te-qeverise-kurti-takon-mergimtaret-per-nder-te-dites-se-diaspores\/","title":{"rendered":"N\u00eb \u2018\u2019Ballkonin e Hapur t\u00eb Qeveris\u00eb\u2019\u2019, Kurti takon m\u00ebrgimtar\u00ebt p\u00ebr nder t\u00eb Dit\u00ebs s\u00eb Diaspor\u00ebs"},"content":{"rendered":"<h3>Kryeministri i Kosov\u00ebs, Albin Kurti, mbr\u00ebm\u00eb p\u00ebr nder t\u00eb Dit\u00ebs s\u00eb Diaspor\u00ebs ka organizuar pritje t\u00eb ve\u00e7ant\u00eb p\u00ebr m\u00ebrgimtar\u00ebt n\u00eb ambientet e \u201cBallkonit t\u00eb Hapur t\u00eb Qeveris\u00eb\u201d.<\/h3>\n<p>Kurti njoftoi m\u00ebrgimtar\u00ebt e pranish\u00ebm mbi progresin e duksh\u00ebm demokratik e ekonomik t\u00eb Kosov\u00ebs t\u00eb evidentuar nga t\u00eb gjitha raportet nd\u00ebrkomb\u00ebtar\u00eb kredibile, duke p\u00ebrmendur k\u00ebshtu rritjen mesatare ekonomike, rritjen e t\u00eb hyrave tatimore, eksportet e investimet e huaja direkte.<\/p>\n<p>\u201cAt\u00eb sot e gjejm\u00eb n\u00eb format m\u00eb t\u00eb suksesshme n\u00eb art, n\u00eb kultur\u00eb, n\u00eb sport, financa, e tash s\u00eb fundmi edhe p\u00ebrfaq\u00ebsim politik n\u00eb shtetet e tyre, nga niveli komunal e deri te ai qendror. Disa prej tyre jan\u00eb k\u00ebtu n\u00eb mesin ton\u00eb sonte\u201d, u shpreh Kurti.<\/p>\n<p>Tutje, ai i prezantoi m\u00ebrgimtar\u00ebt edhe me programin p\u00ebr diplomaci publike \u201cCitizen Diplomacy Fello\u00ebship\u201d, q\u00eb ka p\u00ebr q\u00ebllim nd\u00ebrlidhjen me vendin e origjin\u00ebs p\u00ebrmes angazhimit profesional, si dhe lansimin e platform\u00ebs \u201cShijo Kosov\u00ebn\u201d, p\u00ebrmes s\u00eb cil\u00ebs m\u00ebrgat\u00ebs, sidomos gjeneratave t\u00eb reja, i\u2019u mund\u00ebsohet njohja e vendit me an\u00eb t\u00eb aktiviteteve kulturore, sportive e natyrore.<\/p>\n<p>M\u00eb tutje \u00ebsht\u00eb b\u00ebr\u00eb e ditur se Kurti i lumtur p\u00ebr takimin, fal\u00ebnderoi p\u00ebrzem\u00ebrsisht gjith\u00eb bashkatdhetar\u00ebt.<\/p>\n<p>N\u00eb k\u00ebt\u00eb pritje, ku t\u00eb ftuar ishin pjes\u00ebtar\u00eb e figura t\u00eb ndryshme nga m\u00ebrgata, artist\u00eb, veprimtar\u00eb, p\u00ebrfaq\u00ebsues t\u00eb shoqatave q\u00eb veprojn\u00eb n\u00eb m\u00ebrgat\u00eb e p\u00ebrfaq\u00ebsues t\u00eb rinj politik\u00eb atje, bashk\u00eb me kryeministrin ishin t\u00eb pranish\u00ebm edhe ministra e ministre t\u00eb kabinetit qeveritar dhe z\u00ebvend\u00ebsministra.<\/p>\n","protected":false},"excerpt":{"rendered":"<p>Kryeministri i Kosov\u00ebs, Albin Kurti, mbr\u00ebm\u00eb p\u00ebr nder t\u00eb Dit\u00ebs s\u00eb Diaspor\u00ebs ka organizuar pritje t\u00eb ve\u00e7ant\u00eb p\u00ebr m\u00ebrgimtar\u00ebt n\u00eb ambientet e \u201cBallkonit t\u00eb Hapur t\u00eb Qeveris\u00eb\u201d. Kurti njoftoi m\u00ebrgimtar\u00ebt e pranish\u00ebm mbi progresin e duksh\u00ebm demokratik e ekonomik t\u00eb Kosov\u00ebs t\u00eb evidentuar nga t\u00eb gjitha raportet nd\u00ebrkomb\u00ebtar\u00eb kredibile, duke p\u00ebrmendur k\u00ebshtu rritjen mesatare ekonomike, [&hellip;]<\/p>\n","protected":false},"author":2,"featured_media":21719,"comment_status":"closed","ping_status":"closed","sticky":false,"template":"","format":"standard","meta":{"_monsterinsights_skip_tracking":false,"_monsterinsights_sitenote_active":false,"_monsterinsights_sitenote_note":"","_monsterinsights_sitenote_category":0,"_uf_show_specific_survey":0,"_uf_disable_surveys":false,"footnotes":""},"categories":[1146,15],"tags":[86],"yoast_head":"<!-- This site is optimized with the Yoast SEO plugin v21.5 - https:\/\/yoast.com\/wordpress\/plugins\/seo\/ -->\n<title>N\u00eb \u2018\u2019Ballkonin e Hapur t\u00eb Qeveris\u00eb\u2019\u2019, Kurti takon m\u00ebrgimtar\u00ebt p\u00ebr nder t\u00eb Dit\u00ebs s\u00eb Diaspor\u00ebs<\/title>\n<meta name=\"robots\" content=\"index, follow, max-snippet:-1, max-image-preview:large, max-video-preview:-1\" \/>\n<link rel=\"canonical\" href=\"https:\/\/permbledhja.com\/sq\/ne-ballkonin-e-hapur-te-qeverise-kurti-takon-mergimtaret-per-nder-te-dites-se-diaspores\/\" \/>\n<meta property=\"og:locale\" content=\"sq_AL\" \/>\n<meta property=\"og:type\" content=\"article\" \/>\n<meta property=\"og:title\" content=\"N\u00eb \u2018\u2019Ballkonin e Hapur t\u00eb Qeveris\u00eb\u2019\u2019, Kurti takon m\u00ebrgimtar\u00ebt p\u00ebr nder t\u00eb Dit\u00ebs s\u00eb Diaspor\u00ebs\" \/>\n<meta property=\"og:description\" content=\"Kryeministri i Kosov\u00ebs, Albin Kurti, mbr\u00ebm\u00eb p\u00ebr nder t\u00eb Dit\u00ebs s\u00eb Diaspor\u00ebs ka organizuar pritje t\u00eb ve\u00e7ant\u00eb p\u00ebr m\u00ebrgimtar\u00ebt n\u00eb ambientet e \u201cBallkonit t\u00eb Hapur t\u00eb Qeveris\u00eb\u201d. Kurti njoftoi m\u00ebrgimtar\u00ebt e pranish\u00ebm mbi progresin e duksh\u00ebm demokratik e ekonomik t\u00eb Kosov\u00ebs t\u00eb evidentuar nga t\u00eb gjitha raportet nd\u00ebrkomb\u00ebtar\u00eb kredibile, duke p\u00ebrmendur k\u00ebshtu rritjen mesatare ekonomike, [&hellip;]\" \/>\n<meta property=\"og:url\" content=\"https:\/\/permbledhja.com\/sq\/ne-ballkonin-e-hapur-te-qeverise-kurti-takon-mergimtaret-per-nder-te-dites-se-diaspores\/\" \/>\n<meta property=\"og:site_name\" content=\"Ve\u00e7 artikuj p\u00ebrmbledh\u00ebs\" \/>\n<meta property=\"article:publisher\" content=\"https:\/\/www.facebook.com\/press07\/\" \/>\n<meta property=\"article:published_time\" content=\"2023-08-02T06:54:22+00:00\" \/>\n<meta property=\"og:image\" content=\"https:\/\/permbledhja.com\/wp-content\/uploads\/2023\/08\/e.jpg\" \/>\n\t<meta property=\"og:image:width\" content=\"1137\" \/>\n\t<meta property=\"og:image:height\" content=\"730\" \/>\n\t<meta property=\"og:image:type\" content=\"image\/jpeg\" \/>\n<meta name=\"author\" content=\"M M\" \/>\n<meta name=\"twitter:card\" content=\"summary_large_image\" \/>\n<meta name=\"twitter:label1\" content=\"Written by\" \/>\n\t<meta name=\"twitter:data1\" content=\"M M\" \/>\n\t<meta name=\"twitter:label2\" content=\"Est. reading time\" \/>\n\t<meta name=\"twitter:data2\" content=\"1 minut\u00eb\" \/>\n<script type=\"application\/ld+json\" class=\"yoast-schema-graph\">{\"@context\":\"https:\/\/schema.org\",\"@graph\":[{\"@type\":\"Article\",\"@id\":\"https:\/\/permbledhja.com\/sq\/ne-ballkonin-e-hapur-te-qeverise-kurti-takon-mergimtaret-per-nder-te-dites-se-diaspores\/#article\",\"isPartOf\":{\"@id\":\"https:\/\/permbledhja.com\/sq\/ne-ballkonin-e-hapur-te-qeverise-kurti-takon-mergimtaret-per-nder-te-dites-se-diaspores\/\"},\"author\":{\"name\":\"M M\",\"@id\":\"https:\/\/permbledhja.com\/#\/schema\/person\/d23f13f59b5722643933d6780783acf3\"},\"headline\":\"N\u00eb \u2018\u2019Ballkonin e Hapur t\u00eb Qeveris\u00eb\u2019\u2019, Kurti takon m\u00ebrgimtar\u00ebt p\u00ebr nder t\u00eb Dit\u00ebs s\u00eb Diaspor\u00ebs\",\"datePublished\":\"2023-08-02T06:54:22+00:00\",\"dateModified\":\"2023-08-02T06:54:22+00:00\",\"mainEntityOfPage\":{\"@id\":\"https:\/\/permbledhja.com\/sq\/ne-ballkonin-e-hapur-te-qeverise-kurti-takon-mergimtaret-per-nder-te-dites-se-diaspores\/\"},\"wordCount\":302,\"publisher\":{\"@id\":\"https:\/\/permbledhja.com\/#organization\"},\"keywords\":[\"Albin Kurti\"],\"articleSection\":[\"Kryesoret\",\"Lajme\"],\"inLanguage\":\"sq\"},{\"@type\":\"WebPage\",\"@id\":\"https:\/\/permbledhja.com\/sq\/ne-ballkonin-e-hapur-te-qeverise-kurti-takon-mergimtaret-per-nder-te-dites-se-diaspores\/\",\"url\":\"https:\/\/permbledhja.com\/sq\/ne-ballkonin-e-hapur-te-qeverise-kurti-takon-mergimtaret-per-nder-te-dites-se-diaspores\/\",\"name\":\"N\u00eb \u2018\u2019Ballkonin e Hapur t\u00eb Qeveris\u00eb\u2019\u2019, Kurti takon m\u00ebrgimtar\u00ebt p\u00ebr nder t\u00eb Dit\u00ebs s\u00eb Diaspor\u00ebs\",\"isPartOf\":{\"@id\":\"https:\/\/permbledhja.com\/#website\"},\"datePublished\":\"2023-08-02T06:54:22+00:00\",\"dateModified\":\"2023-08-02T06:54:22+00:00\",\"breadcrumb\":{\"@id\":\"https:\/\/permbledhja.com\/sq\/ne-ballkonin-e-hapur-te-qeverise-kurti-takon-mergimtaret-per-nder-te-dites-se-diaspores\/#breadcrumb\"},\"inLanguage\":\"sq\",\"potentialAction\":[{\"@type\":\"ReadAction\",\"target\":[\"https:\/\/permbledhja.com\/sq\/ne-ballkonin-e-hapur-te-qeverise-kurti-takon-mergimtaret-per-nder-te-dites-se-diaspores\/\"]}]},{\"@type\":\"BreadcrumbList\",\"@id\":\"https:\/\/permbledhja.com\/sq\/ne-ballkonin-e-hapur-te-qeverise-kurti-takon-mergimtaret-per-nder-te-dites-se-diaspores\/#breadcrumb\",\"itemListElement\":[{\"@type\":\"ListItem\",\"position\":1,\"name\":\"Ballina\",\"item\":\"https:\/\/permbledhja.com\/sq\/\"},{\"@type\":\"ListItem\",\"position\":2,\"name\":\"N\u00eb \u2018\u2019Ballkonin e Hapur t\u00eb Qeveris\u00eb\u2019\u2019, Kurti takon m\u00ebrgimtar\u00ebt p\u00ebr nder t\u00eb Dit\u00ebs s\u00eb Diaspor\u00ebs\"}]},{\"@type\":\"WebSite\",\"@id\":\"https:\/\/permbledhja.com\/#website\",\"url\":\"https:\/\/permbledhja.com\/\",\"name\":\"Ve\u00e7 artikuj p\u00ebrmbledh\u00ebs\",\"description\":\"\",\"publisher\":{\"@id\":\"https:\/\/permbledhja.com\/#organization\"},\"potentialAction\":[{\"@type\":\"SearchAction\",\"target\":{\"@type\":\"EntryPoint\",\"urlTemplate\":\"https:\/\/permbledhja.com\/?s={search_term_string}\"},\"query-input\":\"required name=search_term_string\"}],\"inLanguage\":\"sq\"},{\"@type\":\"Organization\",\"@id\":\"https:\/\/permbledhja.com\/#organization\",\"name\":\"MK Media & Pr\",\"url\":\"https:\/\/permbledhja.com\/\",\"logo\":{\"@type\":\"ImageObject\",\"inLanguage\":\"sq\",\"@id\":\"https:\/\/permbledhja.com\/#\/schema\/logo\/image\/\",\"url\":\"https:\/\/permbledhja.com\/wp-content\/uploads\/2021\/12\/07-Press-Logo.jpg\",\"contentUrl\":\"https:\/\/permbledhja.com\/wp-content\/uploads\/2021\/12\/07-Press-Logo.jpg\",\"width\":512,\"height\":512,\"caption\":\"MK Media & Pr\"},\"image\":{\"@id\":\"https:\/\/permbledhja.com\/#\/schema\/logo\/image\/\"},\"sameAs\":[\"https:\/\/www.facebook.com\/press07\/\"]},{\"@type\":\"Person\",\"@id\":\"https:\/\/permbledhja.com\/#\/schema\/person\/d23f13f59b5722643933d6780783acf3\",\"name\":\"M M\",\"image\":{\"@type\":\"ImageObject\",\"inLanguage\":\"sq\",\"@id\":\"https:\/\/permbledhja.com\/#\/schema\/person\/image\/\",\"url\":\"https:\/\/secure.gravatar.com\/avatar\/e2835a76ca7c31a2416b2d51c4ec9a8f?s=96&d=mm&r=g\",\"contentUrl\":\"https:\/\/secure.gravatar.com\/avatar\/e2835a76ca7c31a2416b2d51c4ec9a8f?s=96&d=mm&r=g\",\"caption\":\"M M\"},\"sameAs\":[\"http:\/\/MM\"],\"url\":\"https:\/\/permbledhja.com\/sq\/author\/muhamet\/\"}]}<\/script>\n<!-- \/ Yoast SEO plugin. -->","yoast_head_json":{"title":"N\u00eb \u2018\u2019Ballkonin e Hapur t\u00eb Qeveris\u00eb\u2019\u2019, Kurti takon m\u00ebrgimtar\u00ebt p\u00ebr nder t\u00eb Dit\u00ebs s\u00eb Diaspor\u00ebs","robots":{"index":"index","follow":"follow","max-snippet":"max-snippet:-1","max-image-preview":"max-image-preview:large","max-video-preview":"max-video-preview:-1"},"canonical":"https:\/\/permbledhja.com\/sq\/ne-ballkonin-e-hapur-te-qeverise-kurti-takon-mergimtaret-per-nder-te-dites-se-diaspores\/","og_locale":"sq_AL","og_type":"article","og_title":"N\u00eb \u2018\u2019Ballkonin e Hapur t\u00eb Qeveris\u00eb\u2019\u2019, Kurti takon m\u00ebrgimtar\u00ebt p\u00ebr nder t\u00eb Dit\u00ebs s\u00eb Diaspor\u00ebs","og_description":"Kryeministri i Kosov\u00ebs, Albin Kurti, mbr\u00ebm\u00eb p\u00ebr nder t\u00eb Dit\u00ebs s\u00eb Diaspor\u00ebs ka organizuar pritje t\u00eb ve\u00e7ant\u00eb p\u00ebr m\u00ebrgimtar\u00ebt n\u00eb ambientet e \u201cBallkonit t\u00eb Hapur t\u00eb Qeveris\u00eb\u201d. Kurti njoftoi m\u00ebrgimtar\u00ebt e pranish\u00ebm mbi progresin e duksh\u00ebm demokratik e ekonomik t\u00eb Kosov\u00ebs t\u00eb evidentuar nga t\u00eb gjitha raportet nd\u00ebrkomb\u00ebtar\u00eb kredibile, duke p\u00ebrmendur k\u00ebshtu rritjen mesatare ekonomike, [&hellip;]","og_url":"https:\/\/permbledhja.com\/sq\/ne-ballkonin-e-hapur-te-qeverise-kurti-takon-mergimtaret-per-nder-te-dites-se-diaspores\/","og_site_name":"Ve\u00e7 artikuj p\u00ebrmbledh\u00ebs","article_publisher":"https:\/\/www.facebook.com\/press07\/","article_published_time":"2023-08-02T06:54:22+00:00","og_image":[{"width":1137,"height":730,"url":"https:\/\/permbledhja.com\/wp-content\/uploads\/2023\/08\/e.jpg","type":"image\/jpeg"}],"author":"M M","twitter_card":"summary_large_image","twitter_misc":{"Written by":"M M","Est. reading time":"1 minut\u00eb"},"schema":{"@context":"https:\/\/schema.org","@graph":[{"@type":"Article","@id":"https:\/\/permbledhja.com\/sq\/ne-ballkonin-e-hapur-te-qeverise-kurti-takon-mergimtaret-per-nder-te-dites-se-diaspores\/#article","isPartOf":{"@id":"https:\/\/permbledhja.com\/sq\/ne-ballkonin-e-hapur-te-qeverise-kurti-takon-mergimtaret-per-nder-te-dites-se-diaspores\/"},"author":{"name":"M M","@id":"https:\/\/permbledhja.com\/#\/schema\/person\/d23f13f59b5722643933d6780783acf3"},"headline":"N\u00eb \u2018\u2019Ballkonin e Hapur t\u00eb Qeveris\u00eb\u2019\u2019, Kurti takon m\u00ebrgimtar\u00ebt p\u00ebr nder t\u00eb Dit\u00ebs s\u00eb Diaspor\u00ebs","datePublished":"2023-08-02T06:54:22+00:00","dateModified":"2023-08-02T06:54:22+00:00","mainEntityOfPage":{"@id":"https:\/\/permbledhja.com\/sq\/ne-ballkonin-e-hapur-te-qeverise-kurti-takon-mergimtaret-per-nder-te-dites-se-diaspores\/"},"wordCount":302,"publisher":{"@id":"https:\/\/permbledhja.com\/#organization"},"keywords":["Albin Kurti"],"articleSection":["Kryesoret","Lajme"],"inLanguage":"sq"},{"@type":"WebPage","@id":"https:\/\/permbledhja.com\/sq\/ne-ballkonin-e-hapur-te-qeverise-kurti-takon-mergimtaret-per-nder-te-dites-se-diaspores\/","url":"https:\/\/permbledhja.com\/sq\/ne-ballkonin-e-hapur-te-qeverise-kurti-takon-mergimtaret-per-nder-te-dites-se-diaspores\/","name":"N\u00eb \u2018\u2019Ballkonin e Hapur t\u00eb Qeveris\u00eb\u2019\u2019, Kurti takon m\u00ebrgimtar\u00ebt p\u00ebr nder t\u00eb Dit\u00ebs s\u00eb Diaspor\u00ebs","isPartOf":{"@id":"https:\/\/permbledhja.com\/#website"},"datePublished":"2023-08-02T06:54:22+00:00","dateModified":"2023-08-02T06:54:22+00:00","breadcrumb":{"@id":"https:\/\/permbledhja.com\/sq\/ne-ballkonin-e-hapur-te-qeverise-kurti-takon-mergimtaret-per-nder-te-dites-se-diaspores\/#breadcrumb"},"inLanguage":"sq","potentialAction":[{"@type":"ReadAction","target":["https:\/\/permbledhja.com\/sq\/ne-ballkonin-e-hapur-te-qeverise-kurti-takon-mergimtaret-per-nder-te-dites-se-diaspores\/"]}]},{"@type":"BreadcrumbList","@id":"https:\/\/permbledhja.com\/sq\/ne-ballkonin-e-hapur-te-qeverise-kurti-takon-mergimtaret-per-nder-te-dites-se-diaspores\/#breadcrumb","itemListElement":[{"@type":"ListItem","position":1,"name":"Ballina","item":"https:\/\/permbledhja.com\/sq\/"},{"@type":"ListItem","position":2,"name":"N\u00eb \u2018\u2019Ballkonin e Hapur t\u00eb Qeveris\u00eb\u2019\u2019, Kurti takon m\u00ebrgimtar\u00ebt p\u00ebr nder t\u00eb Dit\u00ebs s\u00eb Diaspor\u00ebs"}]},{"@type":"WebSite","@id":"https:\/\/permbledhja.com\/#website","url":"https:\/\/permbledhja.com\/","name":"Ve\u00e7 artikuj p\u00ebrmbledh\u00ebs","description":"","publisher":{"@id":"https:\/\/permbledhja.com\/#organization"},"potentialAction":[{"@type":"SearchAction","target":{"@type":"EntryPoint","urlTemplate":"https:\/\/permbledhja.com\/?s={search_term_string}"},"query-input":"required name=search_term_string"}],"inLanguage":"sq"},{"@type":"Organization","@id":"https:\/\/permbledhja.com\/#organization","name":"MK Media & Pr","url":"https:\/\/permbledhja.com\/","logo":{"@type":"ImageObject","inLanguage":"sq","@id":"https:\/\/permbledhja.com\/#\/schema\/logo\/image\/","url":"https:\/\/permbledhja.com\/wp-content\/uploads\/2021\/12\/07-Press-Logo.jpg","contentUrl":"https:\/\/permbledhja.com\/wp-content\/uploads\/2021\/12\/07-Press-Logo.jpg","width":512,"height":512,"caption":"MK Media & Pr"},"image":{"@id":"https:\/\/permbledhja.com\/#\/schema\/logo\/image\/"},"sameAs":["https:\/\/www.facebook.com\/press07\/"]},{"@type":"Person","@id":"https:\/\/permbledhja.com\/#\/schema\/person\/d23f13f59b5722643933d6780783acf3","name":"M M","image":{"@type":"ImageObject","inLanguage":"sq","@id":"https:\/\/permbledhja.com\/#\/schema\/person\/image\/","url":"https:\/\/secure.gravatar.com\/avatar\/e2835a76ca7c31a2416b2d51c4ec9a8f?s=96&d=mm&r=g","contentUrl":"https:\/\/secure.gravatar.com\/avatar\/e2835a76ca7c31a2416b2d51c4ec9a8f?s=96&d=mm&r=g","caption":"M M"},"sameAs":["http:\/\/MM"],"url":"https:\/\/permbledhja.com\/sq\/author\/muhamet\/"}]}},"_links":{"self":[{"href":"https:\/\/permbledhja.com\/sq\/wp-json\/wp\/v2\/posts\/21718"}],"collection":[{"href":"https:\/\/permbledhja.com\/sq\/wp-json\/wp\/v2\/posts"}],"about":[{"href":"https:\/\/permbledhja.com\/sq\/wp-json\/wp\/v2\/types\/post"}],"author":[{"embeddable":true,"href":"https:\/\/permbledhja.com\/sq\/wp-json\/wp\/v2\/users\/2"}],"replies":[{"embeddable":true,"href":"https:\/\/permbledhja.com\/sq\/wp-json\/wp\/v2\/comments?post=21718"}],"version-history":[{"count":1,"href":"https:\/\/permbledhja.com\/sq\/wp-json\/wp\/v2\/posts\/21718\/revisions"}],"predecessor-version":[{"id":21720,"href":"https:\/\/permbledhja.com\/sq\/wp-json\/wp\/v2\/posts\/21718\/revisions\/21720"}],"wp:featuredmedia":[{"embeddable":true,"href":"https:\/\/permbledhja.com\/sq\/wp-json\/wp\/v2\/media\/21719"}],"wp:attachment":[{"href":"https:\/\/permbledhja.com\/sq\/wp-json\/wp\/v2\/media?parent=21718"}],"wp:term":[{"taxonomy":"category","embeddable":true,"href":"https:\/\/permbledhja.com\/sq\/wp-json\/wp\/v2\/categories?post=21718"},{"taxonomy":"post_tag","embeddable":true,"href":"https:\/\/permbledhja.com\/sq\/wp-json\/wp\/v2\/tags?post=21718"}],"curies":[{"name":"wp","href":"https:\/\/api.w.org\/{rel}","templated":true}]}}