{"id":21690,"date":"2023-08-01T18:28:15","date_gmt":"2023-08-01T18:28:15","guid":{"rendered":"https:\/\/permbledhja.com\/?p=21690"},"modified":"2023-08-01T18:28:15","modified_gmt":"2023-08-01T18:28:15","slug":"weber-kurti-ka-te-drejte-kur-thote-se-dialogu-eshte-i-pa-balancuar","status":"publish","type":"post","link":"https:\/\/permbledhja.com\/sq\/weber-kurti-ka-te-drejte-kur-thote-se-dialogu-eshte-i-pa-balancuar\/","title":{"rendered":"Weber: Kurti ka t\u00eb drejt\u00eb kur thot\u00eb se dialogu \u00ebsht\u00eb i pa balancuar"},"content":{"rendered":"<h3>Analisti gjerman, Bodo Weber, thot\u00eb se Kosova nuk po trajtohet e barabart\u00eb me Serbin\u00eb n\u00eb tavolin\u00ebn e negociatave q\u00eb po nd\u00ebrmjet\u00ebsohet nga unioni evropian.<\/h3>\n<p>Sipas tij, shtetet Per\u00ebndimore kan\u00eb krijuar nj\u00eb perceptim se problemi q\u00ebndron tek Prishtina p\u00ebr kriz\u00ebn n\u00eb veri.<\/p>\n<p><em>\u201cAlbin Kurti ka plot\u00ebsisht t\u00eb drejt\u00eb kur po thot\u00eb se procesi i dialogut momentalisht \u00ebsht\u00eb i pa balancuar. \u00cbsht\u00eb mese e qart\u00eb se Per\u00ebndimi \u00ebsht\u00eb duke p\u00ebrdorur nj\u00eb politik\u00eb t\u00eb but\u00eb ndaj Beogradit. Me at\u00eb se \u00e7far\u00eb ka ndodhur gjat\u00eb periudh\u00ebs s\u00eb fundit shtetet Per\u00ebndimore kan\u00eb krijuar nj\u00eb perceptim se Prishtina \u00ebsht\u00eb problemi kryesor. Nj\u00eb qasje e till\u00eb nd\u00ebshkuese e Per\u00ebndimit ka munguar ndaj Beogradit kur p\u00ebr shembull serb\u00ebt vendos\u00ebn t\u00eb largohen nga institucionet e m\u00eb pas i bojkotuan zgjedhjet\u201d<\/em>, vler\u00ebsoi Weber.<\/p>\n<p>Por Weber nuk po sheh vullnet nga asnj\u00ebra pal\u00eb q\u00eb ta zbatoj\u00eb marr\u00ebveshjen e Ohrit.<\/p>\n<p><em>\u201c\u00cbsht\u00eb e qart\u00eb se ka nuk ka vullnet nga Prishtina dhe Beogradi q\u00eb ta respektojn\u00eb marr\u00ebveshjen e arritur n\u00eb Oh\u00ebr. Ky \u00ebsht\u00eb rezultat i gjith\u00eb procesit t\u00eb negociatave q\u00eb \u00ebsht\u00eb projektuar keq nga Per\u00ebndimi duke u qasur shum\u00eb but\u00eb ndaj Beogradit, dhe si rrjedhoj\u00eb marr\u00ebveshjet nuk merren seriozisht. E p\u00ebr shkak t\u00eb nj\u00eb qasje t\u00eb till\u00eb t\u00eb pa balancuar e pafavorshme ndaj Prishtin\u00ebs, ka ndikuar q\u00eb kjo e fundit t\u00eb humbas besimin tek nd\u00ebrmjet\u00ebsuesit e k\u00ebtij procesi. Kjo n\u00eb nj\u00eb far\u00eb forme i justifikon edhe veprimet e Prishtin\u00ebs q\u00eb t\u00eb mos i zbatoj\u00eb fare marr\u00ebveshjet\u201d,<\/em> deklaroi Weber.<\/p>\n<p>P\u00ebr shtensionimin e situat\u00ebs n\u00eb veri BE dhe SHBA kan\u00eb k\u00ebrkuar zgjedhje t\u00eb reja n\u00eb kat\u00ebr komunat veriore.\/T\u00ebv\u00eb1<\/p>\n","protected":false},"excerpt":{"rendered":"<p>Analisti gjerman, Bodo Weber, thot\u00eb se Kosova nuk po trajtohet e barabart\u00eb me Serbin\u00eb n\u00eb tavolin\u00ebn e negociatave q\u00eb po nd\u00ebrmjet\u00ebsohet nga unioni evropian. Sipas tij, shtetet Per\u00ebndimore kan\u00eb krijuar nj\u00eb perceptim se problemi q\u00ebndron tek Prishtina p\u00ebr kriz\u00ebn n\u00eb veri. \u201cAlbin Kurti ka plot\u00ebsisht t\u00eb drejt\u00eb kur po thot\u00eb se procesi i dialogut momentalisht [&hellip;]<\/p>\n","protected":false},"author":1,"featured_media":21691,"comment_status":"closed","ping_status":"closed","sticky":false,"template":"","format":"standard","meta":{"_monsterinsights_skip_tracking":false,"_monsterinsights_sitenote_active":false,"_monsterinsights_sitenote_note":"","_monsterinsights_sitenote_category":0,"_uf_show_specific_survey":0,"_uf_disable_surveys":false,"footnotes":""},"categories":[23,15],"tags":[1379],"yoast_head":"<!-- This site is optimized with the Yoast SEO plugin v21.5 - https:\/\/yoast.com\/wordpress\/plugins\/seo\/ -->\n<title>Weber: Kurti ka t\u00eb drejt\u00eb kur thot\u00eb se dialogu \u00ebsht\u00eb i pa balancuar<\/title>\n<meta name=\"robots\" content=\"index, follow, max-snippet:-1, max-image-preview:large, max-video-preview:-1\" \/>\n<link rel=\"canonical\" href=\"https:\/\/permbledhja.com\/sq\/weber-kurti-ka-te-drejte-kur-thote-se-dialogu-eshte-i-pa-balancuar\/\" \/>\n<meta property=\"og:locale\" content=\"sq_AL\" \/>\n<meta property=\"og:type\" content=\"article\" \/>\n<meta property=\"og:title\" content=\"Weber: Kurti ka t\u00eb drejt\u00eb kur thot\u00eb se dialogu \u00ebsht\u00eb i pa balancuar\" \/>\n<meta property=\"og:description\" content=\"Analisti gjerman, Bodo Weber, thot\u00eb se Kosova nuk po trajtohet e barabart\u00eb me Serbin\u00eb n\u00eb tavolin\u00ebn e negociatave q\u00eb po nd\u00ebrmjet\u00ebsohet nga unioni evropian. Sipas tij, shtetet Per\u00ebndimore kan\u00eb krijuar nj\u00eb perceptim se problemi q\u00ebndron tek Prishtina p\u00ebr kriz\u00ebn n\u00eb veri. \u201cAlbin Kurti ka plot\u00ebsisht t\u00eb drejt\u00eb kur po thot\u00eb se procesi i dialogut momentalisht [&hellip;]\" \/>\n<meta property=\"og:url\" content=\"https:\/\/permbledhja.com\/sq\/weber-kurti-ka-te-drejte-kur-thote-se-dialogu-eshte-i-pa-balancuar\/\" \/>\n<meta property=\"og:site_name\" content=\"Ve\u00e7 artikuj p\u00ebrmbledh\u00ebs\" \/>\n<meta property=\"article:publisher\" content=\"https:\/\/www.facebook.com\/press07\/\" \/>\n<meta property=\"article:author\" content=\"https:\/\/www.facebook.com\/kafexhiu.muharrem\/\" \/>\n<meta property=\"article:published_time\" content=\"2023-08-01T18:28:15+00:00\" \/>\n<meta property=\"og:image\" content=\"https:\/\/permbledhja.com\/wp-content\/uploads\/2023\/08\/364805594_6808757152522115_5841518157977729786_n.jpg\" \/>\n\t<meta property=\"og:image:width\" content=\"2048\" \/>\n\t<meta property=\"og:image:height\" content=\"1365\" \/>\n\t<meta property=\"og:image:type\" content=\"image\/jpeg\" \/>\n<meta name=\"author\" content=\"P\u00ebrmbledhja\" \/>\n<meta name=\"twitter:card\" content=\"summary_large_image\" \/>\n<meta name=\"twitter:label1\" content=\"Written by\" \/>\n\t<meta name=\"twitter:data1\" content=\"P\u00ebrmbledhja\" \/>\n\t<meta name=\"twitter:label2\" content=\"Est. reading time\" \/>\n\t<meta name=\"twitter:data2\" content=\"2 minuta\" \/>\n<script type=\"application\/ld+json\" class=\"yoast-schema-graph\">{\"@context\":\"https:\/\/schema.org\",\"@graph\":[{\"@type\":\"Article\",\"@id\":\"https:\/\/permbledhja.com\/weber-kurti-ka-te-drejte-kur-thote-se-dialogu-eshte-i-pa-balancuar\/#article\",\"isPartOf\":{\"@id\":\"https:\/\/permbledhja.com\/weber-kurti-ka-te-drejte-kur-thote-se-dialogu-eshte-i-pa-balancuar\/\"},\"author\":{\"name\":\"P\u00ebrmbledhja\",\"@id\":\"https:\/\/permbledhja.com\/#\/schema\/person\/0d064377258d3221e50693947b9eb4fe\"},\"headline\":\"Weber: Kurti ka t\u00eb drejt\u00eb kur thot\u00eb se dialogu \u00ebsht\u00eb i pa balancuar\",\"datePublished\":\"2023-08-01T18:28:15+00:00\",\"dateModified\":\"2023-08-01T18:28:15+00:00\",\"mainEntityOfPage\":{\"@id\":\"https:\/\/permbledhja.com\/weber-kurti-ka-te-drejte-kur-thote-se-dialogu-eshte-i-pa-balancuar\/\"},\"wordCount\":303,\"publisher\":{\"@id\":\"https:\/\/permbledhja.com\/#organization\"},\"keywords\":[\"Weber\"],\"articleSection\":[\"Komb\u00ebtare\",\"Lajme\"],\"inLanguage\":\"sq\"},{\"@type\":\"WebPage\",\"@id\":\"https:\/\/permbledhja.com\/weber-kurti-ka-te-drejte-kur-thote-se-dialogu-eshte-i-pa-balancuar\/\",\"url\":\"https:\/\/permbledhja.com\/weber-kurti-ka-te-drejte-kur-thote-se-dialogu-eshte-i-pa-balancuar\/\",\"name\":\"Weber: Kurti ka t\u00eb drejt\u00eb kur thot\u00eb se dialogu \u00ebsht\u00eb i pa balancuar\",\"isPartOf\":{\"@id\":\"https:\/\/permbledhja.com\/#website\"},\"datePublished\":\"2023-08-01T18:28:15+00:00\",\"dateModified\":\"2023-08-01T18:28:15+00:00\",\"breadcrumb\":{\"@id\":\"https:\/\/permbledhja.com\/weber-kurti-ka-te-drejte-kur-thote-se-dialogu-eshte-i-pa-balancuar\/#breadcrumb\"},\"inLanguage\":\"sq\",\"potentialAction\":[{\"@type\":\"ReadAction\",\"target\":[\"https:\/\/permbledhja.com\/weber-kurti-ka-te-drejte-kur-thote-se-dialogu-eshte-i-pa-balancuar\/\"]}]},{\"@type\":\"BreadcrumbList\",\"@id\":\"https:\/\/permbledhja.com\/weber-kurti-ka-te-drejte-kur-thote-se-dialogu-eshte-i-pa-balancuar\/#breadcrumb\",\"itemListElement\":[{\"@type\":\"ListItem\",\"position\":1,\"name\":\"Ballina\",\"item\":\"https:\/\/permbledhja.com\/sq\/\"},{\"@type\":\"ListItem\",\"position\":2,\"name\":\"Weber: Kurti ka t\u00eb drejt\u00eb kur thot\u00eb se dialogu \u00ebsht\u00eb i pa balancuar\"}]},{\"@type\":\"WebSite\",\"@id\":\"https:\/\/permbledhja.com\/#website\",\"url\":\"https:\/\/permbledhja.com\/\",\"name\":\"Ve\u00e7 artikuj p\u00ebrmbledh\u00ebs\",\"description\":\"\",\"publisher\":{\"@id\":\"https:\/\/permbledhja.com\/#organization\"},\"potentialAction\":[{\"@type\":\"SearchAction\",\"target\":{\"@type\":\"EntryPoint\",\"urlTemplate\":\"https:\/\/permbledhja.com\/?s={search_term_string}\"},\"query-input\":\"required name=search_term_string\"}],\"inLanguage\":\"sq\"},{\"@type\":\"Organization\",\"@id\":\"https:\/\/permbledhja.com\/#organization\",\"name\":\"MK Media & Pr\",\"url\":\"https:\/\/permbledhja.com\/\",\"logo\":{\"@type\":\"ImageObject\",\"inLanguage\":\"sq\",\"@id\":\"https:\/\/permbledhja.com\/#\/schema\/logo\/image\/\",\"url\":\"https:\/\/permbledhja.com\/wp-content\/uploads\/2021\/12\/07-Press-Logo.jpg\",\"contentUrl\":\"https:\/\/permbledhja.com\/wp-content\/uploads\/2021\/12\/07-Press-Logo.jpg\",\"width\":512,\"height\":512,\"caption\":\"MK Media & Pr\"},\"image\":{\"@id\":\"https:\/\/permbledhja.com\/#\/schema\/logo\/image\/\"},\"sameAs\":[\"https:\/\/www.facebook.com\/press07\/\"]},{\"@type\":\"Person\",\"@id\":\"https:\/\/permbledhja.com\/#\/schema\/person\/0d064377258d3221e50693947b9eb4fe\",\"name\":\"P\u00ebrmbledhja\",\"image\":{\"@type\":\"ImageObject\",\"inLanguage\":\"sq\",\"@id\":\"https:\/\/permbledhja.com\/#\/schema\/person\/image\/\",\"url\":\"https:\/\/permbledhja.com\/wp-content\/uploads\/2026\/01\/452004717_1040944174702970_8932037511805513407_n-96x96.jpg\",\"contentUrl\":\"https:\/\/permbledhja.com\/wp-content\/uploads\/2026\/01\/452004717_1040944174702970_8932037511805513407_n-96x96.jpg\",\"caption\":\"P\u00ebrmbledhja\"},\"sameAs\":[\"https:\/\/www.facebook.com\/kafexhiu.muharrem\/\",\"https:\/\/www.instagram.com\/muharrem_kafexhiu\/\"],\"url\":\"https:\/\/permbledhja.com\/sq\/author\/admin\/\"}]}<\/script>\n<!-- \/ Yoast SEO plugin. -->","yoast_head_json":{"title":"Weber: Kurti ka t\u00eb drejt\u00eb kur thot\u00eb se dialogu \u00ebsht\u00eb i pa balancuar","robots":{"index":"index","follow":"follow","max-snippet":"max-snippet:-1","max-image-preview":"max-image-preview:large","max-video-preview":"max-video-preview:-1"},"canonical":"https:\/\/permbledhja.com\/sq\/weber-kurti-ka-te-drejte-kur-thote-se-dialogu-eshte-i-pa-balancuar\/","og_locale":"sq_AL","og_type":"article","og_title":"Weber: Kurti ka t\u00eb drejt\u00eb kur thot\u00eb se dialogu \u00ebsht\u00eb i pa balancuar","og_description":"Analisti gjerman, Bodo Weber, thot\u00eb se Kosova nuk po trajtohet e barabart\u00eb me Serbin\u00eb n\u00eb tavolin\u00ebn e negociatave q\u00eb po nd\u00ebrmjet\u00ebsohet nga unioni evropian. Sipas tij, shtetet Per\u00ebndimore kan\u00eb krijuar nj\u00eb perceptim se problemi q\u00ebndron tek Prishtina p\u00ebr kriz\u00ebn n\u00eb veri. \u201cAlbin Kurti ka plot\u00ebsisht t\u00eb drejt\u00eb kur po thot\u00eb se procesi i dialogut momentalisht [&hellip;]","og_url":"https:\/\/permbledhja.com\/sq\/weber-kurti-ka-te-drejte-kur-thote-se-dialogu-eshte-i-pa-balancuar\/","og_site_name":"Ve\u00e7 artikuj p\u00ebrmbledh\u00ebs","article_publisher":"https:\/\/www.facebook.com\/press07\/","article_author":"https:\/\/www.facebook.com\/kafexhiu.muharrem\/","article_published_time":"2023-08-01T18:28:15+00:00","og_image":[{"width":2048,"height":1365,"url":"https:\/\/permbledhja.com\/wp-content\/uploads\/2023\/08\/364805594_6808757152522115_5841518157977729786_n.jpg","type":"image\/jpeg"}],"author":"P\u00ebrmbledhja","twitter_card":"summary_large_image","twitter_misc":{"Written by":"P\u00ebrmbledhja","Est. reading time":"2 minuta"},"schema":{"@context":"https:\/\/schema.org","@graph":[{"@type":"Article","@id":"https:\/\/permbledhja.com\/weber-kurti-ka-te-drejte-kur-thote-se-dialogu-eshte-i-pa-balancuar\/#article","isPartOf":{"@id":"https:\/\/permbledhja.com\/weber-kurti-ka-te-drejte-kur-thote-se-dialogu-eshte-i-pa-balancuar\/"},"author":{"name":"P\u00ebrmbledhja","@id":"https:\/\/permbledhja.com\/#\/schema\/person\/0d064377258d3221e50693947b9eb4fe"},"headline":"Weber: Kurti ka t\u00eb drejt\u00eb kur thot\u00eb se dialogu \u00ebsht\u00eb i pa balancuar","datePublished":"2023-08-01T18:28:15+00:00","dateModified":"2023-08-01T18:28:15+00:00","mainEntityOfPage":{"@id":"https:\/\/permbledhja.com\/weber-kurti-ka-te-drejte-kur-thote-se-dialogu-eshte-i-pa-balancuar\/"},"wordCount":303,"publisher":{"@id":"https:\/\/permbledhja.com\/#organization"},"keywords":["Weber"],"articleSection":["Komb\u00ebtare","Lajme"],"inLanguage":"sq"},{"@type":"WebPage","@id":"https:\/\/permbledhja.com\/weber-kurti-ka-te-drejte-kur-thote-se-dialogu-eshte-i-pa-balancuar\/","url":"https:\/\/permbledhja.com\/weber-kurti-ka-te-drejte-kur-thote-se-dialogu-eshte-i-pa-balancuar\/","name":"Weber: Kurti ka t\u00eb drejt\u00eb kur thot\u00eb se dialogu \u00ebsht\u00eb i pa balancuar","isPartOf":{"@id":"https:\/\/permbledhja.com\/#website"},"datePublished":"2023-08-01T18:28:15+00:00","dateModified":"2023-08-01T18:28:15+00:00","breadcrumb":{"@id":"https:\/\/permbledhja.com\/weber-kurti-ka-te-drejte-kur-thote-se-dialogu-eshte-i-pa-balancuar\/#breadcrumb"},"inLanguage":"sq","potentialAction":[{"@type":"ReadAction","target":["https:\/\/permbledhja.com\/weber-kurti-ka-te-drejte-kur-thote-se-dialogu-eshte-i-pa-balancuar\/"]}]},{"@type":"BreadcrumbList","@id":"https:\/\/permbledhja.com\/weber-kurti-ka-te-drejte-kur-thote-se-dialogu-eshte-i-pa-balancuar\/#breadcrumb","itemListElement":[{"@type":"ListItem","position":1,"name":"Ballina","item":"https:\/\/permbledhja.com\/sq\/"},{"@type":"ListItem","position":2,"name":"Weber: Kurti ka t\u00eb drejt\u00eb kur thot\u00eb se dialogu \u00ebsht\u00eb i pa balancuar"}]},{"@type":"WebSite","@id":"https:\/\/permbledhja.com\/#website","url":"https:\/\/permbledhja.com\/","name":"Ve\u00e7 artikuj p\u00ebrmbledh\u00ebs","description":"","publisher":{"@id":"https:\/\/permbledhja.com\/#organization"},"potentialAction":[{"@type":"SearchAction","target":{"@type":"EntryPoint","urlTemplate":"https:\/\/permbledhja.com\/?s={search_term_string}"},"query-input":"required name=search_term_string"}],"inLanguage":"sq"},{"@type":"Organization","@id":"https:\/\/permbledhja.com\/#organization","name":"MK Media & Pr","url":"https:\/\/permbledhja.com\/","logo":{"@type":"ImageObject","inLanguage":"sq","@id":"https:\/\/permbledhja.com\/#\/schema\/logo\/image\/","url":"https:\/\/permbledhja.com\/wp-content\/uploads\/2021\/12\/07-Press-Logo.jpg","contentUrl":"https:\/\/permbledhja.com\/wp-content\/uploads\/2021\/12\/07-Press-Logo.jpg","width":512,"height":512,"caption":"MK Media & Pr"},"image":{"@id":"https:\/\/permbledhja.com\/#\/schema\/logo\/image\/"},"sameAs":["https:\/\/www.facebook.com\/press07\/"]},{"@type":"Person","@id":"https:\/\/permbledhja.com\/#\/schema\/person\/0d064377258d3221e50693947b9eb4fe","name":"P\u00ebrmbledhja","image":{"@type":"ImageObject","inLanguage":"sq","@id":"https:\/\/permbledhja.com\/#\/schema\/person\/image\/","url":"https:\/\/permbledhja.com\/wp-content\/uploads\/2026\/01\/452004717_1040944174702970_8932037511805513407_n-96x96.jpg","contentUrl":"https:\/\/permbledhja.com\/wp-content\/uploads\/2026\/01\/452004717_1040944174702970_8932037511805513407_n-96x96.jpg","caption":"P\u00ebrmbledhja"},"sameAs":["https:\/\/www.facebook.com\/kafexhiu.muharrem\/","https:\/\/www.instagram.com\/muharrem_kafexhiu\/"],"url":"https:\/\/permbledhja.com\/sq\/author\/admin\/"}]}},"_links":{"self":[{"href":"https:\/\/permbledhja.com\/sq\/wp-json\/wp\/v2\/posts\/21690"}],"collection":[{"href":"https:\/\/permbledhja.com\/sq\/wp-json\/wp\/v2\/posts"}],"about":[{"href":"https:\/\/permbledhja.com\/sq\/wp-json\/wp\/v2\/types\/post"}],"author":[{"embeddable":true,"href":"https:\/\/permbledhja.com\/sq\/wp-json\/wp\/v2\/users\/1"}],"replies":[{"embeddable":true,"href":"https:\/\/permbledhja.com\/sq\/wp-json\/wp\/v2\/comments?post=21690"}],"version-history":[{"count":1,"href":"https:\/\/permbledhja.com\/sq\/wp-json\/wp\/v2\/posts\/21690\/revisions"}],"predecessor-version":[{"id":21692,"href":"https:\/\/permbledhja.com\/sq\/wp-json\/wp\/v2\/posts\/21690\/revisions\/21692"}],"wp:featuredmedia":[{"embeddable":true,"href":"https:\/\/permbledhja.com\/sq\/wp-json\/wp\/v2\/media\/21691"}],"wp:attachment":[{"href":"https:\/\/permbledhja.com\/sq\/wp-json\/wp\/v2\/media?parent=21690"}],"wp:term":[{"taxonomy":"category","embeddable":true,"href":"https:\/\/permbledhja.com\/sq\/wp-json\/wp\/v2\/categories?post=21690"},{"taxonomy":"post_tag","embeddable":true,"href":"https:\/\/permbledhja.com\/sq\/wp-json\/wp\/v2\/tags?post=21690"}],"curies":[{"name":"wp","href":"https:\/\/api.w.org\/{rel}","templated":true}]}}