{"id":21590,"date":"2023-08-01T09:58:16","date_gmt":"2023-08-01T09:58:16","guid":{"rendered":"https:\/\/permbledhja.com\/?p=21590"},"modified":"2023-08-01T09:58:16","modified_gmt":"2023-08-01T09:58:16","slug":"keni-ardhur-ne-pushtet-per-ti-zene-hajnat-jeni-bere-vete-hajna-zedhenesi-i-pdk-se-akuzon-vv-ne","status":"publish","type":"post","link":"https:\/\/permbledhja.com\/sq\/keni-ardhur-ne-pushtet-per-ti-zene-hajnat-jeni-bere-vete-hajna-zedhenesi-i-pdk-se-akuzon-vv-ne\/","title":{"rendered":"&#8220;Keni ardhur n\u00eb pushtet p\u00ebr t\u2019i z\u00ebn\u00eb hajnat, jeni b\u00ebr\u00eb vet\u00eb hajna&#8221;, Z\u00ebdh\u00ebn\u00ebsi i PDK-s\u00eb akuzon VV-n\u00eb"},"content":{"rendered":"<h3>Z\u00ebdh\u00ebn\u00ebsi i PDK-s\u00eb, Faton Abdullahu, ka drejtuar akuza t\u00eb r\u00ebnda n\u00eb drejtim t\u00eb partis\u00eb n\u00eb pushtet.<\/h3>\n<p>Ai ia ka p\u00ebrmendur skandalet m\u00eb t\u00eb m\u00ebdha t\u00eb Qeveris\u00eb Kurti.<\/p>\n<p>N\u00eb profilin e tij n\u00eb \u201cFacebook\u201d, Abdullahu ka shkruar se VV-ja ka ardh\u00eb n\u00eb pushtet p\u00ebr t\u2019i z\u00ebn\u00eb hajnat, nd\u00ebrsa jan\u00eb b\u00ebr\u00eb vet\u00eb hajna.<\/p>\n<p>\u201c<i>E mjer\u00eb Kosova q\u00eb ju ka. Keni ardh n\u00eb pushtet p\u00ebr t\u2019i z\u00ebn\u00eb hajnat, jeni b\u00ebr\u00eb hajna q\u00eb s\u2019po mund t\u00eb ju z\u00eb askush. Keni ardh ve\u00e7 me fjal\u00eb dhe nga rruga, po i leni njer\u00ebzit pa fjal\u00eb, rrug\u00ebve dhe para ambasadave. Keni ardh duke shitur moral dhe nder, tash s\u2019dini me ble ndersh\u00ebm as vaj as grun\u00eb. Keni ardh p\u00ebr t\u2019i larguar t\u00eb paditurit, asgj\u00eb nuk po dini dhe nuk e keni nd\u00ebrmend mu largu. Keni ardh duke b\u00ebr\u00eb zhurm\u00eb p\u00ebr dialogun, por me Vu\u00e7iqin kuptoheni edhe n\u00eb heshtje<\/i>\u201d, ka shkruar ai.<\/p>\n<p>Z\u00ebdh\u00ebn\u00ebsi i PDK-s\u00eb ka p\u00ebrmendur edhe l\u00ebndimin e raporteve me aleat\u00ebt.<\/p>\n<p>\u201c<i>Dini anglisht por m\u00eb s\u00eb paku ju kuptojn\u00eb amerikan\u00ebt dhe anglez\u00ebt. Keni ardh p\u00ebr t\u2019i larguar t\u00eb pa men\u00e7urit, p\u00ebr \u00e7udi juve ju doli se amerikan\u00ebt qenkan naiv. Ju g\u00ebzuat atyre q\u00eb ran\u00eb n\u00eb burg, tash me sanksione doni me kthy krejt Kosov\u00ebn n\u00eb burg. Keni ardh me iden\u00eb p\u00ebr bashkim komb\u00ebtar, askush nuk na ka nda e p\u00ebr\u00e7a m\u00eb keq me Shqip\u00ebrin\u00eb. Erdh\u00ebt q\u00eb t\u00eb na futni n\u00eb NATO, por NATO jau futi juve. I keni zhg\u00ebnjyer t\u00eb gjith\u00eb dhe shum\u00eb, por vet jeni t\u00eb ngaz\u00ebllyer e dalldisur edhe m\u00eb shum\u00eb nga pushteti dhe shteti<\/i>\u201d, ka shkruar ai.<\/p>\n<p><iframe loading=\"lazy\" style=\"border: none; overflow: hidden;\" src=\"https:\/\/www.facebook.com\/plugins\/post.php?href=https%3A%2F%2Fwww.facebook.com%2Ffaton.abdullahu.9%2Fposts%2Fpfbid02UaMiuCF7jgCKqpxyKTPHd5paBEQjjECZRU2frDg2zatVHY9Xq5eut3z5Kai8Y9Mpl&amp;show_text=true&amp;width=500\" width=\"500\" height=\"238\" frameborder=\"0\" scrolling=\"no\" allowfullscreen=\"allowfullscreen\"><\/iframe><\/p>\n","protected":false},"excerpt":{"rendered":"<p>Z\u00ebdh\u00ebn\u00ebsi i PDK-s\u00eb, Faton Abdullahu, ka drejtuar akuza t\u00eb r\u00ebnda n\u00eb drejtim t\u00eb partis\u00eb n\u00eb pushtet. Ai ia ka p\u00ebrmendur skandalet m\u00eb t\u00eb m\u00ebdha t\u00eb Qeveris\u00eb Kurti. N\u00eb profilin e tij n\u00eb \u201cFacebook\u201d, Abdullahu ka shkruar se VV-ja ka ardh\u00eb n\u00eb pushtet p\u00ebr t\u2019i z\u00ebn\u00eb hajnat, nd\u00ebrsa jan\u00eb b\u00ebr\u00eb vet\u00eb hajna. \u201cE mjer\u00eb Kosova q\u00eb [&hellip;]<\/p>\n","protected":false},"author":2,"featured_media":21591,"comment_status":"closed","ping_status":"closed","sticky":false,"template":"","format":"standard","meta":{"_monsterinsights_skip_tracking":false,"_monsterinsights_sitenote_active":false,"_monsterinsights_sitenote_note":"","_monsterinsights_sitenote_category":0,"_uf_show_specific_survey":0,"_uf_disable_surveys":false,"footnotes":""},"categories":[23,15],"tags":[2218],"yoast_head":"<!-- This site is optimized with the Yoast SEO plugin v21.5 - https:\/\/yoast.com\/wordpress\/plugins\/seo\/ -->\n<title>&quot;Keni ardhur n\u00eb pushtet p\u00ebr t\u2019i z\u00ebn\u00eb hajnat, jeni b\u00ebr\u00eb vet\u00eb hajna&quot;, Z\u00ebdh\u00ebn\u00ebsi i PDK-s\u00eb akuzon VV-n\u00eb<\/title>\n<meta name=\"robots\" content=\"index, follow, max-snippet:-1, max-image-preview:large, max-video-preview:-1\" \/>\n<link rel=\"canonical\" href=\"https:\/\/permbledhja.com\/sq\/keni-ardhur-ne-pushtet-per-ti-zene-hajnat-jeni-bere-vete-hajna-zedhenesi-i-pdk-se-akuzon-vv-ne\/\" \/>\n<meta property=\"og:locale\" content=\"sq_AL\" \/>\n<meta property=\"og:type\" content=\"article\" \/>\n<meta property=\"og:title\" content=\"&quot;Keni ardhur n\u00eb pushtet p\u00ebr t\u2019i z\u00ebn\u00eb hajnat, jeni b\u00ebr\u00eb vet\u00eb hajna&quot;, Z\u00ebdh\u00ebn\u00ebsi i PDK-s\u00eb akuzon VV-n\u00eb\" \/>\n<meta property=\"og:description\" content=\"Z\u00ebdh\u00ebn\u00ebsi i PDK-s\u00eb, Faton Abdullahu, ka drejtuar akuza t\u00eb r\u00ebnda n\u00eb drejtim t\u00eb partis\u00eb n\u00eb pushtet. Ai ia ka p\u00ebrmendur skandalet m\u00eb t\u00eb m\u00ebdha t\u00eb Qeveris\u00eb Kurti. N\u00eb profilin e tij n\u00eb \u201cFacebook\u201d, Abdullahu ka shkruar se VV-ja ka ardh\u00eb n\u00eb pushtet p\u00ebr t\u2019i z\u00ebn\u00eb hajnat, nd\u00ebrsa jan\u00eb b\u00ebr\u00eb vet\u00eb hajna. \u201cE mjer\u00eb Kosova q\u00eb [&hellip;]\" \/>\n<meta property=\"og:url\" content=\"https:\/\/permbledhja.com\/sq\/keni-ardhur-ne-pushtet-per-ti-zene-hajnat-jeni-bere-vete-hajna-zedhenesi-i-pdk-se-akuzon-vv-ne\/\" \/>\n<meta property=\"og:site_name\" content=\"Ve\u00e7 artikuj p\u00ebrmbledh\u00ebs\" \/>\n<meta property=\"article:publisher\" content=\"https:\/\/www.facebook.com\/press07\/\" \/>\n<meta property=\"article:published_time\" content=\"2023-08-01T09:58:16+00:00\" \/>\n<meta property=\"og:image\" content=\"https:\/\/permbledhja.com\/wp-content\/uploads\/2023\/08\/Capture-4.jpg\" \/>\n\t<meta property=\"og:image:width\" content=\"1013\" \/>\n\t<meta property=\"og:image:height\" content=\"615\" \/>\n\t<meta property=\"og:image:type\" content=\"image\/jpeg\" \/>\n<meta name=\"author\" content=\"M M\" \/>\n<meta name=\"twitter:card\" content=\"summary_large_image\" \/>\n<meta name=\"twitter:label1\" content=\"Written by\" \/>\n\t<meta name=\"twitter:data1\" content=\"M M\" \/>\n\t<meta name=\"twitter:label2\" content=\"Est. reading time\" \/>\n\t<meta name=\"twitter:data2\" content=\"2 minuta\" \/>\n<script type=\"application\/ld+json\" class=\"yoast-schema-graph\">{\"@context\":\"https:\/\/schema.org\",\"@graph\":[{\"@type\":\"Article\",\"@id\":\"https:\/\/permbledhja.com\/sq\/keni-ardhur-ne-pushtet-per-ti-zene-hajnat-jeni-bere-vete-hajna-zedhenesi-i-pdk-se-akuzon-vv-ne\/#article\",\"isPartOf\":{\"@id\":\"https:\/\/permbledhja.com\/sq\/keni-ardhur-ne-pushtet-per-ti-zene-hajnat-jeni-bere-vete-hajna-zedhenesi-i-pdk-se-akuzon-vv-ne\/\"},\"author\":{\"name\":\"M M\",\"@id\":\"https:\/\/permbledhja.com\/#\/schema\/person\/d23f13f59b5722643933d6780783acf3\"},\"headline\":\"&#8220;Keni ardhur n\u00eb pushtet p\u00ebr t\u2019i z\u00ebn\u00eb hajnat, jeni b\u00ebr\u00eb vet\u00eb hajna&#8221;, Z\u00ebdh\u00ebn\u00ebsi i PDK-s\u00eb akuzon VV-n\u00eb\",\"datePublished\":\"2023-08-01T09:58:16+00:00\",\"dateModified\":\"2023-08-01T09:58:16+00:00\",\"mainEntityOfPage\":{\"@id\":\"https:\/\/permbledhja.com\/sq\/keni-ardhur-ne-pushtet-per-ti-zene-hajnat-jeni-bere-vete-hajna-zedhenesi-i-pdk-se-akuzon-vv-ne\/\"},\"wordCount\":327,\"publisher\":{\"@id\":\"https:\/\/permbledhja.com\/#organization\"},\"keywords\":[\"Faton Abdullahu\"],\"articleSection\":[\"Komb\u00ebtare\",\"Lajme\"],\"inLanguage\":\"sq\"},{\"@type\":\"WebPage\",\"@id\":\"https:\/\/permbledhja.com\/sq\/keni-ardhur-ne-pushtet-per-ti-zene-hajnat-jeni-bere-vete-hajna-zedhenesi-i-pdk-se-akuzon-vv-ne\/\",\"url\":\"https:\/\/permbledhja.com\/sq\/keni-ardhur-ne-pushtet-per-ti-zene-hajnat-jeni-bere-vete-hajna-zedhenesi-i-pdk-se-akuzon-vv-ne\/\",\"name\":\"\\\"Keni ardhur n\u00eb pushtet p\u00ebr t\u2019i z\u00ebn\u00eb hajnat, jeni b\u00ebr\u00eb vet\u00eb hajna\\\", Z\u00ebdh\u00ebn\u00ebsi i PDK-s\u00eb akuzon VV-n\u00eb\",\"isPartOf\":{\"@id\":\"https:\/\/permbledhja.com\/#website\"},\"datePublished\":\"2023-08-01T09:58:16+00:00\",\"dateModified\":\"2023-08-01T09:58:16+00:00\",\"breadcrumb\":{\"@id\":\"https:\/\/permbledhja.com\/sq\/keni-ardhur-ne-pushtet-per-ti-zene-hajnat-jeni-bere-vete-hajna-zedhenesi-i-pdk-se-akuzon-vv-ne\/#breadcrumb\"},\"inLanguage\":\"sq\",\"potentialAction\":[{\"@type\":\"ReadAction\",\"target\":[\"https:\/\/permbledhja.com\/sq\/keni-ardhur-ne-pushtet-per-ti-zene-hajnat-jeni-bere-vete-hajna-zedhenesi-i-pdk-se-akuzon-vv-ne\/\"]}]},{\"@type\":\"BreadcrumbList\",\"@id\":\"https:\/\/permbledhja.com\/sq\/keni-ardhur-ne-pushtet-per-ti-zene-hajnat-jeni-bere-vete-hajna-zedhenesi-i-pdk-se-akuzon-vv-ne\/#breadcrumb\",\"itemListElement\":[{\"@type\":\"ListItem\",\"position\":1,\"name\":\"Ballina\",\"item\":\"https:\/\/permbledhja.com\/sq\/\"},{\"@type\":\"ListItem\",\"position\":2,\"name\":\"&#8220;Keni ardhur n\u00eb pushtet p\u00ebr t\u2019i z\u00ebn\u00eb hajnat, jeni b\u00ebr\u00eb vet\u00eb hajna&#8221;, Z\u00ebdh\u00ebn\u00ebsi i PDK-s\u00eb akuzon VV-n\u00eb\"}]},{\"@type\":\"WebSite\",\"@id\":\"https:\/\/permbledhja.com\/#website\",\"url\":\"https:\/\/permbledhja.com\/\",\"name\":\"Ve\u00e7 artikuj p\u00ebrmbledh\u00ebs\",\"description\":\"\",\"publisher\":{\"@id\":\"https:\/\/permbledhja.com\/#organization\"},\"potentialAction\":[{\"@type\":\"SearchAction\",\"target\":{\"@type\":\"EntryPoint\",\"urlTemplate\":\"https:\/\/permbledhja.com\/?s={search_term_string}\"},\"query-input\":\"required name=search_term_string\"}],\"inLanguage\":\"sq\"},{\"@type\":\"Organization\",\"@id\":\"https:\/\/permbledhja.com\/#organization\",\"name\":\"MK Media & Pr\",\"url\":\"https:\/\/permbledhja.com\/\",\"logo\":{\"@type\":\"ImageObject\",\"inLanguage\":\"sq\",\"@id\":\"https:\/\/permbledhja.com\/#\/schema\/logo\/image\/\",\"url\":\"https:\/\/permbledhja.com\/wp-content\/uploads\/2021\/12\/07-Press-Logo.jpg\",\"contentUrl\":\"https:\/\/permbledhja.com\/wp-content\/uploads\/2021\/12\/07-Press-Logo.jpg\",\"width\":512,\"height\":512,\"caption\":\"MK Media & Pr\"},\"image\":{\"@id\":\"https:\/\/permbledhja.com\/#\/schema\/logo\/image\/\"},\"sameAs\":[\"https:\/\/www.facebook.com\/press07\/\"]},{\"@type\":\"Person\",\"@id\":\"https:\/\/permbledhja.com\/#\/schema\/person\/d23f13f59b5722643933d6780783acf3\",\"name\":\"M M\",\"image\":{\"@type\":\"ImageObject\",\"inLanguage\":\"sq\",\"@id\":\"https:\/\/permbledhja.com\/#\/schema\/person\/image\/\",\"url\":\"https:\/\/secure.gravatar.com\/avatar\/e2835a76ca7c31a2416b2d51c4ec9a8f?s=96&d=mm&r=g\",\"contentUrl\":\"https:\/\/secure.gravatar.com\/avatar\/e2835a76ca7c31a2416b2d51c4ec9a8f?s=96&d=mm&r=g\",\"caption\":\"M M\"},\"sameAs\":[\"http:\/\/MM\"],\"url\":\"https:\/\/permbledhja.com\/sq\/author\/muhamet\/\"}]}<\/script>\n<!-- \/ Yoast SEO plugin. -->","yoast_head_json":{"title":"\"Keni ardhur n\u00eb pushtet p\u00ebr t\u2019i z\u00ebn\u00eb hajnat, jeni b\u00ebr\u00eb vet\u00eb hajna\", Z\u00ebdh\u00ebn\u00ebsi i PDK-s\u00eb akuzon VV-n\u00eb","robots":{"index":"index","follow":"follow","max-snippet":"max-snippet:-1","max-image-preview":"max-image-preview:large","max-video-preview":"max-video-preview:-1"},"canonical":"https:\/\/permbledhja.com\/sq\/keni-ardhur-ne-pushtet-per-ti-zene-hajnat-jeni-bere-vete-hajna-zedhenesi-i-pdk-se-akuzon-vv-ne\/","og_locale":"sq_AL","og_type":"article","og_title":"\"Keni ardhur n\u00eb pushtet p\u00ebr t\u2019i z\u00ebn\u00eb hajnat, jeni b\u00ebr\u00eb vet\u00eb hajna\", Z\u00ebdh\u00ebn\u00ebsi i PDK-s\u00eb akuzon VV-n\u00eb","og_description":"Z\u00ebdh\u00ebn\u00ebsi i PDK-s\u00eb, Faton Abdullahu, ka drejtuar akuza t\u00eb r\u00ebnda n\u00eb drejtim t\u00eb partis\u00eb n\u00eb pushtet. Ai ia ka p\u00ebrmendur skandalet m\u00eb t\u00eb m\u00ebdha t\u00eb Qeveris\u00eb Kurti. N\u00eb profilin e tij n\u00eb \u201cFacebook\u201d, Abdullahu ka shkruar se VV-ja ka ardh\u00eb n\u00eb pushtet p\u00ebr t\u2019i z\u00ebn\u00eb hajnat, nd\u00ebrsa jan\u00eb b\u00ebr\u00eb vet\u00eb hajna. \u201cE mjer\u00eb Kosova q\u00eb [&hellip;]","og_url":"https:\/\/permbledhja.com\/sq\/keni-ardhur-ne-pushtet-per-ti-zene-hajnat-jeni-bere-vete-hajna-zedhenesi-i-pdk-se-akuzon-vv-ne\/","og_site_name":"Ve\u00e7 artikuj p\u00ebrmbledh\u00ebs","article_publisher":"https:\/\/www.facebook.com\/press07\/","article_published_time":"2023-08-01T09:58:16+00:00","og_image":[{"width":1013,"height":615,"url":"https:\/\/permbledhja.com\/wp-content\/uploads\/2023\/08\/Capture-4.jpg","type":"image\/jpeg"}],"author":"M M","twitter_card":"summary_large_image","twitter_misc":{"Written by":"M M","Est. reading time":"2 minuta"},"schema":{"@context":"https:\/\/schema.org","@graph":[{"@type":"Article","@id":"https:\/\/permbledhja.com\/sq\/keni-ardhur-ne-pushtet-per-ti-zene-hajnat-jeni-bere-vete-hajna-zedhenesi-i-pdk-se-akuzon-vv-ne\/#article","isPartOf":{"@id":"https:\/\/permbledhja.com\/sq\/keni-ardhur-ne-pushtet-per-ti-zene-hajnat-jeni-bere-vete-hajna-zedhenesi-i-pdk-se-akuzon-vv-ne\/"},"author":{"name":"M M","@id":"https:\/\/permbledhja.com\/#\/schema\/person\/d23f13f59b5722643933d6780783acf3"},"headline":"&#8220;Keni ardhur n\u00eb pushtet p\u00ebr t\u2019i z\u00ebn\u00eb hajnat, jeni b\u00ebr\u00eb vet\u00eb hajna&#8221;, Z\u00ebdh\u00ebn\u00ebsi i PDK-s\u00eb akuzon VV-n\u00eb","datePublished":"2023-08-01T09:58:16+00:00","dateModified":"2023-08-01T09:58:16+00:00","mainEntityOfPage":{"@id":"https:\/\/permbledhja.com\/sq\/keni-ardhur-ne-pushtet-per-ti-zene-hajnat-jeni-bere-vete-hajna-zedhenesi-i-pdk-se-akuzon-vv-ne\/"},"wordCount":327,"publisher":{"@id":"https:\/\/permbledhja.com\/#organization"},"keywords":["Faton Abdullahu"],"articleSection":["Komb\u00ebtare","Lajme"],"inLanguage":"sq"},{"@type":"WebPage","@id":"https:\/\/permbledhja.com\/sq\/keni-ardhur-ne-pushtet-per-ti-zene-hajnat-jeni-bere-vete-hajna-zedhenesi-i-pdk-se-akuzon-vv-ne\/","url":"https:\/\/permbledhja.com\/sq\/keni-ardhur-ne-pushtet-per-ti-zene-hajnat-jeni-bere-vete-hajna-zedhenesi-i-pdk-se-akuzon-vv-ne\/","name":"\"Keni ardhur n\u00eb pushtet p\u00ebr t\u2019i z\u00ebn\u00eb hajnat, jeni b\u00ebr\u00eb vet\u00eb hajna\", Z\u00ebdh\u00ebn\u00ebsi i PDK-s\u00eb akuzon VV-n\u00eb","isPartOf":{"@id":"https:\/\/permbledhja.com\/#website"},"datePublished":"2023-08-01T09:58:16+00:00","dateModified":"2023-08-01T09:58:16+00:00","breadcrumb":{"@id":"https:\/\/permbledhja.com\/sq\/keni-ardhur-ne-pushtet-per-ti-zene-hajnat-jeni-bere-vete-hajna-zedhenesi-i-pdk-se-akuzon-vv-ne\/#breadcrumb"},"inLanguage":"sq","potentialAction":[{"@type":"ReadAction","target":["https:\/\/permbledhja.com\/sq\/keni-ardhur-ne-pushtet-per-ti-zene-hajnat-jeni-bere-vete-hajna-zedhenesi-i-pdk-se-akuzon-vv-ne\/"]}]},{"@type":"BreadcrumbList","@id":"https:\/\/permbledhja.com\/sq\/keni-ardhur-ne-pushtet-per-ti-zene-hajnat-jeni-bere-vete-hajna-zedhenesi-i-pdk-se-akuzon-vv-ne\/#breadcrumb","itemListElement":[{"@type":"ListItem","position":1,"name":"Ballina","item":"https:\/\/permbledhja.com\/sq\/"},{"@type":"ListItem","position":2,"name":"&#8220;Keni ardhur n\u00eb pushtet p\u00ebr t\u2019i z\u00ebn\u00eb hajnat, jeni b\u00ebr\u00eb vet\u00eb hajna&#8221;, Z\u00ebdh\u00ebn\u00ebsi i PDK-s\u00eb akuzon VV-n\u00eb"}]},{"@type":"WebSite","@id":"https:\/\/permbledhja.com\/#website","url":"https:\/\/permbledhja.com\/","name":"Ve\u00e7 artikuj p\u00ebrmbledh\u00ebs","description":"","publisher":{"@id":"https:\/\/permbledhja.com\/#organization"},"potentialAction":[{"@type":"SearchAction","target":{"@type":"EntryPoint","urlTemplate":"https:\/\/permbledhja.com\/?s={search_term_string}"},"query-input":"required name=search_term_string"}],"inLanguage":"sq"},{"@type":"Organization","@id":"https:\/\/permbledhja.com\/#organization","name":"MK Media & Pr","url":"https:\/\/permbledhja.com\/","logo":{"@type":"ImageObject","inLanguage":"sq","@id":"https:\/\/permbledhja.com\/#\/schema\/logo\/image\/","url":"https:\/\/permbledhja.com\/wp-content\/uploads\/2021\/12\/07-Press-Logo.jpg","contentUrl":"https:\/\/permbledhja.com\/wp-content\/uploads\/2021\/12\/07-Press-Logo.jpg","width":512,"height":512,"caption":"MK Media & Pr"},"image":{"@id":"https:\/\/permbledhja.com\/#\/schema\/logo\/image\/"},"sameAs":["https:\/\/www.facebook.com\/press07\/"]},{"@type":"Person","@id":"https:\/\/permbledhja.com\/#\/schema\/person\/d23f13f59b5722643933d6780783acf3","name":"M M","image":{"@type":"ImageObject","inLanguage":"sq","@id":"https:\/\/permbledhja.com\/#\/schema\/person\/image\/","url":"https:\/\/secure.gravatar.com\/avatar\/e2835a76ca7c31a2416b2d51c4ec9a8f?s=96&d=mm&r=g","contentUrl":"https:\/\/secure.gravatar.com\/avatar\/e2835a76ca7c31a2416b2d51c4ec9a8f?s=96&d=mm&r=g","caption":"M M"},"sameAs":["http:\/\/MM"],"url":"https:\/\/permbledhja.com\/sq\/author\/muhamet\/"}]}},"_links":{"self":[{"href":"https:\/\/permbledhja.com\/sq\/wp-json\/wp\/v2\/posts\/21590"}],"collection":[{"href":"https:\/\/permbledhja.com\/sq\/wp-json\/wp\/v2\/posts"}],"about":[{"href":"https:\/\/permbledhja.com\/sq\/wp-json\/wp\/v2\/types\/post"}],"author":[{"embeddable":true,"href":"https:\/\/permbledhja.com\/sq\/wp-json\/wp\/v2\/users\/2"}],"replies":[{"embeddable":true,"href":"https:\/\/permbledhja.com\/sq\/wp-json\/wp\/v2\/comments?post=21590"}],"version-history":[{"count":1,"href":"https:\/\/permbledhja.com\/sq\/wp-json\/wp\/v2\/posts\/21590\/revisions"}],"predecessor-version":[{"id":21592,"href":"https:\/\/permbledhja.com\/sq\/wp-json\/wp\/v2\/posts\/21590\/revisions\/21592"}],"wp:featuredmedia":[{"embeddable":true,"href":"https:\/\/permbledhja.com\/sq\/wp-json\/wp\/v2\/media\/21591"}],"wp:attachment":[{"href":"https:\/\/permbledhja.com\/sq\/wp-json\/wp\/v2\/media?parent=21590"}],"wp:term":[{"taxonomy":"category","embeddable":true,"href":"https:\/\/permbledhja.com\/sq\/wp-json\/wp\/v2\/categories?post=21590"},{"taxonomy":"post_tag","embeddable":true,"href":"https:\/\/permbledhja.com\/sq\/wp-json\/wp\/v2\/tags?post=21590"}],"curies":[{"name":"wp","href":"https:\/\/api.w.org\/{rel}","templated":true}]}}