{"id":21443,"date":"2023-07-31T09:27:23","date_gmt":"2023-07-31T09:27:23","guid":{"rendered":"https:\/\/permbledhja.com\/?p=21443"},"modified":"2023-07-31T09:36:36","modified_gmt":"2023-07-31T09:36:36","slug":"abdixhiku-pushteti-po-na-ndane-rruga-e-re-ka-filluar-dhe-nuk-do-te-ndalet","status":"publish","type":"post","link":"https:\/\/permbledhja.com\/sq\/abdixhiku-pushteti-po-na-ndane-rruga-e-re-ka-filluar-dhe-nuk-do-te-ndalet\/","title":{"rendered":"Abdixhiku: Pushteti po na ndan\u00eb, rruga e re ka filluar dhe nuk do t\u00eb ndalet"},"content":{"rendered":"<h3>Kryetari i Lidhjes Demokratike t\u00eb Kosov\u00ebs, Lumir Abdixhiku ka folur p\u00ebr \u201crrug\u00ebn e re\u201d, p\u00ebr t\u00eb cil\u00ebn thot\u00eb se \u00ebsht\u00eb \u201csi rizgjim komb\u00ebtar \u00ebsht\u00eb domosdoshm\u00ebri\u201d.<\/h3>\n<p>\u201cPolarizimi i shoq\u00ebris\u00eb son\u00eb nuk ka t\u00eb ndalur. Pushteti po na ndan\u00eb, po na p\u00ebr\u00e7an\u00eb, po na l\u00eb n\u00eb t\u00eb nj\u00ebjtin vend. P\u00ebrplasjet na vijn\u00eb \u00e7do dit\u00eb, krizat po aq shpesh, e ne jemi shnd\u00ebrruar spektator\u00eb t\u00eb fatit ton\u00eb teksa njer\u00ebz me plot urrejtje a pa vullnet p\u00ebr pun\u00eb vendosin p\u00ebr ne.Rruga e re si rizgjim komb\u00ebtar \u00ebsht\u00eb domosdoshm\u00ebri\u201d, ka shkruar Abdixhiku mbi nj\u00eb video ku flet p\u00ebr takimet e fundit t\u00eb tij.<\/p>\n<p>\u201cGjat\u00eb jav\u00ebve t\u00eb fundit kam takuar gazetar\u00eb, ligj\u00ebrues universitar\u00eb, bizneset m\u00eb t\u00eb m\u00ebdha n\u00eb vend e organizata t\u00eb shoq\u00ebris\u00eb civile. Do t\u00eb vazhdojm\u00eb takimet me secilin grup shoq\u00ebror n\u00eb vend. Kosova ka potencial t\u00eb jasht\u00ebzakonsh\u00ebm. Kjo gjendje e sotme, nuk \u00ebsht\u00eb fytyra jon\u00eb e v\u00ebrtet\u00eb. Kjo gjendje e sotme nuk na p\u00ebrfaq\u00ebson\u201d, shkruan Abdixhiku.<\/p>\n<p>Kreu i LDK-s\u00eb i ka ftuar t\u00eb gjith\u00eb q\u00eb ta mb\u00ebshtesin \u201crrug\u00ebn e re\u201d pavar\u00ebsisht bindjeve dhe dallimeve.<\/p>\n<p>\u201cRrug\u00ebn q\u00eb s\u2019b\u00ebn gabimet e s\u00eb shkuar\u00ebs e ndalon theqafjen e tashme. Rrug\u00ebn q\u00eb s\u2019merret me t\u00eb kaluar\u00ebn, por thjesht\u00eb na b\u00ebn t\u00eb ardhmen. Rruga e re ka filluar dhe nuk do t\u00eb ndalet. Rruga e re ka nevoj\u00eb p\u00ebr mb\u00ebshtetjen t\u00ebnde\u201d, shkroi Abdixhiku.<\/p>\n<p><iframe loading=\"lazy\" style=\"border: none; overflow: hidden;\" src=\"https:\/\/www.facebook.com\/plugins\/video.php?href=https%3A%2F%2Fwww.facebook.com%2Fabdixhiku%2Fvideos%2F665587535601920%2F%3Fref%3Dembed_video&amp;show_text=0&amp;width=380\" width=\"380\" height=\"476\" frameborder=\"0\" scrolling=\"no\" allowfullscreen=\"allowfullscreen\"><\/iframe><\/p>\n","protected":false},"excerpt":{"rendered":"<p>Kryetari i Lidhjes Demokratike t\u00eb Kosov\u00ebs, Lumir Abdixhiku ka folur p\u00ebr \u201crrug\u00ebn e re\u201d, p\u00ebr t\u00eb cil\u00ebn thot\u00eb se \u00ebsht\u00eb \u201csi rizgjim komb\u00ebtar \u00ebsht\u00eb domosdoshm\u00ebri\u201d. \u201cPolarizimi i shoq\u00ebris\u00eb son\u00eb nuk ka t\u00eb ndalur. Pushteti po na ndan\u00eb, po na p\u00ebr\u00e7an\u00eb, po na l\u00eb n\u00eb t\u00eb nj\u00ebjtin vend. P\u00ebrplasjet na vijn\u00eb \u00e7do dit\u00eb, krizat po aq [&hellip;]<\/p>\n","protected":false},"author":2,"featured_media":21444,"comment_status":"closed","ping_status":"closed","sticky":false,"template":"","format":"standard","meta":{"_monsterinsights_skip_tracking":false,"_monsterinsights_sitenote_active":false,"_monsterinsights_sitenote_note":"","_monsterinsights_sitenote_category":0,"_uf_show_specific_survey":0,"_uf_disable_surveys":false,"footnotes":""},"categories":[23,15],"tags":[427],"yoast_head":"<!-- This site is optimized with the Yoast SEO plugin v21.5 - https:\/\/yoast.com\/wordpress\/plugins\/seo\/ -->\n<title>Abdixhiku: Pushteti po na ndan\u00eb, rruga e re ka filluar dhe nuk do t\u00eb ndalet<\/title>\n<meta name=\"robots\" content=\"index, follow, max-snippet:-1, max-image-preview:large, max-video-preview:-1\" \/>\n<link rel=\"canonical\" href=\"https:\/\/permbledhja.com\/sq\/abdixhiku-pushteti-po-na-ndane-rruga-e-re-ka-filluar-dhe-nuk-do-te-ndalet\/\" \/>\n<meta property=\"og:locale\" content=\"sq_AL\" \/>\n<meta property=\"og:type\" content=\"article\" \/>\n<meta property=\"og:title\" content=\"Abdixhiku: Pushteti po na ndan\u00eb, rruga e re ka filluar dhe nuk do t\u00eb ndalet\" \/>\n<meta property=\"og:description\" content=\"Kryetari i Lidhjes Demokratike t\u00eb Kosov\u00ebs, Lumir Abdixhiku ka folur p\u00ebr \u201crrug\u00ebn e re\u201d, p\u00ebr t\u00eb cil\u00ebn thot\u00eb se \u00ebsht\u00eb \u201csi rizgjim komb\u00ebtar \u00ebsht\u00eb domosdoshm\u00ebri\u201d. \u201cPolarizimi i shoq\u00ebris\u00eb son\u00eb nuk ka t\u00eb ndalur. Pushteti po na ndan\u00eb, po na p\u00ebr\u00e7an\u00eb, po na l\u00eb n\u00eb t\u00eb nj\u00ebjtin vend. P\u00ebrplasjet na vijn\u00eb \u00e7do dit\u00eb, krizat po aq [&hellip;]\" \/>\n<meta property=\"og:url\" content=\"https:\/\/permbledhja.com\/sq\/abdixhiku-pushteti-po-na-ndane-rruga-e-re-ka-filluar-dhe-nuk-do-te-ndalet\/\" \/>\n<meta property=\"og:site_name\" content=\"Ve\u00e7 artikuj p\u00ebrmbledh\u00ebs\" \/>\n<meta property=\"article:publisher\" content=\"https:\/\/www.facebook.com\/press07\/\" \/>\n<meta property=\"article:published_time\" content=\"2023-07-31T09:27:23+00:00\" \/>\n<meta property=\"article:modified_time\" content=\"2023-07-31T09:36:36+00:00\" \/>\n<meta property=\"og:image\" content=\"https:\/\/permbledhja.com\/wp-content\/uploads\/2023\/07\/abdixhiku-5.jpg\" \/>\n\t<meta property=\"og:image:width\" content=\"647\" \/>\n\t<meta property=\"og:image:height\" content=\"550\" \/>\n\t<meta property=\"og:image:type\" content=\"image\/jpeg\" \/>\n<meta name=\"author\" content=\"M M\" \/>\n<meta name=\"twitter:card\" content=\"summary_large_image\" \/>\n<meta name=\"twitter:label1\" content=\"Written by\" \/>\n\t<meta name=\"twitter:data1\" content=\"M M\" \/>\n\t<meta name=\"twitter:label2\" content=\"Est. reading time\" \/>\n\t<meta name=\"twitter:data2\" content=\"1 minut\u00eb\" \/>\n<script type=\"application\/ld+json\" class=\"yoast-schema-graph\">{\"@context\":\"https:\/\/schema.org\",\"@graph\":[{\"@type\":\"Article\",\"@id\":\"https:\/\/permbledhja.com\/abdixhiku-pushteti-po-na-ndane-rruga-e-re-ka-filluar-dhe-nuk-do-te-ndalet\/#article\",\"isPartOf\":{\"@id\":\"https:\/\/permbledhja.com\/abdixhiku-pushteti-po-na-ndane-rruga-e-re-ka-filluar-dhe-nuk-do-te-ndalet\/\"},\"author\":{\"name\":\"M M\",\"@id\":\"https:\/\/permbledhja.com\/#\/schema\/person\/d23f13f59b5722643933d6780783acf3\"},\"headline\":\"Abdixhiku: Pushteti po na ndan\u00eb, rruga e re ka filluar dhe nuk do t\u00eb ndalet\",\"datePublished\":\"2023-07-31T09:27:23+00:00\",\"dateModified\":\"2023-07-31T09:36:36+00:00\",\"mainEntityOfPage\":{\"@id\":\"https:\/\/permbledhja.com\/abdixhiku-pushteti-po-na-ndane-rruga-e-re-ka-filluar-dhe-nuk-do-te-ndalet\/\"},\"wordCount\":273,\"publisher\":{\"@id\":\"https:\/\/permbledhja.com\/#organization\"},\"keywords\":[\"Lumir Abdixhiku\"],\"articleSection\":[\"Komb\u00ebtare\",\"Lajme\"],\"inLanguage\":\"sq\"},{\"@type\":\"WebPage\",\"@id\":\"https:\/\/permbledhja.com\/abdixhiku-pushteti-po-na-ndane-rruga-e-re-ka-filluar-dhe-nuk-do-te-ndalet\/\",\"url\":\"https:\/\/permbledhja.com\/abdixhiku-pushteti-po-na-ndane-rruga-e-re-ka-filluar-dhe-nuk-do-te-ndalet\/\",\"name\":\"Abdixhiku: Pushteti po na ndan\u00eb, rruga e re ka filluar dhe nuk do t\u00eb ndalet\",\"isPartOf\":{\"@id\":\"https:\/\/permbledhja.com\/#website\"},\"datePublished\":\"2023-07-31T09:27:23+00:00\",\"dateModified\":\"2023-07-31T09:36:36+00:00\",\"breadcrumb\":{\"@id\":\"https:\/\/permbledhja.com\/abdixhiku-pushteti-po-na-ndane-rruga-e-re-ka-filluar-dhe-nuk-do-te-ndalet\/#breadcrumb\"},\"inLanguage\":\"sq\",\"potentialAction\":[{\"@type\":\"ReadAction\",\"target\":[\"https:\/\/permbledhja.com\/abdixhiku-pushteti-po-na-ndane-rruga-e-re-ka-filluar-dhe-nuk-do-te-ndalet\/\"]}]},{\"@type\":\"BreadcrumbList\",\"@id\":\"https:\/\/permbledhja.com\/abdixhiku-pushteti-po-na-ndane-rruga-e-re-ka-filluar-dhe-nuk-do-te-ndalet\/#breadcrumb\",\"itemListElement\":[{\"@type\":\"ListItem\",\"position\":1,\"name\":\"Ballina\",\"item\":\"https:\/\/permbledhja.com\/sq\/\"},{\"@type\":\"ListItem\",\"position\":2,\"name\":\"Abdixhiku: Pushteti po na ndan\u00eb, rruga e re ka filluar dhe nuk do t\u00eb ndalet\"}]},{\"@type\":\"WebSite\",\"@id\":\"https:\/\/permbledhja.com\/#website\",\"url\":\"https:\/\/permbledhja.com\/\",\"name\":\"Ve\u00e7 artikuj p\u00ebrmbledh\u00ebs\",\"description\":\"\",\"publisher\":{\"@id\":\"https:\/\/permbledhja.com\/#organization\"},\"potentialAction\":[{\"@type\":\"SearchAction\",\"target\":{\"@type\":\"EntryPoint\",\"urlTemplate\":\"https:\/\/permbledhja.com\/?s={search_term_string}\"},\"query-input\":\"required name=search_term_string\"}],\"inLanguage\":\"sq\"},{\"@type\":\"Organization\",\"@id\":\"https:\/\/permbledhja.com\/#organization\",\"name\":\"MK Media & Pr\",\"url\":\"https:\/\/permbledhja.com\/\",\"logo\":{\"@type\":\"ImageObject\",\"inLanguage\":\"sq\",\"@id\":\"https:\/\/permbledhja.com\/#\/schema\/logo\/image\/\",\"url\":\"https:\/\/permbledhja.com\/wp-content\/uploads\/2021\/12\/07-Press-Logo.jpg\",\"contentUrl\":\"https:\/\/permbledhja.com\/wp-content\/uploads\/2021\/12\/07-Press-Logo.jpg\",\"width\":512,\"height\":512,\"caption\":\"MK Media & Pr\"},\"image\":{\"@id\":\"https:\/\/permbledhja.com\/#\/schema\/logo\/image\/\"},\"sameAs\":[\"https:\/\/www.facebook.com\/press07\/\"]},{\"@type\":\"Person\",\"@id\":\"https:\/\/permbledhja.com\/#\/schema\/person\/d23f13f59b5722643933d6780783acf3\",\"name\":\"M M\",\"image\":{\"@type\":\"ImageObject\",\"inLanguage\":\"sq\",\"@id\":\"https:\/\/permbledhja.com\/#\/schema\/person\/image\/\",\"url\":\"https:\/\/secure.gravatar.com\/avatar\/e2835a76ca7c31a2416b2d51c4ec9a8f?s=96&d=mm&r=g\",\"contentUrl\":\"https:\/\/secure.gravatar.com\/avatar\/e2835a76ca7c31a2416b2d51c4ec9a8f?s=96&d=mm&r=g\",\"caption\":\"M M\"},\"sameAs\":[\"http:\/\/MM\"],\"url\":\"https:\/\/permbledhja.com\/sq\/author\/muhamet\/\"}]}<\/script>\n<!-- \/ Yoast SEO plugin. -->","yoast_head_json":{"title":"Abdixhiku: Pushteti po na ndan\u00eb, rruga e re ka filluar dhe nuk do t\u00eb ndalet","robots":{"index":"index","follow":"follow","max-snippet":"max-snippet:-1","max-image-preview":"max-image-preview:large","max-video-preview":"max-video-preview:-1"},"canonical":"https:\/\/permbledhja.com\/sq\/abdixhiku-pushteti-po-na-ndane-rruga-e-re-ka-filluar-dhe-nuk-do-te-ndalet\/","og_locale":"sq_AL","og_type":"article","og_title":"Abdixhiku: Pushteti po na ndan\u00eb, rruga e re ka filluar dhe nuk do t\u00eb ndalet","og_description":"Kryetari i Lidhjes Demokratike t\u00eb Kosov\u00ebs, Lumir Abdixhiku ka folur p\u00ebr \u201crrug\u00ebn e re\u201d, p\u00ebr t\u00eb cil\u00ebn thot\u00eb se \u00ebsht\u00eb \u201csi rizgjim komb\u00ebtar \u00ebsht\u00eb domosdoshm\u00ebri\u201d. \u201cPolarizimi i shoq\u00ebris\u00eb son\u00eb nuk ka t\u00eb ndalur. Pushteti po na ndan\u00eb, po na p\u00ebr\u00e7an\u00eb, po na l\u00eb n\u00eb t\u00eb nj\u00ebjtin vend. P\u00ebrplasjet na vijn\u00eb \u00e7do dit\u00eb, krizat po aq [&hellip;]","og_url":"https:\/\/permbledhja.com\/sq\/abdixhiku-pushteti-po-na-ndane-rruga-e-re-ka-filluar-dhe-nuk-do-te-ndalet\/","og_site_name":"Ve\u00e7 artikuj p\u00ebrmbledh\u00ebs","article_publisher":"https:\/\/www.facebook.com\/press07\/","article_published_time":"2023-07-31T09:27:23+00:00","article_modified_time":"2023-07-31T09:36:36+00:00","og_image":[{"width":647,"height":550,"url":"https:\/\/permbledhja.com\/wp-content\/uploads\/2023\/07\/abdixhiku-5.jpg","type":"image\/jpeg"}],"author":"M M","twitter_card":"summary_large_image","twitter_misc":{"Written by":"M M","Est. reading time":"1 minut\u00eb"},"schema":{"@context":"https:\/\/schema.org","@graph":[{"@type":"Article","@id":"https:\/\/permbledhja.com\/abdixhiku-pushteti-po-na-ndane-rruga-e-re-ka-filluar-dhe-nuk-do-te-ndalet\/#article","isPartOf":{"@id":"https:\/\/permbledhja.com\/abdixhiku-pushteti-po-na-ndane-rruga-e-re-ka-filluar-dhe-nuk-do-te-ndalet\/"},"author":{"name":"M M","@id":"https:\/\/permbledhja.com\/#\/schema\/person\/d23f13f59b5722643933d6780783acf3"},"headline":"Abdixhiku: Pushteti po na ndan\u00eb, rruga e re ka filluar dhe nuk do t\u00eb ndalet","datePublished":"2023-07-31T09:27:23+00:00","dateModified":"2023-07-31T09:36:36+00:00","mainEntityOfPage":{"@id":"https:\/\/permbledhja.com\/abdixhiku-pushteti-po-na-ndane-rruga-e-re-ka-filluar-dhe-nuk-do-te-ndalet\/"},"wordCount":273,"publisher":{"@id":"https:\/\/permbledhja.com\/#organization"},"keywords":["Lumir Abdixhiku"],"articleSection":["Komb\u00ebtare","Lajme"],"inLanguage":"sq"},{"@type":"WebPage","@id":"https:\/\/permbledhja.com\/abdixhiku-pushteti-po-na-ndane-rruga-e-re-ka-filluar-dhe-nuk-do-te-ndalet\/","url":"https:\/\/permbledhja.com\/abdixhiku-pushteti-po-na-ndane-rruga-e-re-ka-filluar-dhe-nuk-do-te-ndalet\/","name":"Abdixhiku: Pushteti po na ndan\u00eb, rruga e re ka filluar dhe nuk do t\u00eb ndalet","isPartOf":{"@id":"https:\/\/permbledhja.com\/#website"},"datePublished":"2023-07-31T09:27:23+00:00","dateModified":"2023-07-31T09:36:36+00:00","breadcrumb":{"@id":"https:\/\/permbledhja.com\/abdixhiku-pushteti-po-na-ndane-rruga-e-re-ka-filluar-dhe-nuk-do-te-ndalet\/#breadcrumb"},"inLanguage":"sq","potentialAction":[{"@type":"ReadAction","target":["https:\/\/permbledhja.com\/abdixhiku-pushteti-po-na-ndane-rruga-e-re-ka-filluar-dhe-nuk-do-te-ndalet\/"]}]},{"@type":"BreadcrumbList","@id":"https:\/\/permbledhja.com\/abdixhiku-pushteti-po-na-ndane-rruga-e-re-ka-filluar-dhe-nuk-do-te-ndalet\/#breadcrumb","itemListElement":[{"@type":"ListItem","position":1,"name":"Ballina","item":"https:\/\/permbledhja.com\/sq\/"},{"@type":"ListItem","position":2,"name":"Abdixhiku: Pushteti po na ndan\u00eb, rruga e re ka filluar dhe nuk do t\u00eb ndalet"}]},{"@type":"WebSite","@id":"https:\/\/permbledhja.com\/#website","url":"https:\/\/permbledhja.com\/","name":"Ve\u00e7 artikuj p\u00ebrmbledh\u00ebs","description":"","publisher":{"@id":"https:\/\/permbledhja.com\/#organization"},"potentialAction":[{"@type":"SearchAction","target":{"@type":"EntryPoint","urlTemplate":"https:\/\/permbledhja.com\/?s={search_term_string}"},"query-input":"required name=search_term_string"}],"inLanguage":"sq"},{"@type":"Organization","@id":"https:\/\/permbledhja.com\/#organization","name":"MK Media & Pr","url":"https:\/\/permbledhja.com\/","logo":{"@type":"ImageObject","inLanguage":"sq","@id":"https:\/\/permbledhja.com\/#\/schema\/logo\/image\/","url":"https:\/\/permbledhja.com\/wp-content\/uploads\/2021\/12\/07-Press-Logo.jpg","contentUrl":"https:\/\/permbledhja.com\/wp-content\/uploads\/2021\/12\/07-Press-Logo.jpg","width":512,"height":512,"caption":"MK Media & Pr"},"image":{"@id":"https:\/\/permbledhja.com\/#\/schema\/logo\/image\/"},"sameAs":["https:\/\/www.facebook.com\/press07\/"]},{"@type":"Person","@id":"https:\/\/permbledhja.com\/#\/schema\/person\/d23f13f59b5722643933d6780783acf3","name":"M M","image":{"@type":"ImageObject","inLanguage":"sq","@id":"https:\/\/permbledhja.com\/#\/schema\/person\/image\/","url":"https:\/\/secure.gravatar.com\/avatar\/e2835a76ca7c31a2416b2d51c4ec9a8f?s=96&d=mm&r=g","contentUrl":"https:\/\/secure.gravatar.com\/avatar\/e2835a76ca7c31a2416b2d51c4ec9a8f?s=96&d=mm&r=g","caption":"M M"},"sameAs":["http:\/\/MM"],"url":"https:\/\/permbledhja.com\/sq\/author\/muhamet\/"}]}},"_links":{"self":[{"href":"https:\/\/permbledhja.com\/sq\/wp-json\/wp\/v2\/posts\/21443"}],"collection":[{"href":"https:\/\/permbledhja.com\/sq\/wp-json\/wp\/v2\/posts"}],"about":[{"href":"https:\/\/permbledhja.com\/sq\/wp-json\/wp\/v2\/types\/post"}],"author":[{"embeddable":true,"href":"https:\/\/permbledhja.com\/sq\/wp-json\/wp\/v2\/users\/2"}],"replies":[{"embeddable":true,"href":"https:\/\/permbledhja.com\/sq\/wp-json\/wp\/v2\/comments?post=21443"}],"version-history":[{"count":3,"href":"https:\/\/permbledhja.com\/sq\/wp-json\/wp\/v2\/posts\/21443\/revisions"}],"predecessor-version":[{"id":21447,"href":"https:\/\/permbledhja.com\/sq\/wp-json\/wp\/v2\/posts\/21443\/revisions\/21447"}],"wp:featuredmedia":[{"embeddable":true,"href":"https:\/\/permbledhja.com\/sq\/wp-json\/wp\/v2\/media\/21444"}],"wp:attachment":[{"href":"https:\/\/permbledhja.com\/sq\/wp-json\/wp\/v2\/media?parent=21443"}],"wp:term":[{"taxonomy":"category","embeddable":true,"href":"https:\/\/permbledhja.com\/sq\/wp-json\/wp\/v2\/categories?post=21443"},{"taxonomy":"post_tag","embeddable":true,"href":"https:\/\/permbledhja.com\/sq\/wp-json\/wp\/v2\/tags?post=21443"}],"curies":[{"name":"wp","href":"https:\/\/api.w.org\/{rel}","templated":true}]}}