{"id":21440,"date":"2023-07-31T09:16:23","date_gmt":"2023-07-31T09:16:23","guid":{"rendered":"https:\/\/permbledhja.com\/?p=21440"},"modified":"2023-07-31T09:16:23","modified_gmt":"2023-07-31T09:16:23","slug":"dyqanet-ne-veri-te-kosoves-pa-produkte-te-serbise","status":"publish","type":"post","link":"https:\/\/permbledhja.com\/sq\/dyqanet-ne-veri-te-kosoves-pa-produkte-te-serbise\/","title":{"rendered":"Dyqanet n\u00eb veri t\u00eb Kosov\u00ebs pa produkte t\u00eb Serbis\u00eb"},"content":{"rendered":"<h3>P\u00ebr her\u00eb t\u00eb par\u00eb n\u00eb periudh\u00ebn e pasluft\u00ebs, n\u00eb Mitrovic\u00ebn e Veriut, komun\u00eb me shumic\u00eb serbe n\u00eb veri t\u00eb Kosov\u00ebs, pothuajse nuk ka produkte nga Serbia. Munges\u00eb e k\u00ebtyre produkteve v\u00ebrehet edhe n\u00eb komunat tjera t\u00eb Kosov\u00ebs.<\/h3>\n<p>K\u00ebt\u00eb e d\u00ebshmojn\u00eb p\u00ebr Radion Evropa e Lir\u00eb qytetar\u00ebt dhe afarist\u00ebt, nd\u00ebrkaq kjo mund t\u00eb konstatohet edhe nga raftet e dyqaneve, ku jan\u00eb t\u00eb renditura kryesisht produkte nga vendet e rajonit.<\/p>\n<p>Nj\u00ebri nga afarist\u00ebt nga Mitrovica e Veriut, i cili k\u00ebmb\u00ebnguli t\u00eb mbetet anonim, shpjegon se qum\u00ebshti \u201cImlek\u201d nga Serbia \u00ebsht\u00eb z\u00ebvend\u00ebsuar me \u201cBimilk\u201d nga Maqedonia e Veriut dhe n\u00eb vend t\u00eb ushqimit t\u00eb ngrir\u00eb \u201cFrikom\u201d, po ashtu nga Serbia, n\u00eb ofert\u00eb \u00ebsht\u00eb \u201cLedo\u201d nga Kroacia.<\/p>\n<p>\u201cNa u desh t\u00eb riorientoheshim dhe t\u00eb blinim mallra q\u00eb jan\u00eb n\u00eb dispozicion me shumic\u00eb. Po gjendemi ashtu si\u00e7 na imponohet. \u2018Bimlek\u2019 nga Manastiri (nga Maqedonia e Veriut) \u00ebsht\u00eb i nj\u00ebjt\u00eb me \u2018Imlek\u2019 (nga Serbia), nd\u00ebrsa produktet \u2018Swissllion\u2019 nga Serbia i z\u00ebvend\u00ebsojm\u00eb me t\u00eb nj\u00ebjtat produkte q\u00eb vijn\u00eb nga Maqedonia e Veriut\u201d, thot\u00eb ky biznesmen.<\/p>\n<p>\u201cBimilk\u201d \u00ebsht\u00eb pjes\u00eb e kompanis\u00eb rajonale \u201cImlek\u201d me seli n\u00eb Serbi, e cila operon edhe n\u00eb Mal t\u00eb Zi, Bosnje e Hercegovin\u00eb dhe n\u00eb Maqedonin\u00eb e Veriut.<\/p>\n<p>Mungesa e produkteve serbe n\u00eb veri t\u00eb Kosov\u00ebs \u00ebsht\u00eb pasoj\u00eb e vendimit t\u00eb Qeveris\u00eb s\u00eb Kosov\u00ebs m\u00eb 14 qershor p\u00ebr ndalimin e importit t\u00eb mallrave nga Serbia. Ky vendim pasoi arrestimin e tre pjes\u00ebtar\u00ebve t\u00eb Policis\u00eb s\u00eb Kosov\u00ebs nga forcat serbe, p\u00ebr t\u00eb cil\u00ebt autoritetet n\u00eb Prishtin\u00eb than\u00eb se u \u201crr\u00ebmbyen\u201d. Si\u00e7 ishte paralajm\u00ebruar, nj\u00eb vendim i till\u00eb \u00ebsht\u00eb marr\u00eb p\u00ebr arsye sigurie dhe jo ekonomike dhe nuk dihet se sa do t\u00eb q\u00ebndroj\u00eb n\u00eb fuqi.<\/p>\n<p>Kjo nuk \u00ebsht\u00eb hera e par\u00eb q\u00eb autoritetet e Kosov\u00ebs marrin vendim p\u00ebr ndalimin e importit t\u00eb mallrave nga Serbia apo vendosjen e taksave p\u00ebr to, por deri m\u00eb tani jan\u00eb p\u00ebrdorur t\u00eb ashtuquajturat \u201crrug\u00eb alternative\u201d n\u00eb veri t\u00eb Kosov\u00ebs p\u00ebr import.<\/p>\n<p>Policia e Kosov\u00ebs n\u00eb bashk\u00ebpunim me Dogan\u00ebn, gjat\u00eb vitit t\u00eb fundit kan\u00eb zhvilluar disa aksione kund\u00ebr kontraband\u00ebs me mallra, nd\u00ebrsa \u201crrug\u00ebt alternative\u201d nd\u00ebrmjet Kosov\u00ebs dhe Serbis\u00eb jan\u00eb n\u00ebn kontroll t\u00eb rrept\u00eb t\u00eb Policis\u00eb s\u00eb Kosov\u00ebs.<\/p>\n<p>Rasti i fundit ishte<strong>\u00a0jav\u00ebn e kaluar\u00a0<\/strong>n\u00eb Leposaviq, komun\u00eb e banuar me shumic\u00eb serbe n\u00eb veri t\u00eb vendit, kur Policia e Kosov\u00ebs ndaloi nj\u00eb automjet me targa t\u00eb Serbis\u00eb, t\u00eb cilin e drejtonte nj\u00eb shtetas serb.<\/p>\n<p>\u201cGjat\u00eb kontrollimit n\u00eb automjet jan\u00eb v\u00ebrejtur pije alkoolike (ver\u00eb) rreth 100 litra, si dhe pem\u00eb e perime\u201d, thuhet n\u00eb raportin e Policis\u00eb s\u00eb Kosov\u00eb t\u00eb dat\u00ebs 26 korrik.<\/p>\n<p>Automjeti me ngarkes\u00ebn \u00ebsht\u00eb d\u00ebrguar n\u00eb terminalin doganor.<\/p>\n<h3><strong>\u00c7far\u00eb thon\u00eb banor\u00ebt?<\/strong><\/h3>\n<p>Qytetar\u00ebt e Mitrovic\u00ebs s\u00eb Veriut deklarojn\u00eb se \u201ckund\u00ebr vullnetit t\u00eb tyre\u201d \u00ebsht\u00eb dashur t\u00eb ndryshojn\u00eb zakonet e tyre dhe t\u00eb fillojn\u00eb t\u00eb blejn\u00eb produkte nga vendet e tjera t\u00eb rajonit, n\u00eb vend t\u00eb atyre nga Serbia.<\/p>\n<p>Milica thot\u00eb se m\u00eb s\u00eb shumti i mungojn\u00eb produktet e qum\u00ebshtit \u201cImlek\u201d, pasi, si\u00e7 thot\u00eb ajo, \u00ebsht\u00eb m\u00ebsuar me shijen e tyre.<\/p>\n<p>\u201cPo shkoj pak m\u00eb lart, po k\u00ebrkoj, mbase gjendet diku\u201d, thot\u00eb ajo.<\/p>\n<p>Ajo shton se do t\u00eb fitoj\u00eb shprehi t\u00eb reja, n\u00ebse ndalimi i importit t\u00eb mallrave nga Serbia mbetet n\u00eb fuqi.<\/p>\n<p>Edhe Ivana nuk mund t\u00eb gjej\u00eb produkte nga Serbia n\u00eb dyqanet lokale.<\/p>\n<p>\u201cP\u00ebr shembull, nuk ka djath\u00eb feta p\u00ebr t\u00eb bler\u00eb p\u00ebrdit\u00eb. Dikur blija vet\u00ebm (produkte) serbe, tani nuk i gjej me dit\u00eb t\u00eb t\u00ebra\u201d, thot\u00eb ajo.<\/p>\n<p>Banor\u00ebt e Mitrovic\u00ebs s\u00eb Veriut ankohen p\u00ebr rritje t\u00eb \u00e7mimeve, gjegj\u00ebsisht se p\u00ebr t\u00eb nj\u00ebjtat produkte paguajn\u00eb m\u00eb shum\u00eb sesa banor\u00ebt e jugut.<\/p>\n<p>\u201c\u00c7mimet jan\u00eb m\u00eb t\u00eb lartat k\u00ebtu. Pse \u00ebsht\u00eb k\u00ebshtu, nuk e kuptoj fare\u201d, thot\u00eb Ivana<\/p>\n<p>Dragica, po ashtu, v\u00ebren rritje t\u00eb \u00e7mimeve p\u00ebr shkak t\u00eb munges\u00ebs s\u00eb mallrave nga Serbia. P\u00ebr k\u00ebt\u00eb arsye, ajo ka vendosur q\u00eb t\u00eb b\u00ebj\u00eb pazar n\u00eb tregun e prodhimeve vendore.<\/p>\n<p>\u201cTreqind dinar\u00eb (2.5 euro) \u00ebsht\u00eb nj\u00eb shishe me dy litra (qum\u00ebsht)\u201d, thot\u00eb Dragica.<\/p>\n<p>N\u00eb an\u00ebn tjet\u00ebr, biznesmen\u00eb t\u00eb intervistuar nga Radio Evropa e Lir\u00eb pohojn\u00eb se \u00e7mimet i dikton fakti se si i sigurojn\u00eb produktet dhe se nuk jan\u00eb duke e keqp\u00ebrdorur situat\u00ebn. Megjithat\u00eb, ata nuk duan t\u00eb flasin publikisht dhe n\u00eb detaje p\u00ebr k\u00ebt\u00eb tem\u00eb.<\/p>\n<h3><strong>Si \u00ebsht\u00eb situata n\u00eb komuna tjera?<\/strong><\/h3>\n<p>N\u00eb mjediset e banuara me shumic\u00eb serbe n\u00eb jug t\u00eb lumit Ib\u00ebr, mungesa e produkteve nga Serbia \u00ebsht\u00eb e dukshme. Shumica e pronar\u00ebve t\u00eb dyqaneve n\u00eb Gra\u00e7anic\u00eb, nj\u00eb komun\u00eb me shumic\u00eb serbe af\u00ebr Prishtin\u00ebs, mallrat nga Serbia i kan\u00eb siguruar n\u00eb Mitrovic\u00ebn e Veriut.<\/p>\n<p>\u201c\u00cbsht\u00eb problem i madh, mallrat nga Serbia nuk mund t\u00eb gjenden askund\u201d, thot\u00eb nj\u00eb nga biznesmen\u00ebt n\u00eb Gra\u00e7anic\u00eb, i cili nuk d\u00ebshiron t\u2019i zbulohet identiteti.<\/p>\n<p>T\u00eb dh\u00ebnat nga muaji qershor i k\u00ebtij viti, n\u00eb krahasim me t\u00eb nj\u00ebjt\u00ebn periudh\u00eb t\u00eb vitit t\u00eb kaluar, tregojn\u00eb r\u00ebnie t\u00eb importit t\u00eb produkteve t\u00eb Serbis\u00eb<\/p>\n<p>Sipas t\u00eb dh\u00ebnave t\u00eb Agjencis\u00eb s\u00eb Statistikave t\u00eb Kosov\u00ebs n\u00eb qershorin e vitit 2022, Kosova ka importuar produkte nga Serbia n\u00eb vler\u00eb prej 33 milion\u00eb e 757 mij\u00eb euro. N\u00eb periudh\u00ebn e nj\u00ebjt\u00eb t\u00eb vitit 2023, importet nga Serbia jan\u00eb 13 milion\u00eb e 255 mij\u00eb euro.<\/p>\n<p>Vendimi i Prishtin\u00ebs zyrtare q\u00eb pamund\u00ebson hyrjen e produkteve finale n\u00eb tregun e Kosov\u00ebs, vazhdon ende, thot\u00eb kryetari i Od\u00ebs Ekonomike t\u00eb Kosov\u00ebs, Lulzim Rafuna. Kjo mas\u00eb, sipas tij, nuk vlen p\u00ebr l\u00ebnd\u00ebn e par\u00eb dhe gjysm\u00eb-produktet.<\/p>\n<p>Mungesa e produkteve t\u00eb Serbis\u00eb n\u00eb mjediset e banuara me shumic\u00eb serbe, sipas tij, \u00ebsht\u00eb rezultat i mas\u00ebs s\u00eb Qeveris\u00eb ndaj k\u00ebtyre produkteve, por edhe luft\u00ebs efikase t\u00eb organeve t\u00eb rendit kund\u00ebr kontrabandimit t\u00eb k\u00ebtyre produkteve.<\/p>\n<p>\u201cPo shohim \u00e7do dit\u00eb q\u00eb agjencit\u00eb e zbatimit t\u00eb ligjit, Policia, Dogana, Administrata Tatimore, q\u00eb kan\u00eb komunikata p\u00ebr mallrat kontraband\u00eb q\u00eb po i kapin duke hyr\u00eb sidomos n\u00eb pjes\u00ebn veriore, p\u00ebr arsye se vija e gjelb\u00ebr kufitare \u00ebsht\u00eb m\u00eb e gjat\u00eb n\u00eb at\u00eb pjes\u00eb. S\u00eb dyti \u00ebsht\u00eb masa e siguris\u00eb [e Qeveris\u00eb s\u00eb Kosov\u00ebs], e cila pamund\u00ebson importimin [e produkteve t\u00eb Serbis\u00eb]\u201d, thot\u00eb Rafuna.<\/p>\n<p>Ai thekson se mungesa e produkteve nga Serbia n\u00eb tregun e Kosov\u00ebs, \u00ebsht\u00eb kompensuar me produkte identike nga vendet tjera t\u00eb rajonit. Kjo mas\u00eb, sipas tij, deri m\u00eb tash nuk ka prekur interesat e bizneseve t\u00eb Kosov\u00ebs, p\u00ebr shkak se \u00ebsht\u00eb duke u zbatuar tash e dy muaj.<\/p>\n<p>Sipas Rafun\u00ebs, n\u00ebse masa vazhdon, at\u00ebher\u00eb n\u00eb aspektin afatmes\u00ebm dhe afatgjat\u00eb, bizneset n\u00eb Kosov\u00eb do t\u00eb d\u00ebmtohen p\u00ebr shkak t\u00eb kostos m\u00eb t\u00eb lart\u00eb q\u00eb ka importi i produkteve identike nga vendet m\u00eb t\u00eb larg\u00ebta. Kjo, sipas tij, pritet t\u00eb ndikoj\u00eb edhe n\u00eb ngritjen e \u00e7mimeve t\u00eb atyre produkteve.<\/p>\n","protected":false},"excerpt":{"rendered":"<p>P\u00ebr her\u00eb t\u00eb par\u00eb n\u00eb periudh\u00ebn e pasluft\u00ebs, n\u00eb Mitrovic\u00ebn e Veriut, komun\u00eb me shumic\u00eb serbe n\u00eb veri t\u00eb Kosov\u00ebs, pothuajse nuk ka produkte nga Serbia. Munges\u00eb e k\u00ebtyre produkteve v\u00ebrehet edhe n\u00eb komunat tjera t\u00eb Kosov\u00ebs. K\u00ebt\u00eb e d\u00ebshmojn\u00eb p\u00ebr Radion Evropa e Lir\u00eb qytetar\u00ebt dhe afarist\u00ebt, nd\u00ebrkaq kjo mund t\u00eb konstatohet edhe nga [&hellip;]<\/p>\n","protected":false},"author":2,"featured_media":21441,"comment_status":"closed","ping_status":"closed","sticky":false,"template":"","format":"standard","meta":{"_monsterinsights_skip_tracking":false,"_monsterinsights_sitenote_active":false,"_monsterinsights_sitenote_note":"","_monsterinsights_sitenote_category":0,"_uf_show_specific_survey":0,"_uf_disable_surveys":false,"footnotes":""},"categories":[23,15],"tags":[],"yoast_head":"<!-- This site is optimized with the Yoast SEO plugin v21.5 - https:\/\/yoast.com\/wordpress\/plugins\/seo\/ -->\n<title>Dyqanet n\u00eb veri t\u00eb Kosov\u00ebs pa produkte t\u00eb Serbis\u00eb<\/title>\n<meta name=\"robots\" content=\"index, follow, max-snippet:-1, max-image-preview:large, max-video-preview:-1\" \/>\n<link rel=\"canonical\" href=\"https:\/\/permbledhja.com\/sq\/dyqanet-ne-veri-te-kosoves-pa-produkte-te-serbise\/\" \/>\n<meta property=\"og:locale\" content=\"sq_AL\" \/>\n<meta property=\"og:type\" content=\"article\" \/>\n<meta property=\"og:title\" content=\"Dyqanet n\u00eb veri t\u00eb Kosov\u00ebs pa produkte t\u00eb Serbis\u00eb\" \/>\n<meta property=\"og:description\" content=\"P\u00ebr her\u00eb t\u00eb par\u00eb n\u00eb periudh\u00ebn e pasluft\u00ebs, n\u00eb Mitrovic\u00ebn e Veriut, komun\u00eb me shumic\u00eb serbe n\u00eb veri t\u00eb Kosov\u00ebs, pothuajse nuk ka produkte nga Serbia. Munges\u00eb e k\u00ebtyre produkteve v\u00ebrehet edhe n\u00eb komunat tjera t\u00eb Kosov\u00ebs. K\u00ebt\u00eb e d\u00ebshmojn\u00eb p\u00ebr Radion Evropa e Lir\u00eb qytetar\u00ebt dhe afarist\u00ebt, nd\u00ebrkaq kjo mund t\u00eb konstatohet edhe nga [&hellip;]\" \/>\n<meta property=\"og:url\" content=\"https:\/\/permbledhja.com\/sq\/dyqanet-ne-veri-te-kosoves-pa-produkte-te-serbise\/\" \/>\n<meta property=\"og:site_name\" content=\"Ve\u00e7 artikuj p\u00ebrmbledh\u00ebs\" \/>\n<meta property=\"article:publisher\" content=\"https:\/\/www.facebook.com\/press07\/\" \/>\n<meta property=\"article:published_time\" content=\"2023-07-31T09:16:23+00:00\" \/>\n<meta property=\"og:image\" content=\"https:\/\/permbledhja.com\/wp-content\/uploads\/2023\/07\/oo-1.jpg\" \/>\n\t<meta property=\"og:image:width\" content=\"1150\" \/>\n\t<meta property=\"og:image:height\" content=\"651\" \/>\n\t<meta property=\"og:image:type\" content=\"image\/jpeg\" \/>\n<meta name=\"author\" content=\"M M\" \/>\n<meta name=\"twitter:card\" content=\"summary_large_image\" \/>\n<meta name=\"twitter:label1\" content=\"Written by\" \/>\n\t<meta name=\"twitter:data1\" content=\"M M\" \/>\n\t<meta name=\"twitter:label2\" content=\"Est. reading time\" \/>\n\t<meta name=\"twitter:data2\" content=\"6 minuta\" \/>\n<script type=\"application\/ld+json\" class=\"yoast-schema-graph\">{\"@context\":\"https:\/\/schema.org\",\"@graph\":[{\"@type\":\"Article\",\"@id\":\"https:\/\/permbledhja.com\/sq\/dyqanet-ne-veri-te-kosoves-pa-produkte-te-serbise\/#article\",\"isPartOf\":{\"@id\":\"https:\/\/permbledhja.com\/sq\/dyqanet-ne-veri-te-kosoves-pa-produkte-te-serbise\/\"},\"author\":{\"name\":\"M M\",\"@id\":\"https:\/\/permbledhja.com\/#\/schema\/person\/d23f13f59b5722643933d6780783acf3\"},\"headline\":\"Dyqanet n\u00eb veri t\u00eb Kosov\u00ebs pa produkte t\u00eb Serbis\u00eb\",\"datePublished\":\"2023-07-31T09:16:23+00:00\",\"dateModified\":\"2023-07-31T09:16:23+00:00\",\"mainEntityOfPage\":{\"@id\":\"https:\/\/permbledhja.com\/sq\/dyqanet-ne-veri-te-kosoves-pa-produkte-te-serbise\/\"},\"wordCount\":1201,\"publisher\":{\"@id\":\"https:\/\/permbledhja.com\/#organization\"},\"articleSection\":[\"Komb\u00ebtare\",\"Lajme\"],\"inLanguage\":\"sq\"},{\"@type\":\"WebPage\",\"@id\":\"https:\/\/permbledhja.com\/sq\/dyqanet-ne-veri-te-kosoves-pa-produkte-te-serbise\/\",\"url\":\"https:\/\/permbledhja.com\/sq\/dyqanet-ne-veri-te-kosoves-pa-produkte-te-serbise\/\",\"name\":\"Dyqanet n\u00eb veri t\u00eb Kosov\u00ebs pa produkte t\u00eb Serbis\u00eb\",\"isPartOf\":{\"@id\":\"https:\/\/permbledhja.com\/#website\"},\"datePublished\":\"2023-07-31T09:16:23+00:00\",\"dateModified\":\"2023-07-31T09:16:23+00:00\",\"breadcrumb\":{\"@id\":\"https:\/\/permbledhja.com\/sq\/dyqanet-ne-veri-te-kosoves-pa-produkte-te-serbise\/#breadcrumb\"},\"inLanguage\":\"sq\",\"potentialAction\":[{\"@type\":\"ReadAction\",\"target\":[\"https:\/\/permbledhja.com\/sq\/dyqanet-ne-veri-te-kosoves-pa-produkte-te-serbise\/\"]}]},{\"@type\":\"BreadcrumbList\",\"@id\":\"https:\/\/permbledhja.com\/sq\/dyqanet-ne-veri-te-kosoves-pa-produkte-te-serbise\/#breadcrumb\",\"itemListElement\":[{\"@type\":\"ListItem\",\"position\":1,\"name\":\"Ballina\",\"item\":\"https:\/\/permbledhja.com\/sq\/\"},{\"@type\":\"ListItem\",\"position\":2,\"name\":\"Dyqanet n\u00eb veri t\u00eb Kosov\u00ebs pa produkte t\u00eb Serbis\u00eb\"}]},{\"@type\":\"WebSite\",\"@id\":\"https:\/\/permbledhja.com\/#website\",\"url\":\"https:\/\/permbledhja.com\/\",\"name\":\"Ve\u00e7 artikuj p\u00ebrmbledh\u00ebs\",\"description\":\"\",\"publisher\":{\"@id\":\"https:\/\/permbledhja.com\/#organization\"},\"potentialAction\":[{\"@type\":\"SearchAction\",\"target\":{\"@type\":\"EntryPoint\",\"urlTemplate\":\"https:\/\/permbledhja.com\/?s={search_term_string}\"},\"query-input\":\"required name=search_term_string\"}],\"inLanguage\":\"sq\"},{\"@type\":\"Organization\",\"@id\":\"https:\/\/permbledhja.com\/#organization\",\"name\":\"MK Media & Pr\",\"url\":\"https:\/\/permbledhja.com\/\",\"logo\":{\"@type\":\"ImageObject\",\"inLanguage\":\"sq\",\"@id\":\"https:\/\/permbledhja.com\/#\/schema\/logo\/image\/\",\"url\":\"https:\/\/permbledhja.com\/wp-content\/uploads\/2021\/12\/07-Press-Logo.jpg\",\"contentUrl\":\"https:\/\/permbledhja.com\/wp-content\/uploads\/2021\/12\/07-Press-Logo.jpg\",\"width\":512,\"height\":512,\"caption\":\"MK Media & Pr\"},\"image\":{\"@id\":\"https:\/\/permbledhja.com\/#\/schema\/logo\/image\/\"},\"sameAs\":[\"https:\/\/www.facebook.com\/press07\/\"]},{\"@type\":\"Person\",\"@id\":\"https:\/\/permbledhja.com\/#\/schema\/person\/d23f13f59b5722643933d6780783acf3\",\"name\":\"M M\",\"image\":{\"@type\":\"ImageObject\",\"inLanguage\":\"sq\",\"@id\":\"https:\/\/permbledhja.com\/#\/schema\/person\/image\/\",\"url\":\"https:\/\/secure.gravatar.com\/avatar\/e2835a76ca7c31a2416b2d51c4ec9a8f?s=96&d=mm&r=g\",\"contentUrl\":\"https:\/\/secure.gravatar.com\/avatar\/e2835a76ca7c31a2416b2d51c4ec9a8f?s=96&d=mm&r=g\",\"caption\":\"M M\"},\"sameAs\":[\"http:\/\/MM\"],\"url\":\"https:\/\/permbledhja.com\/sq\/author\/muhamet\/\"}]}<\/script>\n<!-- \/ Yoast SEO plugin. -->","yoast_head_json":{"title":"Dyqanet n\u00eb veri t\u00eb Kosov\u00ebs pa produkte t\u00eb Serbis\u00eb","robots":{"index":"index","follow":"follow","max-snippet":"max-snippet:-1","max-image-preview":"max-image-preview:large","max-video-preview":"max-video-preview:-1"},"canonical":"https:\/\/permbledhja.com\/sq\/dyqanet-ne-veri-te-kosoves-pa-produkte-te-serbise\/","og_locale":"sq_AL","og_type":"article","og_title":"Dyqanet n\u00eb veri t\u00eb Kosov\u00ebs pa produkte t\u00eb Serbis\u00eb","og_description":"P\u00ebr her\u00eb t\u00eb par\u00eb n\u00eb periudh\u00ebn e pasluft\u00ebs, n\u00eb Mitrovic\u00ebn e Veriut, komun\u00eb me shumic\u00eb serbe n\u00eb veri t\u00eb Kosov\u00ebs, pothuajse nuk ka produkte nga Serbia. Munges\u00eb e k\u00ebtyre produkteve v\u00ebrehet edhe n\u00eb komunat tjera t\u00eb Kosov\u00ebs. K\u00ebt\u00eb e d\u00ebshmojn\u00eb p\u00ebr Radion Evropa e Lir\u00eb qytetar\u00ebt dhe afarist\u00ebt, nd\u00ebrkaq kjo mund t\u00eb konstatohet edhe nga [&hellip;]","og_url":"https:\/\/permbledhja.com\/sq\/dyqanet-ne-veri-te-kosoves-pa-produkte-te-serbise\/","og_site_name":"Ve\u00e7 artikuj p\u00ebrmbledh\u00ebs","article_publisher":"https:\/\/www.facebook.com\/press07\/","article_published_time":"2023-07-31T09:16:23+00:00","og_image":[{"width":1150,"height":651,"url":"https:\/\/permbledhja.com\/wp-content\/uploads\/2023\/07\/oo-1.jpg","type":"image\/jpeg"}],"author":"M M","twitter_card":"summary_large_image","twitter_misc":{"Written by":"M M","Est. reading time":"6 minuta"},"schema":{"@context":"https:\/\/schema.org","@graph":[{"@type":"Article","@id":"https:\/\/permbledhja.com\/sq\/dyqanet-ne-veri-te-kosoves-pa-produkte-te-serbise\/#article","isPartOf":{"@id":"https:\/\/permbledhja.com\/sq\/dyqanet-ne-veri-te-kosoves-pa-produkte-te-serbise\/"},"author":{"name":"M M","@id":"https:\/\/permbledhja.com\/#\/schema\/person\/d23f13f59b5722643933d6780783acf3"},"headline":"Dyqanet n\u00eb veri t\u00eb Kosov\u00ebs pa produkte t\u00eb Serbis\u00eb","datePublished":"2023-07-31T09:16:23+00:00","dateModified":"2023-07-31T09:16:23+00:00","mainEntityOfPage":{"@id":"https:\/\/permbledhja.com\/sq\/dyqanet-ne-veri-te-kosoves-pa-produkte-te-serbise\/"},"wordCount":1201,"publisher":{"@id":"https:\/\/permbledhja.com\/#organization"},"articleSection":["Komb\u00ebtare","Lajme"],"inLanguage":"sq"},{"@type":"WebPage","@id":"https:\/\/permbledhja.com\/sq\/dyqanet-ne-veri-te-kosoves-pa-produkte-te-serbise\/","url":"https:\/\/permbledhja.com\/sq\/dyqanet-ne-veri-te-kosoves-pa-produkte-te-serbise\/","name":"Dyqanet n\u00eb veri t\u00eb Kosov\u00ebs pa produkte t\u00eb Serbis\u00eb","isPartOf":{"@id":"https:\/\/permbledhja.com\/#website"},"datePublished":"2023-07-31T09:16:23+00:00","dateModified":"2023-07-31T09:16:23+00:00","breadcrumb":{"@id":"https:\/\/permbledhja.com\/sq\/dyqanet-ne-veri-te-kosoves-pa-produkte-te-serbise\/#breadcrumb"},"inLanguage":"sq","potentialAction":[{"@type":"ReadAction","target":["https:\/\/permbledhja.com\/sq\/dyqanet-ne-veri-te-kosoves-pa-produkte-te-serbise\/"]}]},{"@type":"BreadcrumbList","@id":"https:\/\/permbledhja.com\/sq\/dyqanet-ne-veri-te-kosoves-pa-produkte-te-serbise\/#breadcrumb","itemListElement":[{"@type":"ListItem","position":1,"name":"Ballina","item":"https:\/\/permbledhja.com\/sq\/"},{"@type":"ListItem","position":2,"name":"Dyqanet n\u00eb veri t\u00eb Kosov\u00ebs pa produkte t\u00eb Serbis\u00eb"}]},{"@type":"WebSite","@id":"https:\/\/permbledhja.com\/#website","url":"https:\/\/permbledhja.com\/","name":"Ve\u00e7 artikuj p\u00ebrmbledh\u00ebs","description":"","publisher":{"@id":"https:\/\/permbledhja.com\/#organization"},"potentialAction":[{"@type":"SearchAction","target":{"@type":"EntryPoint","urlTemplate":"https:\/\/permbledhja.com\/?s={search_term_string}"},"query-input":"required name=search_term_string"}],"inLanguage":"sq"},{"@type":"Organization","@id":"https:\/\/permbledhja.com\/#organization","name":"MK Media & Pr","url":"https:\/\/permbledhja.com\/","logo":{"@type":"ImageObject","inLanguage":"sq","@id":"https:\/\/permbledhja.com\/#\/schema\/logo\/image\/","url":"https:\/\/permbledhja.com\/wp-content\/uploads\/2021\/12\/07-Press-Logo.jpg","contentUrl":"https:\/\/permbledhja.com\/wp-content\/uploads\/2021\/12\/07-Press-Logo.jpg","width":512,"height":512,"caption":"MK Media & Pr"},"image":{"@id":"https:\/\/permbledhja.com\/#\/schema\/logo\/image\/"},"sameAs":["https:\/\/www.facebook.com\/press07\/"]},{"@type":"Person","@id":"https:\/\/permbledhja.com\/#\/schema\/person\/d23f13f59b5722643933d6780783acf3","name":"M M","image":{"@type":"ImageObject","inLanguage":"sq","@id":"https:\/\/permbledhja.com\/#\/schema\/person\/image\/","url":"https:\/\/secure.gravatar.com\/avatar\/e2835a76ca7c31a2416b2d51c4ec9a8f?s=96&d=mm&r=g","contentUrl":"https:\/\/secure.gravatar.com\/avatar\/e2835a76ca7c31a2416b2d51c4ec9a8f?s=96&d=mm&r=g","caption":"M M"},"sameAs":["http:\/\/MM"],"url":"https:\/\/permbledhja.com\/sq\/author\/muhamet\/"}]}},"_links":{"self":[{"href":"https:\/\/permbledhja.com\/sq\/wp-json\/wp\/v2\/posts\/21440"}],"collection":[{"href":"https:\/\/permbledhja.com\/sq\/wp-json\/wp\/v2\/posts"}],"about":[{"href":"https:\/\/permbledhja.com\/sq\/wp-json\/wp\/v2\/types\/post"}],"author":[{"embeddable":true,"href":"https:\/\/permbledhja.com\/sq\/wp-json\/wp\/v2\/users\/2"}],"replies":[{"embeddable":true,"href":"https:\/\/permbledhja.com\/sq\/wp-json\/wp\/v2\/comments?post=21440"}],"version-history":[{"count":1,"href":"https:\/\/permbledhja.com\/sq\/wp-json\/wp\/v2\/posts\/21440\/revisions"}],"predecessor-version":[{"id":21442,"href":"https:\/\/permbledhja.com\/sq\/wp-json\/wp\/v2\/posts\/21440\/revisions\/21442"}],"wp:featuredmedia":[{"embeddable":true,"href":"https:\/\/permbledhja.com\/sq\/wp-json\/wp\/v2\/media\/21441"}],"wp:attachment":[{"href":"https:\/\/permbledhja.com\/sq\/wp-json\/wp\/v2\/media?parent=21440"}],"wp:term":[{"taxonomy":"category","embeddable":true,"href":"https:\/\/permbledhja.com\/sq\/wp-json\/wp\/v2\/categories?post=21440"},{"taxonomy":"post_tag","embeddable":true,"href":"https:\/\/permbledhja.com\/sq\/wp-json\/wp\/v2\/tags?post=21440"}],"curies":[{"name":"wp","href":"https:\/\/api.w.org\/{rel}","templated":true}]}}