{"id":21303,"date":"2023-07-30T13:02:12","date_gmt":"2023-07-30T13:02:12","guid":{"rendered":"https:\/\/permbledhja.com\/?p=21303"},"modified":"2023-07-30T13:02:12","modified_gmt":"2023-07-30T13:02:12","slug":"u-be-per-shkaqe-objektive-presidenca-konfirmon-shtyrjen-e-vizites-se-delegacionit-amerikan","status":"publish","type":"post","link":"https:\/\/permbledhja.com\/sq\/u-be-per-shkaqe-objektive-presidenca-konfirmon-shtyrjen-e-vizites-se-delegacionit-amerikan\/","title":{"rendered":"&#8220;U b\u00eb p\u00ebr shkaqe objektive&#8221;, Presidenca konfirmon shtyrjen e vizit\u00ebs s\u00eb delegacionit amerikan"},"content":{"rendered":"<h3>Vizita e delegacionit amerikan n\u00eb krye me n\u00ebnsekretarin e\u00a0 Departamentit t\u00eb Mbrojtjes t\u00eb ShBA-ve, Derek Chollet, \u00ebsht\u00eb shtyr\u00eb p\u00ebr nj\u00eb koh\u00eb t\u00eb pacaktuar.<\/h3>\n<p>Nga Presidenca e Kosov\u00ebs kan\u00eb b\u00ebr\u00eb t\u00eb ditur p\u00ebr Telegrafin, se Chollet ka shtyr\u00eb vizit\u00ebn e tij n\u00eb Ballkan p\u00ebr shkaqe objektive.<\/p>\n<p>\u201cNuk ka anulim t\u00eb vizit\u00ebs, por jemi informuar se ka shtyrje t\u00eb dat\u00ebs p\u00ebr gjith\u00eb turin ballkanik (pra Kosov\u00eb, Bosnje e Hercegovin\u00eb dhe Serbi) p\u00ebr shkaqe objektive t\u00eb nj\u00ebrit nga an\u00ebtar\u00ebt e delegacionit\u201d, ka th\u00ebn\u00eb k\u00ebshilltati p\u00ebr media i Presidentes Osmani, Bekim Kupina.<\/p>\n<p>Vizita e k\u00ebshilltarit t\u00eb lart\u00eb t\u00eb DASH-it ishte paralajm\u00ebruar t\u00eb mbahej m\u00eb 30 e 31 korrik.<\/p>\n<p>Delegacioni amerikan ishte parapar\u00eb t\u00eb zhvilloj\u00eb takime t\u00eb ndara me presidenten Vjosa Osmani dhe kryeministrin Albin Kurti.<\/p>\n<p>Telegrafi sot gjat\u00eb dit\u00ebs ka raportuar p\u00ebr shtyrjen e k\u00ebsaj vizite, e cila pritej t\u00eb jet\u00eb vizita m\u00eb lart\u00eb nga administrata e presidentin amerikan Joe Biden, pas tensioneve n\u00eb veri.<\/p>\n<div class=\"code-block code-block-43\">\n<div><\/div>\n<\/div>\n","protected":false},"excerpt":{"rendered":"<p>Vizita e delegacionit amerikan n\u00eb krye me n\u00ebnsekretarin e\u00a0 Departamentit t\u00eb Mbrojtjes t\u00eb ShBA-ve, Derek Chollet, \u00ebsht\u00eb shtyr\u00eb p\u00ebr nj\u00eb koh\u00eb t\u00eb pacaktuar. Nga Presidenca e Kosov\u00ebs kan\u00eb b\u00ebr\u00eb t\u00eb ditur p\u00ebr Telegrafin, se Chollet ka shtyr\u00eb vizit\u00ebn e tij n\u00eb Ballkan p\u00ebr shkaqe objektive. \u201cNuk ka anulim t\u00eb vizit\u00ebs, por jemi informuar se ka [&hellip;]<\/p>\n","protected":false},"author":2,"featured_media":21304,"comment_status":"closed","ping_status":"closed","sticky":false,"template":"","format":"standard","meta":{"_monsterinsights_skip_tracking":false,"_monsterinsights_sitenote_active":false,"_monsterinsights_sitenote_note":"","_monsterinsights_sitenote_category":0,"_uf_show_specific_survey":0,"_uf_disable_surveys":false,"footnotes":""},"categories":[23,15],"tags":[],"yoast_head":"<!-- This site is optimized with the Yoast SEO plugin v21.5 - https:\/\/yoast.com\/wordpress\/plugins\/seo\/ -->\n<title>&quot;U b\u00eb p\u00ebr shkaqe objektive&quot;, Presidenca konfirmon shtyrjen e vizit\u00ebs s\u00eb delegacionit amerikan<\/title>\n<meta name=\"robots\" content=\"index, follow, max-snippet:-1, max-image-preview:large, max-video-preview:-1\" \/>\n<link rel=\"canonical\" href=\"https:\/\/permbledhja.com\/sq\/u-be-per-shkaqe-objektive-presidenca-konfirmon-shtyrjen-e-vizites-se-delegacionit-amerikan\/\" \/>\n<meta property=\"og:locale\" content=\"sq_AL\" \/>\n<meta property=\"og:type\" content=\"article\" \/>\n<meta property=\"og:title\" content=\"&quot;U b\u00eb p\u00ebr shkaqe objektive&quot;, Presidenca konfirmon shtyrjen e vizit\u00ebs s\u00eb delegacionit amerikan\" \/>\n<meta property=\"og:description\" content=\"Vizita e delegacionit amerikan n\u00eb krye me n\u00ebnsekretarin e\u00a0 Departamentit t\u00eb Mbrojtjes t\u00eb ShBA-ve, Derek Chollet, \u00ebsht\u00eb shtyr\u00eb p\u00ebr nj\u00eb koh\u00eb t\u00eb pacaktuar. Nga Presidenca e Kosov\u00ebs kan\u00eb b\u00ebr\u00eb t\u00eb ditur p\u00ebr Telegrafin, se Chollet ka shtyr\u00eb vizit\u00ebn e tij n\u00eb Ballkan p\u00ebr shkaqe objektive. \u201cNuk ka anulim t\u00eb vizit\u00ebs, por jemi informuar se ka [&hellip;]\" \/>\n<meta property=\"og:url\" content=\"https:\/\/permbledhja.com\/sq\/u-be-per-shkaqe-objektive-presidenca-konfirmon-shtyrjen-e-vizites-se-delegacionit-amerikan\/\" \/>\n<meta property=\"og:site_name\" content=\"Ve\u00e7 artikuj p\u00ebrmbledh\u00ebs\" \/>\n<meta property=\"article:publisher\" content=\"https:\/\/www.facebook.com\/press07\/\" \/>\n<meta property=\"article:published_time\" content=\"2023-07-30T13:02:12+00:00\" \/>\n<meta property=\"og:image\" content=\"https:\/\/permbledhja.com\/wp-content\/uploads\/2023\/07\/delegacioni-1.jpg\" \/>\n\t<meta property=\"og:image:width\" content=\"1108\" \/>\n\t<meta property=\"og:image:height\" content=\"734\" \/>\n\t<meta property=\"og:image:type\" content=\"image\/jpeg\" \/>\n<meta name=\"author\" content=\"M M\" \/>\n<meta name=\"twitter:card\" content=\"summary_large_image\" \/>\n<meta name=\"twitter:label1\" content=\"Written by\" \/>\n\t<meta name=\"twitter:data1\" content=\"M M\" \/>\n\t<meta name=\"twitter:label2\" content=\"Est. reading time\" \/>\n\t<meta name=\"twitter:data2\" content=\"1 minut\u00eb\" \/>\n<script type=\"application\/ld+json\" class=\"yoast-schema-graph\">{\"@context\":\"https:\/\/schema.org\",\"@graph\":[{\"@type\":\"Article\",\"@id\":\"https:\/\/permbledhja.com\/sq\/u-be-per-shkaqe-objektive-presidenca-konfirmon-shtyrjen-e-vizites-se-delegacionit-amerikan\/#article\",\"isPartOf\":{\"@id\":\"https:\/\/permbledhja.com\/sq\/u-be-per-shkaqe-objektive-presidenca-konfirmon-shtyrjen-e-vizites-se-delegacionit-amerikan\/\"},\"author\":{\"name\":\"M M\",\"@id\":\"https:\/\/permbledhja.com\/#\/schema\/person\/d23f13f59b5722643933d6780783acf3\"},\"headline\":\"&#8220;U b\u00eb p\u00ebr shkaqe objektive&#8221;, Presidenca konfirmon shtyrjen e vizit\u00ebs s\u00eb delegacionit amerikan\",\"datePublished\":\"2023-07-30T13:02:12+00:00\",\"dateModified\":\"2023-07-30T13:02:12+00:00\",\"mainEntityOfPage\":{\"@id\":\"https:\/\/permbledhja.com\/sq\/u-be-per-shkaqe-objektive-presidenca-konfirmon-shtyrjen-e-vizites-se-delegacionit-amerikan\/\"},\"wordCount\":186,\"publisher\":{\"@id\":\"https:\/\/permbledhja.com\/#organization\"},\"articleSection\":[\"Komb\u00ebtare\",\"Lajme\"],\"inLanguage\":\"sq\"},{\"@type\":\"WebPage\",\"@id\":\"https:\/\/permbledhja.com\/sq\/u-be-per-shkaqe-objektive-presidenca-konfirmon-shtyrjen-e-vizites-se-delegacionit-amerikan\/\",\"url\":\"https:\/\/permbledhja.com\/sq\/u-be-per-shkaqe-objektive-presidenca-konfirmon-shtyrjen-e-vizites-se-delegacionit-amerikan\/\",\"name\":\"\\\"U b\u00eb p\u00ebr shkaqe objektive\\\", Presidenca konfirmon shtyrjen e vizit\u00ebs s\u00eb delegacionit amerikan\",\"isPartOf\":{\"@id\":\"https:\/\/permbledhja.com\/#website\"},\"datePublished\":\"2023-07-30T13:02:12+00:00\",\"dateModified\":\"2023-07-30T13:02:12+00:00\",\"breadcrumb\":{\"@id\":\"https:\/\/permbledhja.com\/sq\/u-be-per-shkaqe-objektive-presidenca-konfirmon-shtyrjen-e-vizites-se-delegacionit-amerikan\/#breadcrumb\"},\"inLanguage\":\"sq\",\"potentialAction\":[{\"@type\":\"ReadAction\",\"target\":[\"https:\/\/permbledhja.com\/sq\/u-be-per-shkaqe-objektive-presidenca-konfirmon-shtyrjen-e-vizites-se-delegacionit-amerikan\/\"]}]},{\"@type\":\"BreadcrumbList\",\"@id\":\"https:\/\/permbledhja.com\/sq\/u-be-per-shkaqe-objektive-presidenca-konfirmon-shtyrjen-e-vizites-se-delegacionit-amerikan\/#breadcrumb\",\"itemListElement\":[{\"@type\":\"ListItem\",\"position\":1,\"name\":\"Ballina\",\"item\":\"https:\/\/permbledhja.com\/sq\/\"},{\"@type\":\"ListItem\",\"position\":2,\"name\":\"&#8220;U b\u00eb p\u00ebr shkaqe objektive&#8221;, Presidenca konfirmon shtyrjen e vizit\u00ebs s\u00eb delegacionit amerikan\"}]},{\"@type\":\"WebSite\",\"@id\":\"https:\/\/permbledhja.com\/#website\",\"url\":\"https:\/\/permbledhja.com\/\",\"name\":\"Ve\u00e7 artikuj p\u00ebrmbledh\u00ebs\",\"description\":\"\",\"publisher\":{\"@id\":\"https:\/\/permbledhja.com\/#organization\"},\"potentialAction\":[{\"@type\":\"SearchAction\",\"target\":{\"@type\":\"EntryPoint\",\"urlTemplate\":\"https:\/\/permbledhja.com\/?s={search_term_string}\"},\"query-input\":\"required name=search_term_string\"}],\"inLanguage\":\"sq\"},{\"@type\":\"Organization\",\"@id\":\"https:\/\/permbledhja.com\/#organization\",\"name\":\"MK Media & Pr\",\"url\":\"https:\/\/permbledhja.com\/\",\"logo\":{\"@type\":\"ImageObject\",\"inLanguage\":\"sq\",\"@id\":\"https:\/\/permbledhja.com\/#\/schema\/logo\/image\/\",\"url\":\"https:\/\/permbledhja.com\/wp-content\/uploads\/2021\/12\/07-Press-Logo.jpg\",\"contentUrl\":\"https:\/\/permbledhja.com\/wp-content\/uploads\/2021\/12\/07-Press-Logo.jpg\",\"width\":512,\"height\":512,\"caption\":\"MK Media & Pr\"},\"image\":{\"@id\":\"https:\/\/permbledhja.com\/#\/schema\/logo\/image\/\"},\"sameAs\":[\"https:\/\/www.facebook.com\/press07\/\"]},{\"@type\":\"Person\",\"@id\":\"https:\/\/permbledhja.com\/#\/schema\/person\/d23f13f59b5722643933d6780783acf3\",\"name\":\"M M\",\"image\":{\"@type\":\"ImageObject\",\"inLanguage\":\"sq\",\"@id\":\"https:\/\/permbledhja.com\/#\/schema\/person\/image\/\",\"url\":\"https:\/\/secure.gravatar.com\/avatar\/e2835a76ca7c31a2416b2d51c4ec9a8f?s=96&d=mm&r=g\",\"contentUrl\":\"https:\/\/secure.gravatar.com\/avatar\/e2835a76ca7c31a2416b2d51c4ec9a8f?s=96&d=mm&r=g\",\"caption\":\"M M\"},\"sameAs\":[\"http:\/\/MM\"],\"url\":\"https:\/\/permbledhja.com\/sq\/author\/muhamet\/\"}]}<\/script>\n<!-- \/ Yoast SEO plugin. -->","yoast_head_json":{"title":"\"U b\u00eb p\u00ebr shkaqe objektive\", Presidenca konfirmon shtyrjen e vizit\u00ebs s\u00eb delegacionit amerikan","robots":{"index":"index","follow":"follow","max-snippet":"max-snippet:-1","max-image-preview":"max-image-preview:large","max-video-preview":"max-video-preview:-1"},"canonical":"https:\/\/permbledhja.com\/sq\/u-be-per-shkaqe-objektive-presidenca-konfirmon-shtyrjen-e-vizites-se-delegacionit-amerikan\/","og_locale":"sq_AL","og_type":"article","og_title":"\"U b\u00eb p\u00ebr shkaqe objektive\", Presidenca konfirmon shtyrjen e vizit\u00ebs s\u00eb delegacionit amerikan","og_description":"Vizita e delegacionit amerikan n\u00eb krye me n\u00ebnsekretarin e\u00a0 Departamentit t\u00eb Mbrojtjes t\u00eb ShBA-ve, Derek Chollet, \u00ebsht\u00eb shtyr\u00eb p\u00ebr nj\u00eb koh\u00eb t\u00eb pacaktuar. Nga Presidenca e Kosov\u00ebs kan\u00eb b\u00ebr\u00eb t\u00eb ditur p\u00ebr Telegrafin, se Chollet ka shtyr\u00eb vizit\u00ebn e tij n\u00eb Ballkan p\u00ebr shkaqe objektive. \u201cNuk ka anulim t\u00eb vizit\u00ebs, por jemi informuar se ka [&hellip;]","og_url":"https:\/\/permbledhja.com\/sq\/u-be-per-shkaqe-objektive-presidenca-konfirmon-shtyrjen-e-vizites-se-delegacionit-amerikan\/","og_site_name":"Ve\u00e7 artikuj p\u00ebrmbledh\u00ebs","article_publisher":"https:\/\/www.facebook.com\/press07\/","article_published_time":"2023-07-30T13:02:12+00:00","og_image":[{"width":1108,"height":734,"url":"https:\/\/permbledhja.com\/wp-content\/uploads\/2023\/07\/delegacioni-1.jpg","type":"image\/jpeg"}],"author":"M M","twitter_card":"summary_large_image","twitter_misc":{"Written by":"M M","Est. reading time":"1 minut\u00eb"},"schema":{"@context":"https:\/\/schema.org","@graph":[{"@type":"Article","@id":"https:\/\/permbledhja.com\/sq\/u-be-per-shkaqe-objektive-presidenca-konfirmon-shtyrjen-e-vizites-se-delegacionit-amerikan\/#article","isPartOf":{"@id":"https:\/\/permbledhja.com\/sq\/u-be-per-shkaqe-objektive-presidenca-konfirmon-shtyrjen-e-vizites-se-delegacionit-amerikan\/"},"author":{"name":"M M","@id":"https:\/\/permbledhja.com\/#\/schema\/person\/d23f13f59b5722643933d6780783acf3"},"headline":"&#8220;U b\u00eb p\u00ebr shkaqe objektive&#8221;, Presidenca konfirmon shtyrjen e vizit\u00ebs s\u00eb delegacionit amerikan","datePublished":"2023-07-30T13:02:12+00:00","dateModified":"2023-07-30T13:02:12+00:00","mainEntityOfPage":{"@id":"https:\/\/permbledhja.com\/sq\/u-be-per-shkaqe-objektive-presidenca-konfirmon-shtyrjen-e-vizites-se-delegacionit-amerikan\/"},"wordCount":186,"publisher":{"@id":"https:\/\/permbledhja.com\/#organization"},"articleSection":["Komb\u00ebtare","Lajme"],"inLanguage":"sq"},{"@type":"WebPage","@id":"https:\/\/permbledhja.com\/sq\/u-be-per-shkaqe-objektive-presidenca-konfirmon-shtyrjen-e-vizites-se-delegacionit-amerikan\/","url":"https:\/\/permbledhja.com\/sq\/u-be-per-shkaqe-objektive-presidenca-konfirmon-shtyrjen-e-vizites-se-delegacionit-amerikan\/","name":"\"U b\u00eb p\u00ebr shkaqe objektive\", Presidenca konfirmon shtyrjen e vizit\u00ebs s\u00eb delegacionit amerikan","isPartOf":{"@id":"https:\/\/permbledhja.com\/#website"},"datePublished":"2023-07-30T13:02:12+00:00","dateModified":"2023-07-30T13:02:12+00:00","breadcrumb":{"@id":"https:\/\/permbledhja.com\/sq\/u-be-per-shkaqe-objektive-presidenca-konfirmon-shtyrjen-e-vizites-se-delegacionit-amerikan\/#breadcrumb"},"inLanguage":"sq","potentialAction":[{"@type":"ReadAction","target":["https:\/\/permbledhja.com\/sq\/u-be-per-shkaqe-objektive-presidenca-konfirmon-shtyrjen-e-vizites-se-delegacionit-amerikan\/"]}]},{"@type":"BreadcrumbList","@id":"https:\/\/permbledhja.com\/sq\/u-be-per-shkaqe-objektive-presidenca-konfirmon-shtyrjen-e-vizites-se-delegacionit-amerikan\/#breadcrumb","itemListElement":[{"@type":"ListItem","position":1,"name":"Ballina","item":"https:\/\/permbledhja.com\/sq\/"},{"@type":"ListItem","position":2,"name":"&#8220;U b\u00eb p\u00ebr shkaqe objektive&#8221;, Presidenca konfirmon shtyrjen e vizit\u00ebs s\u00eb delegacionit amerikan"}]},{"@type":"WebSite","@id":"https:\/\/permbledhja.com\/#website","url":"https:\/\/permbledhja.com\/","name":"Ve\u00e7 artikuj p\u00ebrmbledh\u00ebs","description":"","publisher":{"@id":"https:\/\/permbledhja.com\/#organization"},"potentialAction":[{"@type":"SearchAction","target":{"@type":"EntryPoint","urlTemplate":"https:\/\/permbledhja.com\/?s={search_term_string}"},"query-input":"required name=search_term_string"}],"inLanguage":"sq"},{"@type":"Organization","@id":"https:\/\/permbledhja.com\/#organization","name":"MK Media & Pr","url":"https:\/\/permbledhja.com\/","logo":{"@type":"ImageObject","inLanguage":"sq","@id":"https:\/\/permbledhja.com\/#\/schema\/logo\/image\/","url":"https:\/\/permbledhja.com\/wp-content\/uploads\/2021\/12\/07-Press-Logo.jpg","contentUrl":"https:\/\/permbledhja.com\/wp-content\/uploads\/2021\/12\/07-Press-Logo.jpg","width":512,"height":512,"caption":"MK Media & Pr"},"image":{"@id":"https:\/\/permbledhja.com\/#\/schema\/logo\/image\/"},"sameAs":["https:\/\/www.facebook.com\/press07\/"]},{"@type":"Person","@id":"https:\/\/permbledhja.com\/#\/schema\/person\/d23f13f59b5722643933d6780783acf3","name":"M M","image":{"@type":"ImageObject","inLanguage":"sq","@id":"https:\/\/permbledhja.com\/#\/schema\/person\/image\/","url":"https:\/\/secure.gravatar.com\/avatar\/e2835a76ca7c31a2416b2d51c4ec9a8f?s=96&d=mm&r=g","contentUrl":"https:\/\/secure.gravatar.com\/avatar\/e2835a76ca7c31a2416b2d51c4ec9a8f?s=96&d=mm&r=g","caption":"M M"},"sameAs":["http:\/\/MM"],"url":"https:\/\/permbledhja.com\/sq\/author\/muhamet\/"}]}},"_links":{"self":[{"href":"https:\/\/permbledhja.com\/sq\/wp-json\/wp\/v2\/posts\/21303"}],"collection":[{"href":"https:\/\/permbledhja.com\/sq\/wp-json\/wp\/v2\/posts"}],"about":[{"href":"https:\/\/permbledhja.com\/sq\/wp-json\/wp\/v2\/types\/post"}],"author":[{"embeddable":true,"href":"https:\/\/permbledhja.com\/sq\/wp-json\/wp\/v2\/users\/2"}],"replies":[{"embeddable":true,"href":"https:\/\/permbledhja.com\/sq\/wp-json\/wp\/v2\/comments?post=21303"}],"version-history":[{"count":1,"href":"https:\/\/permbledhja.com\/sq\/wp-json\/wp\/v2\/posts\/21303\/revisions"}],"predecessor-version":[{"id":21305,"href":"https:\/\/permbledhja.com\/sq\/wp-json\/wp\/v2\/posts\/21303\/revisions\/21305"}],"wp:featuredmedia":[{"embeddable":true,"href":"https:\/\/permbledhja.com\/sq\/wp-json\/wp\/v2\/media\/21304"}],"wp:attachment":[{"href":"https:\/\/permbledhja.com\/sq\/wp-json\/wp\/v2\/media?parent=21303"}],"wp:term":[{"taxonomy":"category","embeddable":true,"href":"https:\/\/permbledhja.com\/sq\/wp-json\/wp\/v2\/categories?post=21303"},{"taxonomy":"post_tag","embeddable":true,"href":"https:\/\/permbledhja.com\/sq\/wp-json\/wp\/v2\/tags?post=21303"}],"curies":[{"name":"wp","href":"https:\/\/api.w.org\/{rel}","templated":true}]}}