{"id":21280,"date":"2023-07-30T11:53:15","date_gmt":"2023-07-30T11:53:15","guid":{"rendered":"https:\/\/permbledhja.com\/?p=21280"},"modified":"2023-07-30T11:53:15","modified_gmt":"2023-07-30T11:53:15","slug":"kajtazi-pushteti-i-kurtit-nuk-i-do-mediat-e-lira-dhe-te-pavarura","status":"publish","type":"post","link":"https:\/\/permbledhja.com\/sq\/kajtazi-pushteti-i-kurtit-nuk-i-do-mediat-e-lira-dhe-te-pavarura\/","title":{"rendered":"Kajtazi: Pushteti i Kurtit nuk i do mediat e lira dhe te pavarura"},"content":{"rendered":"<h3>Pas vendimit t\u00eb pushtetit p\u00ebr mbylljen e Klan Kosov\u00ebs, gazetari Vehbi Kajtazi ka shkruar se Qeveria e drejtuar nga Albin Kurti k\u00ebrkon media dhe gazetar\u00eb t\u00eb n\u00ebnshtruar t\u00eb llojit t\u00eb Hajrie Spikeric\u00ebs dhe Ilaz Dukes.<\/h3>\n<p>Kajtazi ka shp\u00ebrndar\u00eb nj\u00eb video me k\u00ebta dy t\u00eb fundit kur n\u00eb vitet e 90\u2019 i n\u00ebnshtroheshin krejt\u00ebsisht pushtetit fashist t\u00eb Sllobodan Millosheviqit ndaj shqiptar\u00ebve t\u00eb Kosov\u00ebs.<\/p>\n<p>\u201c<em>Pushteti i Kurtit nuk i do mediat e lira dhe te pavarura. Do media dhe gazetare te tipit te Hajrie Spikerices e Ilaz Dukes. Prandaj na lufton sepse nuk nenshtrohemi. Prandaj na lufton sepse na do te nenshtruar<\/em>\u201d, ka shkruar Kajtazi.<\/p>\n<p><iframe loading=\"lazy\" style=\"border: none; overflow: hidden;\" src=\"https:\/\/www.facebook.com\/plugins\/video.php?href=https%3A%2F%2Fwww.facebook.com%2Fvehbikajtzi%2Fvideos%2F632041838699841%2F%3Fref%3Dembed_video&amp;show_text=0&amp;width=560\" width=\"560\" height=\"426\" frameborder=\"0\" scrolling=\"no\" allowfullscreen=\"allowfullscreen\"><\/iframe><\/p>\n","protected":false},"excerpt":{"rendered":"<p>Pas vendimit t\u00eb pushtetit p\u00ebr mbylljen e Klan Kosov\u00ebs, gazetari Vehbi Kajtazi ka shkruar se Qeveria e drejtuar nga Albin Kurti k\u00ebrkon media dhe gazetar\u00eb t\u00eb n\u00ebnshtruar t\u00eb llojit t\u00eb Hajrie Spikeric\u00ebs dhe Ilaz Dukes. Kajtazi ka shp\u00ebrndar\u00eb nj\u00eb video me k\u00ebta dy t\u00eb fundit kur n\u00eb vitet e 90\u2019 i n\u00ebnshtroheshin krejt\u00ebsisht pushtetit fashist [&hellip;]<\/p>\n","protected":false},"author":2,"featured_media":21281,"comment_status":"closed","ping_status":"closed","sticky":false,"template":"","format":"standard","meta":{"_monsterinsights_skip_tracking":false,"_monsterinsights_sitenote_active":false,"_monsterinsights_sitenote_note":"","_monsterinsights_sitenote_category":0,"_uf_show_specific_survey":0,"_uf_disable_surveys":false,"footnotes":""},"categories":[23,15],"tags":[1338],"yoast_head":"<!-- This site is optimized with the Yoast SEO plugin v21.5 - https:\/\/yoast.com\/wordpress\/plugins\/seo\/ -->\n<title>Kajtazi: Pushteti i Kurtit nuk i do mediat e lira dhe te pavarura<\/title>\n<meta name=\"robots\" content=\"index, follow, max-snippet:-1, max-image-preview:large, max-video-preview:-1\" \/>\n<link rel=\"canonical\" href=\"https:\/\/permbledhja.com\/sq\/kajtazi-pushteti-i-kurtit-nuk-i-do-mediat-e-lira-dhe-te-pavarura\/\" \/>\n<meta property=\"og:locale\" content=\"sq_AL\" \/>\n<meta property=\"og:type\" content=\"article\" \/>\n<meta property=\"og:title\" content=\"Kajtazi: Pushteti i Kurtit nuk i do mediat e lira dhe te pavarura\" \/>\n<meta property=\"og:description\" content=\"Pas vendimit t\u00eb pushtetit p\u00ebr mbylljen e Klan Kosov\u00ebs, gazetari Vehbi Kajtazi ka shkruar se Qeveria e drejtuar nga Albin Kurti k\u00ebrkon media dhe gazetar\u00eb t\u00eb n\u00ebnshtruar t\u00eb llojit t\u00eb Hajrie Spikeric\u00ebs dhe Ilaz Dukes. Kajtazi ka shp\u00ebrndar\u00eb nj\u00eb video me k\u00ebta dy t\u00eb fundit kur n\u00eb vitet e 90\u2019 i n\u00ebnshtroheshin krejt\u00ebsisht pushtetit fashist [&hellip;]\" \/>\n<meta property=\"og:url\" content=\"https:\/\/permbledhja.com\/sq\/kajtazi-pushteti-i-kurtit-nuk-i-do-mediat-e-lira-dhe-te-pavarura\/\" \/>\n<meta property=\"og:site_name\" content=\"Ve\u00e7 artikuj p\u00ebrmbledh\u00ebs\" \/>\n<meta property=\"article:publisher\" content=\"https:\/\/www.facebook.com\/press07\/\" \/>\n<meta property=\"article:published_time\" content=\"2023-07-30T11:53:15+00:00\" \/>\n<meta property=\"og:image\" content=\"https:\/\/permbledhja.com\/wp-content\/uploads\/2023\/07\/kajtazi.jpg\" \/>\n\t<meta property=\"og:image:width\" content=\"879\" \/>\n\t<meta property=\"og:image:height\" content=\"553\" \/>\n\t<meta property=\"og:image:type\" content=\"image\/jpeg\" \/>\n<meta name=\"author\" content=\"M M\" \/>\n<meta name=\"twitter:card\" content=\"summary_large_image\" \/>\n<meta name=\"twitter:label1\" content=\"Written by\" \/>\n\t<meta name=\"twitter:data1\" content=\"M M\" \/>\n\t<meta name=\"twitter:label2\" content=\"Est. reading time\" \/>\n\t<meta name=\"twitter:data2\" content=\"1 minut\u00eb\" \/>\n<script type=\"application\/ld+json\" class=\"yoast-schema-graph\">{\"@context\":\"https:\/\/schema.org\",\"@graph\":[{\"@type\":\"Article\",\"@id\":\"https:\/\/permbledhja.com\/sq\/kajtazi-pushteti-i-kurtit-nuk-i-do-mediat-e-lira-dhe-te-pavarura\/#article\",\"isPartOf\":{\"@id\":\"https:\/\/permbledhja.com\/sq\/kajtazi-pushteti-i-kurtit-nuk-i-do-mediat-e-lira-dhe-te-pavarura\/\"},\"author\":{\"name\":\"M M\",\"@id\":\"https:\/\/permbledhja.com\/#\/schema\/person\/d23f13f59b5722643933d6780783acf3\"},\"headline\":\"Kajtazi: Pushteti i Kurtit nuk i do mediat e lira dhe te pavarura\",\"datePublished\":\"2023-07-30T11:53:15+00:00\",\"dateModified\":\"2023-07-30T11:53:15+00:00\",\"mainEntityOfPage\":{\"@id\":\"https:\/\/permbledhja.com\/sq\/kajtazi-pushteti-i-kurtit-nuk-i-do-mediat-e-lira-dhe-te-pavarura\/\"},\"wordCount\":126,\"publisher\":{\"@id\":\"https:\/\/permbledhja.com\/#organization\"},\"keywords\":[\"Vehbi Kajtazi\"],\"articleSection\":[\"Komb\u00ebtare\",\"Lajme\"],\"inLanguage\":\"sq\"},{\"@type\":\"WebPage\",\"@id\":\"https:\/\/permbledhja.com\/sq\/kajtazi-pushteti-i-kurtit-nuk-i-do-mediat-e-lira-dhe-te-pavarura\/\",\"url\":\"https:\/\/permbledhja.com\/sq\/kajtazi-pushteti-i-kurtit-nuk-i-do-mediat-e-lira-dhe-te-pavarura\/\",\"name\":\"Kajtazi: Pushteti i Kurtit nuk i do mediat e lira dhe te pavarura\",\"isPartOf\":{\"@id\":\"https:\/\/permbledhja.com\/#website\"},\"datePublished\":\"2023-07-30T11:53:15+00:00\",\"dateModified\":\"2023-07-30T11:53:15+00:00\",\"breadcrumb\":{\"@id\":\"https:\/\/permbledhja.com\/sq\/kajtazi-pushteti-i-kurtit-nuk-i-do-mediat-e-lira-dhe-te-pavarura\/#breadcrumb\"},\"inLanguage\":\"sq\",\"potentialAction\":[{\"@type\":\"ReadAction\",\"target\":[\"https:\/\/permbledhja.com\/sq\/kajtazi-pushteti-i-kurtit-nuk-i-do-mediat-e-lira-dhe-te-pavarura\/\"]}]},{\"@type\":\"BreadcrumbList\",\"@id\":\"https:\/\/permbledhja.com\/sq\/kajtazi-pushteti-i-kurtit-nuk-i-do-mediat-e-lira-dhe-te-pavarura\/#breadcrumb\",\"itemListElement\":[{\"@type\":\"ListItem\",\"position\":1,\"name\":\"Ballina\",\"item\":\"https:\/\/permbledhja.com\/sq\/\"},{\"@type\":\"ListItem\",\"position\":2,\"name\":\"Kajtazi: Pushteti i Kurtit nuk i do mediat e lira dhe te pavarura\"}]},{\"@type\":\"WebSite\",\"@id\":\"https:\/\/permbledhja.com\/#website\",\"url\":\"https:\/\/permbledhja.com\/\",\"name\":\"Ve\u00e7 artikuj p\u00ebrmbledh\u00ebs\",\"description\":\"\",\"publisher\":{\"@id\":\"https:\/\/permbledhja.com\/#organization\"},\"potentialAction\":[{\"@type\":\"SearchAction\",\"target\":{\"@type\":\"EntryPoint\",\"urlTemplate\":\"https:\/\/permbledhja.com\/?s={search_term_string}\"},\"query-input\":\"required name=search_term_string\"}],\"inLanguage\":\"sq\"},{\"@type\":\"Organization\",\"@id\":\"https:\/\/permbledhja.com\/#organization\",\"name\":\"MK Media & Pr\",\"url\":\"https:\/\/permbledhja.com\/\",\"logo\":{\"@type\":\"ImageObject\",\"inLanguage\":\"sq\",\"@id\":\"https:\/\/permbledhja.com\/#\/schema\/logo\/image\/\",\"url\":\"https:\/\/permbledhja.com\/wp-content\/uploads\/2021\/12\/07-Press-Logo.jpg\",\"contentUrl\":\"https:\/\/permbledhja.com\/wp-content\/uploads\/2021\/12\/07-Press-Logo.jpg\",\"width\":512,\"height\":512,\"caption\":\"MK Media & Pr\"},\"image\":{\"@id\":\"https:\/\/permbledhja.com\/#\/schema\/logo\/image\/\"},\"sameAs\":[\"https:\/\/www.facebook.com\/press07\/\"]},{\"@type\":\"Person\",\"@id\":\"https:\/\/permbledhja.com\/#\/schema\/person\/d23f13f59b5722643933d6780783acf3\",\"name\":\"M M\",\"image\":{\"@type\":\"ImageObject\",\"inLanguage\":\"sq\",\"@id\":\"https:\/\/permbledhja.com\/#\/schema\/person\/image\/\",\"url\":\"https:\/\/secure.gravatar.com\/avatar\/e2835a76ca7c31a2416b2d51c4ec9a8f?s=96&d=mm&r=g\",\"contentUrl\":\"https:\/\/secure.gravatar.com\/avatar\/e2835a76ca7c31a2416b2d51c4ec9a8f?s=96&d=mm&r=g\",\"caption\":\"M M\"},\"sameAs\":[\"http:\/\/MM\"],\"url\":\"https:\/\/permbledhja.com\/sq\/author\/muhamet\/\"}]}<\/script>\n<!-- \/ Yoast SEO plugin. -->","yoast_head_json":{"title":"Kajtazi: Pushteti i Kurtit nuk i do mediat e lira dhe te pavarura","robots":{"index":"index","follow":"follow","max-snippet":"max-snippet:-1","max-image-preview":"max-image-preview:large","max-video-preview":"max-video-preview:-1"},"canonical":"https:\/\/permbledhja.com\/sq\/kajtazi-pushteti-i-kurtit-nuk-i-do-mediat-e-lira-dhe-te-pavarura\/","og_locale":"sq_AL","og_type":"article","og_title":"Kajtazi: Pushteti i Kurtit nuk i do mediat e lira dhe te pavarura","og_description":"Pas vendimit t\u00eb pushtetit p\u00ebr mbylljen e Klan Kosov\u00ebs, gazetari Vehbi Kajtazi ka shkruar se Qeveria e drejtuar nga Albin Kurti k\u00ebrkon media dhe gazetar\u00eb t\u00eb n\u00ebnshtruar t\u00eb llojit t\u00eb Hajrie Spikeric\u00ebs dhe Ilaz Dukes. Kajtazi ka shp\u00ebrndar\u00eb nj\u00eb video me k\u00ebta dy t\u00eb fundit kur n\u00eb vitet e 90\u2019 i n\u00ebnshtroheshin krejt\u00ebsisht pushtetit fashist [&hellip;]","og_url":"https:\/\/permbledhja.com\/sq\/kajtazi-pushteti-i-kurtit-nuk-i-do-mediat-e-lira-dhe-te-pavarura\/","og_site_name":"Ve\u00e7 artikuj p\u00ebrmbledh\u00ebs","article_publisher":"https:\/\/www.facebook.com\/press07\/","article_published_time":"2023-07-30T11:53:15+00:00","og_image":[{"width":879,"height":553,"url":"https:\/\/permbledhja.com\/wp-content\/uploads\/2023\/07\/kajtazi.jpg","type":"image\/jpeg"}],"author":"M M","twitter_card":"summary_large_image","twitter_misc":{"Written by":"M M","Est. reading time":"1 minut\u00eb"},"schema":{"@context":"https:\/\/schema.org","@graph":[{"@type":"Article","@id":"https:\/\/permbledhja.com\/sq\/kajtazi-pushteti-i-kurtit-nuk-i-do-mediat-e-lira-dhe-te-pavarura\/#article","isPartOf":{"@id":"https:\/\/permbledhja.com\/sq\/kajtazi-pushteti-i-kurtit-nuk-i-do-mediat-e-lira-dhe-te-pavarura\/"},"author":{"name":"M M","@id":"https:\/\/permbledhja.com\/#\/schema\/person\/d23f13f59b5722643933d6780783acf3"},"headline":"Kajtazi: Pushteti i Kurtit nuk i do mediat e lira dhe te pavarura","datePublished":"2023-07-30T11:53:15+00:00","dateModified":"2023-07-30T11:53:15+00:00","mainEntityOfPage":{"@id":"https:\/\/permbledhja.com\/sq\/kajtazi-pushteti-i-kurtit-nuk-i-do-mediat-e-lira-dhe-te-pavarura\/"},"wordCount":126,"publisher":{"@id":"https:\/\/permbledhja.com\/#organization"},"keywords":["Vehbi Kajtazi"],"articleSection":["Komb\u00ebtare","Lajme"],"inLanguage":"sq"},{"@type":"WebPage","@id":"https:\/\/permbledhja.com\/sq\/kajtazi-pushteti-i-kurtit-nuk-i-do-mediat-e-lira-dhe-te-pavarura\/","url":"https:\/\/permbledhja.com\/sq\/kajtazi-pushteti-i-kurtit-nuk-i-do-mediat-e-lira-dhe-te-pavarura\/","name":"Kajtazi: Pushteti i Kurtit nuk i do mediat e lira dhe te pavarura","isPartOf":{"@id":"https:\/\/permbledhja.com\/#website"},"datePublished":"2023-07-30T11:53:15+00:00","dateModified":"2023-07-30T11:53:15+00:00","breadcrumb":{"@id":"https:\/\/permbledhja.com\/sq\/kajtazi-pushteti-i-kurtit-nuk-i-do-mediat-e-lira-dhe-te-pavarura\/#breadcrumb"},"inLanguage":"sq","potentialAction":[{"@type":"ReadAction","target":["https:\/\/permbledhja.com\/sq\/kajtazi-pushteti-i-kurtit-nuk-i-do-mediat-e-lira-dhe-te-pavarura\/"]}]},{"@type":"BreadcrumbList","@id":"https:\/\/permbledhja.com\/sq\/kajtazi-pushteti-i-kurtit-nuk-i-do-mediat-e-lira-dhe-te-pavarura\/#breadcrumb","itemListElement":[{"@type":"ListItem","position":1,"name":"Ballina","item":"https:\/\/permbledhja.com\/sq\/"},{"@type":"ListItem","position":2,"name":"Kajtazi: Pushteti i Kurtit nuk i do mediat e lira dhe te pavarura"}]},{"@type":"WebSite","@id":"https:\/\/permbledhja.com\/#website","url":"https:\/\/permbledhja.com\/","name":"Ve\u00e7 artikuj p\u00ebrmbledh\u00ebs","description":"","publisher":{"@id":"https:\/\/permbledhja.com\/#organization"},"potentialAction":[{"@type":"SearchAction","target":{"@type":"EntryPoint","urlTemplate":"https:\/\/permbledhja.com\/?s={search_term_string}"},"query-input":"required name=search_term_string"}],"inLanguage":"sq"},{"@type":"Organization","@id":"https:\/\/permbledhja.com\/#organization","name":"MK Media & Pr","url":"https:\/\/permbledhja.com\/","logo":{"@type":"ImageObject","inLanguage":"sq","@id":"https:\/\/permbledhja.com\/#\/schema\/logo\/image\/","url":"https:\/\/permbledhja.com\/wp-content\/uploads\/2021\/12\/07-Press-Logo.jpg","contentUrl":"https:\/\/permbledhja.com\/wp-content\/uploads\/2021\/12\/07-Press-Logo.jpg","width":512,"height":512,"caption":"MK Media & Pr"},"image":{"@id":"https:\/\/permbledhja.com\/#\/schema\/logo\/image\/"},"sameAs":["https:\/\/www.facebook.com\/press07\/"]},{"@type":"Person","@id":"https:\/\/permbledhja.com\/#\/schema\/person\/d23f13f59b5722643933d6780783acf3","name":"M M","image":{"@type":"ImageObject","inLanguage":"sq","@id":"https:\/\/permbledhja.com\/#\/schema\/person\/image\/","url":"https:\/\/secure.gravatar.com\/avatar\/e2835a76ca7c31a2416b2d51c4ec9a8f?s=96&d=mm&r=g","contentUrl":"https:\/\/secure.gravatar.com\/avatar\/e2835a76ca7c31a2416b2d51c4ec9a8f?s=96&d=mm&r=g","caption":"M M"},"sameAs":["http:\/\/MM"],"url":"https:\/\/permbledhja.com\/sq\/author\/muhamet\/"}]}},"_links":{"self":[{"href":"https:\/\/permbledhja.com\/sq\/wp-json\/wp\/v2\/posts\/21280"}],"collection":[{"href":"https:\/\/permbledhja.com\/sq\/wp-json\/wp\/v2\/posts"}],"about":[{"href":"https:\/\/permbledhja.com\/sq\/wp-json\/wp\/v2\/types\/post"}],"author":[{"embeddable":true,"href":"https:\/\/permbledhja.com\/sq\/wp-json\/wp\/v2\/users\/2"}],"replies":[{"embeddable":true,"href":"https:\/\/permbledhja.com\/sq\/wp-json\/wp\/v2\/comments?post=21280"}],"version-history":[{"count":1,"href":"https:\/\/permbledhja.com\/sq\/wp-json\/wp\/v2\/posts\/21280\/revisions"}],"predecessor-version":[{"id":21282,"href":"https:\/\/permbledhja.com\/sq\/wp-json\/wp\/v2\/posts\/21280\/revisions\/21282"}],"wp:featuredmedia":[{"embeddable":true,"href":"https:\/\/permbledhja.com\/sq\/wp-json\/wp\/v2\/media\/21281"}],"wp:attachment":[{"href":"https:\/\/permbledhja.com\/sq\/wp-json\/wp\/v2\/media?parent=21280"}],"wp:term":[{"taxonomy":"category","embeddable":true,"href":"https:\/\/permbledhja.com\/sq\/wp-json\/wp\/v2\/categories?post=21280"},{"taxonomy":"post_tag","embeddable":true,"href":"https:\/\/permbledhja.com\/sq\/wp-json\/wp\/v2\/tags?post=21280"}],"curies":[{"name":"wp","href":"https:\/\/api.w.org\/{rel}","templated":true}]}}