{"id":20984,"date":"2023-07-28T06:57:28","date_gmt":"2023-07-28T06:57:28","guid":{"rendered":"https:\/\/permbledhja.com\/?p=20984"},"modified":"2023-07-28T06:57:28","modified_gmt":"2023-07-28T06:57:28","slug":"labinot-rexha-ben-pak-filma-isha-ne-depresion-fjeta-ketu-dy-dite-zemra-me-tha-duhet-ta-bej-si-filloi-historia-e-makreshit","status":"publish","type":"post","link":"https:\/\/permbledhja.com\/sq\/labinot-rexha-ben-pak-filma-isha-ne-depresion-fjeta-ketu-dy-dite-zemra-me-tha-duhet-ta-bej-si-filloi-historia-e-makreshit\/","title":{"rendered":"Labinot Rexha b\u00ebn pak &#8220;filma&#8221;: \u201cIsha n\u00eb depresion, fjeta k\u00ebtu dy dit\u00eb, zemra me tha duhet ta b\u00ebj\u201d &#8211; si filloi historia e Makreshit?"},"content":{"rendered":"<h3>Emisioni veror i ATV-s\u00eb, \u201cn\u2019mal An\u2019det\u201d, q\u00eb nisi transmetimin jav\u00ebn e kaluar, vazhdon t\u00eb sjell\u00eb p\u00ebr shikuesit arg\u00ebtim, intervista dhe eksplorim kulturor.<\/h3>\n<div class=\"g g-1\">\n<div class=\"g-single a-32\">\n<p>Nj\u00eb prej rubrikave eksploruese n\u00eb k\u00ebt\u00eb emision \u00ebsht\u00eb rubrika \u201cKu me shku n\u2019mal\u201d, n\u00eb t\u00eb cil\u00ebn \u00e7do dit\u00eb p\u00ebr shikuesit sjellin nga nj\u00eb reportazh nga fshatrat e ndrysh\u00ebm t\u00eb Kosov\u00ebs.<\/p>\n<div class=\"g g-11\">\n<div class=\"g-single a-78\">\n<p>Ekipi i ATV-s\u00eb b\u00ebri nj\u00eb vizit\u00eb n\u00eb fshatin Makresh t\u00eb komun\u00ebs s\u00eb Artan\u00ebs.<\/p>\n<p>Ndon\u00ebse shum\u00eb fshatra t\u00eb Kosov\u00ebs po braktisen nga vet\u00eb banor\u00ebt e tyre, n\u00eb fshatin Makresh q\u00eb ndodhet n\u00eb mes t\u00eb Prishtin\u00ebs dhe Gjilanit, banor\u00ebt kan\u00eb nj\u00eb arsye p\u00ebr t\u00eb q\u00ebndruar.<\/p>\n<p>Numri i madh i vilave dhe i pushimoreve q\u00eb jan\u00eb nd\u00ebrtuar k\u00ebtu viteve t\u00eb fundit, kan\u00eb b\u00ebr\u00eb q\u00eb ata ta kalojn\u00eb shum\u00eb mir\u00eb n\u00eb vendin e tyre, dhe po ashtu t\u00eb t\u00ebrheqin vizitor\u00eb edhe nga vende t\u00eb ndryshme t\u00eb Kosov\u00ebs.<\/p>\n<p>Me 130 vila t\u00eb nd\u00ebrtuara shum\u00eb pran nj\u00ebra tjetr\u00ebs, n\u00eb hyrje t\u00eb fshatit shihet lagjia \u2018Alegro\u2019 si pik\u00eb e r\u00ebnd\u00ebsishme turistike e Makreshit.<\/p>\n<p>K\u00ebng\u00ebtari Labinot Rexha, i cili \u00ebsht\u00eb nj\u00eb nga pronar\u00ebt e vilave n\u00eb Makresh, n\u00eb nj\u00eb bised\u00eb p\u00ebr televizionin, tha se ideja p\u00ebr nd\u00ebrtimin e tyre ka qen\u00eb spontane dhe ka ardhur n\u00eb koh\u00ebn e pandemis\u00eb, pasi kishte kaluar dy net aty dhe e kishte kuptuar se ndihej m\u00eb mir\u00eb me sh\u00ebndet.<\/p>\n<p><em>\u201cIshte ideja spontane, t\u00eb cil\u00ebt artist\u00ebt e shumt\u00eb, sportist\u00ebt e posaqerisht artist\u00ebt, shoq\u00ebria e ime kan\u00eb bler\u00eb k\u00ebtu dhe un\u00eb rast\u00ebsisht kam ardhur, ishte koha e pandemis\u00eb e \u00e7ka me bo, edhe ia kam nis\u00eb nja 2-3 vila, kam bler\u00eb tok\u00eb gati 9 hektar\u00eb edhe nuk i kam treguar fare familjes. Kam bujt nja 2 dit\u00eb k\u00ebtu, e kam q\u00eb kisha pak depresion n\u00eb vetvete edhe pas nja 2 dite q\u00eb bujta k\u00ebtu, m\u00eb tha zemra ime edhe e pash\u00eb q\u00eb me sh\u00ebndet jam shum\u00eb mir\u00eb dhe ka ndryshuar jeta e ime p\u00ebr k\u00ebto 2-3 dit\u00eb\u201d<\/em>, thot\u00eb Rexha.<\/p>\n<p><iframe loading=\"lazy\" title=\"Isha n\u00eb depresion, flejta k\u00ebtu dy dit\u00eb, zemra me tha duhet ta b\u00ebj, flet nj\u00eb nga pronar\u00ebt e villave\" src=\"https:\/\/www.youtube.com\/embed\/q1VkSK9rkNU\" width=\"670\" height=\"377\" frameborder=\"0\" allowfullscreen=\"allowfullscreen\"><\/iframe><\/p>\n<\/div>\n<\/div>\n<\/div>\n<\/div>\n","protected":false},"excerpt":{"rendered":"<p>Emisioni veror i ATV-s\u00eb, \u201cn\u2019mal An\u2019det\u201d, q\u00eb nisi transmetimin jav\u00ebn e kaluar, vazhdon t\u00eb sjell\u00eb p\u00ebr shikuesit arg\u00ebtim, intervista dhe eksplorim kulturor. Nj\u00eb prej rubrikave eksploruese n\u00eb k\u00ebt\u00eb emision \u00ebsht\u00eb rubrika \u201cKu me shku n\u2019mal\u201d, n\u00eb t\u00eb cil\u00ebn \u00e7do dit\u00eb p\u00ebr shikuesit sjellin nga nj\u00eb reportazh nga fshatrat e ndrysh\u00ebm t\u00eb Kosov\u00ebs. Ekipi i ATV-s\u00eb [&hellip;]<\/p>\n","protected":false},"author":1,"featured_media":20985,"comment_status":"closed","ping_status":"closed","sticky":false,"template":"","format":"standard","meta":{"_monsterinsights_skip_tracking":false,"_monsterinsights_sitenote_active":false,"_monsterinsights_sitenote_note":"","_monsterinsights_sitenote_category":0,"_uf_show_specific_survey":0,"_uf_disable_surveys":false,"footnotes":""},"categories":[17],"tags":[1733],"yoast_head":"<!-- This site is optimized with the Yoast SEO plugin v21.5 - https:\/\/yoast.com\/wordpress\/plugins\/seo\/ -->\n<title>Labinot Rexha b\u00ebn pak &quot;filma&quot;: \u201cIsha n\u00eb depresion, fjeta k\u00ebtu dy dit\u00eb, zemra me tha duhet ta b\u00ebj\u201d - si filloi historia e Makreshit?<\/title>\n<meta name=\"robots\" content=\"index, follow, max-snippet:-1, max-image-preview:large, max-video-preview:-1\" \/>\n<link rel=\"canonical\" href=\"https:\/\/permbledhja.com\/sq\/labinot-rexha-ben-pak-filma-isha-ne-depresion-fjeta-ketu-dy-dite-zemra-me-tha-duhet-ta-bej-si-filloi-historia-e-makreshit\/\" \/>\n<meta property=\"og:locale\" content=\"sq_AL\" \/>\n<meta property=\"og:type\" content=\"article\" \/>\n<meta property=\"og:title\" content=\"Labinot Rexha b\u00ebn pak &quot;filma&quot;: \u201cIsha n\u00eb depresion, fjeta k\u00ebtu dy dit\u00eb, zemra me tha duhet ta b\u00ebj\u201d - si filloi historia e Makreshit?\" \/>\n<meta property=\"og:description\" content=\"Emisioni veror i ATV-s\u00eb, \u201cn\u2019mal An\u2019det\u201d, q\u00eb nisi transmetimin jav\u00ebn e kaluar, vazhdon t\u00eb sjell\u00eb p\u00ebr shikuesit arg\u00ebtim, intervista dhe eksplorim kulturor. Nj\u00eb prej rubrikave eksploruese n\u00eb k\u00ebt\u00eb emision \u00ebsht\u00eb rubrika \u201cKu me shku n\u2019mal\u201d, n\u00eb t\u00eb cil\u00ebn \u00e7do dit\u00eb p\u00ebr shikuesit sjellin nga nj\u00eb reportazh nga fshatrat e ndrysh\u00ebm t\u00eb Kosov\u00ebs. Ekipi i ATV-s\u00eb [&hellip;]\" \/>\n<meta property=\"og:url\" content=\"https:\/\/permbledhja.com\/sq\/labinot-rexha-ben-pak-filma-isha-ne-depresion-fjeta-ketu-dy-dite-zemra-me-tha-duhet-ta-bej-si-filloi-historia-e-makreshit\/\" \/>\n<meta property=\"og:site_name\" content=\"Ve\u00e7 artikuj p\u00ebrmbledh\u00ebs\" \/>\n<meta property=\"article:publisher\" content=\"https:\/\/www.facebook.com\/press07\/\" \/>\n<meta property=\"article:author\" content=\"https:\/\/www.facebook.com\/kafexhiu.muharrem\/\" \/>\n<meta property=\"article:published_time\" content=\"2023-07-28T06:57:28+00:00\" \/>\n<meta property=\"og:image\" content=\"https:\/\/permbledhja.com\/wp-content\/uploads\/2023\/07\/labinot-rexha.png\" \/>\n\t<meta property=\"og:image:width\" content=\"591\" \/>\n\t<meta property=\"og:image:height\" content=\"336\" \/>\n\t<meta property=\"og:image:type\" content=\"image\/png\" \/>\n<meta name=\"author\" content=\"P\u00ebrmbledhja\" \/>\n<meta name=\"twitter:card\" content=\"summary_large_image\" \/>\n<meta name=\"twitter:label1\" content=\"Written by\" \/>\n\t<meta name=\"twitter:data1\" content=\"P\u00ebrmbledhja\" \/>\n\t<meta name=\"twitter:label2\" content=\"Est. reading time\" \/>\n\t<meta name=\"twitter:data2\" content=\"2 minuta\" \/>\n<script type=\"application\/ld+json\" class=\"yoast-schema-graph\">{\"@context\":\"https:\/\/schema.org\",\"@graph\":[{\"@type\":\"Article\",\"@id\":\"https:\/\/permbledhja.com\/labinot-rexha-ben-pak-filma-isha-ne-depresion-fjeta-ketu-dy-dite-zemra-me-tha-duhet-ta-bej-si-filloi-historia-e-makreshit\/#article\",\"isPartOf\":{\"@id\":\"https:\/\/permbledhja.com\/labinot-rexha-ben-pak-filma-isha-ne-depresion-fjeta-ketu-dy-dite-zemra-me-tha-duhet-ta-bej-si-filloi-historia-e-makreshit\/\"},\"author\":{\"name\":\"P\u00ebrmbledhja\",\"@id\":\"https:\/\/permbledhja.com\/#\/schema\/person\/0d064377258d3221e50693947b9eb4fe\"},\"headline\":\"Labinot Rexha b\u00ebn pak &#8220;filma&#8221;: \u201cIsha n\u00eb depresion, fjeta k\u00ebtu dy dit\u00eb, zemra me tha duhet ta b\u00ebj\u201d &#8211; si filloi historia e Makreshit?\",\"datePublished\":\"2023-07-28T06:57:28+00:00\",\"dateModified\":\"2023-07-28T06:57:28+00:00\",\"mainEntityOfPage\":{\"@id\":\"https:\/\/permbledhja.com\/labinot-rexha-ben-pak-filma-isha-ne-depresion-fjeta-ketu-dy-dite-zemra-me-tha-duhet-ta-bej-si-filloi-historia-e-makreshit\/\"},\"wordCount\":381,\"publisher\":{\"@id\":\"https:\/\/permbledhja.com\/#organization\"},\"keywords\":[\"Labinot Rexha\"],\"articleSection\":[\"Rahovec\"],\"inLanguage\":\"sq\"},{\"@type\":\"WebPage\",\"@id\":\"https:\/\/permbledhja.com\/labinot-rexha-ben-pak-filma-isha-ne-depresion-fjeta-ketu-dy-dite-zemra-me-tha-duhet-ta-bej-si-filloi-historia-e-makreshit\/\",\"url\":\"https:\/\/permbledhja.com\/labinot-rexha-ben-pak-filma-isha-ne-depresion-fjeta-ketu-dy-dite-zemra-me-tha-duhet-ta-bej-si-filloi-historia-e-makreshit\/\",\"name\":\"Labinot Rexha b\u00ebn pak \\\"filma\\\": \u201cIsha n\u00eb depresion, fjeta k\u00ebtu dy dit\u00eb, zemra me tha duhet ta b\u00ebj\u201d - si filloi historia e Makreshit?\",\"isPartOf\":{\"@id\":\"https:\/\/permbledhja.com\/#website\"},\"datePublished\":\"2023-07-28T06:57:28+00:00\",\"dateModified\":\"2023-07-28T06:57:28+00:00\",\"breadcrumb\":{\"@id\":\"https:\/\/permbledhja.com\/labinot-rexha-ben-pak-filma-isha-ne-depresion-fjeta-ketu-dy-dite-zemra-me-tha-duhet-ta-bej-si-filloi-historia-e-makreshit\/#breadcrumb\"},\"inLanguage\":\"sq\",\"potentialAction\":[{\"@type\":\"ReadAction\",\"target\":[\"https:\/\/permbledhja.com\/labinot-rexha-ben-pak-filma-isha-ne-depresion-fjeta-ketu-dy-dite-zemra-me-tha-duhet-ta-bej-si-filloi-historia-e-makreshit\/\"]}]},{\"@type\":\"BreadcrumbList\",\"@id\":\"https:\/\/permbledhja.com\/labinot-rexha-ben-pak-filma-isha-ne-depresion-fjeta-ketu-dy-dite-zemra-me-tha-duhet-ta-bej-si-filloi-historia-e-makreshit\/#breadcrumb\",\"itemListElement\":[{\"@type\":\"ListItem\",\"position\":1,\"name\":\"Ballina\",\"item\":\"https:\/\/permbledhja.com\/sq\/\"},{\"@type\":\"ListItem\",\"position\":2,\"name\":\"Labinot Rexha b\u00ebn pak &#8220;filma&#8221;: \u201cIsha n\u00eb depresion, fjeta k\u00ebtu dy dit\u00eb, zemra me tha duhet ta b\u00ebj\u201d &#8211; si filloi historia e Makreshit?\"}]},{\"@type\":\"WebSite\",\"@id\":\"https:\/\/permbledhja.com\/#website\",\"url\":\"https:\/\/permbledhja.com\/\",\"name\":\"Ve\u00e7 artikuj p\u00ebrmbledh\u00ebs\",\"description\":\"\",\"publisher\":{\"@id\":\"https:\/\/permbledhja.com\/#organization\"},\"potentialAction\":[{\"@type\":\"SearchAction\",\"target\":{\"@type\":\"EntryPoint\",\"urlTemplate\":\"https:\/\/permbledhja.com\/?s={search_term_string}\"},\"query-input\":\"required name=search_term_string\"}],\"inLanguage\":\"sq\"},{\"@type\":\"Organization\",\"@id\":\"https:\/\/permbledhja.com\/#organization\",\"name\":\"MK Media & Pr\",\"url\":\"https:\/\/permbledhja.com\/\",\"logo\":{\"@type\":\"ImageObject\",\"inLanguage\":\"sq\",\"@id\":\"https:\/\/permbledhja.com\/#\/schema\/logo\/image\/\",\"url\":\"https:\/\/permbledhja.com\/wp-content\/uploads\/2021\/12\/07-Press-Logo.jpg\",\"contentUrl\":\"https:\/\/permbledhja.com\/wp-content\/uploads\/2021\/12\/07-Press-Logo.jpg\",\"width\":512,\"height\":512,\"caption\":\"MK Media & Pr\"},\"image\":{\"@id\":\"https:\/\/permbledhja.com\/#\/schema\/logo\/image\/\"},\"sameAs\":[\"https:\/\/www.facebook.com\/press07\/\"]},{\"@type\":\"Person\",\"@id\":\"https:\/\/permbledhja.com\/#\/schema\/person\/0d064377258d3221e50693947b9eb4fe\",\"name\":\"P\u00ebrmbledhja\",\"image\":{\"@type\":\"ImageObject\",\"inLanguage\":\"sq\",\"@id\":\"https:\/\/permbledhja.com\/#\/schema\/person\/image\/\",\"url\":\"https:\/\/permbledhja.com\/wp-content\/uploads\/2026\/01\/452004717_1040944174702970_8932037511805513407_n-96x96.jpg\",\"contentUrl\":\"https:\/\/permbledhja.com\/wp-content\/uploads\/2026\/01\/452004717_1040944174702970_8932037511805513407_n-96x96.jpg\",\"caption\":\"P\u00ebrmbledhja\"},\"sameAs\":[\"https:\/\/www.facebook.com\/kafexhiu.muharrem\/\",\"https:\/\/www.instagram.com\/muharrem_kafexhiu\/\"],\"url\":\"https:\/\/permbledhja.com\/sq\/author\/admin\/\"}]}<\/script>\n<!-- \/ Yoast SEO plugin. -->","yoast_head_json":{"title":"Labinot Rexha b\u00ebn pak \"filma\": \u201cIsha n\u00eb depresion, fjeta k\u00ebtu dy dit\u00eb, zemra me tha duhet ta b\u00ebj\u201d - si filloi historia e Makreshit?","robots":{"index":"index","follow":"follow","max-snippet":"max-snippet:-1","max-image-preview":"max-image-preview:large","max-video-preview":"max-video-preview:-1"},"canonical":"https:\/\/permbledhja.com\/sq\/labinot-rexha-ben-pak-filma-isha-ne-depresion-fjeta-ketu-dy-dite-zemra-me-tha-duhet-ta-bej-si-filloi-historia-e-makreshit\/","og_locale":"sq_AL","og_type":"article","og_title":"Labinot Rexha b\u00ebn pak \"filma\": \u201cIsha n\u00eb depresion, fjeta k\u00ebtu dy dit\u00eb, zemra me tha duhet ta b\u00ebj\u201d - si filloi historia e Makreshit?","og_description":"Emisioni veror i ATV-s\u00eb, \u201cn\u2019mal An\u2019det\u201d, q\u00eb nisi transmetimin jav\u00ebn e kaluar, vazhdon t\u00eb sjell\u00eb p\u00ebr shikuesit arg\u00ebtim, intervista dhe eksplorim kulturor. Nj\u00eb prej rubrikave eksploruese n\u00eb k\u00ebt\u00eb emision \u00ebsht\u00eb rubrika \u201cKu me shku n\u2019mal\u201d, n\u00eb t\u00eb cil\u00ebn \u00e7do dit\u00eb p\u00ebr shikuesit sjellin nga nj\u00eb reportazh nga fshatrat e ndrysh\u00ebm t\u00eb Kosov\u00ebs. Ekipi i ATV-s\u00eb [&hellip;]","og_url":"https:\/\/permbledhja.com\/sq\/labinot-rexha-ben-pak-filma-isha-ne-depresion-fjeta-ketu-dy-dite-zemra-me-tha-duhet-ta-bej-si-filloi-historia-e-makreshit\/","og_site_name":"Ve\u00e7 artikuj p\u00ebrmbledh\u00ebs","article_publisher":"https:\/\/www.facebook.com\/press07\/","article_author":"https:\/\/www.facebook.com\/kafexhiu.muharrem\/","article_published_time":"2023-07-28T06:57:28+00:00","og_image":[{"width":591,"height":336,"url":"https:\/\/permbledhja.com\/wp-content\/uploads\/2023\/07\/labinot-rexha.png","type":"image\/png"}],"author":"P\u00ebrmbledhja","twitter_card":"summary_large_image","twitter_misc":{"Written by":"P\u00ebrmbledhja","Est. reading time":"2 minuta"},"schema":{"@context":"https:\/\/schema.org","@graph":[{"@type":"Article","@id":"https:\/\/permbledhja.com\/labinot-rexha-ben-pak-filma-isha-ne-depresion-fjeta-ketu-dy-dite-zemra-me-tha-duhet-ta-bej-si-filloi-historia-e-makreshit\/#article","isPartOf":{"@id":"https:\/\/permbledhja.com\/labinot-rexha-ben-pak-filma-isha-ne-depresion-fjeta-ketu-dy-dite-zemra-me-tha-duhet-ta-bej-si-filloi-historia-e-makreshit\/"},"author":{"name":"P\u00ebrmbledhja","@id":"https:\/\/permbledhja.com\/#\/schema\/person\/0d064377258d3221e50693947b9eb4fe"},"headline":"Labinot Rexha b\u00ebn pak &#8220;filma&#8221;: \u201cIsha n\u00eb depresion, fjeta k\u00ebtu dy dit\u00eb, zemra me tha duhet ta b\u00ebj\u201d &#8211; si filloi historia e Makreshit?","datePublished":"2023-07-28T06:57:28+00:00","dateModified":"2023-07-28T06:57:28+00:00","mainEntityOfPage":{"@id":"https:\/\/permbledhja.com\/labinot-rexha-ben-pak-filma-isha-ne-depresion-fjeta-ketu-dy-dite-zemra-me-tha-duhet-ta-bej-si-filloi-historia-e-makreshit\/"},"wordCount":381,"publisher":{"@id":"https:\/\/permbledhja.com\/#organization"},"keywords":["Labinot Rexha"],"articleSection":["Rahovec"],"inLanguage":"sq"},{"@type":"WebPage","@id":"https:\/\/permbledhja.com\/labinot-rexha-ben-pak-filma-isha-ne-depresion-fjeta-ketu-dy-dite-zemra-me-tha-duhet-ta-bej-si-filloi-historia-e-makreshit\/","url":"https:\/\/permbledhja.com\/labinot-rexha-ben-pak-filma-isha-ne-depresion-fjeta-ketu-dy-dite-zemra-me-tha-duhet-ta-bej-si-filloi-historia-e-makreshit\/","name":"Labinot Rexha b\u00ebn pak \"filma\": \u201cIsha n\u00eb depresion, fjeta k\u00ebtu dy dit\u00eb, zemra me tha duhet ta b\u00ebj\u201d - si filloi historia e Makreshit?","isPartOf":{"@id":"https:\/\/permbledhja.com\/#website"},"datePublished":"2023-07-28T06:57:28+00:00","dateModified":"2023-07-28T06:57:28+00:00","breadcrumb":{"@id":"https:\/\/permbledhja.com\/labinot-rexha-ben-pak-filma-isha-ne-depresion-fjeta-ketu-dy-dite-zemra-me-tha-duhet-ta-bej-si-filloi-historia-e-makreshit\/#breadcrumb"},"inLanguage":"sq","potentialAction":[{"@type":"ReadAction","target":["https:\/\/permbledhja.com\/labinot-rexha-ben-pak-filma-isha-ne-depresion-fjeta-ketu-dy-dite-zemra-me-tha-duhet-ta-bej-si-filloi-historia-e-makreshit\/"]}]},{"@type":"BreadcrumbList","@id":"https:\/\/permbledhja.com\/labinot-rexha-ben-pak-filma-isha-ne-depresion-fjeta-ketu-dy-dite-zemra-me-tha-duhet-ta-bej-si-filloi-historia-e-makreshit\/#breadcrumb","itemListElement":[{"@type":"ListItem","position":1,"name":"Ballina","item":"https:\/\/permbledhja.com\/sq\/"},{"@type":"ListItem","position":2,"name":"Labinot Rexha b\u00ebn pak &#8220;filma&#8221;: \u201cIsha n\u00eb depresion, fjeta k\u00ebtu dy dit\u00eb, zemra me tha duhet ta b\u00ebj\u201d &#8211; si filloi historia e Makreshit?"}]},{"@type":"WebSite","@id":"https:\/\/permbledhja.com\/#website","url":"https:\/\/permbledhja.com\/","name":"Ve\u00e7 artikuj p\u00ebrmbledh\u00ebs","description":"","publisher":{"@id":"https:\/\/permbledhja.com\/#organization"},"potentialAction":[{"@type":"SearchAction","target":{"@type":"EntryPoint","urlTemplate":"https:\/\/permbledhja.com\/?s={search_term_string}"},"query-input":"required name=search_term_string"}],"inLanguage":"sq"},{"@type":"Organization","@id":"https:\/\/permbledhja.com\/#organization","name":"MK Media & Pr","url":"https:\/\/permbledhja.com\/","logo":{"@type":"ImageObject","inLanguage":"sq","@id":"https:\/\/permbledhja.com\/#\/schema\/logo\/image\/","url":"https:\/\/permbledhja.com\/wp-content\/uploads\/2021\/12\/07-Press-Logo.jpg","contentUrl":"https:\/\/permbledhja.com\/wp-content\/uploads\/2021\/12\/07-Press-Logo.jpg","width":512,"height":512,"caption":"MK Media & Pr"},"image":{"@id":"https:\/\/permbledhja.com\/#\/schema\/logo\/image\/"},"sameAs":["https:\/\/www.facebook.com\/press07\/"]},{"@type":"Person","@id":"https:\/\/permbledhja.com\/#\/schema\/person\/0d064377258d3221e50693947b9eb4fe","name":"P\u00ebrmbledhja","image":{"@type":"ImageObject","inLanguage":"sq","@id":"https:\/\/permbledhja.com\/#\/schema\/person\/image\/","url":"https:\/\/permbledhja.com\/wp-content\/uploads\/2026\/01\/452004717_1040944174702970_8932037511805513407_n-96x96.jpg","contentUrl":"https:\/\/permbledhja.com\/wp-content\/uploads\/2026\/01\/452004717_1040944174702970_8932037511805513407_n-96x96.jpg","caption":"P\u00ebrmbledhja"},"sameAs":["https:\/\/www.facebook.com\/kafexhiu.muharrem\/","https:\/\/www.instagram.com\/muharrem_kafexhiu\/"],"url":"https:\/\/permbledhja.com\/sq\/author\/admin\/"}]}},"_links":{"self":[{"href":"https:\/\/permbledhja.com\/sq\/wp-json\/wp\/v2\/posts\/20984"}],"collection":[{"href":"https:\/\/permbledhja.com\/sq\/wp-json\/wp\/v2\/posts"}],"about":[{"href":"https:\/\/permbledhja.com\/sq\/wp-json\/wp\/v2\/types\/post"}],"author":[{"embeddable":true,"href":"https:\/\/permbledhja.com\/sq\/wp-json\/wp\/v2\/users\/1"}],"replies":[{"embeddable":true,"href":"https:\/\/permbledhja.com\/sq\/wp-json\/wp\/v2\/comments?post=20984"}],"version-history":[{"count":1,"href":"https:\/\/permbledhja.com\/sq\/wp-json\/wp\/v2\/posts\/20984\/revisions"}],"predecessor-version":[{"id":20986,"href":"https:\/\/permbledhja.com\/sq\/wp-json\/wp\/v2\/posts\/20984\/revisions\/20986"}],"wp:featuredmedia":[{"embeddable":true,"href":"https:\/\/permbledhja.com\/sq\/wp-json\/wp\/v2\/media\/20985"}],"wp:attachment":[{"href":"https:\/\/permbledhja.com\/sq\/wp-json\/wp\/v2\/media?parent=20984"}],"wp:term":[{"taxonomy":"category","embeddable":true,"href":"https:\/\/permbledhja.com\/sq\/wp-json\/wp\/v2\/categories?post=20984"},{"taxonomy":"post_tag","embeddable":true,"href":"https:\/\/permbledhja.com\/sq\/wp-json\/wp\/v2\/tags?post=20984"}],"curies":[{"name":"wp","href":"https:\/\/api.w.org\/{rel}","templated":true}]}}