{"id":20958,"date":"2023-07-27T23:49:02","date_gmt":"2023-07-27T23:49:02","guid":{"rendered":"https:\/\/permbledhja.com\/?p=20958"},"modified":"2023-07-27T23:49:02","modified_gmt":"2023-07-27T23:49:02","slug":"denohen-me-4-vite-burgim-per-korrupsion-kater-ish-inspektoret-kosovare","status":"publish","type":"post","link":"https:\/\/permbledhja.com\/sq\/denohen-me-4-vite-burgim-per-korrupsion-kater-ish-inspektoret-kosovare\/","title":{"rendered":"D\u00ebnohen me 4 vite burgim p\u00ebr korrupsion kat\u00ebr ish-inspektor\u00ebt kosovar\u00eb"},"content":{"rendered":"<h3>Gjykata Themelore n\u00eb Prishtin\u00eb, i ka shpallur fajtor\u00eb ish-inspektorat e Komun\u00ebs s\u00eb Prishtin\u00ebs, Ismet Halitit, Skender Canollin, M\u00ebrgim Shal\u00ebn dhe Vehbi Abdullahun, duke i d\u00ebnuar me 4 vite burgim p\u00ebr korrupsion.<\/h3>\n<p>Aktgjykimi ndaj t\u00eb akuzuarve t\u00eb lartcekur u shpall t\u00eb enjten nga kryetarja e trupit gjykues, gjykat\u00ebsja Suzana \u00c7erkini, raporton \u201cBetimi p\u00ebr Drejt\u00ebsi\u201d.<\/p>\n<p>Sipas k\u00ebtij aktgjykimi, t\u00eb akuzuarit Haliti i \u00ebsht\u00eb shqiptuar d\u00ebnim unik me burgim n\u00eb koh\u00ebzgjatje prej 2 viteve p\u00ebr vepr\u00ebn penale \u201cKeqp\u00ebrdorim i pozit\u00ebs apo autoritetit zyrtar\u201d, dhe at\u00eb p\u00ebr pik\u00ebn 1 t\u00eb dipozitivit e ka d\u00ebnuar me burgim prej 1 viti, nga pika 2, burgim prej 4 muaj, p\u00ebr pik\u00ebn 3, burgim prej 4 muaj, p\u00ebr pik\u00ebn 4, burgim prej 3 muaj, nd\u00ebrsa p\u00ebr pik\u00ebn 5, d\u00ebnim prej 3 muaj.<\/p>\n<p>T\u00eb nj\u00ebjtit gjykata po ashtu i ka shqiptuar d\u00ebnim plot\u00ebsues, ku i konfiskohet; automjeti i tipit \u201cAudi Q7\u201d, automjeti i tipit \u201cWolsagen Golf\u201d, si dhe parat n\u00eb shum\u00ebn prej 11 mij\u00eb euro, t\u00eb gjitha k\u00ebto si dobi pasurore t\u00eb p\u00ebrfituara me kryerjen e veprave penale.<\/p>\n<p>Nd\u00ebrsa, t\u00eb akuzuarit Canolli gjykata i ka shqiptuar d\u00ebnim unik me burgim n\u00eb koh\u00ebzgjatje prej 1 viti, p\u00ebr vepr\u00ebn penale \u201cKeqp\u00ebrdorim i pozit\u00ebs apo autoritetit zyrtar\u201d, t\u00eb p\u00ebrshkruara n\u00eb pikat e aktakuz\u00ebs, ashtu q\u00eb p\u00ebr pik\u00ebn 1 t\u00eb dipozitivit, d\u00ebnim me burgim prej 6 muaj, p\u00ebr pik\u00ebn 2, burgim prej 4 muaj, nd\u00ebrsa p\u00ebr pik\u00ebn 3, burgim prej 4 muaj.<\/p>\n<p>T\u00eb nj\u00ebjtit iu konfiskua automjeti i tipit \u201cWolsfagen Passat\u201d, parat n\u00eb shum\u00ebn 10 mij\u00eb e 560 franga zvicerane, 2 mij\u00eb e 600 dollar amerikan\u00eb dhe 1 mij\u00eb e 880 euro.<\/p>\n<p>Kurse, sipas aktgjykimit t\u00eb akuzuarit Abdullahu gjykata i ka shqiptuar d\u00ebnim unik n\u00eb koh\u00ebzgjatje prej 6 muaj, p\u00ebrkat\u00ebsisht p\u00ebr pik\u00ebn 2, burgim prej 4 muaj, p\u00ebr pik\u00ebn 3 prej 4 muaj burgim, i cili d\u00ebnim me p\u00eblqimin e t\u00eb akuzuarit do t\u2019i shnd\u00ebrrohet n\u00eb d\u00ebnim me gjob\u00eb n\u00eb shum\u00ebn prej 12 mij\u00eb euro.<\/p>\n<p>Gjithashtu, d\u00ebnim me burgim iu shqiptua edhe t\u00eb akuzuarit Shala, p\u00ebr vepr\u00ebn penale \u201cKeqp\u00ebrdorim i pozit\u00ebs apo autoritetit zyrtar\u201d, dhe at\u00eb d\u00ebnim me burgim n\u00eb koh\u00ebzgjatje prej 6 muaj, i cili d\u00ebnim me p\u00eblqim e t\u00eb akuzuarit do t\u2019i shnd\u00ebrrohet n\u00eb d\u00ebnim me gjob\u00eb n\u00eb shum\u00ebn prej 10 mij\u00eb euro. T\u00eb nj\u00ebjtit iu konfiskohet banesa n\u00eb lagjen Kalbria.<\/p>\n<p>T\u00eb akuzuarve Haliti, Canolli Abdullahu dhe Shala do t\u00eb ju llogaritet koha e kaluar n\u00eb paraburgim.<\/p>\n<p>Sipas aktgjykimit, urdh\u00ebrohet Agjencia p\u00ebr Menaxhimin e Pasurive t\u00eb Sekuestruara ose t\u00eb Konfiskuara t\u00eb shesin automjetet e precizuara si n\u00eb dispozitiv t\u00eb k\u00ebtij aktgjykimi, pasi i nj\u00ebjti t\u00eb b\u00ebhet i form\u00ebs s\u00eb prer\u00eb, si dhe nga shitja e tyre, parat e fituara t\u00eb derdhen n\u00eb buxhetin e Kosov\u00ebs.<\/p>\n<p>Gjithashtu t\u00eb nj\u00ebjtit obligohen secili ve\u00e7 e ve\u00e7 q\u00eb t\u00eb paguajn\u00eb t\u00eb gjitha shpenzimet e procedur\u00ebs penale, ashtu q\u00eb n\u00eb em\u00ebr t\u00eb paushallit gjyq\u00ebsor t\u00eb paguajn\u00eb shum\u00eb prej 200 euro, si dhe shum\u00ebn prej 100 euro n\u00eb em\u00ebr t\u00eb kompensimit t\u00eb viktimave t\u00eb krimit.<\/p>\n<p>Pala e d\u00ebmtuar, Komuna e Prishtin\u00ebs p\u00ebr realizimin e k\u00ebrkes\u00ebs pasurore juridik udh\u00ebzohen n\u00eb kontest t\u00eb rregullt civil, nd\u00ebrsa pal\u00ebt e pak\u00ebnaqura kan\u00eb t\u00eb drejt\u00eb ankese kund\u00ebr k\u00ebtij aktgjykim.<\/p>\n<p>Nd\u00ebrkaq, n\u00eb seanc\u00ebn e 15 dhjetorit 2021, prokurorja e kishte ndryshuar aktakuz\u00ebn, ku n\u00eb pik\u00ebn e par\u00eb t\u00eb aktakuz\u00ebs, t\u00eb akuzuarit Haliti dhe Canolli akuzohen p\u00ebr vepr\u00ebn penale \u201cKeqp\u00ebrdorim i pozit\u00ebs apo autoritetit zyrtar\u201d nga neni 422, lidhur me nenin 31 t\u00eb Kodit Penal, t\u00eb kryer n\u00eb form\u00ebn e bashk\u00ebpunimit- bashk\u00ebkryerjes n\u00eb vazhdim\u00ebsi.<\/p>\n<p>N\u00eb pik\u00ebn e dyt\u00eb t\u00eb aktakuz\u00ebs s\u00eb ndryshuar, q\u00eb ka t\u00eb b\u00ebj\u00eb me objektin \u201cDodona\u201d, sipas prokurores Hajdari, i pandehuri Abdullahu akuzohet se n\u00eb bashk\u00ebkryerje me t\u00eb pandehurit Haliti dhe Canolli kan\u00eb kryer n\u00eb form\u00ebn e bashk\u00ebpunimit- bashk\u00ebkryerjes vepr\u00ebn penale \u201cKeqp\u00ebrdorim i pozit\u00ebs apo autoritetit zyrtar\u201d, nga neni 422, lidhur me nenin 31.<\/p>\n<p>N\u00eb pik\u00ebn tre t\u00eb aktakuz\u00ebs s\u00eb ndryshuar, prokurorja Hajdari tha se kjo pik\u00eb ka t\u00eb b\u00ebj\u00eb me t\u00eb pandehurit Haliti, Canolli dhe Abdullahu, me objektin n\u00eb lagjen \u201cIlirida\u201d, rruga \u201cXheladin Kurbaliu\u201d, e q\u00eb n\u00eb aktakuz\u00ebn baz\u00eb ishte n\u00eb pik\u00ebn 1.10, ku sipas aktakuz\u00ebs s\u00eb ndryshuar, t\u00eb pandehurit e lartcekur akuzohen se n\u00eb form\u00ebn e bashk\u00ebpunimit-bashk\u00ebkryerjes kan\u00eb kryer vepr\u00ebn penale \u201cKeqp\u00ebrdorim i pozit\u00ebs apo autoritetit zyrtar\u201d nga neni 422, lidhur me nenin 31 t\u00eb Kodit Penal t\u00eb Kosov\u00ebs.<\/p>\n<p>N\u00eb pik\u00ebn kat\u00ebr dhe pes\u00eb t\u00eb aktakuz\u00ebs s\u00eb ndryshuar, t\u00eb cilat pika sipas prokurores Hajdari kan\u00eb t\u00eb b\u00ebjn\u00eb me objektin nga investitori \u201cRamiz Sadiku\u201d dhe \u201cSimon Invest\u201d, i akuzarit Haliti akuzohet p\u00ebr \u201cKeqp\u00ebrdorim t\u00eb pozit\u00ebs apo autoritetit zyrtar\u201d nga neni 422 t\u00eb Kodit Penal<\/p>\n<p>Nd\u00ebrsa, krejt n\u00eb fund t\u00eb pikave t\u00eb dispozitivit t\u00eb k\u00ebsaj aktakuze t\u00eb ndryshuar, konkretisht n\u00eb pik\u00ebn gjasht\u00eb, i pandehuri Shala akuzohet p\u00ebr vepr\u00ebn penale e cila ishte n\u00eb pik\u00ebn 1.4 n\u00eb aktakuz\u00ebn baz\u00eb, p\u00ebr vepr\u00ebn penale \u201cKeqp\u00ebrdorim i pozit\u00ebs apo autoritetit zyrtar\u201d, nga neni 422 t\u00eb Kodit Penal.<\/p>\n<p>Ndryshe, sipas aktakuz\u00ebs s\u00eb par\u00eb, Ismet Haliti, Skender Canolli, Blerina Syla, Vehbi Abdullahu, Blerim Ibishi, Ardian Muhadri, Arbenita Ajeti, M\u00ebrgim Shala, Granit Cenaj dhe Drita Rukiqi, thuhet se n\u00eb pozit\u00ebn e inspektor\u00ebve t\u00eb nd\u00ebrtimit n\u00eb Komun\u00ebn e Prishtin\u00ebs, gjat\u00eb periudh\u00ebs kohore 2010 \u2013 2014, nuk i kishin p\u00ebrmbushur detyrat zyrtare sipas ligjit.<\/p>\n<p>Dy nga t\u00eb akuzuarit n\u00eb k\u00ebt\u00eb rast, Ismet Haliti dhe Skender Canolli ngarkoheshin edhe me vepr\u00ebn penale t\u00eb arm\u00ebmbajtjes pa leje, kurse p\u00ebr vepr\u00ebn penale t\u00eb falsifikimit t\u00eb dokumenteve akuzohej edhe biznesmeni Qemajl Pozhegu.<\/p>\n<p>Fillimisht, n\u00eb gjykimin e par\u00eb, Gjykata Themelore n\u00eb Prishtin\u00eb m\u00eb 20 prill 2018, t\u00eb akuzuarin Haliti e kishte d\u00ebnuar me 3 vjet e 6 muaj burgim, p\u00ebr keqp\u00ebrdorim t\u00eb pozit\u00ebs zyrtare dhe me 1 mij\u00eb euro gjob\u00eb p\u00ebr arm\u00ebmbajtje pa leje, duke iu konfiskuar edhe vetura dhe para n\u00eb shum\u00ebn prej 11 mij\u00eb euro si dhe nj\u00eb pistolet\u00eb.<\/p>\n<p>Sk\u00ebnder Canolli p\u00ebr keqp\u00ebrdorim t\u00eb pozit\u00ebs zyrtare ishte d\u00ebnuar me 2 vjet e 6 muaj burgim si dhe me 1 mij\u00eb euro gjob\u00eb p\u00ebr arm\u00ebmbajtje pa leje. Atij i ishte konfiskuar makina e tipit \u201cPassat\u201d dhe 10 mij\u00eb franga zvicerane.<\/p>\n<p>Inspektorja Blerina Syla ishte d\u00ebnuar me 2 vjet burgim p\u00ebr keqp\u00ebrdorim t\u00eb pozit\u00ebs zyrtare, Vehbi Abdullahu, gjithashtu me 2 vjet burgim, Blerim Ibishi me 2 vjet, Mergim Shala, me 2 vjet dhe gjithashtu i ishte konfiskuar banesa n\u00eb lagjen \u201cKalabria\u201d, derisa Drita Rukiqi ishte d\u00ebnuar me 1 vit e 6 muaj, Arbenita Ajeti 1 vit e 6 muaj, Ardian Muhadri me 1 vit burgim dhe Granit Cenaj 1 vit burgim.<\/p>\n<p>Kurse, afaristi Qemajl Pozhegu, ishte d\u00ebnuar me 20 mij\u00eb euro gjob\u00eb p\u00ebr falsifikim t\u00eb dokumenteve.<\/p>\n<p>T\u00eb pak\u00ebnaqur me aktgjykimin e shkall\u00ebs s\u00eb par\u00eb, avokat\u00ebt mbrojt\u00ebs t\u00eb t\u00eb gjith\u00eb t\u00eb akuzuarve ishin ankuar n\u00eb Apel p\u00ebr aktgjykimin e Themelores n\u00ebn pretendimet se ka shkelje esenciale t\u00eb dispozitave procedurale, v\u00ebrtetim t\u00eb gabuar t\u00eb gjendjes faktike, shkelje t\u00eb Ligjit Penal si dhe n\u00eb lidhje me vendimin p\u00ebr sanksionin penal.<\/p>\n<p>Duke aprovuar ankesat e mbrojt\u00ebsve, n\u00eb dhjetor t\u00eb vitit 2018, Gjykata e Apelit e kishte anuluar aktgjykimin e Themelores dhe l\u00ebnd\u00ebn e kishte kthyer n\u00eb rigjykim.<\/p>\n<p>Gjykata Themelore e Prishtin\u00ebs m\u00eb 10 n\u00ebntor 2020, t\u00eb akuzuarin Ismet Haliti p\u00ebr vepr\u00ebn penale \u201cKeqp\u00ebrdorim i pozit\u00ebs apo autoritetit zyrtare\u201d, e kishte d\u00ebnuar me dy vite burgim, nd\u00ebrsa p\u00ebr arm\u00ebmbajtje pa leje i kishte shqiptuar d\u00ebnim me gjob\u00eb n\u00eb shum\u00eb prej 1 mij\u00eb euro.<\/p>\n<p>P\u00ebr keqp\u00ebrdorim detyre, i akuzuari Skender Canolli ishte d\u00ebnuar me 1 vit burgim, nd\u00ebrsa p\u00ebr arm\u00ebmbajtje pa leje, ishte d\u00ebnuar me gjob\u00eb n\u00eb shum\u00eb prej 1 mij\u00eb euro.<\/p>\n<p>T\u00eb akuzuarit Syla, Abdullahu dhe Ibishi ishin d\u00ebnuar me 6 muaj burgim, i cili d\u00ebnim me p\u00eblqimin e tyre mund t\u2019iu shnd\u00ebrrohej n\u00eb d\u00ebnim me gjob\u00eb n\u00eb shum\u00eb prej 12 mij\u00eb euro.<\/p>\n<p>Me 6 muaj burgim ishin d\u00ebnuar edhe t\u00eb akuzuarit Ajeti, Shala dhe Rukiqi, por me p\u00eblqimin e tyre ky d\u00ebnim do t\u2019iu z\u00ebvend\u00ebsohej me gjob\u00eb n\u00eb shum\u00eb prej 10 mij\u00eb euro.<\/p>\n<p>Po ashtu, me gjasht\u00eb 6 muaj burgim ishin d\u00ebnuar edhe t\u00eb akuzuarit Muhadri dhe Cenaj, por me p\u00eblqimin e tyre, ky d\u00ebnim do t\u2019iu z\u00ebvend\u00ebsohej me gjob\u00eb n\u00eb shum\u00eb prej 8 mij\u00eb euro.<\/p>\n<p>Kurse, p\u00ebr vepr\u00ebn penale \u201cFalsifikim i dokumenteve\u201d, i akuzuari Pozhegu \u00ebsht\u00eb d\u00ebnuar me 18 mij\u00eb euro gjob\u00eb.<\/p>\n<p>Tutje, t\u00eb akuzuarve Haliti, Canolli dhe Shala iu ishin konfiskuar pasurit\u00eb e fituara me kryerjen e veprave penale.<\/p>\n<p>T\u00eb pak\u00ebnaqur me d\u00ebnimet e shqiptuara ankes\u00eb kishin ushtruar n\u00eb Gjykat\u00ebn e Apelit, edhe t\u00eb akuzuarit p\u00ebrmes mbrojt\u00ebsve t\u00eb tyre, duke k\u00ebrkuar p\u00ebr t\u00eb dyt\u00ebn her\u00eb pafaj\u00ebsin\u00eb.<\/p>\n<p>M\u00eb 19 gusht 2021, Gjykata e Apelit e ka v\u00ebrtetuar d\u00ebnimin e shkall\u00ebs s\u00eb par\u00eb me 3 vite burgim dhe 42 mij\u00eb euro gjob\u00eb ndaj kat\u00ebr ish-inspektor\u00ebve t\u00eb Komun\u00ebs s\u00eb Prishtin\u00ebs t\u00eb akuzuar p\u00ebr korrupsion si dhe ndaj pronarit t\u00eb kompanis\u00eb \u201cPozhegu Brothers\u201d, Qemajl Pozhegu. Nd\u00ebrsa, n\u00eb munges\u00eb t\u00eb provave i ka l\u00ebn\u00eb t\u00eb lir\u00eb gjasht\u00eb inspektor\u00eb tjer\u00eb t\u00eb akuzuar se nuk kishin ndalur nd\u00ebrtimet pa leje prej vitit 2010 deri m\u00eb 2014 ndaj tet\u00eb nd\u00ebrtuesve n\u00eb kryeqytet.<\/p>\n<p>Kund\u00ebr vendimit t\u00eb Apelit, mbrojt\u00ebsit e t\u00eb akuzuarve Haliti, Canolli, Abdullahu dhe Shala kishin paraqitur k\u00ebrkes\u00eb p\u00ebr mbrojtje t\u00eb ligjshm\u00ebris\u00eb n\u00eb Gjykat\u00ebn Supreme, ku kjo e fundit i ka aprovuar k\u00ebto k\u00ebrkesa dhe \u00e7\u00ebshtjen e ka kthyer ne rigjykim dhe rivendosje n\u00eb shkall\u00eb t\u00eb par\u00eb vet\u00ebm p\u00ebr vepr\u00ebn penale t\u00eb \u201cKeqp\u00ebrdorimit t\u00eb detyr\u00ebs zyrtare\u201d.<\/p>\n<p>Nd\u00ebrsa, kjo gjykat\u00eb kishte refuzuar k\u00ebrkes\u00ebn p\u00ebr mbrojtje t\u00eb ligjshm\u00ebris\u00eb t\u00eb paraqitur nga mbrojt\u00ebsi i t\u00eb akuzuarit Qemajl Pozhegu.<\/p>\n<p>Ndryshe, Prokuroria Speciale e Republik\u00ebs s\u00eb Kosov\u00ebs (PSRK), kishte ngritur aktakuz\u00eb m\u00eb 12 qershor 2015 me pretendimin se t\u00eb pandehurit Ismet Haliti, Skender Canolli, Blerina Syla, Vehbi Abdullahu, Blerim Ibishi, Ardian Muhadri, Arbenita Ajeti, M\u00ebrgim Shala, Granit Cenaj dhe Drita Rukiqi, n\u00eb pozit\u00ebn e inspektor\u00ebve t\u00eb nd\u00ebrtimit n\u00eb Komun\u00ebn e Prishtin\u00ebs, gjat\u00eb periudh\u00ebs kohore 2010 \u2013 2014, nuk i kishin p\u00ebrmbushur detyrat zyrtare sipas ligjit.<\/p>\n<p>Dy nga t\u00eb akuzuarit n\u00eb k\u00ebt\u00eb rast, Ismet Haliti dhe Skender Canolli ngarkoheshin edhe me vepr\u00ebn penale t\u00eb arm\u00ebmbajtjes pa leje, kurse p\u00ebr vepr\u00ebn penale t\u00eb falsifikimit t\u00eb dokumenteve po akuzohej edhe biznesmeni Qemajl Pozhegu.<\/p>\n<p>10 ish-inspektor\u00ebt thuhet se nuk i kan\u00eb parandaluar nd\u00ebrtimet kund\u00ebrligjore ndaj objekteve t\u00eb investitor\u00ebve Isen Sadiku nga kompania \u201dHysi Group\u201d, Ymer Veliu \u201dNaki Trade\u201d, Arb\u00ebr Kryeziu \u201dAl Petrol\u201d, Bedri Prishtina, \u201cTregtia\u201d, Shefik Rexhepi \u201cEuro Abi\u201d, Azem Rusinovci \u201dReforma\u201d, Bejtush Gashi \u201dVG Construction\u201d dhe Fisnik Morina nga kompania \u201cART Group\u201d.<\/p>\n<p>Tutje, t\u00eb akuzuarit thuhet se nuk i kan\u00eb ekzekutuar vendimet e Inspektoratit p\u00ebr rr\u00ebnimin e k\u00ebtyre objekteve.<\/p>\n<p>Nd\u00ebrkaq, n\u00eb k\u00ebt\u00eb rast i pandehuri Qemajl Pozhegu, pronar i kompanis\u00eb \u201cPozhegu Brothers\u201d, akuzohej p\u00ebr falsifikim t\u00eb dokumenteve, pasi q\u00eb i nj\u00ebjti, pretendohet se ka ndryshuar lejen e nd\u00ebrtimit me q\u00ebllim t\u00eb shfryt\u00ebzimit t\u00eb tij si dokument origjinal.<\/p>\n","protected":false},"excerpt":{"rendered":"<p>Gjykata Themelore n\u00eb Prishtin\u00eb, i ka shpallur fajtor\u00eb ish-inspektorat e Komun\u00ebs s\u00eb Prishtin\u00ebs, Ismet Halitit, Skender Canollin, M\u00ebrgim Shal\u00ebn dhe Vehbi Abdullahun, duke i d\u00ebnuar me 4 vite burgim p\u00ebr korrupsion. Aktgjykimi ndaj t\u00eb akuzuarve t\u00eb lartcekur u shpall t\u00eb enjten nga kryetarja e trupit gjykues, gjykat\u00ebsja Suzana \u00c7erkini, raporton \u201cBetimi p\u00ebr Drejt\u00ebsi\u201d. Sipas k\u00ebtij [&hellip;]<\/p>\n","protected":false},"author":1,"featured_media":20959,"comment_status":"closed","ping_status":"closed","sticky":false,"template":"","format":"standard","meta":{"_monsterinsights_skip_tracking":false,"_monsterinsights_sitenote_active":false,"_monsterinsights_sitenote_note":"","_monsterinsights_sitenote_category":0,"_uf_show_specific_survey":0,"_uf_disable_surveys":false,"footnotes":""},"categories":[23,15],"tags":[2183],"yoast_head":"<!-- This site is optimized with the Yoast SEO plugin v21.5 - https:\/\/yoast.com\/wordpress\/plugins\/seo\/ -->\n<title>D\u00ebnohen me 4 vite burgim p\u00ebr korrupsion kat\u00ebr ish-inspektor\u00ebt kosovar\u00eb<\/title>\n<meta name=\"robots\" content=\"index, follow, max-snippet:-1, max-image-preview:large, max-video-preview:-1\" \/>\n<link rel=\"canonical\" href=\"https:\/\/permbledhja.com\/sq\/denohen-me-4-vite-burgim-per-korrupsion-kater-ish-inspektoret-kosovare\/\" \/>\n<meta property=\"og:locale\" content=\"sq_AL\" \/>\n<meta property=\"og:type\" content=\"article\" \/>\n<meta property=\"og:title\" content=\"D\u00ebnohen me 4 vite burgim p\u00ebr korrupsion kat\u00ebr ish-inspektor\u00ebt kosovar\u00eb\" \/>\n<meta property=\"og:description\" content=\"Gjykata Themelore n\u00eb Prishtin\u00eb, i ka shpallur fajtor\u00eb ish-inspektorat e Komun\u00ebs s\u00eb Prishtin\u00ebs, Ismet Halitit, Skender Canollin, M\u00ebrgim Shal\u00ebn dhe Vehbi Abdullahun, duke i d\u00ebnuar me 4 vite burgim p\u00ebr korrupsion. Aktgjykimi ndaj t\u00eb akuzuarve t\u00eb lartcekur u shpall t\u00eb enjten nga kryetarja e trupit gjykues, gjykat\u00ebsja Suzana \u00c7erkini, raporton \u201cBetimi p\u00ebr Drejt\u00ebsi\u201d. Sipas k\u00ebtij [&hellip;]\" \/>\n<meta property=\"og:url\" content=\"https:\/\/permbledhja.com\/sq\/denohen-me-4-vite-burgim-per-korrupsion-kater-ish-inspektoret-kosovare\/\" \/>\n<meta property=\"og:site_name\" content=\"Ve\u00e7 artikuj p\u00ebrmbledh\u00ebs\" \/>\n<meta property=\"article:publisher\" content=\"https:\/\/www.facebook.com\/press07\/\" \/>\n<meta property=\"article:author\" content=\"https:\/\/www.facebook.com\/kafexhiu.muharrem\/\" \/>\n<meta property=\"article:published_time\" content=\"2023-07-27T23:49:02+00:00\" \/>\n<meta property=\"og:image\" content=\"https:\/\/permbledhja.com\/wp-content\/uploads\/2023\/07\/gjykata-1-234-768x436-1.jpg\" \/>\n\t<meta property=\"og:image:width\" content=\"768\" \/>\n\t<meta property=\"og:image:height\" content=\"436\" \/>\n\t<meta property=\"og:image:type\" content=\"image\/jpeg\" \/>\n<meta name=\"author\" content=\"P\u00ebrmbledhja\" \/>\n<meta name=\"twitter:card\" content=\"summary_large_image\" \/>\n<meta name=\"twitter:label1\" content=\"Written by\" \/>\n\t<meta name=\"twitter:data1\" content=\"P\u00ebrmbledhja\" \/>\n\t<meta name=\"twitter:label2\" content=\"Est. reading time\" \/>\n\t<meta name=\"twitter:data2\" content=\"10 minuta\" \/>\n<script type=\"application\/ld+json\" class=\"yoast-schema-graph\">{\"@context\":\"https:\/\/schema.org\",\"@graph\":[{\"@type\":\"Article\",\"@id\":\"https:\/\/permbledhja.com\/sq\/denohen-me-4-vite-burgim-per-korrupsion-kater-ish-inspektoret-kosovare\/#article\",\"isPartOf\":{\"@id\":\"https:\/\/permbledhja.com\/sq\/denohen-me-4-vite-burgim-per-korrupsion-kater-ish-inspektoret-kosovare\/\"},\"author\":{\"name\":\"P\u00ebrmbledhja\",\"@id\":\"https:\/\/permbledhja.com\/#\/schema\/person\/0d064377258d3221e50693947b9eb4fe\"},\"headline\":\"D\u00ebnohen me 4 vite burgim p\u00ebr korrupsion kat\u00ebr ish-inspektor\u00ebt kosovar\u00eb\",\"datePublished\":\"2023-07-27T23:49:02+00:00\",\"dateModified\":\"2023-07-27T23:49:02+00:00\",\"mainEntityOfPage\":{\"@id\":\"https:\/\/permbledhja.com\/sq\/denohen-me-4-vite-burgim-per-korrupsion-kater-ish-inspektoret-kosovare\/\"},\"wordCount\":1943,\"publisher\":{\"@id\":\"https:\/\/permbledhja.com\/#organization\"},\"keywords\":[\"Korrupsion\"],\"articleSection\":[\"Komb\u00ebtare\",\"Lajme\"],\"inLanguage\":\"sq\"},{\"@type\":\"WebPage\",\"@id\":\"https:\/\/permbledhja.com\/sq\/denohen-me-4-vite-burgim-per-korrupsion-kater-ish-inspektoret-kosovare\/\",\"url\":\"https:\/\/permbledhja.com\/sq\/denohen-me-4-vite-burgim-per-korrupsion-kater-ish-inspektoret-kosovare\/\",\"name\":\"D\u00ebnohen me 4 vite burgim p\u00ebr korrupsion kat\u00ebr ish-inspektor\u00ebt kosovar\u00eb\",\"isPartOf\":{\"@id\":\"https:\/\/permbledhja.com\/#website\"},\"datePublished\":\"2023-07-27T23:49:02+00:00\",\"dateModified\":\"2023-07-27T23:49:02+00:00\",\"breadcrumb\":{\"@id\":\"https:\/\/permbledhja.com\/sq\/denohen-me-4-vite-burgim-per-korrupsion-kater-ish-inspektoret-kosovare\/#breadcrumb\"},\"inLanguage\":\"sq\",\"potentialAction\":[{\"@type\":\"ReadAction\",\"target\":[\"https:\/\/permbledhja.com\/sq\/denohen-me-4-vite-burgim-per-korrupsion-kater-ish-inspektoret-kosovare\/\"]}]},{\"@type\":\"BreadcrumbList\",\"@id\":\"https:\/\/permbledhja.com\/sq\/denohen-me-4-vite-burgim-per-korrupsion-kater-ish-inspektoret-kosovare\/#breadcrumb\",\"itemListElement\":[{\"@type\":\"ListItem\",\"position\":1,\"name\":\"Ballina\",\"item\":\"https:\/\/permbledhja.com\/sq\/\"},{\"@type\":\"ListItem\",\"position\":2,\"name\":\"D\u00ebnohen me 4 vite burgim p\u00ebr korrupsion kat\u00ebr ish-inspektor\u00ebt kosovar\u00eb\"}]},{\"@type\":\"WebSite\",\"@id\":\"https:\/\/permbledhja.com\/#website\",\"url\":\"https:\/\/permbledhja.com\/\",\"name\":\"Ve\u00e7 artikuj p\u00ebrmbledh\u00ebs\",\"description\":\"\",\"publisher\":{\"@id\":\"https:\/\/permbledhja.com\/#organization\"},\"potentialAction\":[{\"@type\":\"SearchAction\",\"target\":{\"@type\":\"EntryPoint\",\"urlTemplate\":\"https:\/\/permbledhja.com\/?s={search_term_string}\"},\"query-input\":\"required name=search_term_string\"}],\"inLanguage\":\"sq\"},{\"@type\":\"Organization\",\"@id\":\"https:\/\/permbledhja.com\/#organization\",\"name\":\"MK Media & Pr\",\"url\":\"https:\/\/permbledhja.com\/\",\"logo\":{\"@type\":\"ImageObject\",\"inLanguage\":\"sq\",\"@id\":\"https:\/\/permbledhja.com\/#\/schema\/logo\/image\/\",\"url\":\"https:\/\/permbledhja.com\/wp-content\/uploads\/2021\/12\/07-Press-Logo.jpg\",\"contentUrl\":\"https:\/\/permbledhja.com\/wp-content\/uploads\/2021\/12\/07-Press-Logo.jpg\",\"width\":512,\"height\":512,\"caption\":\"MK Media & Pr\"},\"image\":{\"@id\":\"https:\/\/permbledhja.com\/#\/schema\/logo\/image\/\"},\"sameAs\":[\"https:\/\/www.facebook.com\/press07\/\"]},{\"@type\":\"Person\",\"@id\":\"https:\/\/permbledhja.com\/#\/schema\/person\/0d064377258d3221e50693947b9eb4fe\",\"name\":\"P\u00ebrmbledhja\",\"image\":{\"@type\":\"ImageObject\",\"inLanguage\":\"sq\",\"@id\":\"https:\/\/permbledhja.com\/#\/schema\/person\/image\/\",\"url\":\"https:\/\/permbledhja.com\/wp-content\/uploads\/2026\/01\/452004717_1040944174702970_8932037511805513407_n-96x96.jpg\",\"contentUrl\":\"https:\/\/permbledhja.com\/wp-content\/uploads\/2026\/01\/452004717_1040944174702970_8932037511805513407_n-96x96.jpg\",\"caption\":\"P\u00ebrmbledhja\"},\"sameAs\":[\"https:\/\/www.facebook.com\/kafexhiu.muharrem\/\",\"https:\/\/www.instagram.com\/muharrem_kafexhiu\/\"],\"url\":\"https:\/\/permbledhja.com\/sq\/author\/admin\/\"}]}<\/script>\n<!-- \/ Yoast SEO plugin. -->","yoast_head_json":{"title":"D\u00ebnohen me 4 vite burgim p\u00ebr korrupsion kat\u00ebr ish-inspektor\u00ebt kosovar\u00eb","robots":{"index":"index","follow":"follow","max-snippet":"max-snippet:-1","max-image-preview":"max-image-preview:large","max-video-preview":"max-video-preview:-1"},"canonical":"https:\/\/permbledhja.com\/sq\/denohen-me-4-vite-burgim-per-korrupsion-kater-ish-inspektoret-kosovare\/","og_locale":"sq_AL","og_type":"article","og_title":"D\u00ebnohen me 4 vite burgim p\u00ebr korrupsion kat\u00ebr ish-inspektor\u00ebt kosovar\u00eb","og_description":"Gjykata Themelore n\u00eb Prishtin\u00eb, i ka shpallur fajtor\u00eb ish-inspektorat e Komun\u00ebs s\u00eb Prishtin\u00ebs, Ismet Halitit, Skender Canollin, M\u00ebrgim Shal\u00ebn dhe Vehbi Abdullahun, duke i d\u00ebnuar me 4 vite burgim p\u00ebr korrupsion. Aktgjykimi ndaj t\u00eb akuzuarve t\u00eb lartcekur u shpall t\u00eb enjten nga kryetarja e trupit gjykues, gjykat\u00ebsja Suzana \u00c7erkini, raporton \u201cBetimi p\u00ebr Drejt\u00ebsi\u201d. Sipas k\u00ebtij [&hellip;]","og_url":"https:\/\/permbledhja.com\/sq\/denohen-me-4-vite-burgim-per-korrupsion-kater-ish-inspektoret-kosovare\/","og_site_name":"Ve\u00e7 artikuj p\u00ebrmbledh\u00ebs","article_publisher":"https:\/\/www.facebook.com\/press07\/","article_author":"https:\/\/www.facebook.com\/kafexhiu.muharrem\/","article_published_time":"2023-07-27T23:49:02+00:00","og_image":[{"width":768,"height":436,"url":"https:\/\/permbledhja.com\/wp-content\/uploads\/2023\/07\/gjykata-1-234-768x436-1.jpg","type":"image\/jpeg"}],"author":"P\u00ebrmbledhja","twitter_card":"summary_large_image","twitter_misc":{"Written by":"P\u00ebrmbledhja","Est. reading time":"10 minuta"},"schema":{"@context":"https:\/\/schema.org","@graph":[{"@type":"Article","@id":"https:\/\/permbledhja.com\/sq\/denohen-me-4-vite-burgim-per-korrupsion-kater-ish-inspektoret-kosovare\/#article","isPartOf":{"@id":"https:\/\/permbledhja.com\/sq\/denohen-me-4-vite-burgim-per-korrupsion-kater-ish-inspektoret-kosovare\/"},"author":{"name":"P\u00ebrmbledhja","@id":"https:\/\/permbledhja.com\/#\/schema\/person\/0d064377258d3221e50693947b9eb4fe"},"headline":"D\u00ebnohen me 4 vite burgim p\u00ebr korrupsion kat\u00ebr ish-inspektor\u00ebt kosovar\u00eb","datePublished":"2023-07-27T23:49:02+00:00","dateModified":"2023-07-27T23:49:02+00:00","mainEntityOfPage":{"@id":"https:\/\/permbledhja.com\/sq\/denohen-me-4-vite-burgim-per-korrupsion-kater-ish-inspektoret-kosovare\/"},"wordCount":1943,"publisher":{"@id":"https:\/\/permbledhja.com\/#organization"},"keywords":["Korrupsion"],"articleSection":["Komb\u00ebtare","Lajme"],"inLanguage":"sq"},{"@type":"WebPage","@id":"https:\/\/permbledhja.com\/sq\/denohen-me-4-vite-burgim-per-korrupsion-kater-ish-inspektoret-kosovare\/","url":"https:\/\/permbledhja.com\/sq\/denohen-me-4-vite-burgim-per-korrupsion-kater-ish-inspektoret-kosovare\/","name":"D\u00ebnohen me 4 vite burgim p\u00ebr korrupsion kat\u00ebr ish-inspektor\u00ebt kosovar\u00eb","isPartOf":{"@id":"https:\/\/permbledhja.com\/#website"},"datePublished":"2023-07-27T23:49:02+00:00","dateModified":"2023-07-27T23:49:02+00:00","breadcrumb":{"@id":"https:\/\/permbledhja.com\/sq\/denohen-me-4-vite-burgim-per-korrupsion-kater-ish-inspektoret-kosovare\/#breadcrumb"},"inLanguage":"sq","potentialAction":[{"@type":"ReadAction","target":["https:\/\/permbledhja.com\/sq\/denohen-me-4-vite-burgim-per-korrupsion-kater-ish-inspektoret-kosovare\/"]}]},{"@type":"BreadcrumbList","@id":"https:\/\/permbledhja.com\/sq\/denohen-me-4-vite-burgim-per-korrupsion-kater-ish-inspektoret-kosovare\/#breadcrumb","itemListElement":[{"@type":"ListItem","position":1,"name":"Ballina","item":"https:\/\/permbledhja.com\/sq\/"},{"@type":"ListItem","position":2,"name":"D\u00ebnohen me 4 vite burgim p\u00ebr korrupsion kat\u00ebr ish-inspektor\u00ebt kosovar\u00eb"}]},{"@type":"WebSite","@id":"https:\/\/permbledhja.com\/#website","url":"https:\/\/permbledhja.com\/","name":"Ve\u00e7 artikuj p\u00ebrmbledh\u00ebs","description":"","publisher":{"@id":"https:\/\/permbledhja.com\/#organization"},"potentialAction":[{"@type":"SearchAction","target":{"@type":"EntryPoint","urlTemplate":"https:\/\/permbledhja.com\/?s={search_term_string}"},"query-input":"required name=search_term_string"}],"inLanguage":"sq"},{"@type":"Organization","@id":"https:\/\/permbledhja.com\/#organization","name":"MK Media & Pr","url":"https:\/\/permbledhja.com\/","logo":{"@type":"ImageObject","inLanguage":"sq","@id":"https:\/\/permbledhja.com\/#\/schema\/logo\/image\/","url":"https:\/\/permbledhja.com\/wp-content\/uploads\/2021\/12\/07-Press-Logo.jpg","contentUrl":"https:\/\/permbledhja.com\/wp-content\/uploads\/2021\/12\/07-Press-Logo.jpg","width":512,"height":512,"caption":"MK Media & Pr"},"image":{"@id":"https:\/\/permbledhja.com\/#\/schema\/logo\/image\/"},"sameAs":["https:\/\/www.facebook.com\/press07\/"]},{"@type":"Person","@id":"https:\/\/permbledhja.com\/#\/schema\/person\/0d064377258d3221e50693947b9eb4fe","name":"P\u00ebrmbledhja","image":{"@type":"ImageObject","inLanguage":"sq","@id":"https:\/\/permbledhja.com\/#\/schema\/person\/image\/","url":"https:\/\/permbledhja.com\/wp-content\/uploads\/2026\/01\/452004717_1040944174702970_8932037511805513407_n-96x96.jpg","contentUrl":"https:\/\/permbledhja.com\/wp-content\/uploads\/2026\/01\/452004717_1040944174702970_8932037511805513407_n-96x96.jpg","caption":"P\u00ebrmbledhja"},"sameAs":["https:\/\/www.facebook.com\/kafexhiu.muharrem\/","https:\/\/www.instagram.com\/muharrem_kafexhiu\/"],"url":"https:\/\/permbledhja.com\/sq\/author\/admin\/"}]}},"_links":{"self":[{"href":"https:\/\/permbledhja.com\/sq\/wp-json\/wp\/v2\/posts\/20958"}],"collection":[{"href":"https:\/\/permbledhja.com\/sq\/wp-json\/wp\/v2\/posts"}],"about":[{"href":"https:\/\/permbledhja.com\/sq\/wp-json\/wp\/v2\/types\/post"}],"author":[{"embeddable":true,"href":"https:\/\/permbledhja.com\/sq\/wp-json\/wp\/v2\/users\/1"}],"replies":[{"embeddable":true,"href":"https:\/\/permbledhja.com\/sq\/wp-json\/wp\/v2\/comments?post=20958"}],"version-history":[{"count":1,"href":"https:\/\/permbledhja.com\/sq\/wp-json\/wp\/v2\/posts\/20958\/revisions"}],"predecessor-version":[{"id":20960,"href":"https:\/\/permbledhja.com\/sq\/wp-json\/wp\/v2\/posts\/20958\/revisions\/20960"}],"wp:featuredmedia":[{"embeddable":true,"href":"https:\/\/permbledhja.com\/sq\/wp-json\/wp\/v2\/media\/20959"}],"wp:attachment":[{"href":"https:\/\/permbledhja.com\/sq\/wp-json\/wp\/v2\/media?parent=20958"}],"wp:term":[{"taxonomy":"category","embeddable":true,"href":"https:\/\/permbledhja.com\/sq\/wp-json\/wp\/v2\/categories?post=20958"},{"taxonomy":"post_tag","embeddable":true,"href":"https:\/\/permbledhja.com\/sq\/wp-json\/wp\/v2\/tags?post=20958"}],"curies":[{"name":"wp","href":"https:\/\/api.w.org\/{rel}","templated":true}]}}