{"id":2087,"date":"2022-07-11T14:51:41","date_gmt":"2022-07-11T14:51:41","guid":{"rendered":"https:\/\/permbledhja.com\/?p=2087"},"modified":"2022-07-11T14:51:41","modified_gmt":"2022-07-11T14:51:41","slug":"mesohet-motivi-tmerrues-i-vrasjes-se-ish-kryeministrit-japonez-shinzo-abe","status":"publish","type":"post","link":"https:\/\/permbledhja.com\/sq\/mesohet-motivi-tmerrues-i-vrasjes-se-ish-kryeministrit-japonez-shinzo-abe\/","title":{"rendered":"M\u00ebsohet motivi tmerrues i vrasjes s\u00eb ish-kryeministrit japonez, Shinzo Abe"},"content":{"rendered":"<p><strong>N\u00ebna e njeriut q\u00eb akuzohet p\u00ebr vrasjen e ish kryeministrit Shinzo Abe \u00ebsht\u00eb an\u00ebtare e kish\u00ebs s\u00eb bashkuar, dhe e cila u faj\u00ebsua nga i dyshuari si motivi p\u00ebr t\u00eb b\u00ebm\u00ebn e tij jav\u00ebn e kaluar.<\/strong><\/p>\n<p>Kisha, an\u00ebtar\u00ebt e s\u00eb cil\u00ebs njihen si \u201cMoonies\u201d, konfirmoi n\u00eb nj\u00eb konferenc\u00eb p\u00ebr shtyp gjat\u00eb dit\u00ebs s\u00eb sotme (e h\u00ebn\u00eb, 11 korrik) se n\u00ebna e Tetsuya Yamagamit &#8211; q\u00eb u prangos pak momente pasi q\u00eblloi Aben nga prapa n\u00eb nj\u00eb fjalim t\u00eb fushat\u00ebs zgjedhore t\u00eb premten \u2013 merrte pjes\u00eb n\u00eb takimet e tyre nj\u00eb her\u00eb n\u00eb muaj.<\/p>\n<p>Yamagami, 41 vje\u00e7ar, iu tha hetuesve se fillimisht kishte dashur t\u00eb sh\u00ebnjestronte liderin e organizat\u00ebs, por se kishte pasur p\u00ebr q\u00ebllim t\u00eb vriste edhe Aben, p\u00ebr t\u00eb cilin tha se ka promovuar kish\u00ebn n\u00eb Japoni.<\/p>\n<p>Ai u shpreh se n\u00ebna e tij kishte b\u00ebr\u00eb nj\u00eb \u201cdonacion t\u00eb madh\u201d p\u00ebr kish\u00ebn para m\u00eb shum\u00eb se nj\u00ebzet viteve q\u00eb i kishte gjunj\u00ebzuar financat e familjes s\u00eb tij.<\/p>\n<p>Tomihiro Tanaka, presidenti i deg\u00ebs japoneze t\u00eb Federat\u00ebs Familjare p\u00ebr Paq\u00eb Bot\u00ebrore dhe Bashkim, refuzoi t\u00eb komentonte n\u00eb lidhje me ato donacione.<\/p>\n<p>Policia e ka konfirmuar se Yamagamit i kisthe mbetr hatri ndaj nj\u00eb organizate specifike, por nuk kishte dh\u00ebn\u00eb em\u00ebr.<\/p>\n<p>Tanaka tha q\u00eb as kryeministri Abe por as vras\u00ebsi i tij Yamagami nuk ishin an\u00ebtar\u00eb t\u00eb kish\u00ebs, q\u00eb ishte themeluar n\u00eb vitin 1954 n\u00eb Kore t\u00eb Jugut nga Sun Myung Moon, duke shtuar se grupi do t\u00eb bashk\u00ebpunonte me hetimin e policis\u00eb n\u00ebse i k\u00ebrkohej.<\/p>\n<p>Abe, nj\u00eb konservator q\u00eb sh\u00ebrbeu si kryeministri m\u00eb jet\u00ebgjat\u00eb i Japonis\u00eb, kishte dh\u00ebn\u00eb edhe nj\u00eb mesazh p\u00ebr kish\u00ebn gjat\u00eb vitit t\u00eb kaluar. Donald Trum\u00eb ishte nj\u00eb tjet\u00ebr figur\u00eb e njohur q\u00eb i ishte adresuar grupit, t\u00eb njohur p\u00ebr pik\u00ebpamjet konservatore, n\u00eb p\u00ebrpjekjen p\u00ebr t\u00eb siguruar sa m\u00eb shum\u00eb mb\u00ebshtetje e donacione nga ndjek\u00ebsit.<\/p>\n<p>N\u00eb nj\u00eb deklarat\u00eb t\u00eb l\u00ebshuar t\u00eb shtun\u00ebn, kisha shprehte \u201ctronditjen dhe dhimbjen e saj\u201d p\u00ebr vdekjen e Abes, duke e p\u00ebrshkruar at\u00eb si nj\u00eb \u201cshtetar globalisht t\u00eb respektuar nga Japonia dhe nj\u00eb njeri aktiv n\u00eb nd\u00ebrtimin e paqes n\u00eb Azi.\u201d<\/p>\n<p>Gjyshi i Abes nga ana e n\u00ebn\u00ebs, Nobusuke Kishi, q\u00eb kishte sh\u00ebrbyer prej vitit 1957 e deri m\u00eb 1960 si kryeminist\u00ebr, raportohet t\u00eb ket\u00eb qen\u00eb i p\u00ebrfshir\u00eb n\u00eb themelimin e nj\u00eb grupi politik t\u00eb lidhur me kish\u00ebn e bashkuar, e cila i ndante bindjet e tij anti-komuniste.<\/p>\n<p>Agjencia e lajmeve Kyodo, duke cituar burime nga policia, tha se vras\u00ebsi Yamagami kisthe zhvilluar nj\u00eb urrejtje t\u00eb madhe p\u00ebr Kishin, e t\u00eb cil\u00ebn m\u00eb pas e zhvilloi edhe p\u00ebr nipin e tij, ish kryeministrin Abe.<\/p>\n<p>Artikulli \u00ebsht\u00eb p\u00ebrkthyer nga The Guardian prej gazet\u00ebs Nacionale.<\/p>\n","protected":false},"excerpt":{"rendered":"<p>N\u00ebna e njeriut q\u00eb akuzohet p\u00ebr vrasjen e ish kryeministrit Shinzo Abe \u00ebsht\u00eb an\u00ebtare e kish\u00ebs s\u00eb bashkuar, dhe e cila u faj\u00ebsua nga i dyshuari si motivi p\u00ebr t\u00eb b\u00ebm\u00ebn e tij jav\u00ebn e kaluar. Kisha, an\u00ebtar\u00ebt e s\u00eb cil\u00ebs njihen si \u201cMoonies\u201d, konfirmoi n\u00eb nj\u00eb konferenc\u00eb p\u00ebr shtyp gjat\u00eb dit\u00ebs s\u00eb sotme (e [&hellip;]<\/p>\n","protected":false},"author":1,"featured_media":2088,"comment_status":"closed","ping_status":"closed","sticky":false,"template":"","format":"standard","meta":{"_monsterinsights_skip_tracking":false,"_monsterinsights_sitenote_active":false,"_monsterinsights_sitenote_note":"","_monsterinsights_sitenote_category":0,"_uf_show_specific_survey":0,"_uf_disable_surveys":false,"footnotes":""},"categories":[1],"tags":[306],"yoast_head":"<!-- This site is optimized with the Yoast SEO plugin v21.5 - https:\/\/yoast.com\/wordpress\/plugins\/seo\/ -->\n<title>M\u00ebsohet motivi tmerrues i vrasjes s\u00eb ish-kryeministrit japonez, Shinzo Abe<\/title>\n<meta name=\"robots\" content=\"index, follow, max-snippet:-1, max-image-preview:large, max-video-preview:-1\" \/>\n<link rel=\"canonical\" href=\"https:\/\/permbledhja.com\/sq\/mesohet-motivi-tmerrues-i-vrasjes-se-ish-kryeministrit-japonez-shinzo-abe\/\" \/>\n<meta property=\"og:locale\" content=\"sq_AL\" \/>\n<meta property=\"og:type\" content=\"article\" \/>\n<meta property=\"og:title\" content=\"M\u00ebsohet motivi tmerrues i vrasjes s\u00eb ish-kryeministrit japonez, Shinzo Abe\" \/>\n<meta property=\"og:description\" content=\"N\u00ebna e njeriut q\u00eb akuzohet p\u00ebr vrasjen e ish kryeministrit Shinzo Abe \u00ebsht\u00eb an\u00ebtare e kish\u00ebs s\u00eb bashkuar, dhe e cila u faj\u00ebsua nga i dyshuari si motivi p\u00ebr t\u00eb b\u00ebm\u00ebn e tij jav\u00ebn e kaluar. Kisha, an\u00ebtar\u00ebt e s\u00eb cil\u00ebs njihen si \u201cMoonies\u201d, konfirmoi n\u00eb nj\u00eb konferenc\u00eb p\u00ebr shtyp gjat\u00eb dit\u00ebs s\u00eb sotme (e [&hellip;]\" \/>\n<meta property=\"og:url\" content=\"https:\/\/permbledhja.com\/sq\/mesohet-motivi-tmerrues-i-vrasjes-se-ish-kryeministrit-japonez-shinzo-abe\/\" \/>\n<meta property=\"og:site_name\" content=\"Ve\u00e7 artikuj p\u00ebrmbledh\u00ebs\" \/>\n<meta property=\"article:publisher\" content=\"https:\/\/www.facebook.com\/press07\/\" \/>\n<meta property=\"article:author\" content=\"https:\/\/www.facebook.com\/kafexhiu.muharrem\/\" \/>\n<meta property=\"article:published_time\" content=\"2022-07-11T14:51:41+00:00\" \/>\n<meta property=\"og:image\" content=\"https:\/\/permbledhja.com\/wp-content\/uploads\/2022\/07\/Abe.png\" \/>\n\t<meta property=\"og:image:width\" content=\"964\" \/>\n\t<meta property=\"og:image:height\" content=\"596\" \/>\n\t<meta property=\"og:image:type\" content=\"image\/png\" \/>\n<meta name=\"author\" content=\"P\u00ebrmbledhja\" \/>\n<meta name=\"twitter:card\" content=\"summary_large_image\" \/>\n<meta name=\"twitter:label1\" content=\"Written by\" \/>\n\t<meta name=\"twitter:data1\" content=\"P\u00ebrmbledhja\" \/>\n\t<meta name=\"twitter:label2\" content=\"Est. reading time\" \/>\n\t<meta name=\"twitter:data2\" content=\"2 minuta\" \/>\n<script type=\"application\/ld+json\" class=\"yoast-schema-graph\">{\"@context\":\"https:\/\/schema.org\",\"@graph\":[{\"@type\":\"Article\",\"@id\":\"https:\/\/permbledhja.com\/mesohet-motivi-tmerrues-i-vrasjes-se-ish-kryeministrit-japonez-shinzo-abe\/#article\",\"isPartOf\":{\"@id\":\"https:\/\/permbledhja.com\/mesohet-motivi-tmerrues-i-vrasjes-se-ish-kryeministrit-japonez-shinzo-abe\/\"},\"author\":{\"name\":\"P\u00ebrmbledhja\",\"@id\":\"https:\/\/permbledhja.com\/#\/schema\/person\/0d064377258d3221e50693947b9eb4fe\"},\"headline\":\"M\u00ebsohet motivi tmerrues i vrasjes s\u00eb ish-kryeministrit japonez, Shinzo Abe\",\"datePublished\":\"2022-07-11T14:51:41+00:00\",\"dateModified\":\"2022-07-11T14:51:41+00:00\",\"mainEntityOfPage\":{\"@id\":\"https:\/\/permbledhja.com\/mesohet-motivi-tmerrues-i-vrasjes-se-ish-kryeministrit-japonez-shinzo-abe\/\"},\"wordCount\":506,\"publisher\":{\"@id\":\"https:\/\/permbledhja.com\/#organization\"},\"keywords\":[\"Shinzo Abe\"],\"articleSection\":[\"Breaking News\"],\"inLanguage\":\"sq\"},{\"@type\":\"WebPage\",\"@id\":\"https:\/\/permbledhja.com\/mesohet-motivi-tmerrues-i-vrasjes-se-ish-kryeministrit-japonez-shinzo-abe\/\",\"url\":\"https:\/\/permbledhja.com\/mesohet-motivi-tmerrues-i-vrasjes-se-ish-kryeministrit-japonez-shinzo-abe\/\",\"name\":\"M\u00ebsohet motivi tmerrues i vrasjes s\u00eb ish-kryeministrit japonez, Shinzo Abe\",\"isPartOf\":{\"@id\":\"https:\/\/permbledhja.com\/#website\"},\"datePublished\":\"2022-07-11T14:51:41+00:00\",\"dateModified\":\"2022-07-11T14:51:41+00:00\",\"breadcrumb\":{\"@id\":\"https:\/\/permbledhja.com\/mesohet-motivi-tmerrues-i-vrasjes-se-ish-kryeministrit-japonez-shinzo-abe\/#breadcrumb\"},\"inLanguage\":\"sq\",\"potentialAction\":[{\"@type\":\"ReadAction\",\"target\":[\"https:\/\/permbledhja.com\/mesohet-motivi-tmerrues-i-vrasjes-se-ish-kryeministrit-japonez-shinzo-abe\/\"]}]},{\"@type\":\"BreadcrumbList\",\"@id\":\"https:\/\/permbledhja.com\/mesohet-motivi-tmerrues-i-vrasjes-se-ish-kryeministrit-japonez-shinzo-abe\/#breadcrumb\",\"itemListElement\":[{\"@type\":\"ListItem\",\"position\":1,\"name\":\"Ballina\",\"item\":\"https:\/\/permbledhja.com\/sq\/\"},{\"@type\":\"ListItem\",\"position\":2,\"name\":\"M\u00ebsohet motivi tmerrues i vrasjes s\u00eb ish-kryeministrit japonez, Shinzo Abe\"}]},{\"@type\":\"WebSite\",\"@id\":\"https:\/\/permbledhja.com\/#website\",\"url\":\"https:\/\/permbledhja.com\/\",\"name\":\"Ve\u00e7 artikuj p\u00ebrmbledh\u00ebs\",\"description\":\"\",\"publisher\":{\"@id\":\"https:\/\/permbledhja.com\/#organization\"},\"potentialAction\":[{\"@type\":\"SearchAction\",\"target\":{\"@type\":\"EntryPoint\",\"urlTemplate\":\"https:\/\/permbledhja.com\/?s={search_term_string}\"},\"query-input\":\"required name=search_term_string\"}],\"inLanguage\":\"sq\"},{\"@type\":\"Organization\",\"@id\":\"https:\/\/permbledhja.com\/#organization\",\"name\":\"MK Media & Pr\",\"url\":\"https:\/\/permbledhja.com\/\",\"logo\":{\"@type\":\"ImageObject\",\"inLanguage\":\"sq\",\"@id\":\"https:\/\/permbledhja.com\/#\/schema\/logo\/image\/\",\"url\":\"https:\/\/permbledhja.com\/wp-content\/uploads\/2021\/12\/07-Press-Logo.jpg\",\"contentUrl\":\"https:\/\/permbledhja.com\/wp-content\/uploads\/2021\/12\/07-Press-Logo.jpg\",\"width\":512,\"height\":512,\"caption\":\"MK Media & Pr\"},\"image\":{\"@id\":\"https:\/\/permbledhja.com\/#\/schema\/logo\/image\/\"},\"sameAs\":[\"https:\/\/www.facebook.com\/press07\/\"]},{\"@type\":\"Person\",\"@id\":\"https:\/\/permbledhja.com\/#\/schema\/person\/0d064377258d3221e50693947b9eb4fe\",\"name\":\"P\u00ebrmbledhja\",\"image\":{\"@type\":\"ImageObject\",\"inLanguage\":\"sq\",\"@id\":\"https:\/\/permbledhja.com\/#\/schema\/person\/image\/\",\"url\":\"https:\/\/permbledhja.com\/wp-content\/uploads\/2026\/01\/452004717_1040944174702970_8932037511805513407_n-96x96.jpg\",\"contentUrl\":\"https:\/\/permbledhja.com\/wp-content\/uploads\/2026\/01\/452004717_1040944174702970_8932037511805513407_n-96x96.jpg\",\"caption\":\"P\u00ebrmbledhja\"},\"sameAs\":[\"https:\/\/www.facebook.com\/kafexhiu.muharrem\/\",\"https:\/\/www.instagram.com\/muharrem_kafexhiu\/\"],\"url\":\"https:\/\/permbledhja.com\/sq\/author\/admin\/\"}]}<\/script>\n<!-- \/ Yoast SEO plugin. -->","yoast_head_json":{"title":"M\u00ebsohet motivi tmerrues i vrasjes s\u00eb ish-kryeministrit japonez, Shinzo Abe","robots":{"index":"index","follow":"follow","max-snippet":"max-snippet:-1","max-image-preview":"max-image-preview:large","max-video-preview":"max-video-preview:-1"},"canonical":"https:\/\/permbledhja.com\/sq\/mesohet-motivi-tmerrues-i-vrasjes-se-ish-kryeministrit-japonez-shinzo-abe\/","og_locale":"sq_AL","og_type":"article","og_title":"M\u00ebsohet motivi tmerrues i vrasjes s\u00eb ish-kryeministrit japonez, Shinzo Abe","og_description":"N\u00ebna e njeriut q\u00eb akuzohet p\u00ebr vrasjen e ish kryeministrit Shinzo Abe \u00ebsht\u00eb an\u00ebtare e kish\u00ebs s\u00eb bashkuar, dhe e cila u faj\u00ebsua nga i dyshuari si motivi p\u00ebr t\u00eb b\u00ebm\u00ebn e tij jav\u00ebn e kaluar. Kisha, an\u00ebtar\u00ebt e s\u00eb cil\u00ebs njihen si \u201cMoonies\u201d, konfirmoi n\u00eb nj\u00eb konferenc\u00eb p\u00ebr shtyp gjat\u00eb dit\u00ebs s\u00eb sotme (e [&hellip;]","og_url":"https:\/\/permbledhja.com\/sq\/mesohet-motivi-tmerrues-i-vrasjes-se-ish-kryeministrit-japonez-shinzo-abe\/","og_site_name":"Ve\u00e7 artikuj p\u00ebrmbledh\u00ebs","article_publisher":"https:\/\/www.facebook.com\/press07\/","article_author":"https:\/\/www.facebook.com\/kafexhiu.muharrem\/","article_published_time":"2022-07-11T14:51:41+00:00","og_image":[{"width":964,"height":596,"url":"https:\/\/permbledhja.com\/wp-content\/uploads\/2022\/07\/Abe.png","type":"image\/png"}],"author":"P\u00ebrmbledhja","twitter_card":"summary_large_image","twitter_misc":{"Written by":"P\u00ebrmbledhja","Est. reading time":"2 minuta"},"schema":{"@context":"https:\/\/schema.org","@graph":[{"@type":"Article","@id":"https:\/\/permbledhja.com\/mesohet-motivi-tmerrues-i-vrasjes-se-ish-kryeministrit-japonez-shinzo-abe\/#article","isPartOf":{"@id":"https:\/\/permbledhja.com\/mesohet-motivi-tmerrues-i-vrasjes-se-ish-kryeministrit-japonez-shinzo-abe\/"},"author":{"name":"P\u00ebrmbledhja","@id":"https:\/\/permbledhja.com\/#\/schema\/person\/0d064377258d3221e50693947b9eb4fe"},"headline":"M\u00ebsohet motivi tmerrues i vrasjes s\u00eb ish-kryeministrit japonez, Shinzo Abe","datePublished":"2022-07-11T14:51:41+00:00","dateModified":"2022-07-11T14:51:41+00:00","mainEntityOfPage":{"@id":"https:\/\/permbledhja.com\/mesohet-motivi-tmerrues-i-vrasjes-se-ish-kryeministrit-japonez-shinzo-abe\/"},"wordCount":506,"publisher":{"@id":"https:\/\/permbledhja.com\/#organization"},"keywords":["Shinzo Abe"],"articleSection":["Breaking News"],"inLanguage":"sq"},{"@type":"WebPage","@id":"https:\/\/permbledhja.com\/mesohet-motivi-tmerrues-i-vrasjes-se-ish-kryeministrit-japonez-shinzo-abe\/","url":"https:\/\/permbledhja.com\/mesohet-motivi-tmerrues-i-vrasjes-se-ish-kryeministrit-japonez-shinzo-abe\/","name":"M\u00ebsohet motivi tmerrues i vrasjes s\u00eb ish-kryeministrit japonez, Shinzo Abe","isPartOf":{"@id":"https:\/\/permbledhja.com\/#website"},"datePublished":"2022-07-11T14:51:41+00:00","dateModified":"2022-07-11T14:51:41+00:00","breadcrumb":{"@id":"https:\/\/permbledhja.com\/mesohet-motivi-tmerrues-i-vrasjes-se-ish-kryeministrit-japonez-shinzo-abe\/#breadcrumb"},"inLanguage":"sq","potentialAction":[{"@type":"ReadAction","target":["https:\/\/permbledhja.com\/mesohet-motivi-tmerrues-i-vrasjes-se-ish-kryeministrit-japonez-shinzo-abe\/"]}]},{"@type":"BreadcrumbList","@id":"https:\/\/permbledhja.com\/mesohet-motivi-tmerrues-i-vrasjes-se-ish-kryeministrit-japonez-shinzo-abe\/#breadcrumb","itemListElement":[{"@type":"ListItem","position":1,"name":"Ballina","item":"https:\/\/permbledhja.com\/sq\/"},{"@type":"ListItem","position":2,"name":"M\u00ebsohet motivi tmerrues i vrasjes s\u00eb ish-kryeministrit japonez, Shinzo Abe"}]},{"@type":"WebSite","@id":"https:\/\/permbledhja.com\/#website","url":"https:\/\/permbledhja.com\/","name":"Ve\u00e7 artikuj p\u00ebrmbledh\u00ebs","description":"","publisher":{"@id":"https:\/\/permbledhja.com\/#organization"},"potentialAction":[{"@type":"SearchAction","target":{"@type":"EntryPoint","urlTemplate":"https:\/\/permbledhja.com\/?s={search_term_string}"},"query-input":"required name=search_term_string"}],"inLanguage":"sq"},{"@type":"Organization","@id":"https:\/\/permbledhja.com\/#organization","name":"MK Media & Pr","url":"https:\/\/permbledhja.com\/","logo":{"@type":"ImageObject","inLanguage":"sq","@id":"https:\/\/permbledhja.com\/#\/schema\/logo\/image\/","url":"https:\/\/permbledhja.com\/wp-content\/uploads\/2021\/12\/07-Press-Logo.jpg","contentUrl":"https:\/\/permbledhja.com\/wp-content\/uploads\/2021\/12\/07-Press-Logo.jpg","width":512,"height":512,"caption":"MK Media & Pr"},"image":{"@id":"https:\/\/permbledhja.com\/#\/schema\/logo\/image\/"},"sameAs":["https:\/\/www.facebook.com\/press07\/"]},{"@type":"Person","@id":"https:\/\/permbledhja.com\/#\/schema\/person\/0d064377258d3221e50693947b9eb4fe","name":"P\u00ebrmbledhja","image":{"@type":"ImageObject","inLanguage":"sq","@id":"https:\/\/permbledhja.com\/#\/schema\/person\/image\/","url":"https:\/\/permbledhja.com\/wp-content\/uploads\/2026\/01\/452004717_1040944174702970_8932037511805513407_n-96x96.jpg","contentUrl":"https:\/\/permbledhja.com\/wp-content\/uploads\/2026\/01\/452004717_1040944174702970_8932037511805513407_n-96x96.jpg","caption":"P\u00ebrmbledhja"},"sameAs":["https:\/\/www.facebook.com\/kafexhiu.muharrem\/","https:\/\/www.instagram.com\/muharrem_kafexhiu\/"],"url":"https:\/\/permbledhja.com\/sq\/author\/admin\/"}]}},"_links":{"self":[{"href":"https:\/\/permbledhja.com\/sq\/wp-json\/wp\/v2\/posts\/2087"}],"collection":[{"href":"https:\/\/permbledhja.com\/sq\/wp-json\/wp\/v2\/posts"}],"about":[{"href":"https:\/\/permbledhja.com\/sq\/wp-json\/wp\/v2\/types\/post"}],"author":[{"embeddable":true,"href":"https:\/\/permbledhja.com\/sq\/wp-json\/wp\/v2\/users\/1"}],"replies":[{"embeddable":true,"href":"https:\/\/permbledhja.com\/sq\/wp-json\/wp\/v2\/comments?post=2087"}],"version-history":[{"count":1,"href":"https:\/\/permbledhja.com\/sq\/wp-json\/wp\/v2\/posts\/2087\/revisions"}],"predecessor-version":[{"id":2089,"href":"https:\/\/permbledhja.com\/sq\/wp-json\/wp\/v2\/posts\/2087\/revisions\/2089"}],"wp:featuredmedia":[{"embeddable":true,"href":"https:\/\/permbledhja.com\/sq\/wp-json\/wp\/v2\/media\/2088"}],"wp:attachment":[{"href":"https:\/\/permbledhja.com\/sq\/wp-json\/wp\/v2\/media?parent=2087"}],"wp:term":[{"taxonomy":"category","embeddable":true,"href":"https:\/\/permbledhja.com\/sq\/wp-json\/wp\/v2\/categories?post=2087"},{"taxonomy":"post_tag","embeddable":true,"href":"https:\/\/permbledhja.com\/sq\/wp-json\/wp\/v2\/tags?post=2087"}],"curies":[{"name":"wp","href":"https:\/\/api.w.org\/{rel}","templated":true}]}}