{"id":20848,"date":"2023-07-27T13:14:51","date_gmt":"2023-07-27T13:14:51","guid":{"rendered":"https:\/\/permbledhja.com\/?p=20848"},"modified":"2023-07-27T14:35:56","modified_gmt":"2023-07-27T14:35:56","slug":"ciftet-po-presin-banesat-e-premtuara-nga-kurti-qeveria-jep-detaje-cfare-po-ndodh-me-projektin","status":"publish","type":"post","link":"https:\/\/permbledhja.com\/sq\/ciftet-po-presin-banesat-e-premtuara-nga-kurti-qeveria-jep-detaje-cfare-po-ndodh-me-projektin\/","title":{"rendered":"\u00c7iftet po presin banesat e premtuara nga Kurti, Qeveria jep detaje \u00e7far\u00eb po ndodh me projektin"},"content":{"rendered":"<h3>Alberti dhe bashk\u00ebshortja e tij, Arta, kan\u00eb shpres\u00eb se nj\u00eb dit\u00eb do t\u00eb mund t\u00eb sigurojn\u00eb nj\u00eb vendbanim t\u00eb vetin n\u00eb mesin e banesave q\u00eb ka premtuar Qeveria e Kosov\u00ebs p\u00ebr \u00e7iftet e reja.<\/h3>\n<p>\u00c7ifti, tash e nj\u00eb vit, jeton n\u00eb nj\u00eb banes\u00eb me qira n\u00eb Prishtin\u00eb.<\/p>\n<p>\u201cN\u00ebse do t\u00eb na mund\u00ebsohej blerja e banes\u00ebs sipas planit t\u00eb Qeveris\u00eb, p\u00ebr ne do t\u00eb ishte nj\u00eb zgjidhje jet\u00ebsore\u201d, thot\u00eb Alberti p\u00ebr Radion Evropa e Lir\u00eb.<\/p>\n<p>Qeveria aktuale e Kosov\u00ebs, e cila \u00ebsht\u00eb zgjedhur n\u00eb mars t\u00eb vitit 2021, ka premtuar nd\u00ebrtimin e 4.000 nj\u00ebsive banesore.<\/p>\n<p>Sipas programit t\u00eb saj, familjet p\u00ebrfituese do t\u00eb b\u00ebheshin pronare t\u00eb banesave me k\u00ebste mujore prej vet\u00ebm 120, respektivisht 150 eurosh n\u00eb muaj, p\u00ebr nj\u00eb periudh\u00eb kohore prej 150 muajsh.<\/p>\n<p>P\u00ebrpar\u00ebsi do t\u00eb kishin \u00e7iftet e reja, t\u00eb cilat kan\u00eb mund\u00ebsi t\u00eb limituara financiare p\u00ebr t\u00eb bler\u00eb banesa me \u00e7mime t\u00eb tregut.<\/p>\n<p>Ndon\u00ebse kan\u00eb kaluar m\u00eb shum\u00eb se dy vjet prej se ky premtim \u00ebsht\u00eb b\u00ebr\u00eb formal, nd\u00ebrtimi i k\u00ebtyre banesave nuk ka filluar.<\/p>\n<p>N\u00eb Qeverin\u00eb e Kosov\u00ebs thon\u00eb p\u00ebr Radion Evropa e Lir\u00eb se kan\u00eb hartuar tashm\u00eb draftin e ri t\u00eb projektligjit, sipas rekomandimeve t\u00eb studimit t\u00eb fizibilitetit p\u00ebr programin e banimit social adekuat p\u00ebr Kosov\u00ebn.<\/p>\n<p>Thon\u00eb, po ashtu, se gjat\u00eb muajit gusht synojn\u00eb \u201cta kompletojn\u00eb koncept-dokumentin, p\u00ebr t\u00eb vazhduar m\u00eb tutje me finalizimin e draft-ligjit\u201d.<\/p>\n<p>Por, nuk japin asnj\u00eb detaj se kur mund t\u00eb nis\u00eb dhe p\u00ebrfundoj\u00eb nd\u00ebrtimi i banesave.<\/p>\n<p>N\u00eb shkurt t\u00eb k\u00ebtij viti, Ministria e Mjedisit, Planifikimit Hap\u00ebsinor dhe Infrastruktur\u00ebs e Kosov\u00ebs dhe Korporata Nd\u00ebrkomb\u00ebtare Financiare kan\u00eb n\u00ebnshkruar nj\u00eb marr\u00ebveshje p\u00ebr studim t\u00eb fizibilitetit p\u00ebr banim dhe kosto t\u00eb p\u00ebrballueshme. Kostoja e nd\u00ebrtimit p\u00ebr k\u00ebt\u00eb projekt \u00ebsht\u00eb th\u00ebn\u00eb se sillet n\u00eb rreth 200 milion\u00eb euro.<\/p>\n<p>Kryeministri i Kosov\u00ebs, Albin Kurti, ka th\u00ebn\u00eb asokohe se projekti do t\u00eb filloj\u00eb t\u00eb zbatohet gjat\u00eb k\u00ebtij viti.<\/p>\n<p>\u201cSi Qeveri do ta b\u00ebjm\u00eb t\u00eb pamundur\u00ebn q\u00eb projekti i planifikuar p\u00ebr nd\u00ebrtimin e 4.000 nj\u00ebsive banesore, t\u00eb realizohet sa m\u00eb shpejt q\u00eb \u00ebsht\u00eb e mundur\u201d, ka th\u00ebn\u00eb Kurti.<\/p>\n<p>Nd\u00ebrtimi i banesave do t\u00eb b\u00ebhej n\u00eb komunat m\u00eb t\u00eb m\u00ebdha: Prishtin\u00eb, Pej\u00eb, Prizren, Mitrovic\u00eb dhe Gjilan.<\/p>\n<p><strong>Larg zbatimit t\u00eb premtimit<\/strong><\/p>\n<p>Brahim Selimaj, pronar i nj\u00eb kompanie nd\u00ebrtimesh n\u00eb Kosov\u00eb, thot\u00eb p\u00ebr Radion Evropa e Lir\u00eb se nd\u00ebrtimi i 4.000 nj\u00ebsive banesore nuk mund t\u00eb realizohet brenda mandatit t\u00eb mbetur t\u00eb Qeveris\u00eb.<\/p>\n<p>\u201cN\u00eb kushtet e Kosov\u00ebs, kur duhet t\u00eb pritet nj\u00eb apo dy vjet p\u00ebr nj\u00eb leje nd\u00ebrtimi, \u00ebsht\u00eb e pamundur t\u00eb realizohet [ky premtim] n\u00eb mandatin e par\u00eb [t\u00eb Qeveris\u00eb]. Nd\u00ebrtimi i 4.000 nj\u00ebsive banesore mund t\u00eb zgjas\u00eb minimumi dy vjet. Nd\u00ebrtimi mund t\u00eb zgjas\u00eb edhe pes\u00eb vjet\u201d, thot\u00eb Selimaj.<\/p>\n<p>P\u00ebr m\u00eb tep\u00ebr, shton ai, kostoja e nd\u00ebrtimit ka sh\u00ebnuar rritje krahasuar me tre vjet m\u00eb par\u00eb.<\/p>\n<p>T\u00eb dh\u00ebnat e Agjencis\u00eb s\u00eb Statistikave t\u00eb Kosov\u00ebs (ASK) tregojn\u00eb se indeksi i t\u00ebr\u00ebsish\u00ebm i kostos s\u00eb nd\u00ebrtimit ka p\u00ebsuar rritje p\u00ebr 3.3 p\u00ebr qind n\u00eb tremujorin e par\u00eb t\u00eb vitit 2023, krahasuar me tremujorin e par\u00eb t\u00eb vitit 2022.<\/p>\n<p><strong>\u00c7mimet n\u00eb treg t\u00eb patundshm\u00ebrive<\/strong><\/p>\n<p>Rritje t\u00eb \u00e7mimeve kan\u00eb p\u00ebsuar pothuajse t\u00eb gjitha produktet e konsumit.<\/p>\n<p>Vitin e kaluar, Kosova e ka p\u00ebrmbyllur me norm\u00eb mesatare t\u00eb inflacionit gati 12 p\u00ebr qind.<\/p>\n<p>Alberti, i cili punon n\u00eb hoteleri n\u00eb sektorin privat dhe paguhet rreth 500 euro n\u00eb muaj, thot\u00eb se paguan 250 euro qira dhe se e ka t\u00eb pamundur q\u00eb me \u00e7mimet aktuale n\u00eb treg, t\u00eb blej\u00eb banes\u00eb.<\/p>\n<p>\u201cMe k\u00ebto \u00e7mime t\u00eb banesave sa sillen n\u00eb treg, 1.000 euro metri katror, edhe 100 vjet n\u00ebse punoj n\u00eb k\u00ebt\u00eb pun\u00eb, nuk arrij ta blej. P\u00ebr nj\u00eb kredi, k\u00ebsti mujor \u00ebsht\u00eb 500 euro\u201d, thot\u00eb ai.<\/p>\n<p>P\u00ebr nj\u00eb banes\u00eb t\u00eb re n\u00eb Prishtin\u00eb, var\u00ebsisht lokacionit, bler\u00ebsi duhet t\u00eb paguaj\u00eb nga 900 euro deri n\u00eb mbi 2.500 euro p\u00ebr met\u00ebr katror.<\/p>\n<p>\u00c7mimet jan\u00eb t\u00eb ngjashme edhe n\u00eb Prizren \u2013 rreth 85 kilometra larg kryeqytetit \u2013 nd\u00ebrsa pak m\u00eb t\u00eb ul\u00ebta jan\u00eb n\u00eb qytetet tjera, si: Fush\u00eb Kosov\u00eb, Ferizaj, Gjilan dhe Pej\u00eb.<\/p>\n<p>P\u00ebrfaq\u00ebsues t\u00eb agjencive t\u00eb patundshm\u00ebrive kan\u00eb th\u00ebn\u00eb m\u00eb her\u00ebt p\u00ebr REL-in se nuk presin q\u00eb \u00e7mimet e banesave t\u00eb reja t\u00eb sh\u00ebnojn\u00eb r\u00ebnie gjat\u00eb k\u00ebtij viti, marr\u00eb parasysh faktin se ato jan\u00eb nd\u00ebrtuar me material m\u00eb t\u00eb shtrenjt\u00eb.<\/p>\n<p>Me planin e Qeveris\u00eb p\u00ebr 4.000 banesat e reja, \u00e7mimi i nj\u00eb banese prej 60 metrash katror\u00eb do t\u00eb sillej nga 18.000 euro deri n\u00eb 22.500 euro.<\/p>\n","protected":false},"excerpt":{"rendered":"<p>Alberti dhe bashk\u00ebshortja e tij, Arta, kan\u00eb shpres\u00eb se nj\u00eb dit\u00eb do t\u00eb mund t\u00eb sigurojn\u00eb nj\u00eb vendbanim t\u00eb vetin n\u00eb mesin e banesave q\u00eb ka premtuar Qeveria e Kosov\u00ebs p\u00ebr \u00e7iftet e reja. \u00c7ifti, tash e nj\u00eb vit, jeton n\u00eb nj\u00eb banes\u00eb me qira n\u00eb Prishtin\u00eb. \u201cN\u00ebse do t\u00eb na mund\u00ebsohej blerja e banes\u00ebs [&hellip;]<\/p>\n","protected":false},"author":2,"featured_media":20870,"comment_status":"closed","ping_status":"closed","sticky":false,"template":"","format":"standard","meta":{"_monsterinsights_skip_tracking":false,"_monsterinsights_sitenote_active":false,"_monsterinsights_sitenote_note":"","_monsterinsights_sitenote_category":0,"_uf_show_specific_survey":0,"_uf_disable_surveys":false,"footnotes":""},"categories":[23,15],"tags":[],"yoast_head":"<!-- This site is optimized with the Yoast SEO plugin v21.5 - https:\/\/yoast.com\/wordpress\/plugins\/seo\/ -->\n<title>\u00c7iftet po presin banesat e premtuara nga Kurti, Qeveria jep detaje \u00e7far\u00eb po ndodh me projektin<\/title>\n<meta name=\"robots\" content=\"index, follow, max-snippet:-1, max-image-preview:large, max-video-preview:-1\" \/>\n<link rel=\"canonical\" href=\"https:\/\/permbledhja.com\/sq\/ciftet-po-presin-banesat-e-premtuara-nga-kurti-qeveria-jep-detaje-cfare-po-ndodh-me-projektin\/\" \/>\n<meta property=\"og:locale\" content=\"sq_AL\" \/>\n<meta property=\"og:type\" content=\"article\" \/>\n<meta property=\"og:title\" content=\"\u00c7iftet po presin banesat e premtuara nga Kurti, Qeveria jep detaje \u00e7far\u00eb po ndodh me projektin\" \/>\n<meta property=\"og:description\" content=\"Alberti dhe bashk\u00ebshortja e tij, Arta, kan\u00eb shpres\u00eb se nj\u00eb dit\u00eb do t\u00eb mund t\u00eb sigurojn\u00eb nj\u00eb vendbanim t\u00eb vetin n\u00eb mesin e banesave q\u00eb ka premtuar Qeveria e Kosov\u00ebs p\u00ebr \u00e7iftet e reja. \u00c7ifti, tash e nj\u00eb vit, jeton n\u00eb nj\u00eb banes\u00eb me qira n\u00eb Prishtin\u00eb. \u201cN\u00ebse do t\u00eb na mund\u00ebsohej blerja e banes\u00ebs [&hellip;]\" \/>\n<meta property=\"og:url\" content=\"https:\/\/permbledhja.com\/sq\/ciftet-po-presin-banesat-e-premtuara-nga-kurti-qeveria-jep-detaje-cfare-po-ndodh-me-projektin\/\" \/>\n<meta property=\"og:site_name\" content=\"Ve\u00e7 artikuj p\u00ebrmbledh\u00ebs\" \/>\n<meta property=\"article:publisher\" content=\"https:\/\/www.facebook.com\/press07\/\" \/>\n<meta property=\"article:published_time\" content=\"2023-07-27T13:14:51+00:00\" \/>\n<meta property=\"article:modified_time\" content=\"2023-07-27T14:35:56+00:00\" \/>\n<meta property=\"og:image\" content=\"https:\/\/permbledhja.com\/wp-content\/uploads\/2023\/07\/albin-kurti-dhe-banesat.jpg\" \/>\n\t<meta property=\"og:image:width\" content=\"1391\" \/>\n\t<meta property=\"og:image:height\" content=\"650\" \/>\n\t<meta property=\"og:image:type\" content=\"image\/jpeg\" \/>\n<meta name=\"author\" content=\"M M\" \/>\n<meta name=\"twitter:card\" content=\"summary_large_image\" \/>\n<meta name=\"twitter:label1\" content=\"Written by\" \/>\n\t<meta name=\"twitter:data1\" content=\"M M\" \/>\n\t<meta name=\"twitter:label2\" content=\"Est. reading time\" \/>\n\t<meta name=\"twitter:data2\" content=\"4 minuta\" \/>\n<script type=\"application\/ld+json\" class=\"yoast-schema-graph\">{\"@context\":\"https:\/\/schema.org\",\"@graph\":[{\"@type\":\"Article\",\"@id\":\"https:\/\/permbledhja.com\/ciftet-po-presin-banesat-e-premtuara-nga-kurti-qeveria-jep-detaje-cfare-po-ndodh-me-projektin\/#article\",\"isPartOf\":{\"@id\":\"https:\/\/permbledhja.com\/ciftet-po-presin-banesat-e-premtuara-nga-kurti-qeveria-jep-detaje-cfare-po-ndodh-me-projektin\/\"},\"author\":{\"name\":\"M M\",\"@id\":\"https:\/\/permbledhja.com\/#\/schema\/person\/d23f13f59b5722643933d6780783acf3\"},\"headline\":\"\u00c7iftet po presin banesat e premtuara nga Kurti, Qeveria jep detaje \u00e7far\u00eb po ndodh me projektin\",\"datePublished\":\"2023-07-27T13:14:51+00:00\",\"dateModified\":\"2023-07-27T14:35:56+00:00\",\"mainEntityOfPage\":{\"@id\":\"https:\/\/permbledhja.com\/ciftet-po-presin-banesat-e-premtuara-nga-kurti-qeveria-jep-detaje-cfare-po-ndodh-me-projektin\/\"},\"wordCount\":810,\"publisher\":{\"@id\":\"https:\/\/permbledhja.com\/#organization\"},\"articleSection\":[\"Komb\u00ebtare\",\"Lajme\"],\"inLanguage\":\"sq\"},{\"@type\":\"WebPage\",\"@id\":\"https:\/\/permbledhja.com\/ciftet-po-presin-banesat-e-premtuara-nga-kurti-qeveria-jep-detaje-cfare-po-ndodh-me-projektin\/\",\"url\":\"https:\/\/permbledhja.com\/ciftet-po-presin-banesat-e-premtuara-nga-kurti-qeveria-jep-detaje-cfare-po-ndodh-me-projektin\/\",\"name\":\"\u00c7iftet po presin banesat e premtuara nga Kurti, Qeveria jep detaje \u00e7far\u00eb po ndodh me projektin\",\"isPartOf\":{\"@id\":\"https:\/\/permbledhja.com\/#website\"},\"datePublished\":\"2023-07-27T13:14:51+00:00\",\"dateModified\":\"2023-07-27T14:35:56+00:00\",\"breadcrumb\":{\"@id\":\"https:\/\/permbledhja.com\/ciftet-po-presin-banesat-e-premtuara-nga-kurti-qeveria-jep-detaje-cfare-po-ndodh-me-projektin\/#breadcrumb\"},\"inLanguage\":\"sq\",\"potentialAction\":[{\"@type\":\"ReadAction\",\"target\":[\"https:\/\/permbledhja.com\/ciftet-po-presin-banesat-e-premtuara-nga-kurti-qeveria-jep-detaje-cfare-po-ndodh-me-projektin\/\"]}]},{\"@type\":\"BreadcrumbList\",\"@id\":\"https:\/\/permbledhja.com\/ciftet-po-presin-banesat-e-premtuara-nga-kurti-qeveria-jep-detaje-cfare-po-ndodh-me-projektin\/#breadcrumb\",\"itemListElement\":[{\"@type\":\"ListItem\",\"position\":1,\"name\":\"Ballina\",\"item\":\"https:\/\/permbledhja.com\/sq\/\"},{\"@type\":\"ListItem\",\"position\":2,\"name\":\"\u00c7iftet po presin banesat e premtuara nga Kurti, Qeveria jep detaje \u00e7far\u00eb po ndodh me projektin\"}]},{\"@type\":\"WebSite\",\"@id\":\"https:\/\/permbledhja.com\/#website\",\"url\":\"https:\/\/permbledhja.com\/\",\"name\":\"Ve\u00e7 artikuj p\u00ebrmbledh\u00ebs\",\"description\":\"\",\"publisher\":{\"@id\":\"https:\/\/permbledhja.com\/#organization\"},\"potentialAction\":[{\"@type\":\"SearchAction\",\"target\":{\"@type\":\"EntryPoint\",\"urlTemplate\":\"https:\/\/permbledhja.com\/?s={search_term_string}\"},\"query-input\":\"required name=search_term_string\"}],\"inLanguage\":\"sq\"},{\"@type\":\"Organization\",\"@id\":\"https:\/\/permbledhja.com\/#organization\",\"name\":\"MK Media & Pr\",\"url\":\"https:\/\/permbledhja.com\/\",\"logo\":{\"@type\":\"ImageObject\",\"inLanguage\":\"sq\",\"@id\":\"https:\/\/permbledhja.com\/#\/schema\/logo\/image\/\",\"url\":\"https:\/\/permbledhja.com\/wp-content\/uploads\/2021\/12\/07-Press-Logo.jpg\",\"contentUrl\":\"https:\/\/permbledhja.com\/wp-content\/uploads\/2021\/12\/07-Press-Logo.jpg\",\"width\":512,\"height\":512,\"caption\":\"MK Media & Pr\"},\"image\":{\"@id\":\"https:\/\/permbledhja.com\/#\/schema\/logo\/image\/\"},\"sameAs\":[\"https:\/\/www.facebook.com\/press07\/\"]},{\"@type\":\"Person\",\"@id\":\"https:\/\/permbledhja.com\/#\/schema\/person\/d23f13f59b5722643933d6780783acf3\",\"name\":\"M M\",\"image\":{\"@type\":\"ImageObject\",\"inLanguage\":\"sq\",\"@id\":\"https:\/\/permbledhja.com\/#\/schema\/person\/image\/\",\"url\":\"https:\/\/secure.gravatar.com\/avatar\/e2835a76ca7c31a2416b2d51c4ec9a8f?s=96&d=mm&r=g\",\"contentUrl\":\"https:\/\/secure.gravatar.com\/avatar\/e2835a76ca7c31a2416b2d51c4ec9a8f?s=96&d=mm&r=g\",\"caption\":\"M M\"},\"sameAs\":[\"http:\/\/MM\"],\"url\":\"https:\/\/permbledhja.com\/sq\/author\/muhamet\/\"}]}<\/script>\n<!-- \/ Yoast SEO plugin. -->","yoast_head_json":{"title":"\u00c7iftet po presin banesat e premtuara nga Kurti, Qeveria jep detaje \u00e7far\u00eb po ndodh me projektin","robots":{"index":"index","follow":"follow","max-snippet":"max-snippet:-1","max-image-preview":"max-image-preview:large","max-video-preview":"max-video-preview:-1"},"canonical":"https:\/\/permbledhja.com\/sq\/ciftet-po-presin-banesat-e-premtuara-nga-kurti-qeveria-jep-detaje-cfare-po-ndodh-me-projektin\/","og_locale":"sq_AL","og_type":"article","og_title":"\u00c7iftet po presin banesat e premtuara nga Kurti, Qeveria jep detaje \u00e7far\u00eb po ndodh me projektin","og_description":"Alberti dhe bashk\u00ebshortja e tij, Arta, kan\u00eb shpres\u00eb se nj\u00eb dit\u00eb do t\u00eb mund t\u00eb sigurojn\u00eb nj\u00eb vendbanim t\u00eb vetin n\u00eb mesin e banesave q\u00eb ka premtuar Qeveria e Kosov\u00ebs p\u00ebr \u00e7iftet e reja. \u00c7ifti, tash e nj\u00eb vit, jeton n\u00eb nj\u00eb banes\u00eb me qira n\u00eb Prishtin\u00eb. \u201cN\u00ebse do t\u00eb na mund\u00ebsohej blerja e banes\u00ebs [&hellip;]","og_url":"https:\/\/permbledhja.com\/sq\/ciftet-po-presin-banesat-e-premtuara-nga-kurti-qeveria-jep-detaje-cfare-po-ndodh-me-projektin\/","og_site_name":"Ve\u00e7 artikuj p\u00ebrmbledh\u00ebs","article_publisher":"https:\/\/www.facebook.com\/press07\/","article_published_time":"2023-07-27T13:14:51+00:00","article_modified_time":"2023-07-27T14:35:56+00:00","og_image":[{"width":1391,"height":650,"url":"https:\/\/permbledhja.com\/wp-content\/uploads\/2023\/07\/albin-kurti-dhe-banesat.jpg","type":"image\/jpeg"}],"author":"M M","twitter_card":"summary_large_image","twitter_misc":{"Written by":"M M","Est. reading time":"4 minuta"},"schema":{"@context":"https:\/\/schema.org","@graph":[{"@type":"Article","@id":"https:\/\/permbledhja.com\/ciftet-po-presin-banesat-e-premtuara-nga-kurti-qeveria-jep-detaje-cfare-po-ndodh-me-projektin\/#article","isPartOf":{"@id":"https:\/\/permbledhja.com\/ciftet-po-presin-banesat-e-premtuara-nga-kurti-qeveria-jep-detaje-cfare-po-ndodh-me-projektin\/"},"author":{"name":"M M","@id":"https:\/\/permbledhja.com\/#\/schema\/person\/d23f13f59b5722643933d6780783acf3"},"headline":"\u00c7iftet po presin banesat e premtuara nga Kurti, Qeveria jep detaje \u00e7far\u00eb po ndodh me projektin","datePublished":"2023-07-27T13:14:51+00:00","dateModified":"2023-07-27T14:35:56+00:00","mainEntityOfPage":{"@id":"https:\/\/permbledhja.com\/ciftet-po-presin-banesat-e-premtuara-nga-kurti-qeveria-jep-detaje-cfare-po-ndodh-me-projektin\/"},"wordCount":810,"publisher":{"@id":"https:\/\/permbledhja.com\/#organization"},"articleSection":["Komb\u00ebtare","Lajme"],"inLanguage":"sq"},{"@type":"WebPage","@id":"https:\/\/permbledhja.com\/ciftet-po-presin-banesat-e-premtuara-nga-kurti-qeveria-jep-detaje-cfare-po-ndodh-me-projektin\/","url":"https:\/\/permbledhja.com\/ciftet-po-presin-banesat-e-premtuara-nga-kurti-qeveria-jep-detaje-cfare-po-ndodh-me-projektin\/","name":"\u00c7iftet po presin banesat e premtuara nga Kurti, Qeveria jep detaje \u00e7far\u00eb po ndodh me projektin","isPartOf":{"@id":"https:\/\/permbledhja.com\/#website"},"datePublished":"2023-07-27T13:14:51+00:00","dateModified":"2023-07-27T14:35:56+00:00","breadcrumb":{"@id":"https:\/\/permbledhja.com\/ciftet-po-presin-banesat-e-premtuara-nga-kurti-qeveria-jep-detaje-cfare-po-ndodh-me-projektin\/#breadcrumb"},"inLanguage":"sq","potentialAction":[{"@type":"ReadAction","target":["https:\/\/permbledhja.com\/ciftet-po-presin-banesat-e-premtuara-nga-kurti-qeveria-jep-detaje-cfare-po-ndodh-me-projektin\/"]}]},{"@type":"BreadcrumbList","@id":"https:\/\/permbledhja.com\/ciftet-po-presin-banesat-e-premtuara-nga-kurti-qeveria-jep-detaje-cfare-po-ndodh-me-projektin\/#breadcrumb","itemListElement":[{"@type":"ListItem","position":1,"name":"Ballina","item":"https:\/\/permbledhja.com\/sq\/"},{"@type":"ListItem","position":2,"name":"\u00c7iftet po presin banesat e premtuara nga Kurti, Qeveria jep detaje \u00e7far\u00eb po ndodh me projektin"}]},{"@type":"WebSite","@id":"https:\/\/permbledhja.com\/#website","url":"https:\/\/permbledhja.com\/","name":"Ve\u00e7 artikuj p\u00ebrmbledh\u00ebs","description":"","publisher":{"@id":"https:\/\/permbledhja.com\/#organization"},"potentialAction":[{"@type":"SearchAction","target":{"@type":"EntryPoint","urlTemplate":"https:\/\/permbledhja.com\/?s={search_term_string}"},"query-input":"required name=search_term_string"}],"inLanguage":"sq"},{"@type":"Organization","@id":"https:\/\/permbledhja.com\/#organization","name":"MK Media & Pr","url":"https:\/\/permbledhja.com\/","logo":{"@type":"ImageObject","inLanguage":"sq","@id":"https:\/\/permbledhja.com\/#\/schema\/logo\/image\/","url":"https:\/\/permbledhja.com\/wp-content\/uploads\/2021\/12\/07-Press-Logo.jpg","contentUrl":"https:\/\/permbledhja.com\/wp-content\/uploads\/2021\/12\/07-Press-Logo.jpg","width":512,"height":512,"caption":"MK Media & Pr"},"image":{"@id":"https:\/\/permbledhja.com\/#\/schema\/logo\/image\/"},"sameAs":["https:\/\/www.facebook.com\/press07\/"]},{"@type":"Person","@id":"https:\/\/permbledhja.com\/#\/schema\/person\/d23f13f59b5722643933d6780783acf3","name":"M M","image":{"@type":"ImageObject","inLanguage":"sq","@id":"https:\/\/permbledhja.com\/#\/schema\/person\/image\/","url":"https:\/\/secure.gravatar.com\/avatar\/e2835a76ca7c31a2416b2d51c4ec9a8f?s=96&d=mm&r=g","contentUrl":"https:\/\/secure.gravatar.com\/avatar\/e2835a76ca7c31a2416b2d51c4ec9a8f?s=96&d=mm&r=g","caption":"M M"},"sameAs":["http:\/\/MM"],"url":"https:\/\/permbledhja.com\/sq\/author\/muhamet\/"}]}},"_links":{"self":[{"href":"https:\/\/permbledhja.com\/sq\/wp-json\/wp\/v2\/posts\/20848"}],"collection":[{"href":"https:\/\/permbledhja.com\/sq\/wp-json\/wp\/v2\/posts"}],"about":[{"href":"https:\/\/permbledhja.com\/sq\/wp-json\/wp\/v2\/types\/post"}],"author":[{"embeddable":true,"href":"https:\/\/permbledhja.com\/sq\/wp-json\/wp\/v2\/users\/2"}],"replies":[{"embeddable":true,"href":"https:\/\/permbledhja.com\/sq\/wp-json\/wp\/v2\/comments?post=20848"}],"version-history":[{"count":1,"href":"https:\/\/permbledhja.com\/sq\/wp-json\/wp\/v2\/posts\/20848\/revisions"}],"predecessor-version":[{"id":20850,"href":"https:\/\/permbledhja.com\/sq\/wp-json\/wp\/v2\/posts\/20848\/revisions\/20850"}],"wp:featuredmedia":[{"embeddable":true,"href":"https:\/\/permbledhja.com\/sq\/wp-json\/wp\/v2\/media\/20870"}],"wp:attachment":[{"href":"https:\/\/permbledhja.com\/sq\/wp-json\/wp\/v2\/media?parent=20848"}],"wp:term":[{"taxonomy":"category","embeddable":true,"href":"https:\/\/permbledhja.com\/sq\/wp-json\/wp\/v2\/categories?post=20848"},{"taxonomy":"post_tag","embeddable":true,"href":"https:\/\/permbledhja.com\/sq\/wp-json\/wp\/v2\/tags?post=20848"}],"curies":[{"name":"wp","href":"https:\/\/api.w.org\/{rel}","templated":true}]}}