{"id":20845,"date":"2023-07-27T13:00:45","date_gmt":"2023-07-27T13:00:45","guid":{"rendered":"https:\/\/permbledhja.com\/?p=20845"},"modified":"2023-07-27T13:00:45","modified_gmt":"2023-07-27T13:00:45","slug":"bajrami-pyetje-vv-se-nese-ligji-per-zyrtare-publike-shpallet-kushtetues-me-cilin-do-te-punoni-pastaj","status":"publish","type":"post","link":"https:\/\/permbledhja.com\/sq\/bajrami-pyetje-vv-se-nese-ligji-per-zyrtare-publike-shpallet-kushtetues-me-cilin-do-te-punoni-pastaj\/","title":{"rendered":"Bajrami pyetje VV-s\u00eb: N\u00ebse Ligji p\u00ebr Zyrtar\u00eb Publik\u00eb shpallet kushtetues, me cilin do t\u00eb punoni pastaj?"},"content":{"rendered":"<h3>Deputetja e Lidhjes Demokratike t\u00eb Kosov\u00ebs Hykmete Bajrami, e ka akuzuar qeverin\u00eb se po d\u00ebshiron t\u2019i kapin institucionet me \u00e7do kusht.<\/h3>\n<p>Bajrami thot\u00eb se n\u00eb nj\u00ebr\u00ebn nga dy pikat q\u00eb do t\u00eb diskutohen n\u00eb seanc\u00ebn e jasht\u00ebzakonshme, b\u00ebhet fjal\u00eb p\u00ebr ndryshimin e Ligjit p\u00ebr Zyrtar\u00ebt Publik\u00eb, ligj i cili n\u00eb dhjetor t\u00eb vitit t\u00eb kaluar ishte kaluar nga po kjo shumic\u00eb dhe t\u00eb cil\u00ebn LDK-ja e kishte d\u00ebrguar n\u00eb Gjykat\u00ebn Kushtetuese, ku ishte shpallur antikushtetues.<\/p>\n<p>\u201cTani LVV\/Qeveria duke q\u00ebn\u00eb t\u00eb vet\u00ebdijsh\u00ebm q\u00eb ai Ligj \u00ebsht\u00eb antikushtetues dhe duke tentuar q\u00eb me \u00e7do kusht t\u2019i kapin institucionet kan\u00eb sjell\u00eb Ligj p\u00ebr plot\u00ebsim ndryshim t\u00eb Ligjit t\u00eb vjet\u00ebr q\u00eb \u00ebsht\u00eb n\u00eb fuqi\u201d, tha Bajrami.<\/p>\n<p>\u201cP\u00ebr t\u00eb gjith\u00eb praktikant\u00ebt q\u00eb jan\u00eb p\u00ebrfshir\u00eb n\u00eb procesin e hartimit t\u00eb k\u00ebtij Ligji, a mund t\u00eb p\u00ebrgjigjeni n\u00eb dy pyetje: \u00c7ka ndodh\u00eb n\u00ebse Gjykata Kushtetetuese e shpall\u00eb kushtetues Ligjin p\u00ebr Zyrtar Publik\u00eb? Me cilin Ligj do t\u00eb punoni pastaj?\u201d, tha ajo.<\/p>\n<p>Me fillim nga ora 14:00 ishte parapar\u00eb t\u00eb nis\u00eb seanca e jasht\u00ebzakonshme e Kuvendit t\u00eb Kosov\u00ebs.<\/p>\n","protected":false},"excerpt":{"rendered":"<p>Deputetja e Lidhjes Demokratike t\u00eb Kosov\u00ebs Hykmete Bajrami, e ka akuzuar qeverin\u00eb se po d\u00ebshiron t\u2019i kapin institucionet me \u00e7do kusht. Bajrami thot\u00eb se n\u00eb nj\u00ebr\u00ebn nga dy pikat q\u00eb do t\u00eb diskutohen n\u00eb seanc\u00ebn e jasht\u00ebzakonshme, b\u00ebhet fjal\u00eb p\u00ebr ndryshimin e Ligjit p\u00ebr Zyrtar\u00ebt Publik\u00eb, ligj i cili n\u00eb dhjetor t\u00eb vitit t\u00eb kaluar [&hellip;]<\/p>\n","protected":false},"author":2,"featured_media":20846,"comment_status":"closed","ping_status":"closed","sticky":false,"template":"","format":"standard","meta":{"_monsterinsights_skip_tracking":false,"_monsterinsights_sitenote_active":false,"_monsterinsights_sitenote_note":"","_monsterinsights_sitenote_category":0,"_uf_show_specific_survey":0,"_uf_disable_surveys":false,"footnotes":""},"categories":[23,15],"tags":[2078],"yoast_head":"<!-- This site is optimized with the Yoast SEO plugin v21.5 - https:\/\/yoast.com\/wordpress\/plugins\/seo\/ -->\n<title>Bajrami pyetje VV-s\u00eb: N\u00ebse Ligji p\u00ebr Zyrtar\u00eb Publik\u00eb shpallet kushtetues, me cilin do t\u00eb punoni pastaj?<\/title>\n<meta name=\"robots\" content=\"index, follow, max-snippet:-1, max-image-preview:large, max-video-preview:-1\" \/>\n<link rel=\"canonical\" href=\"https:\/\/permbledhja.com\/sq\/bajrami-pyetje-vv-se-nese-ligji-per-zyrtare-publike-shpallet-kushtetues-me-cilin-do-te-punoni-pastaj\/\" \/>\n<meta property=\"og:locale\" content=\"sq_AL\" \/>\n<meta property=\"og:type\" content=\"article\" \/>\n<meta property=\"og:title\" content=\"Bajrami pyetje VV-s\u00eb: N\u00ebse Ligji p\u00ebr Zyrtar\u00eb Publik\u00eb shpallet kushtetues, me cilin do t\u00eb punoni pastaj?\" \/>\n<meta property=\"og:description\" content=\"Deputetja e Lidhjes Demokratike t\u00eb Kosov\u00ebs Hykmete Bajrami, e ka akuzuar qeverin\u00eb se po d\u00ebshiron t\u2019i kapin institucionet me \u00e7do kusht. Bajrami thot\u00eb se n\u00eb nj\u00ebr\u00ebn nga dy pikat q\u00eb do t\u00eb diskutohen n\u00eb seanc\u00ebn e jasht\u00ebzakonshme, b\u00ebhet fjal\u00eb p\u00ebr ndryshimin e Ligjit p\u00ebr Zyrtar\u00ebt Publik\u00eb, ligj i cili n\u00eb dhjetor t\u00eb vitit t\u00eb kaluar [&hellip;]\" \/>\n<meta property=\"og:url\" content=\"https:\/\/permbledhja.com\/sq\/bajrami-pyetje-vv-se-nese-ligji-per-zyrtare-publike-shpallet-kushtetues-me-cilin-do-te-punoni-pastaj\/\" \/>\n<meta property=\"og:site_name\" content=\"Ve\u00e7 artikuj p\u00ebrmbledh\u00ebs\" \/>\n<meta property=\"article:publisher\" content=\"https:\/\/www.facebook.com\/press07\/\" \/>\n<meta property=\"article:published_time\" content=\"2023-07-27T13:00:45+00:00\" \/>\n<meta property=\"og:image\" content=\"https:\/\/permbledhja.com\/wp-content\/uploads\/2023\/07\/Capture-36.jpg\" \/>\n\t<meta property=\"og:image:width\" content=\"857\" \/>\n\t<meta property=\"og:image:height\" content=\"574\" \/>\n\t<meta property=\"og:image:type\" content=\"image\/jpeg\" \/>\n<meta name=\"author\" content=\"M M\" \/>\n<meta name=\"twitter:card\" content=\"summary_large_image\" \/>\n<meta name=\"twitter:label1\" content=\"Written by\" \/>\n\t<meta name=\"twitter:data1\" content=\"M M\" \/>\n\t<meta name=\"twitter:label2\" content=\"Est. reading time\" \/>\n\t<meta name=\"twitter:data2\" content=\"1 minut\u00eb\" \/>\n<script type=\"application\/ld+json\" class=\"yoast-schema-graph\">{\"@context\":\"https:\/\/schema.org\",\"@graph\":[{\"@type\":\"Article\",\"@id\":\"https:\/\/permbledhja.com\/sq\/bajrami-pyetje-vv-se-nese-ligji-per-zyrtare-publike-shpallet-kushtetues-me-cilin-do-te-punoni-pastaj\/#article\",\"isPartOf\":{\"@id\":\"https:\/\/permbledhja.com\/sq\/bajrami-pyetje-vv-se-nese-ligji-per-zyrtare-publike-shpallet-kushtetues-me-cilin-do-te-punoni-pastaj\/\"},\"author\":{\"name\":\"M M\",\"@id\":\"https:\/\/permbledhja.com\/#\/schema\/person\/d23f13f59b5722643933d6780783acf3\"},\"headline\":\"Bajrami pyetje VV-s\u00eb: N\u00ebse Ligji p\u00ebr Zyrtar\u00eb Publik\u00eb shpallet kushtetues, me cilin do t\u00eb punoni pastaj?\",\"datePublished\":\"2023-07-27T13:00:45+00:00\",\"dateModified\":\"2023-07-27T13:00:45+00:00\",\"mainEntityOfPage\":{\"@id\":\"https:\/\/permbledhja.com\/sq\/bajrami-pyetje-vv-se-nese-ligji-per-zyrtare-publike-shpallet-kushtetues-me-cilin-do-te-punoni-pastaj\/\"},\"wordCount\":218,\"publisher\":{\"@id\":\"https:\/\/permbledhja.com\/#organization\"},\"keywords\":[\"Hykmete Bajrami\"],\"articleSection\":[\"Komb\u00ebtare\",\"Lajme\"],\"inLanguage\":\"sq\"},{\"@type\":\"WebPage\",\"@id\":\"https:\/\/permbledhja.com\/sq\/bajrami-pyetje-vv-se-nese-ligji-per-zyrtare-publike-shpallet-kushtetues-me-cilin-do-te-punoni-pastaj\/\",\"url\":\"https:\/\/permbledhja.com\/sq\/bajrami-pyetje-vv-se-nese-ligji-per-zyrtare-publike-shpallet-kushtetues-me-cilin-do-te-punoni-pastaj\/\",\"name\":\"Bajrami pyetje VV-s\u00eb: N\u00ebse Ligji p\u00ebr Zyrtar\u00eb Publik\u00eb shpallet kushtetues, me cilin do t\u00eb punoni pastaj?\",\"isPartOf\":{\"@id\":\"https:\/\/permbledhja.com\/#website\"},\"datePublished\":\"2023-07-27T13:00:45+00:00\",\"dateModified\":\"2023-07-27T13:00:45+00:00\",\"breadcrumb\":{\"@id\":\"https:\/\/permbledhja.com\/sq\/bajrami-pyetje-vv-se-nese-ligji-per-zyrtare-publike-shpallet-kushtetues-me-cilin-do-te-punoni-pastaj\/#breadcrumb\"},\"inLanguage\":\"sq\",\"potentialAction\":[{\"@type\":\"ReadAction\",\"target\":[\"https:\/\/permbledhja.com\/sq\/bajrami-pyetje-vv-se-nese-ligji-per-zyrtare-publike-shpallet-kushtetues-me-cilin-do-te-punoni-pastaj\/\"]}]},{\"@type\":\"BreadcrumbList\",\"@id\":\"https:\/\/permbledhja.com\/sq\/bajrami-pyetje-vv-se-nese-ligji-per-zyrtare-publike-shpallet-kushtetues-me-cilin-do-te-punoni-pastaj\/#breadcrumb\",\"itemListElement\":[{\"@type\":\"ListItem\",\"position\":1,\"name\":\"Ballina\",\"item\":\"https:\/\/permbledhja.com\/sq\/\"},{\"@type\":\"ListItem\",\"position\":2,\"name\":\"Bajrami pyetje VV-s\u00eb: N\u00ebse Ligji p\u00ebr Zyrtar\u00eb Publik\u00eb shpallet kushtetues, me cilin do t\u00eb punoni pastaj?\"}]},{\"@type\":\"WebSite\",\"@id\":\"https:\/\/permbledhja.com\/#website\",\"url\":\"https:\/\/permbledhja.com\/\",\"name\":\"Ve\u00e7 artikuj p\u00ebrmbledh\u00ebs\",\"description\":\"\",\"publisher\":{\"@id\":\"https:\/\/permbledhja.com\/#organization\"},\"potentialAction\":[{\"@type\":\"SearchAction\",\"target\":{\"@type\":\"EntryPoint\",\"urlTemplate\":\"https:\/\/permbledhja.com\/?s={search_term_string}\"},\"query-input\":\"required name=search_term_string\"}],\"inLanguage\":\"sq\"},{\"@type\":\"Organization\",\"@id\":\"https:\/\/permbledhja.com\/#organization\",\"name\":\"MK Media & Pr\",\"url\":\"https:\/\/permbledhja.com\/\",\"logo\":{\"@type\":\"ImageObject\",\"inLanguage\":\"sq\",\"@id\":\"https:\/\/permbledhja.com\/#\/schema\/logo\/image\/\",\"url\":\"https:\/\/permbledhja.com\/wp-content\/uploads\/2021\/12\/07-Press-Logo.jpg\",\"contentUrl\":\"https:\/\/permbledhja.com\/wp-content\/uploads\/2021\/12\/07-Press-Logo.jpg\",\"width\":512,\"height\":512,\"caption\":\"MK Media & Pr\"},\"image\":{\"@id\":\"https:\/\/permbledhja.com\/#\/schema\/logo\/image\/\"},\"sameAs\":[\"https:\/\/www.facebook.com\/press07\/\"]},{\"@type\":\"Person\",\"@id\":\"https:\/\/permbledhja.com\/#\/schema\/person\/d23f13f59b5722643933d6780783acf3\",\"name\":\"M M\",\"image\":{\"@type\":\"ImageObject\",\"inLanguage\":\"sq\",\"@id\":\"https:\/\/permbledhja.com\/#\/schema\/person\/image\/\",\"url\":\"https:\/\/secure.gravatar.com\/avatar\/e2835a76ca7c31a2416b2d51c4ec9a8f?s=96&d=mm&r=g\",\"contentUrl\":\"https:\/\/secure.gravatar.com\/avatar\/e2835a76ca7c31a2416b2d51c4ec9a8f?s=96&d=mm&r=g\",\"caption\":\"M M\"},\"sameAs\":[\"http:\/\/MM\"],\"url\":\"https:\/\/permbledhja.com\/sq\/author\/muhamet\/\"}]}<\/script>\n<!-- \/ Yoast SEO plugin. -->","yoast_head_json":{"title":"Bajrami pyetje VV-s\u00eb: N\u00ebse Ligji p\u00ebr Zyrtar\u00eb Publik\u00eb shpallet kushtetues, me cilin do t\u00eb punoni pastaj?","robots":{"index":"index","follow":"follow","max-snippet":"max-snippet:-1","max-image-preview":"max-image-preview:large","max-video-preview":"max-video-preview:-1"},"canonical":"https:\/\/permbledhja.com\/sq\/bajrami-pyetje-vv-se-nese-ligji-per-zyrtare-publike-shpallet-kushtetues-me-cilin-do-te-punoni-pastaj\/","og_locale":"sq_AL","og_type":"article","og_title":"Bajrami pyetje VV-s\u00eb: N\u00ebse Ligji p\u00ebr Zyrtar\u00eb Publik\u00eb shpallet kushtetues, me cilin do t\u00eb punoni pastaj?","og_description":"Deputetja e Lidhjes Demokratike t\u00eb Kosov\u00ebs Hykmete Bajrami, e ka akuzuar qeverin\u00eb se po d\u00ebshiron t\u2019i kapin institucionet me \u00e7do kusht. Bajrami thot\u00eb se n\u00eb nj\u00ebr\u00ebn nga dy pikat q\u00eb do t\u00eb diskutohen n\u00eb seanc\u00ebn e jasht\u00ebzakonshme, b\u00ebhet fjal\u00eb p\u00ebr ndryshimin e Ligjit p\u00ebr Zyrtar\u00ebt Publik\u00eb, ligj i cili n\u00eb dhjetor t\u00eb vitit t\u00eb kaluar [&hellip;]","og_url":"https:\/\/permbledhja.com\/sq\/bajrami-pyetje-vv-se-nese-ligji-per-zyrtare-publike-shpallet-kushtetues-me-cilin-do-te-punoni-pastaj\/","og_site_name":"Ve\u00e7 artikuj p\u00ebrmbledh\u00ebs","article_publisher":"https:\/\/www.facebook.com\/press07\/","article_published_time":"2023-07-27T13:00:45+00:00","og_image":[{"width":857,"height":574,"url":"https:\/\/permbledhja.com\/wp-content\/uploads\/2023\/07\/Capture-36.jpg","type":"image\/jpeg"}],"author":"M M","twitter_card":"summary_large_image","twitter_misc":{"Written by":"M M","Est. reading time":"1 minut\u00eb"},"schema":{"@context":"https:\/\/schema.org","@graph":[{"@type":"Article","@id":"https:\/\/permbledhja.com\/sq\/bajrami-pyetje-vv-se-nese-ligji-per-zyrtare-publike-shpallet-kushtetues-me-cilin-do-te-punoni-pastaj\/#article","isPartOf":{"@id":"https:\/\/permbledhja.com\/sq\/bajrami-pyetje-vv-se-nese-ligji-per-zyrtare-publike-shpallet-kushtetues-me-cilin-do-te-punoni-pastaj\/"},"author":{"name":"M M","@id":"https:\/\/permbledhja.com\/#\/schema\/person\/d23f13f59b5722643933d6780783acf3"},"headline":"Bajrami pyetje VV-s\u00eb: N\u00ebse Ligji p\u00ebr Zyrtar\u00eb Publik\u00eb shpallet kushtetues, me cilin do t\u00eb punoni pastaj?","datePublished":"2023-07-27T13:00:45+00:00","dateModified":"2023-07-27T13:00:45+00:00","mainEntityOfPage":{"@id":"https:\/\/permbledhja.com\/sq\/bajrami-pyetje-vv-se-nese-ligji-per-zyrtare-publike-shpallet-kushtetues-me-cilin-do-te-punoni-pastaj\/"},"wordCount":218,"publisher":{"@id":"https:\/\/permbledhja.com\/#organization"},"keywords":["Hykmete Bajrami"],"articleSection":["Komb\u00ebtare","Lajme"],"inLanguage":"sq"},{"@type":"WebPage","@id":"https:\/\/permbledhja.com\/sq\/bajrami-pyetje-vv-se-nese-ligji-per-zyrtare-publike-shpallet-kushtetues-me-cilin-do-te-punoni-pastaj\/","url":"https:\/\/permbledhja.com\/sq\/bajrami-pyetje-vv-se-nese-ligji-per-zyrtare-publike-shpallet-kushtetues-me-cilin-do-te-punoni-pastaj\/","name":"Bajrami pyetje VV-s\u00eb: N\u00ebse Ligji p\u00ebr Zyrtar\u00eb Publik\u00eb shpallet kushtetues, me cilin do t\u00eb punoni pastaj?","isPartOf":{"@id":"https:\/\/permbledhja.com\/#website"},"datePublished":"2023-07-27T13:00:45+00:00","dateModified":"2023-07-27T13:00:45+00:00","breadcrumb":{"@id":"https:\/\/permbledhja.com\/sq\/bajrami-pyetje-vv-se-nese-ligji-per-zyrtare-publike-shpallet-kushtetues-me-cilin-do-te-punoni-pastaj\/#breadcrumb"},"inLanguage":"sq","potentialAction":[{"@type":"ReadAction","target":["https:\/\/permbledhja.com\/sq\/bajrami-pyetje-vv-se-nese-ligji-per-zyrtare-publike-shpallet-kushtetues-me-cilin-do-te-punoni-pastaj\/"]}]},{"@type":"BreadcrumbList","@id":"https:\/\/permbledhja.com\/sq\/bajrami-pyetje-vv-se-nese-ligji-per-zyrtare-publike-shpallet-kushtetues-me-cilin-do-te-punoni-pastaj\/#breadcrumb","itemListElement":[{"@type":"ListItem","position":1,"name":"Ballina","item":"https:\/\/permbledhja.com\/sq\/"},{"@type":"ListItem","position":2,"name":"Bajrami pyetje VV-s\u00eb: N\u00ebse Ligji p\u00ebr Zyrtar\u00eb Publik\u00eb shpallet kushtetues, me cilin do t\u00eb punoni pastaj?"}]},{"@type":"WebSite","@id":"https:\/\/permbledhja.com\/#website","url":"https:\/\/permbledhja.com\/","name":"Ve\u00e7 artikuj p\u00ebrmbledh\u00ebs","description":"","publisher":{"@id":"https:\/\/permbledhja.com\/#organization"},"potentialAction":[{"@type":"SearchAction","target":{"@type":"EntryPoint","urlTemplate":"https:\/\/permbledhja.com\/?s={search_term_string}"},"query-input":"required name=search_term_string"}],"inLanguage":"sq"},{"@type":"Organization","@id":"https:\/\/permbledhja.com\/#organization","name":"MK Media & Pr","url":"https:\/\/permbledhja.com\/","logo":{"@type":"ImageObject","inLanguage":"sq","@id":"https:\/\/permbledhja.com\/#\/schema\/logo\/image\/","url":"https:\/\/permbledhja.com\/wp-content\/uploads\/2021\/12\/07-Press-Logo.jpg","contentUrl":"https:\/\/permbledhja.com\/wp-content\/uploads\/2021\/12\/07-Press-Logo.jpg","width":512,"height":512,"caption":"MK Media & Pr"},"image":{"@id":"https:\/\/permbledhja.com\/#\/schema\/logo\/image\/"},"sameAs":["https:\/\/www.facebook.com\/press07\/"]},{"@type":"Person","@id":"https:\/\/permbledhja.com\/#\/schema\/person\/d23f13f59b5722643933d6780783acf3","name":"M M","image":{"@type":"ImageObject","inLanguage":"sq","@id":"https:\/\/permbledhja.com\/#\/schema\/person\/image\/","url":"https:\/\/secure.gravatar.com\/avatar\/e2835a76ca7c31a2416b2d51c4ec9a8f?s=96&d=mm&r=g","contentUrl":"https:\/\/secure.gravatar.com\/avatar\/e2835a76ca7c31a2416b2d51c4ec9a8f?s=96&d=mm&r=g","caption":"M M"},"sameAs":["http:\/\/MM"],"url":"https:\/\/permbledhja.com\/sq\/author\/muhamet\/"}]}},"_links":{"self":[{"href":"https:\/\/permbledhja.com\/sq\/wp-json\/wp\/v2\/posts\/20845"}],"collection":[{"href":"https:\/\/permbledhja.com\/sq\/wp-json\/wp\/v2\/posts"}],"about":[{"href":"https:\/\/permbledhja.com\/sq\/wp-json\/wp\/v2\/types\/post"}],"author":[{"embeddable":true,"href":"https:\/\/permbledhja.com\/sq\/wp-json\/wp\/v2\/users\/2"}],"replies":[{"embeddable":true,"href":"https:\/\/permbledhja.com\/sq\/wp-json\/wp\/v2\/comments?post=20845"}],"version-history":[{"count":1,"href":"https:\/\/permbledhja.com\/sq\/wp-json\/wp\/v2\/posts\/20845\/revisions"}],"predecessor-version":[{"id":20847,"href":"https:\/\/permbledhja.com\/sq\/wp-json\/wp\/v2\/posts\/20845\/revisions\/20847"}],"wp:featuredmedia":[{"embeddable":true,"href":"https:\/\/permbledhja.com\/sq\/wp-json\/wp\/v2\/media\/20846"}],"wp:attachment":[{"href":"https:\/\/permbledhja.com\/sq\/wp-json\/wp\/v2\/media?parent=20845"}],"wp:term":[{"taxonomy":"category","embeddable":true,"href":"https:\/\/permbledhja.com\/sq\/wp-json\/wp\/v2\/categories?post=20845"},{"taxonomy":"post_tag","embeddable":true,"href":"https:\/\/permbledhja.com\/sq\/wp-json\/wp\/v2\/tags?post=20845"}],"curies":[{"name":"wp","href":"https:\/\/api.w.org\/{rel}","templated":true}]}}