{"id":20839,"date":"2023-07-27T12:30:18","date_gmt":"2023-07-27T12:30:18","guid":{"rendered":"https:\/\/permbledhja.com\/?p=20839"},"modified":"2023-07-27T12:30:18","modified_gmt":"2023-07-27T12:30:18","slug":"mesazhe-te-vuciqit-qe-ai-sdo-ti-thote-publikisht-bislimi-reagon-ndaj-veprimeve-te-tifozerise-ne-beograd","status":"publish","type":"post","link":"https:\/\/permbledhja.com\/sq\/mesazhe-te-vuciqit-qe-ai-sdo-ti-thote-publikisht-bislimi-reagon-ndaj-veprimeve-te-tifozerise-ne-beograd\/","title":{"rendered":"&#8220;Mesazhe t\u00eb Vu\u00e7iqit q\u00eb ai s\u2019do t\u2019i thot\u00eb publikisht&#8221;, Bislimi reagon ndaj veprimeve t\u00eb tifoz\u00ebris\u00eb n\u00eb Beograd"},"content":{"rendered":"<h3>Z\u00ebvend\u00ebskryeministri i Kosov\u00ebs, Besnik Bislimi ka reaguar pasi tifoz\u00ebt ultras t\u00eb klubit serb t\u00eb futbollit, \u201cCrvena Zvezda\u201d t\u00eb m\u00ebrkur\u00ebn k\u00ebrkuan q\u00eb ushtria serbe t\u00eb kthehet n\u00eb Kosov\u00eb, n\u00eb nj\u00eb ndeshje miq\u00ebsore kund\u00ebr klubit italian, Fiorentina.<\/h3>\n<p>Tifoz\u00ebt e Zvezd\u00ebs shfaq\u00ebn nj\u00eb pankart\u00eb ku shkruhej \u201cKur do t\u00eb kthehet ushtria n\u00eb Kosov\u00eb\u201d. Bislimi thot\u00eb se kjo u b\u00eb n\u00eb prani t\u00eb presidentit serb, Aleksandar Vu\u00e7iq, t\u00eb cilit, si\u00e7 thot\u00eb Bislimi, tifoz\u00ebt e njohur si \u201cDelije\u201d shpesh p\u00eb\u00e7ojn\u00eb mesazhet q\u00eb kreu i shtetit serb \u201cnuk mund ose nuk d\u00ebshiron t\u2019i thot\u00eb publikisht\u201d.<\/p>\n<p>\u201cE gjith\u00eb kjo nd\u00ebrkoh\u00eb q\u00eb edhe Vu\u00e7iq ishte i pranish\u00ebm n\u00eb tribuna. I gjith\u00eb aparati shtet\u00ebror \u00ebsht\u00eb nd\u00ebrtuar n\u00eb Serbi p\u00ebr median, sportin, artin, kultur\u00ebn, shkenc\u00ebn q\u00eb t\u00eb p\u00ebrdoren p\u00ebr mjete propagandistike dhe p\u00ebr t\u00eb nxitur dhun\u00ebn, terrorin, tensionet dhe luft\u00ebn\u201d, shkroi Bislimi n\u00eb Twitter.<\/p>\n<p>\u201cDelije shpesh d\u00ebrgon mesazhe q\u00eb Vu\u00e7iq nuk mund ose nuk d\u00ebshiron t\u2019i thot\u00eb publikisht. Ai ka nevoj\u00eb p\u00ebr akte t\u00eb tilla p\u00ebr t\u00eb ushqyer urrejtjen dhe nacionalizmin etnik n\u00eb opinionin publik\u201d, shtoi kryenegociatori i Kosov\u00ebs n\u00eb dialogun me Serbin\u00eb.<\/p>\n<blockquote class=\"twitter-tweet\">\n<p dir=\"ltr\" lang=\"en\">1\/3 Crvena Zvezda ultras supporters &#8220;Delije&#8221; showed a banner citing &#8220;When the army will go back to Kosovo&#8221; during a friendly game against italian club Fiorentina. <a href=\"https:\/\/t.co\/jK86uQM2ke\">pic.twitter.com\/jK86uQM2ke<\/a><\/p>\n<p>\u2014 Besnik Bislimi (@BislimiBesnik) <a href=\"https:\/\/twitter.com\/BislimiBesnik\/status\/1684525671140274177?ref_src=twsrc%5Etfw\">July 27, 2023<\/a><\/p><\/blockquote>\n<p><script async src=\"https:\/\/platform.twitter.com\/widgets.js\" charset=\"utf-8\"><\/script><\/p>\n","protected":false},"excerpt":{"rendered":"<p>Z\u00ebvend\u00ebskryeministri i Kosov\u00ebs, Besnik Bislimi ka reaguar pasi tifoz\u00ebt ultras t\u00eb klubit serb t\u00eb futbollit, \u201cCrvena Zvezda\u201d t\u00eb m\u00ebrkur\u00ebn k\u00ebrkuan q\u00eb ushtria serbe t\u00eb kthehet n\u00eb Kosov\u00eb, n\u00eb nj\u00eb ndeshje miq\u00ebsore kund\u00ebr klubit italian, Fiorentina. Tifoz\u00ebt e Zvezd\u00ebs shfaq\u00ebn nj\u00eb pankart\u00eb ku shkruhej \u201cKur do t\u00eb kthehet ushtria n\u00eb Kosov\u00eb\u201d. Bislimi thot\u00eb se kjo u [&hellip;]<\/p>\n","protected":false},"author":2,"featured_media":20840,"comment_status":"closed","ping_status":"closed","sticky":false,"template":"","format":"standard","meta":{"_monsterinsights_skip_tracking":false,"_monsterinsights_sitenote_active":false,"_monsterinsights_sitenote_note":"","_monsterinsights_sitenote_category":0,"_uf_show_specific_survey":0,"_uf_disable_surveys":false,"footnotes":""},"categories":[23,15],"tags":[1004],"yoast_head":"<!-- This site is optimized with the Yoast SEO plugin v21.5 - https:\/\/yoast.com\/wordpress\/plugins\/seo\/ -->\n<title>&quot;Mesazhe t\u00eb Vu\u00e7iqit q\u00eb ai s\u2019do t\u2019i thot\u00eb publikisht&quot;, Bislimi reagon ndaj veprimeve t\u00eb tifoz\u00ebris\u00eb n\u00eb Beograd<\/title>\n<meta name=\"robots\" content=\"index, follow, max-snippet:-1, max-image-preview:large, max-video-preview:-1\" \/>\n<link rel=\"canonical\" href=\"https:\/\/permbledhja.com\/sq\/mesazhe-te-vuciqit-qe-ai-sdo-ti-thote-publikisht-bislimi-reagon-ndaj-veprimeve-te-tifozerise-ne-beograd\/\" \/>\n<meta property=\"og:locale\" content=\"sq_AL\" \/>\n<meta property=\"og:type\" content=\"article\" \/>\n<meta property=\"og:title\" content=\"&quot;Mesazhe t\u00eb Vu\u00e7iqit q\u00eb ai s\u2019do t\u2019i thot\u00eb publikisht&quot;, Bislimi reagon ndaj veprimeve t\u00eb tifoz\u00ebris\u00eb n\u00eb Beograd\" \/>\n<meta property=\"og:description\" content=\"Z\u00ebvend\u00ebskryeministri i Kosov\u00ebs, Besnik Bislimi ka reaguar pasi tifoz\u00ebt ultras t\u00eb klubit serb t\u00eb futbollit, \u201cCrvena Zvezda\u201d t\u00eb m\u00ebrkur\u00ebn k\u00ebrkuan q\u00eb ushtria serbe t\u00eb kthehet n\u00eb Kosov\u00eb, n\u00eb nj\u00eb ndeshje miq\u00ebsore kund\u00ebr klubit italian, Fiorentina. Tifoz\u00ebt e Zvezd\u00ebs shfaq\u00ebn nj\u00eb pankart\u00eb ku shkruhej \u201cKur do t\u00eb kthehet ushtria n\u00eb Kosov\u00eb\u201d. Bislimi thot\u00eb se kjo u [&hellip;]\" \/>\n<meta property=\"og:url\" content=\"https:\/\/permbledhja.com\/sq\/mesazhe-te-vuciqit-qe-ai-sdo-ti-thote-publikisht-bislimi-reagon-ndaj-veprimeve-te-tifozerise-ne-beograd\/\" \/>\n<meta property=\"og:site_name\" content=\"Ve\u00e7 artikuj p\u00ebrmbledh\u00ebs\" \/>\n<meta property=\"article:publisher\" content=\"https:\/\/www.facebook.com\/press07\/\" \/>\n<meta property=\"article:published_time\" content=\"2023-07-27T12:30:18+00:00\" \/>\n<meta property=\"og:image\" content=\"https:\/\/permbledhja.com\/wp-content\/uploads\/2023\/07\/uuu-3.jpg\" \/>\n\t<meta property=\"og:image:width\" content=\"1182\" \/>\n\t<meta property=\"og:image:height\" content=\"745\" \/>\n\t<meta property=\"og:image:type\" content=\"image\/jpeg\" \/>\n<meta name=\"author\" content=\"M M\" \/>\n<meta name=\"twitter:card\" content=\"summary_large_image\" \/>\n<meta name=\"twitter:label1\" content=\"Written by\" \/>\n\t<meta name=\"twitter:data1\" content=\"M M\" \/>\n\t<meta name=\"twitter:label2\" content=\"Est. reading time\" \/>\n\t<meta name=\"twitter:data2\" content=\"1 minut\u00eb\" \/>\n<script type=\"application\/ld+json\" class=\"yoast-schema-graph\">{\"@context\":\"https:\/\/schema.org\",\"@graph\":[{\"@type\":\"Article\",\"@id\":\"https:\/\/permbledhja.com\/mesazhe-te-vuciqit-qe-ai-sdo-ti-thote-publikisht-bislimi-reagon-ndaj-veprimeve-te-tifozerise-ne-beograd\/#article\",\"isPartOf\":{\"@id\":\"https:\/\/permbledhja.com\/mesazhe-te-vuciqit-qe-ai-sdo-ti-thote-publikisht-bislimi-reagon-ndaj-veprimeve-te-tifozerise-ne-beograd\/\"},\"author\":{\"name\":\"M M\",\"@id\":\"https:\/\/permbledhja.com\/#\/schema\/person\/d23f13f59b5722643933d6780783acf3\"},\"headline\":\"&#8220;Mesazhe t\u00eb Vu\u00e7iqit q\u00eb ai s\u2019do t\u2019i thot\u00eb publikisht&#8221;, Bislimi reagon ndaj veprimeve t\u00eb tifoz\u00ebris\u00eb n\u00eb Beograd\",\"datePublished\":\"2023-07-27T12:30:18+00:00\",\"dateModified\":\"2023-07-27T12:30:18+00:00\",\"mainEntityOfPage\":{\"@id\":\"https:\/\/permbledhja.com\/mesazhe-te-vuciqit-qe-ai-sdo-ti-thote-publikisht-bislimi-reagon-ndaj-veprimeve-te-tifozerise-ne-beograd\/\"},\"wordCount\":266,\"publisher\":{\"@id\":\"https:\/\/permbledhja.com\/#organization\"},\"keywords\":[\"Besnik Bislimi\"],\"articleSection\":[\"Komb\u00ebtare\",\"Lajme\"],\"inLanguage\":\"sq\"},{\"@type\":\"WebPage\",\"@id\":\"https:\/\/permbledhja.com\/mesazhe-te-vuciqit-qe-ai-sdo-ti-thote-publikisht-bislimi-reagon-ndaj-veprimeve-te-tifozerise-ne-beograd\/\",\"url\":\"https:\/\/permbledhja.com\/mesazhe-te-vuciqit-qe-ai-sdo-ti-thote-publikisht-bislimi-reagon-ndaj-veprimeve-te-tifozerise-ne-beograd\/\",\"name\":\"\\\"Mesazhe t\u00eb Vu\u00e7iqit q\u00eb ai s\u2019do t\u2019i thot\u00eb publikisht\\\", Bislimi reagon ndaj veprimeve t\u00eb tifoz\u00ebris\u00eb n\u00eb Beograd\",\"isPartOf\":{\"@id\":\"https:\/\/permbledhja.com\/#website\"},\"datePublished\":\"2023-07-27T12:30:18+00:00\",\"dateModified\":\"2023-07-27T12:30:18+00:00\",\"breadcrumb\":{\"@id\":\"https:\/\/permbledhja.com\/mesazhe-te-vuciqit-qe-ai-sdo-ti-thote-publikisht-bislimi-reagon-ndaj-veprimeve-te-tifozerise-ne-beograd\/#breadcrumb\"},\"inLanguage\":\"sq\",\"potentialAction\":[{\"@type\":\"ReadAction\",\"target\":[\"https:\/\/permbledhja.com\/mesazhe-te-vuciqit-qe-ai-sdo-ti-thote-publikisht-bislimi-reagon-ndaj-veprimeve-te-tifozerise-ne-beograd\/\"]}]},{\"@type\":\"BreadcrumbList\",\"@id\":\"https:\/\/permbledhja.com\/mesazhe-te-vuciqit-qe-ai-sdo-ti-thote-publikisht-bislimi-reagon-ndaj-veprimeve-te-tifozerise-ne-beograd\/#breadcrumb\",\"itemListElement\":[{\"@type\":\"ListItem\",\"position\":1,\"name\":\"Ballina\",\"item\":\"https:\/\/permbledhja.com\/sq\/\"},{\"@type\":\"ListItem\",\"position\":2,\"name\":\"&#8220;Mesazhe t\u00eb Vu\u00e7iqit q\u00eb ai s\u2019do t\u2019i thot\u00eb publikisht&#8221;, Bislimi reagon ndaj veprimeve t\u00eb tifoz\u00ebris\u00eb n\u00eb Beograd\"}]},{\"@type\":\"WebSite\",\"@id\":\"https:\/\/permbledhja.com\/#website\",\"url\":\"https:\/\/permbledhja.com\/\",\"name\":\"Ve\u00e7 artikuj p\u00ebrmbledh\u00ebs\",\"description\":\"\",\"publisher\":{\"@id\":\"https:\/\/permbledhja.com\/#organization\"},\"potentialAction\":[{\"@type\":\"SearchAction\",\"target\":{\"@type\":\"EntryPoint\",\"urlTemplate\":\"https:\/\/permbledhja.com\/?s={search_term_string}\"},\"query-input\":\"required name=search_term_string\"}],\"inLanguage\":\"sq\"},{\"@type\":\"Organization\",\"@id\":\"https:\/\/permbledhja.com\/#organization\",\"name\":\"MK Media & Pr\",\"url\":\"https:\/\/permbledhja.com\/\",\"logo\":{\"@type\":\"ImageObject\",\"inLanguage\":\"sq\",\"@id\":\"https:\/\/permbledhja.com\/#\/schema\/logo\/image\/\",\"url\":\"https:\/\/permbledhja.com\/wp-content\/uploads\/2021\/12\/07-Press-Logo.jpg\",\"contentUrl\":\"https:\/\/permbledhja.com\/wp-content\/uploads\/2021\/12\/07-Press-Logo.jpg\",\"width\":512,\"height\":512,\"caption\":\"MK Media & Pr\"},\"image\":{\"@id\":\"https:\/\/permbledhja.com\/#\/schema\/logo\/image\/\"},\"sameAs\":[\"https:\/\/www.facebook.com\/press07\/\"]},{\"@type\":\"Person\",\"@id\":\"https:\/\/permbledhja.com\/#\/schema\/person\/d23f13f59b5722643933d6780783acf3\",\"name\":\"M M\",\"image\":{\"@type\":\"ImageObject\",\"inLanguage\":\"sq\",\"@id\":\"https:\/\/permbledhja.com\/#\/schema\/person\/image\/\",\"url\":\"https:\/\/secure.gravatar.com\/avatar\/e2835a76ca7c31a2416b2d51c4ec9a8f?s=96&d=mm&r=g\",\"contentUrl\":\"https:\/\/secure.gravatar.com\/avatar\/e2835a76ca7c31a2416b2d51c4ec9a8f?s=96&d=mm&r=g\",\"caption\":\"M M\"},\"sameAs\":[\"http:\/\/MM\"],\"url\":\"https:\/\/permbledhja.com\/sq\/author\/muhamet\/\"}]}<\/script>\n<!-- \/ Yoast SEO plugin. -->","yoast_head_json":{"title":"\"Mesazhe t\u00eb Vu\u00e7iqit q\u00eb ai s\u2019do t\u2019i thot\u00eb publikisht\", Bislimi reagon ndaj veprimeve t\u00eb tifoz\u00ebris\u00eb n\u00eb Beograd","robots":{"index":"index","follow":"follow","max-snippet":"max-snippet:-1","max-image-preview":"max-image-preview:large","max-video-preview":"max-video-preview:-1"},"canonical":"https:\/\/permbledhja.com\/sq\/mesazhe-te-vuciqit-qe-ai-sdo-ti-thote-publikisht-bislimi-reagon-ndaj-veprimeve-te-tifozerise-ne-beograd\/","og_locale":"sq_AL","og_type":"article","og_title":"\"Mesazhe t\u00eb Vu\u00e7iqit q\u00eb ai s\u2019do t\u2019i thot\u00eb publikisht\", Bislimi reagon ndaj veprimeve t\u00eb tifoz\u00ebris\u00eb n\u00eb Beograd","og_description":"Z\u00ebvend\u00ebskryeministri i Kosov\u00ebs, Besnik Bislimi ka reaguar pasi tifoz\u00ebt ultras t\u00eb klubit serb t\u00eb futbollit, \u201cCrvena Zvezda\u201d t\u00eb m\u00ebrkur\u00ebn k\u00ebrkuan q\u00eb ushtria serbe t\u00eb kthehet n\u00eb Kosov\u00eb, n\u00eb nj\u00eb ndeshje miq\u00ebsore kund\u00ebr klubit italian, Fiorentina. Tifoz\u00ebt e Zvezd\u00ebs shfaq\u00ebn nj\u00eb pankart\u00eb ku shkruhej \u201cKur do t\u00eb kthehet ushtria n\u00eb Kosov\u00eb\u201d. Bislimi thot\u00eb se kjo u [&hellip;]","og_url":"https:\/\/permbledhja.com\/sq\/mesazhe-te-vuciqit-qe-ai-sdo-ti-thote-publikisht-bislimi-reagon-ndaj-veprimeve-te-tifozerise-ne-beograd\/","og_site_name":"Ve\u00e7 artikuj p\u00ebrmbledh\u00ebs","article_publisher":"https:\/\/www.facebook.com\/press07\/","article_published_time":"2023-07-27T12:30:18+00:00","og_image":[{"width":1182,"height":745,"url":"https:\/\/permbledhja.com\/wp-content\/uploads\/2023\/07\/uuu-3.jpg","type":"image\/jpeg"}],"author":"M M","twitter_card":"summary_large_image","twitter_misc":{"Written by":"M M","Est. reading time":"1 minut\u00eb"},"schema":{"@context":"https:\/\/schema.org","@graph":[{"@type":"Article","@id":"https:\/\/permbledhja.com\/mesazhe-te-vuciqit-qe-ai-sdo-ti-thote-publikisht-bislimi-reagon-ndaj-veprimeve-te-tifozerise-ne-beograd\/#article","isPartOf":{"@id":"https:\/\/permbledhja.com\/mesazhe-te-vuciqit-qe-ai-sdo-ti-thote-publikisht-bislimi-reagon-ndaj-veprimeve-te-tifozerise-ne-beograd\/"},"author":{"name":"M M","@id":"https:\/\/permbledhja.com\/#\/schema\/person\/d23f13f59b5722643933d6780783acf3"},"headline":"&#8220;Mesazhe t\u00eb Vu\u00e7iqit q\u00eb ai s\u2019do t\u2019i thot\u00eb publikisht&#8221;, Bislimi reagon ndaj veprimeve t\u00eb tifoz\u00ebris\u00eb n\u00eb Beograd","datePublished":"2023-07-27T12:30:18+00:00","dateModified":"2023-07-27T12:30:18+00:00","mainEntityOfPage":{"@id":"https:\/\/permbledhja.com\/mesazhe-te-vuciqit-qe-ai-sdo-ti-thote-publikisht-bislimi-reagon-ndaj-veprimeve-te-tifozerise-ne-beograd\/"},"wordCount":266,"publisher":{"@id":"https:\/\/permbledhja.com\/#organization"},"keywords":["Besnik Bislimi"],"articleSection":["Komb\u00ebtare","Lajme"],"inLanguage":"sq"},{"@type":"WebPage","@id":"https:\/\/permbledhja.com\/mesazhe-te-vuciqit-qe-ai-sdo-ti-thote-publikisht-bislimi-reagon-ndaj-veprimeve-te-tifozerise-ne-beograd\/","url":"https:\/\/permbledhja.com\/mesazhe-te-vuciqit-qe-ai-sdo-ti-thote-publikisht-bislimi-reagon-ndaj-veprimeve-te-tifozerise-ne-beograd\/","name":"\"Mesazhe t\u00eb Vu\u00e7iqit q\u00eb ai s\u2019do t\u2019i thot\u00eb publikisht\", Bislimi reagon ndaj veprimeve t\u00eb tifoz\u00ebris\u00eb n\u00eb Beograd","isPartOf":{"@id":"https:\/\/permbledhja.com\/#website"},"datePublished":"2023-07-27T12:30:18+00:00","dateModified":"2023-07-27T12:30:18+00:00","breadcrumb":{"@id":"https:\/\/permbledhja.com\/mesazhe-te-vuciqit-qe-ai-sdo-ti-thote-publikisht-bislimi-reagon-ndaj-veprimeve-te-tifozerise-ne-beograd\/#breadcrumb"},"inLanguage":"sq","potentialAction":[{"@type":"ReadAction","target":["https:\/\/permbledhja.com\/mesazhe-te-vuciqit-qe-ai-sdo-ti-thote-publikisht-bislimi-reagon-ndaj-veprimeve-te-tifozerise-ne-beograd\/"]}]},{"@type":"BreadcrumbList","@id":"https:\/\/permbledhja.com\/mesazhe-te-vuciqit-qe-ai-sdo-ti-thote-publikisht-bislimi-reagon-ndaj-veprimeve-te-tifozerise-ne-beograd\/#breadcrumb","itemListElement":[{"@type":"ListItem","position":1,"name":"Ballina","item":"https:\/\/permbledhja.com\/sq\/"},{"@type":"ListItem","position":2,"name":"&#8220;Mesazhe t\u00eb Vu\u00e7iqit q\u00eb ai s\u2019do t\u2019i thot\u00eb publikisht&#8221;, Bislimi reagon ndaj veprimeve t\u00eb tifoz\u00ebris\u00eb n\u00eb Beograd"}]},{"@type":"WebSite","@id":"https:\/\/permbledhja.com\/#website","url":"https:\/\/permbledhja.com\/","name":"Ve\u00e7 artikuj p\u00ebrmbledh\u00ebs","description":"","publisher":{"@id":"https:\/\/permbledhja.com\/#organization"},"potentialAction":[{"@type":"SearchAction","target":{"@type":"EntryPoint","urlTemplate":"https:\/\/permbledhja.com\/?s={search_term_string}"},"query-input":"required name=search_term_string"}],"inLanguage":"sq"},{"@type":"Organization","@id":"https:\/\/permbledhja.com\/#organization","name":"MK Media & Pr","url":"https:\/\/permbledhja.com\/","logo":{"@type":"ImageObject","inLanguage":"sq","@id":"https:\/\/permbledhja.com\/#\/schema\/logo\/image\/","url":"https:\/\/permbledhja.com\/wp-content\/uploads\/2021\/12\/07-Press-Logo.jpg","contentUrl":"https:\/\/permbledhja.com\/wp-content\/uploads\/2021\/12\/07-Press-Logo.jpg","width":512,"height":512,"caption":"MK Media & Pr"},"image":{"@id":"https:\/\/permbledhja.com\/#\/schema\/logo\/image\/"},"sameAs":["https:\/\/www.facebook.com\/press07\/"]},{"@type":"Person","@id":"https:\/\/permbledhja.com\/#\/schema\/person\/d23f13f59b5722643933d6780783acf3","name":"M M","image":{"@type":"ImageObject","inLanguage":"sq","@id":"https:\/\/permbledhja.com\/#\/schema\/person\/image\/","url":"https:\/\/secure.gravatar.com\/avatar\/e2835a76ca7c31a2416b2d51c4ec9a8f?s=96&d=mm&r=g","contentUrl":"https:\/\/secure.gravatar.com\/avatar\/e2835a76ca7c31a2416b2d51c4ec9a8f?s=96&d=mm&r=g","caption":"M M"},"sameAs":["http:\/\/MM"],"url":"https:\/\/permbledhja.com\/sq\/author\/muhamet\/"}]}},"_links":{"self":[{"href":"https:\/\/permbledhja.com\/sq\/wp-json\/wp\/v2\/posts\/20839"}],"collection":[{"href":"https:\/\/permbledhja.com\/sq\/wp-json\/wp\/v2\/posts"}],"about":[{"href":"https:\/\/permbledhja.com\/sq\/wp-json\/wp\/v2\/types\/post"}],"author":[{"embeddable":true,"href":"https:\/\/permbledhja.com\/sq\/wp-json\/wp\/v2\/users\/2"}],"replies":[{"embeddable":true,"href":"https:\/\/permbledhja.com\/sq\/wp-json\/wp\/v2\/comments?post=20839"}],"version-history":[{"count":1,"href":"https:\/\/permbledhja.com\/sq\/wp-json\/wp\/v2\/posts\/20839\/revisions"}],"predecessor-version":[{"id":20841,"href":"https:\/\/permbledhja.com\/sq\/wp-json\/wp\/v2\/posts\/20839\/revisions\/20841"}],"wp:featuredmedia":[{"embeddable":true,"href":"https:\/\/permbledhja.com\/sq\/wp-json\/wp\/v2\/media\/20840"}],"wp:attachment":[{"href":"https:\/\/permbledhja.com\/sq\/wp-json\/wp\/v2\/media?parent=20839"}],"wp:term":[{"taxonomy":"category","embeddable":true,"href":"https:\/\/permbledhja.com\/sq\/wp-json\/wp\/v2\/categories?post=20839"},{"taxonomy":"post_tag","embeddable":true,"href":"https:\/\/permbledhja.com\/sq\/wp-json\/wp\/v2\/tags?post=20839"}],"curies":[{"name":"wp","href":"https:\/\/api.w.org\/{rel}","templated":true}]}}