{"id":20835,"date":"2023-07-27T12:05:33","date_gmt":"2023-07-27T12:05:33","guid":{"rendered":"https:\/\/permbledhja.com\/?p=20835"},"modified":"2023-07-27T12:05:33","modified_gmt":"2023-07-27T12:05:33","slug":"nuk-e-pranoj-fajesine-del-para-gjyqit-ish-drejtori-qe-ia-ndaloi-hyrjen-ne-shkolle-mesueses-me-shami-ne-suhareke","status":"publish","type":"post","link":"https:\/\/permbledhja.com\/sq\/nuk-e-pranoj-fajesine-del-para-gjyqit-ish-drejtori-qe-ia-ndaloi-hyrjen-ne-shkolle-mesueses-me-shami-ne-suhareke\/","title":{"rendered":"\u201cNuk e pranoj faj\u00ebsin\u00eb\u201d, del para gjyqit ish-drejtori q\u00eb ia ndaloi hyrjen n\u00eb shkoll\u00eb m\u00ebsueses me shami n\u00eb Suharek\u00eb"},"content":{"rendered":"<h3>Liman Byty\u00e7i, ish-drejtor i shkoll\u00ebs fillore t\u00eb mesme t\u00eb ul\u00ebt \u201cFlamuri i Arb\u00ebrit\u201d, \u00ebsht\u00eb ulur n\u00eb bank\u00ebn e t\u00eb akuzuarve p\u00ebr t\u2019u ballafaquar me aktakuz\u00ebn e Prokuroris\u00eb q\u00eb r\u00ebndon ndaj tij.<\/h3>\n<p>Byty\u00e7i po ngarkohet p\u00ebr vepr\u00ebn penale, shkelja e statusit t\u00eb barabart\u00eb t\u00eb shtetasve dhe banor\u00ebve t\u00eb Republik\u00ebs s\u00eb Kosov\u00ebs.<\/p>\n<p>Sipas Prokuroris\u00eb i pandehuri n\u00eb gusht t\u00eb vitit 2022, kishte vendosur q\u00eb m\u00ebsueses s\u00eb l\u00ebnd\u00ebs s\u00eb matematik\u00ebs, Remize Lezi t\u2019ia ndaloj\u00eb ushtrimin e detyr\u00ebs dhe t\u2019ia mohoj\u00eb n\u00ebnshkrimin n\u00eb list\u00ebn e arsimtar\u00ebve prezent.<\/p>\n<p>Megjith\u00ebse, p\u00ebr shum\u00eb vite p\u00ebrcolli breza t\u00eb nx\u00ebn\u00ebsve, m\u00ebsueses iu pamund\u00ebsua hyrja n\u00eb shkoll\u00eb kur vendosi t\u00eb barte shamin\u00eb.P\u00ebrball k\u00ebsaj akuze, ish drejtori Byty\u00e7i u deklarua i pafajsh\u00ebm.<\/p>\n<p>\u201cNuk e pranoj faj\u00ebsin\u00eb, pasi aktakuza \u00ebsht\u00eb e pabazuar\u201d- tha ai.<\/p>\n<p>Muhamet Mujaj, avokat i cili p\u00ebrfaq\u00ebson m\u00ebsuesen Lezi, ka deklaruar se q\u00ebndron prapa ndjekjes penale dhe pran\u00eb k\u00ebrkes\u00ebs pasurore juridike.<\/p>\n<p>Pas k\u00ebsaj gjykata ka udh\u00ebzuar t\u00eb akuzuarin q\u00eb n\u00eb afatin prej 30 dit\u00ebsh t\u00eb parashtroj\u00eb k\u00ebrkes\u00eb p\u00ebr hedhjen e aktakuz\u00ebs dhe kund\u00ebrshtimin e provave.<\/p>\n<p>Sipas aktakuz\u00ebs m\u00eb dat\u00eb 30 gusht 2022, n\u00eb fshatin Reshtan, Komuna e Suharek\u00ebs, n\u00eb shkoll\u00ebn fillore t\u00eb mesme t\u00eb ul\u00ebt \u201cFlamuri i Arb\u00ebrit i pandehuri n\u00eb cil\u00ebsin\u00eb e personit zyrtar, si drejtor i shkoll\u00ebs duke keqp\u00ebrdorur pozit\u00ebn apo autorizimet e tij ia mohon ose ia kufizon t\u00eb drejt\u00ebn p\u00ebr shprehje t\u00eb lir\u00eb t\u00eb identitetit t\u00eb saj ose p\u00ebr t\u00eb g\u00ebzuar autonomin\u00eb e saj fetare t\u00eb d\u00ebmtuar\u00ebs, Remzije Lezi.<\/p>\n<p>N\u00eb aktakuz\u00eb thuhet se pasi e d\u00ebmtuara kishte vendosur mbules\u00eb fetare dhe p\u00ebr her\u00eb t\u00eb par\u00eb ishte paraqitur me mbules\u00eb n\u00eb shkoll\u00ebn ku punonte si m\u00ebsimdh\u00ebn\u00ebse e matematik\u00ebs, i pandehuri si drejtor i shkoll\u00ebs ia ndalon hyrjen n\u00eb objekt.<\/p>\n<p>Prokuroria thot\u00eb se e d\u00ebmtuara edhe p\u00ebrkund\u00ebr ndales\u00ebs ka shkuar n\u00eb shkoll\u00eb dhe ka q\u00ebndruar aty aq sa ka qen\u00eb e parapar\u00eb t\u00eb rri por q\u00eb nuk \u00ebsht\u00eb lejuar t\u00eb n\u00ebnshkruaj list\u00ebn e prezenc\u00ebs n\u00eb detyr\u00eb e as list\u00ebn e sindikat\u00ebs meq\u00eb ishin n\u00eb grev\u00eb.<\/p>\n<p>Dit\u00ebn kritike i pandehuri ia ofron t\u00eb d\u00ebmtuar\u00ebs vendimin e K\u00ebshillit Drejtues t\u00eb shkoll\u00ebs nr.31 dat\u00eb 29 gusht 2022, n\u00eb baz\u00eb t\u00eb s\u00eb cilit nuk i lejohet ushtrimi i profesionit t\u00eb m\u00ebsueses n\u00eb at\u00eb shkoll\u00eb dhe pas k\u00ebtij vendimi e nj\u00ebjta dy dit\u00eb nuk shkon n\u00eb shkoll\u00eb por pasi d\u00ebgjon n\u00eb lajme kryetarin e komun\u00ebs s\u00eb Suharek\u00ebs, se ai vendim \u00ebsht\u00eb i pavlefsh\u00ebm t\u00eb nes\u00ebrmen shkon n\u00eb shkoll\u00eb por p\u00ebrs\u00ebri i pandehuri i k\u00ebrkon q\u00eb t\u00eb largohet dhe po ashtu ia mohon t\u00eb drejt\u00ebn e n\u00ebnshkrimit n\u00eb list\u00ebn e arsimtar\u00ebve prezent n\u00eb shkoll\u00eb.Me k\u00ebt\u00eb sipas Prokuroris\u00eb i pandehuri akuzohet se ka kryer vepr\u00ebn penale shkelja e statusit t\u00eb barabart\u00eb t\u00eb shtetasve dhe banor\u00ebve t\u00eb Republik\u00ebs s\u00eb Kosov\u00ebs.<\/p>\n","protected":false},"excerpt":{"rendered":"<p>Liman Byty\u00e7i, ish-drejtor i shkoll\u00ebs fillore t\u00eb mesme t\u00eb ul\u00ebt \u201cFlamuri i Arb\u00ebrit\u201d, \u00ebsht\u00eb ulur n\u00eb bank\u00ebn e t\u00eb akuzuarve p\u00ebr t\u2019u ballafaquar me aktakuz\u00ebn e Prokuroris\u00eb q\u00eb r\u00ebndon ndaj tij. Byty\u00e7i po ngarkohet p\u00ebr vepr\u00ebn penale, shkelja e statusit t\u00eb barabart\u00eb t\u00eb shtetasve dhe banor\u00ebve t\u00eb Republik\u00ebs s\u00eb Kosov\u00ebs. Sipas Prokuroris\u00eb i pandehuri n\u00eb [&hellip;]<\/p>\n","protected":false},"author":2,"featured_media":20837,"comment_status":"closed","ping_status":"closed","sticky":false,"template":"","format":"standard","meta":{"_monsterinsights_skip_tracking":false,"_monsterinsights_sitenote_active":false,"_monsterinsights_sitenote_note":"","_monsterinsights_sitenote_category":0,"_uf_show_specific_survey":0,"_uf_disable_surveys":false,"footnotes":""},"categories":[23,15],"tags":[],"yoast_head":"<!-- This site is optimized with the Yoast SEO plugin v21.5 - https:\/\/yoast.com\/wordpress\/plugins\/seo\/ -->\n<title>\u201cNuk e pranoj faj\u00ebsin\u00eb\u201d, del para gjyqit ish-drejtori q\u00eb ia ndaloi hyrjen n\u00eb shkoll\u00eb m\u00ebsueses me shami n\u00eb Suharek\u00eb<\/title>\n<meta name=\"robots\" content=\"index, follow, max-snippet:-1, max-image-preview:large, max-video-preview:-1\" \/>\n<link rel=\"canonical\" href=\"https:\/\/permbledhja.com\/sq\/nuk-e-pranoj-fajesine-del-para-gjyqit-ish-drejtori-qe-ia-ndaloi-hyrjen-ne-shkolle-mesueses-me-shami-ne-suhareke\/\" \/>\n<meta property=\"og:locale\" content=\"sq_AL\" \/>\n<meta property=\"og:type\" content=\"article\" \/>\n<meta property=\"og:title\" content=\"\u201cNuk e pranoj faj\u00ebsin\u00eb\u201d, del para gjyqit ish-drejtori q\u00eb ia ndaloi hyrjen n\u00eb shkoll\u00eb m\u00ebsueses me shami n\u00eb Suharek\u00eb\" \/>\n<meta property=\"og:description\" content=\"Liman Byty\u00e7i, ish-drejtor i shkoll\u00ebs fillore t\u00eb mesme t\u00eb ul\u00ebt \u201cFlamuri i Arb\u00ebrit\u201d, \u00ebsht\u00eb ulur n\u00eb bank\u00ebn e t\u00eb akuzuarve p\u00ebr t\u2019u ballafaquar me aktakuz\u00ebn e Prokuroris\u00eb q\u00eb r\u00ebndon ndaj tij. Byty\u00e7i po ngarkohet p\u00ebr vepr\u00ebn penale, shkelja e statusit t\u00eb barabart\u00eb t\u00eb shtetasve dhe banor\u00ebve t\u00eb Republik\u00ebs s\u00eb Kosov\u00ebs. Sipas Prokuroris\u00eb i pandehuri n\u00eb [&hellip;]\" \/>\n<meta property=\"og:url\" content=\"https:\/\/permbledhja.com\/sq\/nuk-e-pranoj-fajesine-del-para-gjyqit-ish-drejtori-qe-ia-ndaloi-hyrjen-ne-shkolle-mesueses-me-shami-ne-suhareke\/\" \/>\n<meta property=\"og:site_name\" content=\"Ve\u00e7 artikuj p\u00ebrmbledh\u00ebs\" \/>\n<meta property=\"article:publisher\" content=\"https:\/\/www.facebook.com\/press07\/\" \/>\n<meta property=\"article:published_time\" content=\"2023-07-27T12:05:33+00:00\" \/>\n<meta property=\"og:image\" content=\"https:\/\/permbledhja.com\/wp-content\/uploads\/2023\/07\/yryyr-1.jpg\" \/>\n\t<meta property=\"og:image:width\" content=\"1248\" \/>\n\t<meta property=\"og:image:height\" content=\"676\" \/>\n\t<meta property=\"og:image:type\" content=\"image\/jpeg\" \/>\n<meta name=\"author\" content=\"M M\" \/>\n<meta name=\"twitter:card\" content=\"summary_large_image\" \/>\n<meta name=\"twitter:label1\" content=\"Written by\" \/>\n\t<meta name=\"twitter:data1\" content=\"M M\" \/>\n\t<meta name=\"twitter:label2\" content=\"Est. reading time\" \/>\n\t<meta name=\"twitter:data2\" content=\"3 minuta\" \/>\n<script type=\"application\/ld+json\" class=\"yoast-schema-graph\">{\"@context\":\"https:\/\/schema.org\",\"@graph\":[{\"@type\":\"Article\",\"@id\":\"https:\/\/permbledhja.com\/sq\/nuk-e-pranoj-fajesine-del-para-gjyqit-ish-drejtori-qe-ia-ndaloi-hyrjen-ne-shkolle-mesueses-me-shami-ne-suhareke\/#article\",\"isPartOf\":{\"@id\":\"https:\/\/permbledhja.com\/sq\/nuk-e-pranoj-fajesine-del-para-gjyqit-ish-drejtori-qe-ia-ndaloi-hyrjen-ne-shkolle-mesueses-me-shami-ne-suhareke\/\"},\"author\":{\"name\":\"M M\",\"@id\":\"https:\/\/permbledhja.com\/#\/schema\/person\/d23f13f59b5722643933d6780783acf3\"},\"headline\":\"\u201cNuk e pranoj faj\u00ebsin\u00eb\u201d, del para gjyqit ish-drejtori q\u00eb ia ndaloi hyrjen n\u00eb shkoll\u00eb m\u00ebsueses me shami n\u00eb Suharek\u00eb\",\"datePublished\":\"2023-07-27T12:05:33+00:00\",\"dateModified\":\"2023-07-27T12:05:33+00:00\",\"mainEntityOfPage\":{\"@id\":\"https:\/\/permbledhja.com\/sq\/nuk-e-pranoj-fajesine-del-para-gjyqit-ish-drejtori-qe-ia-ndaloi-hyrjen-ne-shkolle-mesueses-me-shami-ne-suhareke\/\"},\"wordCount\":561,\"publisher\":{\"@id\":\"https:\/\/permbledhja.com\/#organization\"},\"articleSection\":[\"Komb\u00ebtare\",\"Lajme\"],\"inLanguage\":\"sq\"},{\"@type\":\"WebPage\",\"@id\":\"https:\/\/permbledhja.com\/sq\/nuk-e-pranoj-fajesine-del-para-gjyqit-ish-drejtori-qe-ia-ndaloi-hyrjen-ne-shkolle-mesueses-me-shami-ne-suhareke\/\",\"url\":\"https:\/\/permbledhja.com\/sq\/nuk-e-pranoj-fajesine-del-para-gjyqit-ish-drejtori-qe-ia-ndaloi-hyrjen-ne-shkolle-mesueses-me-shami-ne-suhareke\/\",\"name\":\"\u201cNuk e pranoj faj\u00ebsin\u00eb\u201d, del para gjyqit ish-drejtori q\u00eb ia ndaloi hyrjen n\u00eb shkoll\u00eb m\u00ebsueses me shami n\u00eb Suharek\u00eb\",\"isPartOf\":{\"@id\":\"https:\/\/permbledhja.com\/#website\"},\"datePublished\":\"2023-07-27T12:05:33+00:00\",\"dateModified\":\"2023-07-27T12:05:33+00:00\",\"breadcrumb\":{\"@id\":\"https:\/\/permbledhja.com\/sq\/nuk-e-pranoj-fajesine-del-para-gjyqit-ish-drejtori-qe-ia-ndaloi-hyrjen-ne-shkolle-mesueses-me-shami-ne-suhareke\/#breadcrumb\"},\"inLanguage\":\"sq\",\"potentialAction\":[{\"@type\":\"ReadAction\",\"target\":[\"https:\/\/permbledhja.com\/sq\/nuk-e-pranoj-fajesine-del-para-gjyqit-ish-drejtori-qe-ia-ndaloi-hyrjen-ne-shkolle-mesueses-me-shami-ne-suhareke\/\"]}]},{\"@type\":\"BreadcrumbList\",\"@id\":\"https:\/\/permbledhja.com\/sq\/nuk-e-pranoj-fajesine-del-para-gjyqit-ish-drejtori-qe-ia-ndaloi-hyrjen-ne-shkolle-mesueses-me-shami-ne-suhareke\/#breadcrumb\",\"itemListElement\":[{\"@type\":\"ListItem\",\"position\":1,\"name\":\"Ballina\",\"item\":\"https:\/\/permbledhja.com\/sq\/\"},{\"@type\":\"ListItem\",\"position\":2,\"name\":\"\u201cNuk e pranoj faj\u00ebsin\u00eb\u201d, del para gjyqit ish-drejtori q\u00eb ia ndaloi hyrjen n\u00eb shkoll\u00eb m\u00ebsueses me shami n\u00eb Suharek\u00eb\"}]},{\"@type\":\"WebSite\",\"@id\":\"https:\/\/permbledhja.com\/#website\",\"url\":\"https:\/\/permbledhja.com\/\",\"name\":\"Ve\u00e7 artikuj p\u00ebrmbledh\u00ebs\",\"description\":\"\",\"publisher\":{\"@id\":\"https:\/\/permbledhja.com\/#organization\"},\"potentialAction\":[{\"@type\":\"SearchAction\",\"target\":{\"@type\":\"EntryPoint\",\"urlTemplate\":\"https:\/\/permbledhja.com\/?s={search_term_string}\"},\"query-input\":\"required name=search_term_string\"}],\"inLanguage\":\"sq\"},{\"@type\":\"Organization\",\"@id\":\"https:\/\/permbledhja.com\/#organization\",\"name\":\"MK Media & Pr\",\"url\":\"https:\/\/permbledhja.com\/\",\"logo\":{\"@type\":\"ImageObject\",\"inLanguage\":\"sq\",\"@id\":\"https:\/\/permbledhja.com\/#\/schema\/logo\/image\/\",\"url\":\"https:\/\/permbledhja.com\/wp-content\/uploads\/2021\/12\/07-Press-Logo.jpg\",\"contentUrl\":\"https:\/\/permbledhja.com\/wp-content\/uploads\/2021\/12\/07-Press-Logo.jpg\",\"width\":512,\"height\":512,\"caption\":\"MK Media & Pr\"},\"image\":{\"@id\":\"https:\/\/permbledhja.com\/#\/schema\/logo\/image\/\"},\"sameAs\":[\"https:\/\/www.facebook.com\/press07\/\"]},{\"@type\":\"Person\",\"@id\":\"https:\/\/permbledhja.com\/#\/schema\/person\/d23f13f59b5722643933d6780783acf3\",\"name\":\"M M\",\"image\":{\"@type\":\"ImageObject\",\"inLanguage\":\"sq\",\"@id\":\"https:\/\/permbledhja.com\/#\/schema\/person\/image\/\",\"url\":\"https:\/\/secure.gravatar.com\/avatar\/e2835a76ca7c31a2416b2d51c4ec9a8f?s=96&d=mm&r=g\",\"contentUrl\":\"https:\/\/secure.gravatar.com\/avatar\/e2835a76ca7c31a2416b2d51c4ec9a8f?s=96&d=mm&r=g\",\"caption\":\"M M\"},\"sameAs\":[\"http:\/\/MM\"],\"url\":\"https:\/\/permbledhja.com\/sq\/author\/muhamet\/\"}]}<\/script>\n<!-- \/ Yoast SEO plugin. -->","yoast_head_json":{"title":"\u201cNuk e pranoj faj\u00ebsin\u00eb\u201d, del para gjyqit ish-drejtori q\u00eb ia ndaloi hyrjen n\u00eb shkoll\u00eb m\u00ebsueses me shami n\u00eb Suharek\u00eb","robots":{"index":"index","follow":"follow","max-snippet":"max-snippet:-1","max-image-preview":"max-image-preview:large","max-video-preview":"max-video-preview:-1"},"canonical":"https:\/\/permbledhja.com\/sq\/nuk-e-pranoj-fajesine-del-para-gjyqit-ish-drejtori-qe-ia-ndaloi-hyrjen-ne-shkolle-mesueses-me-shami-ne-suhareke\/","og_locale":"sq_AL","og_type":"article","og_title":"\u201cNuk e pranoj faj\u00ebsin\u00eb\u201d, del para gjyqit ish-drejtori q\u00eb ia ndaloi hyrjen n\u00eb shkoll\u00eb m\u00ebsueses me shami n\u00eb Suharek\u00eb","og_description":"Liman Byty\u00e7i, ish-drejtor i shkoll\u00ebs fillore t\u00eb mesme t\u00eb ul\u00ebt \u201cFlamuri i Arb\u00ebrit\u201d, \u00ebsht\u00eb ulur n\u00eb bank\u00ebn e t\u00eb akuzuarve p\u00ebr t\u2019u ballafaquar me aktakuz\u00ebn e Prokuroris\u00eb q\u00eb r\u00ebndon ndaj tij. Byty\u00e7i po ngarkohet p\u00ebr vepr\u00ebn penale, shkelja e statusit t\u00eb barabart\u00eb t\u00eb shtetasve dhe banor\u00ebve t\u00eb Republik\u00ebs s\u00eb Kosov\u00ebs. Sipas Prokuroris\u00eb i pandehuri n\u00eb [&hellip;]","og_url":"https:\/\/permbledhja.com\/sq\/nuk-e-pranoj-fajesine-del-para-gjyqit-ish-drejtori-qe-ia-ndaloi-hyrjen-ne-shkolle-mesueses-me-shami-ne-suhareke\/","og_site_name":"Ve\u00e7 artikuj p\u00ebrmbledh\u00ebs","article_publisher":"https:\/\/www.facebook.com\/press07\/","article_published_time":"2023-07-27T12:05:33+00:00","og_image":[{"width":1248,"height":676,"url":"https:\/\/permbledhja.com\/wp-content\/uploads\/2023\/07\/yryyr-1.jpg","type":"image\/jpeg"}],"author":"M M","twitter_card":"summary_large_image","twitter_misc":{"Written by":"M M","Est. reading time":"3 minuta"},"schema":{"@context":"https:\/\/schema.org","@graph":[{"@type":"Article","@id":"https:\/\/permbledhja.com\/sq\/nuk-e-pranoj-fajesine-del-para-gjyqit-ish-drejtori-qe-ia-ndaloi-hyrjen-ne-shkolle-mesueses-me-shami-ne-suhareke\/#article","isPartOf":{"@id":"https:\/\/permbledhja.com\/sq\/nuk-e-pranoj-fajesine-del-para-gjyqit-ish-drejtori-qe-ia-ndaloi-hyrjen-ne-shkolle-mesueses-me-shami-ne-suhareke\/"},"author":{"name":"M M","@id":"https:\/\/permbledhja.com\/#\/schema\/person\/d23f13f59b5722643933d6780783acf3"},"headline":"\u201cNuk e pranoj faj\u00ebsin\u00eb\u201d, del para gjyqit ish-drejtori q\u00eb ia ndaloi hyrjen n\u00eb shkoll\u00eb m\u00ebsueses me shami n\u00eb Suharek\u00eb","datePublished":"2023-07-27T12:05:33+00:00","dateModified":"2023-07-27T12:05:33+00:00","mainEntityOfPage":{"@id":"https:\/\/permbledhja.com\/sq\/nuk-e-pranoj-fajesine-del-para-gjyqit-ish-drejtori-qe-ia-ndaloi-hyrjen-ne-shkolle-mesueses-me-shami-ne-suhareke\/"},"wordCount":561,"publisher":{"@id":"https:\/\/permbledhja.com\/#organization"},"articleSection":["Komb\u00ebtare","Lajme"],"inLanguage":"sq"},{"@type":"WebPage","@id":"https:\/\/permbledhja.com\/sq\/nuk-e-pranoj-fajesine-del-para-gjyqit-ish-drejtori-qe-ia-ndaloi-hyrjen-ne-shkolle-mesueses-me-shami-ne-suhareke\/","url":"https:\/\/permbledhja.com\/sq\/nuk-e-pranoj-fajesine-del-para-gjyqit-ish-drejtori-qe-ia-ndaloi-hyrjen-ne-shkolle-mesueses-me-shami-ne-suhareke\/","name":"\u201cNuk e pranoj faj\u00ebsin\u00eb\u201d, del para gjyqit ish-drejtori q\u00eb ia ndaloi hyrjen n\u00eb shkoll\u00eb m\u00ebsueses me shami n\u00eb Suharek\u00eb","isPartOf":{"@id":"https:\/\/permbledhja.com\/#website"},"datePublished":"2023-07-27T12:05:33+00:00","dateModified":"2023-07-27T12:05:33+00:00","breadcrumb":{"@id":"https:\/\/permbledhja.com\/sq\/nuk-e-pranoj-fajesine-del-para-gjyqit-ish-drejtori-qe-ia-ndaloi-hyrjen-ne-shkolle-mesueses-me-shami-ne-suhareke\/#breadcrumb"},"inLanguage":"sq","potentialAction":[{"@type":"ReadAction","target":["https:\/\/permbledhja.com\/sq\/nuk-e-pranoj-fajesine-del-para-gjyqit-ish-drejtori-qe-ia-ndaloi-hyrjen-ne-shkolle-mesueses-me-shami-ne-suhareke\/"]}]},{"@type":"BreadcrumbList","@id":"https:\/\/permbledhja.com\/sq\/nuk-e-pranoj-fajesine-del-para-gjyqit-ish-drejtori-qe-ia-ndaloi-hyrjen-ne-shkolle-mesueses-me-shami-ne-suhareke\/#breadcrumb","itemListElement":[{"@type":"ListItem","position":1,"name":"Ballina","item":"https:\/\/permbledhja.com\/sq\/"},{"@type":"ListItem","position":2,"name":"\u201cNuk e pranoj faj\u00ebsin\u00eb\u201d, del para gjyqit ish-drejtori q\u00eb ia ndaloi hyrjen n\u00eb shkoll\u00eb m\u00ebsueses me shami n\u00eb Suharek\u00eb"}]},{"@type":"WebSite","@id":"https:\/\/permbledhja.com\/#website","url":"https:\/\/permbledhja.com\/","name":"Ve\u00e7 artikuj p\u00ebrmbledh\u00ebs","description":"","publisher":{"@id":"https:\/\/permbledhja.com\/#organization"},"potentialAction":[{"@type":"SearchAction","target":{"@type":"EntryPoint","urlTemplate":"https:\/\/permbledhja.com\/?s={search_term_string}"},"query-input":"required name=search_term_string"}],"inLanguage":"sq"},{"@type":"Organization","@id":"https:\/\/permbledhja.com\/#organization","name":"MK Media & Pr","url":"https:\/\/permbledhja.com\/","logo":{"@type":"ImageObject","inLanguage":"sq","@id":"https:\/\/permbledhja.com\/#\/schema\/logo\/image\/","url":"https:\/\/permbledhja.com\/wp-content\/uploads\/2021\/12\/07-Press-Logo.jpg","contentUrl":"https:\/\/permbledhja.com\/wp-content\/uploads\/2021\/12\/07-Press-Logo.jpg","width":512,"height":512,"caption":"MK Media & Pr"},"image":{"@id":"https:\/\/permbledhja.com\/#\/schema\/logo\/image\/"},"sameAs":["https:\/\/www.facebook.com\/press07\/"]},{"@type":"Person","@id":"https:\/\/permbledhja.com\/#\/schema\/person\/d23f13f59b5722643933d6780783acf3","name":"M M","image":{"@type":"ImageObject","inLanguage":"sq","@id":"https:\/\/permbledhja.com\/#\/schema\/person\/image\/","url":"https:\/\/secure.gravatar.com\/avatar\/e2835a76ca7c31a2416b2d51c4ec9a8f?s=96&d=mm&r=g","contentUrl":"https:\/\/secure.gravatar.com\/avatar\/e2835a76ca7c31a2416b2d51c4ec9a8f?s=96&d=mm&r=g","caption":"M M"},"sameAs":["http:\/\/MM"],"url":"https:\/\/permbledhja.com\/sq\/author\/muhamet\/"}]}},"_links":{"self":[{"href":"https:\/\/permbledhja.com\/sq\/wp-json\/wp\/v2\/posts\/20835"}],"collection":[{"href":"https:\/\/permbledhja.com\/sq\/wp-json\/wp\/v2\/posts"}],"about":[{"href":"https:\/\/permbledhja.com\/sq\/wp-json\/wp\/v2\/types\/post"}],"author":[{"embeddable":true,"href":"https:\/\/permbledhja.com\/sq\/wp-json\/wp\/v2\/users\/2"}],"replies":[{"embeddable":true,"href":"https:\/\/permbledhja.com\/sq\/wp-json\/wp\/v2\/comments?post=20835"}],"version-history":[{"count":1,"href":"https:\/\/permbledhja.com\/sq\/wp-json\/wp\/v2\/posts\/20835\/revisions"}],"predecessor-version":[{"id":20838,"href":"https:\/\/permbledhja.com\/sq\/wp-json\/wp\/v2\/posts\/20835\/revisions\/20838"}],"wp:featuredmedia":[{"embeddable":true,"href":"https:\/\/permbledhja.com\/sq\/wp-json\/wp\/v2\/media\/20837"}],"wp:attachment":[{"href":"https:\/\/permbledhja.com\/sq\/wp-json\/wp\/v2\/media?parent=20835"}],"wp:term":[{"taxonomy":"category","embeddable":true,"href":"https:\/\/permbledhja.com\/sq\/wp-json\/wp\/v2\/categories?post=20835"},{"taxonomy":"post_tag","embeddable":true,"href":"https:\/\/permbledhja.com\/sq\/wp-json\/wp\/v2\/tags?post=20835"}],"curies":[{"name":"wp","href":"https:\/\/api.w.org\/{rel}","templated":true}]}}