{"id":20727,"date":"2023-07-26T20:11:23","date_gmt":"2023-07-26T20:11:23","guid":{"rendered":"https:\/\/permbledhja.com\/?p=20727"},"modified":"2023-07-26T20:11:23","modified_gmt":"2023-07-26T20:11:23","slug":"krasniqi-per-deputetet-e-vv-se-shumicen-prej-tyre-nuk-i-njeh-as-mahalla-e-vet","status":"publish","type":"post","link":"https:\/\/permbledhja.com\/sq\/krasniqi-per-deputetet-e-vv-se-shumicen-prej-tyre-nuk-i-njeh-as-mahalla-e-vet\/","title":{"rendered":"Krasniqi p\u00ebr deputet\u00ebt e VV-s\u00eb: Shumic\u00ebn prej tyre nuk i njeh as mahalla e vet"},"content":{"rendered":"<h3>Kryetari i PDK-s\u00eb, Memli Krasniqi, ka treguar p\u00ebrse subjekti q\u00eb ai drejton nuk po i bashk\u00ebngjitet iniciativ\u00ebs s\u00eb AAK-s\u00eb p\u00ebr mocion mosbesimi ndaj Qeveris\u00eb Kurti.<\/h3>\n<p>Krasniqi tha se ky mocion nuk mund t\u00eb jet\u00eb i suksessh\u00ebm n\u00eb konstalacionin aktual politik.<\/p>\n<p>\u201cNe e kemi nj\u00eb parlament, aty jan\u00eb 120 deputet\u00eb, kan\u00eb em\u00ebr, mbiem\u00ebr dhe p\u00ebrkat\u00ebsi partiake. Krejt opozita bashk\u00eb jemi 41 ose 42, dometh\u00ebn\u00eb ka hap\u00ebsir\u00eb n\u00ebse t\u00eb gjith\u00eb ishim pajtu sa p\u00ebr ta b\u00ebr\u00eb mocionin dhe p\u00ebr ta d\u00ebrguar n\u00eb procedur\u00eb parlamentare, n\u00eb momentin q\u00eb e d\u00ebrgojm\u00eb seanca mbahet jo m\u00eb her\u00ebt se dy, e jo m\u00eb von\u00eb se pes\u00eb dit\u00eb, ku mund t\u2019i gjejn\u00eb partit\u00eb tona opozitare edhe 20 deputet\u00eb tjer\u00eb nga L\u00ebvizja Vet\u00ebvendosje? Un\u00eb n\u00eb asnj\u00eb m\u00ebnyr\u00eb nuk e llogaris asnj\u00eb vot\u00eb nga Lista Serbe\u201d, tha Krasniqi n\u00eb Rubikon t\u00eb Klan Kosov\u00ebs.<\/p>\n<p>Duke folur p\u00ebr votat potenciale t\u00eb deputet\u00ebve t\u00eb L\u00ebvizjes Vet\u00ebvendosje, Krasniqi tha se shumica e k\u00ebtyre deputet\u00ebve jan\u00eb aksidental, prandaj nuk votojn\u00eb p\u00ebr mocion mosbesimi.<\/p>\n<p>\u201cKush \u00ebsht\u00eb ai q\u00eb v\u00ebrtet\u00eb beson q\u00eb munden 15 deputet\u00eb t\u00eb Vet\u00ebvendosjes sot ta tradhtojn\u00eb Albin Kurtin dhe vetveten? Shumica e atyre deputet\u00ebve, me respektin personal p\u00ebr secilin, jan\u00eb deputet\u00eb aksidental, kan\u00eb q\u00eblluar n\u00eb list\u00ebn e Albin Kurtit dhe jan\u00eb b\u00ebr\u00eb deputet\u00eb, nuk i njeh as mahalla, as rrethi, as qyteti, as fshati, as komuna e vet, pra jan\u00eb deputet\u00eb aksidental sepse kan\u00eb q\u00eblluar n\u00eb list\u00ebn e Vet\u00ebvendosjes ku Albin Kurti bashk\u00eb me Vjosa Osmanin i kan\u00eb marr\u00eb 51% t\u00eb votave dhe ata jan\u00eb b\u00ebr\u00eb deputet\u00eb, 90 p\u00ebr qind kurr\u00eb deputet\u00eb m\u00eb nuk b\u00ebhen, n\u00eb momentin q\u00eb ata e p\u00ebrfundojn\u00eb mandatin e Albin Kurtit realisht ata e kan\u00eb kry\u201d, tha Krasniqi.<\/p>\n","protected":false},"excerpt":{"rendered":"<p>Kryetari i PDK-s\u00eb, Memli Krasniqi, ka treguar p\u00ebrse subjekti q\u00eb ai drejton nuk po i bashk\u00ebngjitet iniciativ\u00ebs s\u00eb AAK-s\u00eb p\u00ebr mocion mosbesimi ndaj Qeveris\u00eb Kurti. Krasniqi tha se ky mocion nuk mund t\u00eb jet\u00eb i suksessh\u00ebm n\u00eb konstalacionin aktual politik. \u201cNe e kemi nj\u00eb parlament, aty jan\u00eb 120 deputet\u00eb, kan\u00eb em\u00ebr, mbiem\u00ebr dhe p\u00ebrkat\u00ebsi partiake. [&hellip;]<\/p>\n","protected":false},"author":2,"featured_media":20728,"comment_status":"closed","ping_status":"closed","sticky":false,"template":"","format":"standard","meta":{"_monsterinsights_skip_tracking":false,"_monsterinsights_sitenote_active":false,"_monsterinsights_sitenote_note":"","_monsterinsights_sitenote_category":0,"_uf_show_specific_survey":0,"_uf_disable_surveys":false,"footnotes":""},"categories":[23,15],"tags":[137],"yoast_head":"<!-- This site is optimized with the Yoast SEO plugin v21.5 - https:\/\/yoast.com\/wordpress\/plugins\/seo\/ -->\n<title>Krasniqi p\u00ebr deputet\u00ebt e VV-s\u00eb: Shumic\u00ebn prej tyre nuk i njeh as mahalla e vet<\/title>\n<meta name=\"robots\" content=\"index, follow, max-snippet:-1, max-image-preview:large, max-video-preview:-1\" \/>\n<link rel=\"canonical\" href=\"https:\/\/permbledhja.com\/sq\/krasniqi-per-deputetet-e-vv-se-shumicen-prej-tyre-nuk-i-njeh-as-mahalla-e-vet\/\" \/>\n<meta property=\"og:locale\" content=\"sq_AL\" \/>\n<meta property=\"og:type\" content=\"article\" \/>\n<meta property=\"og:title\" content=\"Krasniqi p\u00ebr deputet\u00ebt e VV-s\u00eb: Shumic\u00ebn prej tyre nuk i njeh as mahalla e vet\" \/>\n<meta property=\"og:description\" content=\"Kryetari i PDK-s\u00eb, Memli Krasniqi, ka treguar p\u00ebrse subjekti q\u00eb ai drejton nuk po i bashk\u00ebngjitet iniciativ\u00ebs s\u00eb AAK-s\u00eb p\u00ebr mocion mosbesimi ndaj Qeveris\u00eb Kurti. Krasniqi tha se ky mocion nuk mund t\u00eb jet\u00eb i suksessh\u00ebm n\u00eb konstalacionin aktual politik. \u201cNe e kemi nj\u00eb parlament, aty jan\u00eb 120 deputet\u00eb, kan\u00eb em\u00ebr, mbiem\u00ebr dhe p\u00ebrkat\u00ebsi partiake. [&hellip;]\" \/>\n<meta property=\"og:url\" content=\"https:\/\/permbledhja.com\/sq\/krasniqi-per-deputetet-e-vv-se-shumicen-prej-tyre-nuk-i-njeh-as-mahalla-e-vet\/\" \/>\n<meta property=\"og:site_name\" content=\"Ve\u00e7 artikuj p\u00ebrmbledh\u00ebs\" \/>\n<meta property=\"article:publisher\" content=\"https:\/\/www.facebook.com\/press07\/\" \/>\n<meta property=\"article:published_time\" content=\"2023-07-26T20:11:23+00:00\" \/>\n<meta property=\"og:image\" content=\"https:\/\/permbledhja.com\/wp-content\/uploads\/2023\/07\/Capture-35.jpg\" \/>\n\t<meta property=\"og:image:width\" content=\"729\" \/>\n\t<meta property=\"og:image:height\" content=\"484\" \/>\n\t<meta property=\"og:image:type\" content=\"image\/jpeg\" \/>\n<meta name=\"author\" content=\"M M\" \/>\n<meta name=\"twitter:card\" content=\"summary_large_image\" \/>\n<meta name=\"twitter:label1\" content=\"Written by\" \/>\n\t<meta name=\"twitter:data1\" content=\"M M\" \/>\n\t<meta name=\"twitter:label2\" content=\"Est. reading time\" \/>\n\t<meta name=\"twitter:data2\" content=\"2 minuta\" \/>\n<script type=\"application\/ld+json\" class=\"yoast-schema-graph\">{\"@context\":\"https:\/\/schema.org\",\"@graph\":[{\"@type\":\"Article\",\"@id\":\"https:\/\/permbledhja.com\/krasniqi-per-deputetet-e-vv-se-shumicen-prej-tyre-nuk-i-njeh-as-mahalla-e-vet\/#article\",\"isPartOf\":{\"@id\":\"https:\/\/permbledhja.com\/krasniqi-per-deputetet-e-vv-se-shumicen-prej-tyre-nuk-i-njeh-as-mahalla-e-vet\/\"},\"author\":{\"name\":\"M M\",\"@id\":\"https:\/\/permbledhja.com\/#\/schema\/person\/d23f13f59b5722643933d6780783acf3\"},\"headline\":\"Krasniqi p\u00ebr deputet\u00ebt e VV-s\u00eb: Shumic\u00ebn prej tyre nuk i njeh as mahalla e vet\",\"datePublished\":\"2023-07-26T20:11:23+00:00\",\"dateModified\":\"2023-07-26T20:11:23+00:00\",\"mainEntityOfPage\":{\"@id\":\"https:\/\/permbledhja.com\/krasniqi-per-deputetet-e-vv-se-shumicen-prej-tyre-nuk-i-njeh-as-mahalla-e-vet\/\"},\"wordCount\":325,\"publisher\":{\"@id\":\"https:\/\/permbledhja.com\/#organization\"},\"keywords\":[\"Memli Krasniqi\"],\"articleSection\":[\"Komb\u00ebtare\",\"Lajme\"],\"inLanguage\":\"sq\"},{\"@type\":\"WebPage\",\"@id\":\"https:\/\/permbledhja.com\/krasniqi-per-deputetet-e-vv-se-shumicen-prej-tyre-nuk-i-njeh-as-mahalla-e-vet\/\",\"url\":\"https:\/\/permbledhja.com\/krasniqi-per-deputetet-e-vv-se-shumicen-prej-tyre-nuk-i-njeh-as-mahalla-e-vet\/\",\"name\":\"Krasniqi p\u00ebr deputet\u00ebt e VV-s\u00eb: Shumic\u00ebn prej tyre nuk i njeh as mahalla e vet\",\"isPartOf\":{\"@id\":\"https:\/\/permbledhja.com\/#website\"},\"datePublished\":\"2023-07-26T20:11:23+00:00\",\"dateModified\":\"2023-07-26T20:11:23+00:00\",\"breadcrumb\":{\"@id\":\"https:\/\/permbledhja.com\/krasniqi-per-deputetet-e-vv-se-shumicen-prej-tyre-nuk-i-njeh-as-mahalla-e-vet\/#breadcrumb\"},\"inLanguage\":\"sq\",\"potentialAction\":[{\"@type\":\"ReadAction\",\"target\":[\"https:\/\/permbledhja.com\/krasniqi-per-deputetet-e-vv-se-shumicen-prej-tyre-nuk-i-njeh-as-mahalla-e-vet\/\"]}]},{\"@type\":\"BreadcrumbList\",\"@id\":\"https:\/\/permbledhja.com\/krasniqi-per-deputetet-e-vv-se-shumicen-prej-tyre-nuk-i-njeh-as-mahalla-e-vet\/#breadcrumb\",\"itemListElement\":[{\"@type\":\"ListItem\",\"position\":1,\"name\":\"Ballina\",\"item\":\"https:\/\/permbledhja.com\/sq\/\"},{\"@type\":\"ListItem\",\"position\":2,\"name\":\"Krasniqi p\u00ebr deputet\u00ebt e VV-s\u00eb: Shumic\u00ebn prej tyre nuk i njeh as mahalla e vet\"}]},{\"@type\":\"WebSite\",\"@id\":\"https:\/\/permbledhja.com\/#website\",\"url\":\"https:\/\/permbledhja.com\/\",\"name\":\"Ve\u00e7 artikuj p\u00ebrmbledh\u00ebs\",\"description\":\"\",\"publisher\":{\"@id\":\"https:\/\/permbledhja.com\/#organization\"},\"potentialAction\":[{\"@type\":\"SearchAction\",\"target\":{\"@type\":\"EntryPoint\",\"urlTemplate\":\"https:\/\/permbledhja.com\/?s={search_term_string}\"},\"query-input\":\"required name=search_term_string\"}],\"inLanguage\":\"sq\"},{\"@type\":\"Organization\",\"@id\":\"https:\/\/permbledhja.com\/#organization\",\"name\":\"MK Media & Pr\",\"url\":\"https:\/\/permbledhja.com\/\",\"logo\":{\"@type\":\"ImageObject\",\"inLanguage\":\"sq\",\"@id\":\"https:\/\/permbledhja.com\/#\/schema\/logo\/image\/\",\"url\":\"https:\/\/permbledhja.com\/wp-content\/uploads\/2021\/12\/07-Press-Logo.jpg\",\"contentUrl\":\"https:\/\/permbledhja.com\/wp-content\/uploads\/2021\/12\/07-Press-Logo.jpg\",\"width\":512,\"height\":512,\"caption\":\"MK Media & Pr\"},\"image\":{\"@id\":\"https:\/\/permbledhja.com\/#\/schema\/logo\/image\/\"},\"sameAs\":[\"https:\/\/www.facebook.com\/press07\/\"]},{\"@type\":\"Person\",\"@id\":\"https:\/\/permbledhja.com\/#\/schema\/person\/d23f13f59b5722643933d6780783acf3\",\"name\":\"M M\",\"image\":{\"@type\":\"ImageObject\",\"inLanguage\":\"sq\",\"@id\":\"https:\/\/permbledhja.com\/#\/schema\/person\/image\/\",\"url\":\"https:\/\/secure.gravatar.com\/avatar\/e2835a76ca7c31a2416b2d51c4ec9a8f?s=96&d=mm&r=g\",\"contentUrl\":\"https:\/\/secure.gravatar.com\/avatar\/e2835a76ca7c31a2416b2d51c4ec9a8f?s=96&d=mm&r=g\",\"caption\":\"M M\"},\"sameAs\":[\"http:\/\/MM\"],\"url\":\"https:\/\/permbledhja.com\/sq\/author\/muhamet\/\"}]}<\/script>\n<!-- \/ Yoast SEO plugin. -->","yoast_head_json":{"title":"Krasniqi p\u00ebr deputet\u00ebt e VV-s\u00eb: Shumic\u00ebn prej tyre nuk i njeh as mahalla e vet","robots":{"index":"index","follow":"follow","max-snippet":"max-snippet:-1","max-image-preview":"max-image-preview:large","max-video-preview":"max-video-preview:-1"},"canonical":"https:\/\/permbledhja.com\/sq\/krasniqi-per-deputetet-e-vv-se-shumicen-prej-tyre-nuk-i-njeh-as-mahalla-e-vet\/","og_locale":"sq_AL","og_type":"article","og_title":"Krasniqi p\u00ebr deputet\u00ebt e VV-s\u00eb: Shumic\u00ebn prej tyre nuk i njeh as mahalla e vet","og_description":"Kryetari i PDK-s\u00eb, Memli Krasniqi, ka treguar p\u00ebrse subjekti q\u00eb ai drejton nuk po i bashk\u00ebngjitet iniciativ\u00ebs s\u00eb AAK-s\u00eb p\u00ebr mocion mosbesimi ndaj Qeveris\u00eb Kurti. Krasniqi tha se ky mocion nuk mund t\u00eb jet\u00eb i suksessh\u00ebm n\u00eb konstalacionin aktual politik. \u201cNe e kemi nj\u00eb parlament, aty jan\u00eb 120 deputet\u00eb, kan\u00eb em\u00ebr, mbiem\u00ebr dhe p\u00ebrkat\u00ebsi partiake. [&hellip;]","og_url":"https:\/\/permbledhja.com\/sq\/krasniqi-per-deputetet-e-vv-se-shumicen-prej-tyre-nuk-i-njeh-as-mahalla-e-vet\/","og_site_name":"Ve\u00e7 artikuj p\u00ebrmbledh\u00ebs","article_publisher":"https:\/\/www.facebook.com\/press07\/","article_published_time":"2023-07-26T20:11:23+00:00","og_image":[{"width":729,"height":484,"url":"https:\/\/permbledhja.com\/wp-content\/uploads\/2023\/07\/Capture-35.jpg","type":"image\/jpeg"}],"author":"M M","twitter_card":"summary_large_image","twitter_misc":{"Written by":"M M","Est. reading time":"2 minuta"},"schema":{"@context":"https:\/\/schema.org","@graph":[{"@type":"Article","@id":"https:\/\/permbledhja.com\/krasniqi-per-deputetet-e-vv-se-shumicen-prej-tyre-nuk-i-njeh-as-mahalla-e-vet\/#article","isPartOf":{"@id":"https:\/\/permbledhja.com\/krasniqi-per-deputetet-e-vv-se-shumicen-prej-tyre-nuk-i-njeh-as-mahalla-e-vet\/"},"author":{"name":"M M","@id":"https:\/\/permbledhja.com\/#\/schema\/person\/d23f13f59b5722643933d6780783acf3"},"headline":"Krasniqi p\u00ebr deputet\u00ebt e VV-s\u00eb: Shumic\u00ebn prej tyre nuk i njeh as mahalla e vet","datePublished":"2023-07-26T20:11:23+00:00","dateModified":"2023-07-26T20:11:23+00:00","mainEntityOfPage":{"@id":"https:\/\/permbledhja.com\/krasniqi-per-deputetet-e-vv-se-shumicen-prej-tyre-nuk-i-njeh-as-mahalla-e-vet\/"},"wordCount":325,"publisher":{"@id":"https:\/\/permbledhja.com\/#organization"},"keywords":["Memli Krasniqi"],"articleSection":["Komb\u00ebtare","Lajme"],"inLanguage":"sq"},{"@type":"WebPage","@id":"https:\/\/permbledhja.com\/krasniqi-per-deputetet-e-vv-se-shumicen-prej-tyre-nuk-i-njeh-as-mahalla-e-vet\/","url":"https:\/\/permbledhja.com\/krasniqi-per-deputetet-e-vv-se-shumicen-prej-tyre-nuk-i-njeh-as-mahalla-e-vet\/","name":"Krasniqi p\u00ebr deputet\u00ebt e VV-s\u00eb: Shumic\u00ebn prej tyre nuk i njeh as mahalla e vet","isPartOf":{"@id":"https:\/\/permbledhja.com\/#website"},"datePublished":"2023-07-26T20:11:23+00:00","dateModified":"2023-07-26T20:11:23+00:00","breadcrumb":{"@id":"https:\/\/permbledhja.com\/krasniqi-per-deputetet-e-vv-se-shumicen-prej-tyre-nuk-i-njeh-as-mahalla-e-vet\/#breadcrumb"},"inLanguage":"sq","potentialAction":[{"@type":"ReadAction","target":["https:\/\/permbledhja.com\/krasniqi-per-deputetet-e-vv-se-shumicen-prej-tyre-nuk-i-njeh-as-mahalla-e-vet\/"]}]},{"@type":"BreadcrumbList","@id":"https:\/\/permbledhja.com\/krasniqi-per-deputetet-e-vv-se-shumicen-prej-tyre-nuk-i-njeh-as-mahalla-e-vet\/#breadcrumb","itemListElement":[{"@type":"ListItem","position":1,"name":"Ballina","item":"https:\/\/permbledhja.com\/sq\/"},{"@type":"ListItem","position":2,"name":"Krasniqi p\u00ebr deputet\u00ebt e VV-s\u00eb: Shumic\u00ebn prej tyre nuk i njeh as mahalla e vet"}]},{"@type":"WebSite","@id":"https:\/\/permbledhja.com\/#website","url":"https:\/\/permbledhja.com\/","name":"Ve\u00e7 artikuj p\u00ebrmbledh\u00ebs","description":"","publisher":{"@id":"https:\/\/permbledhja.com\/#organization"},"potentialAction":[{"@type":"SearchAction","target":{"@type":"EntryPoint","urlTemplate":"https:\/\/permbledhja.com\/?s={search_term_string}"},"query-input":"required name=search_term_string"}],"inLanguage":"sq"},{"@type":"Organization","@id":"https:\/\/permbledhja.com\/#organization","name":"MK Media & Pr","url":"https:\/\/permbledhja.com\/","logo":{"@type":"ImageObject","inLanguage":"sq","@id":"https:\/\/permbledhja.com\/#\/schema\/logo\/image\/","url":"https:\/\/permbledhja.com\/wp-content\/uploads\/2021\/12\/07-Press-Logo.jpg","contentUrl":"https:\/\/permbledhja.com\/wp-content\/uploads\/2021\/12\/07-Press-Logo.jpg","width":512,"height":512,"caption":"MK Media & Pr"},"image":{"@id":"https:\/\/permbledhja.com\/#\/schema\/logo\/image\/"},"sameAs":["https:\/\/www.facebook.com\/press07\/"]},{"@type":"Person","@id":"https:\/\/permbledhja.com\/#\/schema\/person\/d23f13f59b5722643933d6780783acf3","name":"M M","image":{"@type":"ImageObject","inLanguage":"sq","@id":"https:\/\/permbledhja.com\/#\/schema\/person\/image\/","url":"https:\/\/secure.gravatar.com\/avatar\/e2835a76ca7c31a2416b2d51c4ec9a8f?s=96&d=mm&r=g","contentUrl":"https:\/\/secure.gravatar.com\/avatar\/e2835a76ca7c31a2416b2d51c4ec9a8f?s=96&d=mm&r=g","caption":"M M"},"sameAs":["http:\/\/MM"],"url":"https:\/\/permbledhja.com\/sq\/author\/muhamet\/"}]}},"_links":{"self":[{"href":"https:\/\/permbledhja.com\/sq\/wp-json\/wp\/v2\/posts\/20727"}],"collection":[{"href":"https:\/\/permbledhja.com\/sq\/wp-json\/wp\/v2\/posts"}],"about":[{"href":"https:\/\/permbledhja.com\/sq\/wp-json\/wp\/v2\/types\/post"}],"author":[{"embeddable":true,"href":"https:\/\/permbledhja.com\/sq\/wp-json\/wp\/v2\/users\/2"}],"replies":[{"embeddable":true,"href":"https:\/\/permbledhja.com\/sq\/wp-json\/wp\/v2\/comments?post=20727"}],"version-history":[{"count":1,"href":"https:\/\/permbledhja.com\/sq\/wp-json\/wp\/v2\/posts\/20727\/revisions"}],"predecessor-version":[{"id":20729,"href":"https:\/\/permbledhja.com\/sq\/wp-json\/wp\/v2\/posts\/20727\/revisions\/20729"}],"wp:featuredmedia":[{"embeddable":true,"href":"https:\/\/permbledhja.com\/sq\/wp-json\/wp\/v2\/media\/20728"}],"wp:attachment":[{"href":"https:\/\/permbledhja.com\/sq\/wp-json\/wp\/v2\/media?parent=20727"}],"wp:term":[{"taxonomy":"category","embeddable":true,"href":"https:\/\/permbledhja.com\/sq\/wp-json\/wp\/v2\/categories?post=20727"},{"taxonomy":"post_tag","embeddable":true,"href":"https:\/\/permbledhja.com\/sq\/wp-json\/wp\/v2\/tags?post=20727"}],"curies":[{"name":"wp","href":"https:\/\/api.w.org\/{rel}","templated":true}]}}