{"id":20567,"date":"2023-07-25T20:11:13","date_gmt":"2023-07-25T20:11:13","guid":{"rendered":"https:\/\/permbledhja.com\/?p=20567"},"modified":"2023-07-25T20:11:13","modified_gmt":"2023-07-25T20:11:13","slug":"lutfi-haziri-akuza-kryeministrit-kurti-ai-ka-agjende-te-fshehur","status":"publish","type":"post","link":"https:\/\/permbledhja.com\/sq\/lutfi-haziri-akuza-kryeministrit-kurti-ai-ka-agjende-te-fshehur\/","title":{"rendered":"Lutfi Haziri akuza kryeministrit Kurti: Ai ka agjend\u00eb t\u00eb fshehur"},"content":{"rendered":"<h4>N\u00ebnkryetari i Lidhjes Demokratike t\u00eb Kosov\u00ebs, Lutfi Haziri, ka th\u00ebn\u00eb se kryeministri i Kosov\u00ebs, Albin Kurti, ka agjend\u00eb t\u00eb fshehur.<\/h4>\n<p>Haziri ka th\u00ebn\u00eb se n\u00eb raport me dialogun me Serbin\u00eb, asnj\u00eb prej objektivave t\u00eb Kurtit nuk kan\u00eb kaluar.<\/p>\n<p><em>\u201cMos gjetja n\u00eb k\u00ebt\u00eb situat\u00eb t\u00eb mir\u00eb edhe mos kapitalizimi i k\u00ebtij momentumi nga ana e qeveris\u00eb, por e kund\u00ebrta e asaj ndodhi, ne na ka sjell\u00eb n\u00eb k\u00ebt\u00eb pik\u00eb q\u00eb tani t\u00eb themi \u00ebsht\u00eb nj\u00eb mjegull politike e v\u00ebshtir\u00eb t\u00eb largohet sepse krejt k\u00ebt\u00eb e ka sjell\u00eb sipas krejt asaj q\u00eb ne po e shohim nj\u00eb agjend\u00eb e fshehur e kryeministrit\u201d<\/em>, ka th\u00ebn\u00eb Haziri n\u00eb Rubikon.<\/p>\n<p>Sipas tij, kjo agjend\u00eb e fshehur e Kurtit nuk po zbardhet n\u00eb asnj\u00eb situat\u00eb t\u00eb re apo t\u00eb vjet\u00ebr.<\/p>\n<p><em>\u201cKryeministri ka dal\u00eb me vizion t\u00eb tij, ka dal\u00eb me objektiva, ka dal\u00eb me disa propozime q\u00eb i ka p\u00ebrmendur te opozita ose s\u2019i ka p\u00ebrmendur. N\u00eb raport me dialogun, asnj\u00eb nuk ka kaluar sepse asnj\u00eb nuk \u00ebsht\u00eb zbardhur deri n\u00eb fund dhe me vet\u00eb faktin kur t\u00eb tjer\u00ebt presin shtensionim, ndodh tensionimi i situat\u00ebs\u201d<\/em>, tha ai.<\/p>\n<p>Tutje, Haziri ka shtuar se gjat\u00eb Qeverisjes s\u00eb Kurtit p\u00ebr dy vjet e gjysm\u00eb, shtat\u00eb kriza jan\u00eb krijuar n\u00eb veri t\u00eb Kosov\u00ebs.<\/p>\n","protected":false},"excerpt":{"rendered":"<p>N\u00ebnkryetari i Lidhjes Demokratike t\u00eb Kosov\u00ebs, Lutfi Haziri, ka th\u00ebn\u00eb se kryeministri i Kosov\u00ebs, Albin Kurti, ka agjend\u00eb t\u00eb fshehur. Haziri ka th\u00ebn\u00eb se n\u00eb raport me dialogun me Serbin\u00eb, asnj\u00eb prej objektivave t\u00eb Kurtit nuk kan\u00eb kaluar. \u201cMos gjetja n\u00eb k\u00ebt\u00eb situat\u00eb t\u00eb mir\u00eb edhe mos kapitalizimi i k\u00ebtij momentumi nga ana e qeveris\u00eb, [&hellip;]<\/p>\n","protected":false},"author":1,"featured_media":20568,"comment_status":"closed","ping_status":"closed","sticky":false,"template":"","format":"standard","meta":{"_monsterinsights_skip_tracking":false,"_monsterinsights_sitenote_active":false,"_monsterinsights_sitenote_note":"","_monsterinsights_sitenote_category":0,"_uf_show_specific_survey":0,"_uf_disable_surveys":false,"footnotes":""},"categories":[1146],"tags":[1828,45],"yoast_head":"<!-- This site is optimized with the Yoast SEO plugin v21.5 - https:\/\/yoast.com\/wordpress\/plugins\/seo\/ -->\n<title>Lutfi Haziri akuza kryeministrit Kurti: Ai ka agjend\u00eb t\u00eb fshehur<\/title>\n<meta name=\"robots\" content=\"index, follow, max-snippet:-1, max-image-preview:large, max-video-preview:-1\" \/>\n<link rel=\"canonical\" href=\"https:\/\/permbledhja.com\/sq\/lutfi-haziri-akuza-kryeministrit-kurti-ai-ka-agjende-te-fshehur\/\" \/>\n<meta property=\"og:locale\" content=\"sq_AL\" \/>\n<meta property=\"og:type\" content=\"article\" \/>\n<meta property=\"og:title\" content=\"Lutfi Haziri akuza kryeministrit Kurti: Ai ka agjend\u00eb t\u00eb fshehur\" \/>\n<meta property=\"og:description\" content=\"N\u00ebnkryetari i Lidhjes Demokratike t\u00eb Kosov\u00ebs, Lutfi Haziri, ka th\u00ebn\u00eb se kryeministri i Kosov\u00ebs, Albin Kurti, ka agjend\u00eb t\u00eb fshehur. Haziri ka th\u00ebn\u00eb se n\u00eb raport me dialogun me Serbin\u00eb, asnj\u00eb prej objektivave t\u00eb Kurtit nuk kan\u00eb kaluar. \u201cMos gjetja n\u00eb k\u00ebt\u00eb situat\u00eb t\u00eb mir\u00eb edhe mos kapitalizimi i k\u00ebtij momentumi nga ana e qeveris\u00eb, [&hellip;]\" \/>\n<meta property=\"og:url\" content=\"https:\/\/permbledhja.com\/sq\/lutfi-haziri-akuza-kryeministrit-kurti-ai-ka-agjende-te-fshehur\/\" \/>\n<meta property=\"og:site_name\" content=\"Ve\u00e7 artikuj p\u00ebrmbledh\u00ebs\" \/>\n<meta property=\"article:publisher\" content=\"https:\/\/www.facebook.com\/press07\/\" \/>\n<meta property=\"article:author\" content=\"https:\/\/www.facebook.com\/kafexhiu.muharrem\/\" \/>\n<meta property=\"article:published_time\" content=\"2023-07-25T20:11:13+00:00\" \/>\n<meta property=\"og:image\" content=\"https:\/\/permbledhja.com\/wp-content\/uploads\/2023\/07\/lutfi.jpg\" \/>\n\t<meta property=\"og:image:width\" content=\"1052\" \/>\n\t<meta property=\"og:image:height\" content=\"613\" \/>\n\t<meta property=\"og:image:type\" content=\"image\/jpeg\" \/>\n<meta name=\"author\" content=\"P\u00ebrmbledhja\" \/>\n<meta name=\"twitter:card\" content=\"summary_large_image\" \/>\n<meta name=\"twitter:label1\" content=\"Written by\" \/>\n\t<meta name=\"twitter:data1\" content=\"P\u00ebrmbledhja\" \/>\n\t<meta name=\"twitter:label2\" content=\"Est. reading time\" \/>\n\t<meta name=\"twitter:data2\" content=\"1 minut\u00eb\" \/>\n<script type=\"application\/ld+json\" class=\"yoast-schema-graph\">{\"@context\":\"https:\/\/schema.org\",\"@graph\":[{\"@type\":\"Article\",\"@id\":\"https:\/\/permbledhja.com\/lutfi-haziri-akuza-kryeministrit-kurti-ai-ka-agjende-te-fshehur\/#article\",\"isPartOf\":{\"@id\":\"https:\/\/permbledhja.com\/lutfi-haziri-akuza-kryeministrit-kurti-ai-ka-agjende-te-fshehur\/\"},\"author\":{\"name\":\"P\u00ebrmbledhja\",\"@id\":\"https:\/\/permbledhja.com\/#\/schema\/person\/0d064377258d3221e50693947b9eb4fe\"},\"headline\":\"Lutfi Haziri akuza kryeministrit Kurti: Ai ka agjend\u00eb t\u00eb fshehur\",\"datePublished\":\"2023-07-25T20:11:13+00:00\",\"dateModified\":\"2023-07-25T20:11:13+00:00\",\"mainEntityOfPage\":{\"@id\":\"https:\/\/permbledhja.com\/lutfi-haziri-akuza-kryeministrit-kurti-ai-ka-agjende-te-fshehur\/\"},\"wordCount\":233,\"publisher\":{\"@id\":\"https:\/\/permbledhja.com\/#organization\"},\"keywords\":[\"Haziri\",\"Kurti\"],\"articleSection\":[\"Kryesoret\"],\"inLanguage\":\"sq\"},{\"@type\":\"WebPage\",\"@id\":\"https:\/\/permbledhja.com\/lutfi-haziri-akuza-kryeministrit-kurti-ai-ka-agjende-te-fshehur\/\",\"url\":\"https:\/\/permbledhja.com\/lutfi-haziri-akuza-kryeministrit-kurti-ai-ka-agjende-te-fshehur\/\",\"name\":\"Lutfi Haziri akuza kryeministrit Kurti: Ai ka agjend\u00eb t\u00eb fshehur\",\"isPartOf\":{\"@id\":\"https:\/\/permbledhja.com\/#website\"},\"datePublished\":\"2023-07-25T20:11:13+00:00\",\"dateModified\":\"2023-07-25T20:11:13+00:00\",\"breadcrumb\":{\"@id\":\"https:\/\/permbledhja.com\/lutfi-haziri-akuza-kryeministrit-kurti-ai-ka-agjende-te-fshehur\/#breadcrumb\"},\"inLanguage\":\"sq\",\"potentialAction\":[{\"@type\":\"ReadAction\",\"target\":[\"https:\/\/permbledhja.com\/lutfi-haziri-akuza-kryeministrit-kurti-ai-ka-agjende-te-fshehur\/\"]}]},{\"@type\":\"BreadcrumbList\",\"@id\":\"https:\/\/permbledhja.com\/lutfi-haziri-akuza-kryeministrit-kurti-ai-ka-agjende-te-fshehur\/#breadcrumb\",\"itemListElement\":[{\"@type\":\"ListItem\",\"position\":1,\"name\":\"Ballina\",\"item\":\"https:\/\/permbledhja.com\/sq\/\"},{\"@type\":\"ListItem\",\"position\":2,\"name\":\"Lutfi Haziri akuza kryeministrit Kurti: Ai ka agjend\u00eb t\u00eb fshehur\"}]},{\"@type\":\"WebSite\",\"@id\":\"https:\/\/permbledhja.com\/#website\",\"url\":\"https:\/\/permbledhja.com\/\",\"name\":\"Ve\u00e7 artikuj p\u00ebrmbledh\u00ebs\",\"description\":\"\",\"publisher\":{\"@id\":\"https:\/\/permbledhja.com\/#organization\"},\"potentialAction\":[{\"@type\":\"SearchAction\",\"target\":{\"@type\":\"EntryPoint\",\"urlTemplate\":\"https:\/\/permbledhja.com\/?s={search_term_string}\"},\"query-input\":\"required name=search_term_string\"}],\"inLanguage\":\"sq\"},{\"@type\":\"Organization\",\"@id\":\"https:\/\/permbledhja.com\/#organization\",\"name\":\"MK Media & Pr\",\"url\":\"https:\/\/permbledhja.com\/\",\"logo\":{\"@type\":\"ImageObject\",\"inLanguage\":\"sq\",\"@id\":\"https:\/\/permbledhja.com\/#\/schema\/logo\/image\/\",\"url\":\"https:\/\/permbledhja.com\/wp-content\/uploads\/2021\/12\/07-Press-Logo.jpg\",\"contentUrl\":\"https:\/\/permbledhja.com\/wp-content\/uploads\/2021\/12\/07-Press-Logo.jpg\",\"width\":512,\"height\":512,\"caption\":\"MK Media & Pr\"},\"image\":{\"@id\":\"https:\/\/permbledhja.com\/#\/schema\/logo\/image\/\"},\"sameAs\":[\"https:\/\/www.facebook.com\/press07\/\"]},{\"@type\":\"Person\",\"@id\":\"https:\/\/permbledhja.com\/#\/schema\/person\/0d064377258d3221e50693947b9eb4fe\",\"name\":\"P\u00ebrmbledhja\",\"image\":{\"@type\":\"ImageObject\",\"inLanguage\":\"sq\",\"@id\":\"https:\/\/permbledhja.com\/#\/schema\/person\/image\/\",\"url\":\"https:\/\/permbledhja.com\/wp-content\/uploads\/2026\/01\/452004717_1040944174702970_8932037511805513407_n-96x96.jpg\",\"contentUrl\":\"https:\/\/permbledhja.com\/wp-content\/uploads\/2026\/01\/452004717_1040944174702970_8932037511805513407_n-96x96.jpg\",\"caption\":\"P\u00ebrmbledhja\"},\"sameAs\":[\"https:\/\/www.facebook.com\/kafexhiu.muharrem\/\",\"https:\/\/www.instagram.com\/muharrem_kafexhiu\/\"],\"url\":\"https:\/\/permbledhja.com\/sq\/author\/admin\/\"}]}<\/script>\n<!-- \/ Yoast SEO plugin. -->","yoast_head_json":{"title":"Lutfi Haziri akuza kryeministrit Kurti: Ai ka agjend\u00eb t\u00eb fshehur","robots":{"index":"index","follow":"follow","max-snippet":"max-snippet:-1","max-image-preview":"max-image-preview:large","max-video-preview":"max-video-preview:-1"},"canonical":"https:\/\/permbledhja.com\/sq\/lutfi-haziri-akuza-kryeministrit-kurti-ai-ka-agjende-te-fshehur\/","og_locale":"sq_AL","og_type":"article","og_title":"Lutfi Haziri akuza kryeministrit Kurti: Ai ka agjend\u00eb t\u00eb fshehur","og_description":"N\u00ebnkryetari i Lidhjes Demokratike t\u00eb Kosov\u00ebs, Lutfi Haziri, ka th\u00ebn\u00eb se kryeministri i Kosov\u00ebs, Albin Kurti, ka agjend\u00eb t\u00eb fshehur. Haziri ka th\u00ebn\u00eb se n\u00eb raport me dialogun me Serbin\u00eb, asnj\u00eb prej objektivave t\u00eb Kurtit nuk kan\u00eb kaluar. \u201cMos gjetja n\u00eb k\u00ebt\u00eb situat\u00eb t\u00eb mir\u00eb edhe mos kapitalizimi i k\u00ebtij momentumi nga ana e qeveris\u00eb, [&hellip;]","og_url":"https:\/\/permbledhja.com\/sq\/lutfi-haziri-akuza-kryeministrit-kurti-ai-ka-agjende-te-fshehur\/","og_site_name":"Ve\u00e7 artikuj p\u00ebrmbledh\u00ebs","article_publisher":"https:\/\/www.facebook.com\/press07\/","article_author":"https:\/\/www.facebook.com\/kafexhiu.muharrem\/","article_published_time":"2023-07-25T20:11:13+00:00","og_image":[{"width":1052,"height":613,"url":"https:\/\/permbledhja.com\/wp-content\/uploads\/2023\/07\/lutfi.jpg","type":"image\/jpeg"}],"author":"P\u00ebrmbledhja","twitter_card":"summary_large_image","twitter_misc":{"Written by":"P\u00ebrmbledhja","Est. reading time":"1 minut\u00eb"},"schema":{"@context":"https:\/\/schema.org","@graph":[{"@type":"Article","@id":"https:\/\/permbledhja.com\/lutfi-haziri-akuza-kryeministrit-kurti-ai-ka-agjende-te-fshehur\/#article","isPartOf":{"@id":"https:\/\/permbledhja.com\/lutfi-haziri-akuza-kryeministrit-kurti-ai-ka-agjende-te-fshehur\/"},"author":{"name":"P\u00ebrmbledhja","@id":"https:\/\/permbledhja.com\/#\/schema\/person\/0d064377258d3221e50693947b9eb4fe"},"headline":"Lutfi Haziri akuza kryeministrit Kurti: Ai ka agjend\u00eb t\u00eb fshehur","datePublished":"2023-07-25T20:11:13+00:00","dateModified":"2023-07-25T20:11:13+00:00","mainEntityOfPage":{"@id":"https:\/\/permbledhja.com\/lutfi-haziri-akuza-kryeministrit-kurti-ai-ka-agjende-te-fshehur\/"},"wordCount":233,"publisher":{"@id":"https:\/\/permbledhja.com\/#organization"},"keywords":["Haziri","Kurti"],"articleSection":["Kryesoret"],"inLanguage":"sq"},{"@type":"WebPage","@id":"https:\/\/permbledhja.com\/lutfi-haziri-akuza-kryeministrit-kurti-ai-ka-agjende-te-fshehur\/","url":"https:\/\/permbledhja.com\/lutfi-haziri-akuza-kryeministrit-kurti-ai-ka-agjende-te-fshehur\/","name":"Lutfi Haziri akuza kryeministrit Kurti: Ai ka agjend\u00eb t\u00eb fshehur","isPartOf":{"@id":"https:\/\/permbledhja.com\/#website"},"datePublished":"2023-07-25T20:11:13+00:00","dateModified":"2023-07-25T20:11:13+00:00","breadcrumb":{"@id":"https:\/\/permbledhja.com\/lutfi-haziri-akuza-kryeministrit-kurti-ai-ka-agjende-te-fshehur\/#breadcrumb"},"inLanguage":"sq","potentialAction":[{"@type":"ReadAction","target":["https:\/\/permbledhja.com\/lutfi-haziri-akuza-kryeministrit-kurti-ai-ka-agjende-te-fshehur\/"]}]},{"@type":"BreadcrumbList","@id":"https:\/\/permbledhja.com\/lutfi-haziri-akuza-kryeministrit-kurti-ai-ka-agjende-te-fshehur\/#breadcrumb","itemListElement":[{"@type":"ListItem","position":1,"name":"Ballina","item":"https:\/\/permbledhja.com\/sq\/"},{"@type":"ListItem","position":2,"name":"Lutfi Haziri akuza kryeministrit Kurti: Ai ka agjend\u00eb t\u00eb fshehur"}]},{"@type":"WebSite","@id":"https:\/\/permbledhja.com\/#website","url":"https:\/\/permbledhja.com\/","name":"Ve\u00e7 artikuj p\u00ebrmbledh\u00ebs","description":"","publisher":{"@id":"https:\/\/permbledhja.com\/#organization"},"potentialAction":[{"@type":"SearchAction","target":{"@type":"EntryPoint","urlTemplate":"https:\/\/permbledhja.com\/?s={search_term_string}"},"query-input":"required name=search_term_string"}],"inLanguage":"sq"},{"@type":"Organization","@id":"https:\/\/permbledhja.com\/#organization","name":"MK Media & Pr","url":"https:\/\/permbledhja.com\/","logo":{"@type":"ImageObject","inLanguage":"sq","@id":"https:\/\/permbledhja.com\/#\/schema\/logo\/image\/","url":"https:\/\/permbledhja.com\/wp-content\/uploads\/2021\/12\/07-Press-Logo.jpg","contentUrl":"https:\/\/permbledhja.com\/wp-content\/uploads\/2021\/12\/07-Press-Logo.jpg","width":512,"height":512,"caption":"MK Media & Pr"},"image":{"@id":"https:\/\/permbledhja.com\/#\/schema\/logo\/image\/"},"sameAs":["https:\/\/www.facebook.com\/press07\/"]},{"@type":"Person","@id":"https:\/\/permbledhja.com\/#\/schema\/person\/0d064377258d3221e50693947b9eb4fe","name":"P\u00ebrmbledhja","image":{"@type":"ImageObject","inLanguage":"sq","@id":"https:\/\/permbledhja.com\/#\/schema\/person\/image\/","url":"https:\/\/permbledhja.com\/wp-content\/uploads\/2026\/01\/452004717_1040944174702970_8932037511805513407_n-96x96.jpg","contentUrl":"https:\/\/permbledhja.com\/wp-content\/uploads\/2026\/01\/452004717_1040944174702970_8932037511805513407_n-96x96.jpg","caption":"P\u00ebrmbledhja"},"sameAs":["https:\/\/www.facebook.com\/kafexhiu.muharrem\/","https:\/\/www.instagram.com\/muharrem_kafexhiu\/"],"url":"https:\/\/permbledhja.com\/sq\/author\/admin\/"}]}},"_links":{"self":[{"href":"https:\/\/permbledhja.com\/sq\/wp-json\/wp\/v2\/posts\/20567"}],"collection":[{"href":"https:\/\/permbledhja.com\/sq\/wp-json\/wp\/v2\/posts"}],"about":[{"href":"https:\/\/permbledhja.com\/sq\/wp-json\/wp\/v2\/types\/post"}],"author":[{"embeddable":true,"href":"https:\/\/permbledhja.com\/sq\/wp-json\/wp\/v2\/users\/1"}],"replies":[{"embeddable":true,"href":"https:\/\/permbledhja.com\/sq\/wp-json\/wp\/v2\/comments?post=20567"}],"version-history":[{"count":1,"href":"https:\/\/permbledhja.com\/sq\/wp-json\/wp\/v2\/posts\/20567\/revisions"}],"predecessor-version":[{"id":20569,"href":"https:\/\/permbledhja.com\/sq\/wp-json\/wp\/v2\/posts\/20567\/revisions\/20569"}],"wp:featuredmedia":[{"embeddable":true,"href":"https:\/\/permbledhja.com\/sq\/wp-json\/wp\/v2\/media\/20568"}],"wp:attachment":[{"href":"https:\/\/permbledhja.com\/sq\/wp-json\/wp\/v2\/media?parent=20567"}],"wp:term":[{"taxonomy":"category","embeddable":true,"href":"https:\/\/permbledhja.com\/sq\/wp-json\/wp\/v2\/categories?post=20567"},{"taxonomy":"post_tag","embeddable":true,"href":"https:\/\/permbledhja.com\/sq\/wp-json\/wp\/v2\/tags?post=20567"}],"curies":[{"name":"wp","href":"https:\/\/api.w.org\/{rel}","templated":true}]}}