{"id":2020,"date":"2022-07-11T12:32:59","date_gmt":"2022-07-11T12:32:59","guid":{"rendered":"https:\/\/permbledhja.com\/?p=2020"},"modified":"2022-07-11T12:32:59","modified_gmt":"2022-07-11T12:32:59","slug":"prishtina-se-shpejti-me-semafore-qe-masin-shpejtesine-e-veturave","status":"publish","type":"post","link":"https:\/\/permbledhja.com\/sq\/prishtina-se-shpejti-me-semafore-qe-masin-shpejtesine-e-veturave\/","title":{"rendered":"Prishtina s\u00eb shpejti me semafor\u00eb q\u00eb masin shpejt\u00ebsin\u00eb e veturave"},"content":{"rendered":"<p><strong>Komuna e Prishtin\u00ebs do t\u00eb investoj\u00eb 50 mij\u00eb e 756 euro n\u00eb modernizimin e semafor\u00ebve n\u00eb kryeqytet.<\/strong><\/p>\n<p>T\u00eb premten Kuvendi Komunal ka njoftuar p\u00ebr dh\u00ebnien e kontrat\u00ebs dy kompanive \u201cGrup i Operator\u00ebve Ekonomik Bahri Asllani\u201d dhe \u201cLasemaforica s.r.l\u201d, p\u00ebr nd\u00ebrtimin e semafor\u00ebve, modernizimi dhe nd\u00ebrtimin e paneleve ndri\u00e7uese.<\/p>\n<p><strong>LEXO EDHE<\/strong>: <a href=\"https:\/\/permbledhja.com\/do-te-shkoj-ne-gjermani-dhe-nuk-do-te-kthehem-kurre-ne-kosove\/\">\u201cDo t\u00eb shkoj n\u00eb Gjermani dhe nuk do t\u00eb kthehem kurr\u00eb n\u00eb Kosov\u00eb\u201d<\/a><\/p>\n<p>E semafor\u00ebve n\u00eb kryeqytet p\u00ebrve\u00e7 nd\u00ebrtimit t\u00eb ndri\u00e7uesve do t\u00eb iu vendoset edhe mat\u00ebsi i shpejt\u00ebsis\u00eb s\u00eb veturave.<\/p>\n<p>Kjo gj\u00eb \u00ebsht\u00eb b\u00ebr\u00eb e ditur p\u00ebrmes Komisionit Rregullativ t\u00eb Prokurimit Publik, ku thuhet se \u00ebsht\u00eb b\u00ebr\u00eb dh\u00ebnia e kontrat\u00ebs me p\u00ebrshkrim \u201cNd\u00ebrtimi i Semafor\u00ebve modernizimi ,nd\u00ebrtimi i paneleve ndri\u00e7uese dhe mat\u00ebsve t\u00eb shpejt\u00ebsis\u00eb\u201d.<\/p>\n<p><strong>LEXO GJITHASHTU<\/strong>: <a href=\"https:\/\/permbledhja.com\/liberalizimi-i-vizave-ky-eshte-parashikimi-i-frikshem\/\">Liberalizimi i vizave, ky \u00ebsht\u00eb parashikimi i \u2018friksh\u00ebm\u2019<\/a><\/p>\n<p>Ndryshe kjo kontrat\u00eb ka koh\u00ebzgjatjen p\u00ebr 36 muaj, nd\u00ebrsa n\u00ebnshkrimi i kantat\u00ebs do t\u00eb b\u00ebhet nes\u00ebr (12 korrik) sipas k\u00ebtij njoftimi.\/Gazeta Infokus\/<\/p>\n<p>M\u00eb posht\u00eb gjeni kontrat\u00ebn e plot\u00eb:<\/p>\n<p><img loading=\"lazy\" decoding=\"async\" src=\"https:\/\/permbledhja.com\/wp-content\/uploads\/2022\/07\/foto1-1.png\" alt=\"\" width=\"515\" height=\"729\" class=\"alignnone size-full wp-image-2021\" srcset=\"https:\/\/permbledhja.com\/wp-content\/uploads\/2022\/07\/foto1-1.png 515w, https:\/\/permbledhja.com\/wp-content\/uploads\/2022\/07\/foto1-1-212x300.png 212w, https:\/\/permbledhja.com\/wp-content\/uploads\/2022\/07\/foto1-1-8x12.png 8w\" sizes=\"(max-width: 515px) 100vw, 515px\" \/><\/p>\n<p><img loading=\"lazy\" decoding=\"async\" src=\"https:\/\/permbledhja.com\/wp-content\/uploads\/2022\/07\/foto2.png\" alt=\"\" width=\"510\" height=\"724\" class=\"alignnone size-full wp-image-2022\" srcset=\"https:\/\/permbledhja.com\/wp-content\/uploads\/2022\/07\/foto2.png 510w, https:\/\/permbledhja.com\/wp-content\/uploads\/2022\/07\/foto2-211x300.png 211w, https:\/\/permbledhja.com\/wp-content\/uploads\/2022\/07\/foto2-8x12.png 8w\" sizes=\"(max-width: 510px) 100vw, 510px\" \/><\/p>\n<p><img loading=\"lazy\" decoding=\"async\" src=\"https:\/\/permbledhja.com\/wp-content\/uploads\/2022\/07\/foto3.png\" alt=\"\" width=\"516\" height=\"449\" class=\"alignnone size-full wp-image-2023\" srcset=\"https:\/\/permbledhja.com\/wp-content\/uploads\/2022\/07\/foto3.png 516w, https:\/\/permbledhja.com\/wp-content\/uploads\/2022\/07\/foto3-300x261.png 300w, https:\/\/permbledhja.com\/wp-content\/uploads\/2022\/07\/foto3-14x12.png 14w\" sizes=\"(max-width: 516px) 100vw, 516px\" \/><\/p>\n<p><img loading=\"lazy\" decoding=\"async\" src=\"https:\/\/permbledhja.com\/wp-content\/uploads\/2022\/07\/foto4.png\" alt=\"\" width=\"503\" height=\"700\" class=\"alignnone size-full wp-image-2024\" srcset=\"https:\/\/permbledhja.com\/wp-content\/uploads\/2022\/07\/foto4.png 503w, https:\/\/permbledhja.com\/wp-content\/uploads\/2022\/07\/foto4-216x300.png 216w, https:\/\/permbledhja.com\/wp-content\/uploads\/2022\/07\/foto4-9x12.png 9w\" sizes=\"(max-width: 503px) 100vw, 503px\" \/><\/p>\n<p><img loading=\"lazy\" decoding=\"async\" src=\"https:\/\/permbledhja.com\/wp-content\/uploads\/2022\/07\/foto5.png\" alt=\"\" width=\"499\" height=\"705\" class=\"alignnone size-full wp-image-2025\" srcset=\"https:\/\/permbledhja.com\/wp-content\/uploads\/2022\/07\/foto5.png 499w, https:\/\/permbledhja.com\/wp-content\/uploads\/2022\/07\/foto5-212x300.png 212w, https:\/\/permbledhja.com\/wp-content\/uploads\/2022\/07\/foto5-8x12.png 8w\" sizes=\"(max-width: 499px) 100vw, 499px\" \/><\/p>\n","protected":false},"excerpt":{"rendered":"<p>Komuna e Prishtin\u00ebs do t\u00eb investoj\u00eb 50 mij\u00eb e 756 euro n\u00eb modernizimin e semafor\u00ebve n\u00eb kryeqytet. T\u00eb premten Kuvendi Komunal ka njoftuar p\u00ebr dh\u00ebnien e kontrat\u00ebs dy kompanive \u201cGrup i Operator\u00ebve Ekonomik Bahri Asllani\u201d dhe \u201cLasemaforica s.r.l\u201d, p\u00ebr nd\u00ebrtimin e semafor\u00ebve, modernizimi dhe nd\u00ebrtimin e paneleve ndri\u00e7uese. LEXO EDHE: \u201cDo t\u00eb shkoj n\u00eb Gjermani [&hellip;]<\/p>\n","protected":false},"author":1,"featured_media":2026,"comment_status":"closed","ping_status":"closed","sticky":false,"template":"","format":"standard","meta":{"_monsterinsights_skip_tracking":false,"_monsterinsights_sitenote_active":false,"_monsterinsights_sitenote_note":"","_monsterinsights_sitenote_category":0,"_uf_show_specific_survey":0,"_uf_disable_surveys":false,"footnotes":""},"categories":[23,15],"tags":[356],"yoast_head":"<!-- This site is optimized with the Yoast SEO plugin v21.5 - https:\/\/yoast.com\/wordpress\/plugins\/seo\/ -->\n<title>Prishtina s\u00eb shpejti me semafor\u00eb q\u00eb masin shpejt\u00ebsin\u00eb e veturave<\/title>\n<meta name=\"robots\" content=\"index, follow, max-snippet:-1, max-image-preview:large, max-video-preview:-1\" \/>\n<link rel=\"canonical\" href=\"https:\/\/permbledhja.com\/sq\/prishtina-se-shpejti-me-semafore-qe-masin-shpejtesine-e-veturave\/\" \/>\n<meta property=\"og:locale\" content=\"sq_AL\" \/>\n<meta property=\"og:type\" content=\"article\" \/>\n<meta property=\"og:title\" content=\"Prishtina s\u00eb shpejti me semafor\u00eb q\u00eb masin shpejt\u00ebsin\u00eb e veturave\" \/>\n<meta property=\"og:description\" content=\"Komuna e Prishtin\u00ebs do t\u00eb investoj\u00eb 50 mij\u00eb e 756 euro n\u00eb modernizimin e semafor\u00ebve n\u00eb kryeqytet. T\u00eb premten Kuvendi Komunal ka njoftuar p\u00ebr dh\u00ebnien e kontrat\u00ebs dy kompanive \u201cGrup i Operator\u00ebve Ekonomik Bahri Asllani\u201d dhe \u201cLasemaforica s.r.l\u201d, p\u00ebr nd\u00ebrtimin e semafor\u00ebve, modernizimi dhe nd\u00ebrtimin e paneleve ndri\u00e7uese. LEXO EDHE: \u201cDo t\u00eb shkoj n\u00eb Gjermani [&hellip;]\" \/>\n<meta property=\"og:url\" content=\"https:\/\/permbledhja.com\/sq\/prishtina-se-shpejti-me-semafore-qe-masin-shpejtesine-e-veturave\/\" \/>\n<meta property=\"og:site_name\" content=\"Ve\u00e7 artikuj p\u00ebrmbledh\u00ebs\" \/>\n<meta property=\"article:publisher\" content=\"https:\/\/www.facebook.com\/press07\/\" \/>\n<meta property=\"article:author\" content=\"https:\/\/www.facebook.com\/kafexhiu.muharrem\/\" \/>\n<meta property=\"article:published_time\" content=\"2022-07-11T12:32:59+00:00\" \/>\n<meta property=\"og:image\" content=\"https:\/\/permbledhja.com\/wp-content\/uploads\/2022\/07\/Prishtina.png\" \/>\n\t<meta property=\"og:image:width\" content=\"720\" \/>\n\t<meta property=\"og:image:height\" content=\"444\" \/>\n\t<meta property=\"og:image:type\" content=\"image\/png\" \/>\n<meta name=\"author\" content=\"P\u00ebrmbledhja\" \/>\n<meta name=\"twitter:card\" content=\"summary_large_image\" \/>\n<meta name=\"twitter:label1\" content=\"Written by\" \/>\n\t<meta name=\"twitter:data1\" content=\"P\u00ebrmbledhja\" \/>\n\t<meta name=\"twitter:label2\" content=\"Est. reading time\" \/>\n\t<meta name=\"twitter:data2\" content=\"1 minut\u00eb\" \/>\n<script type=\"application\/ld+json\" class=\"yoast-schema-graph\">{\"@context\":\"https:\/\/schema.org\",\"@graph\":[{\"@type\":\"Article\",\"@id\":\"https:\/\/permbledhja.com\/prishtina-se-shpejti-me-semafore-qe-masin-shpejtesine-e-veturave\/#article\",\"isPartOf\":{\"@id\":\"https:\/\/permbledhja.com\/prishtina-se-shpejti-me-semafore-qe-masin-shpejtesine-e-veturave\/\"},\"author\":{\"name\":\"P\u00ebrmbledhja\",\"@id\":\"https:\/\/permbledhja.com\/#\/schema\/person\/0d064377258d3221e50693947b9eb4fe\"},\"headline\":\"Prishtina s\u00eb shpejti me semafor\u00eb q\u00eb masin shpejt\u00ebsin\u00eb e veturave\",\"datePublished\":\"2022-07-11T12:32:59+00:00\",\"dateModified\":\"2022-07-11T12:32:59+00:00\",\"mainEntityOfPage\":{\"@id\":\"https:\/\/permbledhja.com\/prishtina-se-shpejti-me-semafore-qe-masin-shpejtesine-e-veturave\/\"},\"wordCount\":202,\"publisher\":{\"@id\":\"https:\/\/permbledhja.com\/#organization\"},\"keywords\":[\"Semafor\u00ebt\"],\"articleSection\":[\"Komb\u00ebtare\",\"Lajme\"],\"inLanguage\":\"sq\"},{\"@type\":\"WebPage\",\"@id\":\"https:\/\/permbledhja.com\/prishtina-se-shpejti-me-semafore-qe-masin-shpejtesine-e-veturave\/\",\"url\":\"https:\/\/permbledhja.com\/prishtina-se-shpejti-me-semafore-qe-masin-shpejtesine-e-veturave\/\",\"name\":\"Prishtina s\u00eb shpejti me semafor\u00eb q\u00eb masin shpejt\u00ebsin\u00eb e veturave\",\"isPartOf\":{\"@id\":\"https:\/\/permbledhja.com\/#website\"},\"datePublished\":\"2022-07-11T12:32:59+00:00\",\"dateModified\":\"2022-07-11T12:32:59+00:00\",\"breadcrumb\":{\"@id\":\"https:\/\/permbledhja.com\/prishtina-se-shpejti-me-semafore-qe-masin-shpejtesine-e-veturave\/#breadcrumb\"},\"inLanguage\":\"sq\",\"potentialAction\":[{\"@type\":\"ReadAction\",\"target\":[\"https:\/\/permbledhja.com\/prishtina-se-shpejti-me-semafore-qe-masin-shpejtesine-e-veturave\/\"]}]},{\"@type\":\"BreadcrumbList\",\"@id\":\"https:\/\/permbledhja.com\/prishtina-se-shpejti-me-semafore-qe-masin-shpejtesine-e-veturave\/#breadcrumb\",\"itemListElement\":[{\"@type\":\"ListItem\",\"position\":1,\"name\":\"Ballina\",\"item\":\"https:\/\/permbledhja.com\/sq\/\"},{\"@type\":\"ListItem\",\"position\":2,\"name\":\"Prishtina s\u00eb shpejti me semafor\u00eb q\u00eb masin shpejt\u00ebsin\u00eb e veturave\"}]},{\"@type\":\"WebSite\",\"@id\":\"https:\/\/permbledhja.com\/#website\",\"url\":\"https:\/\/permbledhja.com\/\",\"name\":\"Ve\u00e7 artikuj p\u00ebrmbledh\u00ebs\",\"description\":\"\",\"publisher\":{\"@id\":\"https:\/\/permbledhja.com\/#organization\"},\"potentialAction\":[{\"@type\":\"SearchAction\",\"target\":{\"@type\":\"EntryPoint\",\"urlTemplate\":\"https:\/\/permbledhja.com\/?s={search_term_string}\"},\"query-input\":\"required name=search_term_string\"}],\"inLanguage\":\"sq\"},{\"@type\":\"Organization\",\"@id\":\"https:\/\/permbledhja.com\/#organization\",\"name\":\"MK Media & Pr\",\"url\":\"https:\/\/permbledhja.com\/\",\"logo\":{\"@type\":\"ImageObject\",\"inLanguage\":\"sq\",\"@id\":\"https:\/\/permbledhja.com\/#\/schema\/logo\/image\/\",\"url\":\"https:\/\/permbledhja.com\/wp-content\/uploads\/2021\/12\/07-Press-Logo.jpg\",\"contentUrl\":\"https:\/\/permbledhja.com\/wp-content\/uploads\/2021\/12\/07-Press-Logo.jpg\",\"width\":512,\"height\":512,\"caption\":\"MK Media & Pr\"},\"image\":{\"@id\":\"https:\/\/permbledhja.com\/#\/schema\/logo\/image\/\"},\"sameAs\":[\"https:\/\/www.facebook.com\/press07\/\"]},{\"@type\":\"Person\",\"@id\":\"https:\/\/permbledhja.com\/#\/schema\/person\/0d064377258d3221e50693947b9eb4fe\",\"name\":\"P\u00ebrmbledhja\",\"image\":{\"@type\":\"ImageObject\",\"inLanguage\":\"sq\",\"@id\":\"https:\/\/permbledhja.com\/#\/schema\/person\/image\/\",\"url\":\"https:\/\/permbledhja.com\/wp-content\/uploads\/2026\/01\/452004717_1040944174702970_8932037511805513407_n-96x96.jpg\",\"contentUrl\":\"https:\/\/permbledhja.com\/wp-content\/uploads\/2026\/01\/452004717_1040944174702970_8932037511805513407_n-96x96.jpg\",\"caption\":\"P\u00ebrmbledhja\"},\"sameAs\":[\"https:\/\/www.facebook.com\/kafexhiu.muharrem\/\",\"https:\/\/www.instagram.com\/muharrem_kafexhiu\/\"],\"url\":\"https:\/\/permbledhja.com\/sq\/author\/admin\/\"}]}<\/script>\n<!-- \/ Yoast SEO plugin. -->","yoast_head_json":{"title":"Prishtina s\u00eb shpejti me semafor\u00eb q\u00eb masin shpejt\u00ebsin\u00eb e veturave","robots":{"index":"index","follow":"follow","max-snippet":"max-snippet:-1","max-image-preview":"max-image-preview:large","max-video-preview":"max-video-preview:-1"},"canonical":"https:\/\/permbledhja.com\/sq\/prishtina-se-shpejti-me-semafore-qe-masin-shpejtesine-e-veturave\/","og_locale":"sq_AL","og_type":"article","og_title":"Prishtina s\u00eb shpejti me semafor\u00eb q\u00eb masin shpejt\u00ebsin\u00eb e veturave","og_description":"Komuna e Prishtin\u00ebs do t\u00eb investoj\u00eb 50 mij\u00eb e 756 euro n\u00eb modernizimin e semafor\u00ebve n\u00eb kryeqytet. T\u00eb premten Kuvendi Komunal ka njoftuar p\u00ebr dh\u00ebnien e kontrat\u00ebs dy kompanive \u201cGrup i Operator\u00ebve Ekonomik Bahri Asllani\u201d dhe \u201cLasemaforica s.r.l\u201d, p\u00ebr nd\u00ebrtimin e semafor\u00ebve, modernizimi dhe nd\u00ebrtimin e paneleve ndri\u00e7uese. LEXO EDHE: \u201cDo t\u00eb shkoj n\u00eb Gjermani [&hellip;]","og_url":"https:\/\/permbledhja.com\/sq\/prishtina-se-shpejti-me-semafore-qe-masin-shpejtesine-e-veturave\/","og_site_name":"Ve\u00e7 artikuj p\u00ebrmbledh\u00ebs","article_publisher":"https:\/\/www.facebook.com\/press07\/","article_author":"https:\/\/www.facebook.com\/kafexhiu.muharrem\/","article_published_time":"2022-07-11T12:32:59+00:00","og_image":[{"width":720,"height":444,"url":"https:\/\/permbledhja.com\/wp-content\/uploads\/2022\/07\/Prishtina.png","type":"image\/png"}],"author":"P\u00ebrmbledhja","twitter_card":"summary_large_image","twitter_misc":{"Written by":"P\u00ebrmbledhja","Est. reading time":"1 minut\u00eb"},"schema":{"@context":"https:\/\/schema.org","@graph":[{"@type":"Article","@id":"https:\/\/permbledhja.com\/prishtina-se-shpejti-me-semafore-qe-masin-shpejtesine-e-veturave\/#article","isPartOf":{"@id":"https:\/\/permbledhja.com\/prishtina-se-shpejti-me-semafore-qe-masin-shpejtesine-e-veturave\/"},"author":{"name":"P\u00ebrmbledhja","@id":"https:\/\/permbledhja.com\/#\/schema\/person\/0d064377258d3221e50693947b9eb4fe"},"headline":"Prishtina s\u00eb shpejti me semafor\u00eb q\u00eb masin shpejt\u00ebsin\u00eb e veturave","datePublished":"2022-07-11T12:32:59+00:00","dateModified":"2022-07-11T12:32:59+00:00","mainEntityOfPage":{"@id":"https:\/\/permbledhja.com\/prishtina-se-shpejti-me-semafore-qe-masin-shpejtesine-e-veturave\/"},"wordCount":202,"publisher":{"@id":"https:\/\/permbledhja.com\/#organization"},"keywords":["Semafor\u00ebt"],"articleSection":["Komb\u00ebtare","Lajme"],"inLanguage":"sq"},{"@type":"WebPage","@id":"https:\/\/permbledhja.com\/prishtina-se-shpejti-me-semafore-qe-masin-shpejtesine-e-veturave\/","url":"https:\/\/permbledhja.com\/prishtina-se-shpejti-me-semafore-qe-masin-shpejtesine-e-veturave\/","name":"Prishtina s\u00eb shpejti me semafor\u00eb q\u00eb masin shpejt\u00ebsin\u00eb e veturave","isPartOf":{"@id":"https:\/\/permbledhja.com\/#website"},"datePublished":"2022-07-11T12:32:59+00:00","dateModified":"2022-07-11T12:32:59+00:00","breadcrumb":{"@id":"https:\/\/permbledhja.com\/prishtina-se-shpejti-me-semafore-qe-masin-shpejtesine-e-veturave\/#breadcrumb"},"inLanguage":"sq","potentialAction":[{"@type":"ReadAction","target":["https:\/\/permbledhja.com\/prishtina-se-shpejti-me-semafore-qe-masin-shpejtesine-e-veturave\/"]}]},{"@type":"BreadcrumbList","@id":"https:\/\/permbledhja.com\/prishtina-se-shpejti-me-semafore-qe-masin-shpejtesine-e-veturave\/#breadcrumb","itemListElement":[{"@type":"ListItem","position":1,"name":"Ballina","item":"https:\/\/permbledhja.com\/sq\/"},{"@type":"ListItem","position":2,"name":"Prishtina s\u00eb shpejti me semafor\u00eb q\u00eb masin shpejt\u00ebsin\u00eb e veturave"}]},{"@type":"WebSite","@id":"https:\/\/permbledhja.com\/#website","url":"https:\/\/permbledhja.com\/","name":"Ve\u00e7 artikuj p\u00ebrmbledh\u00ebs","description":"","publisher":{"@id":"https:\/\/permbledhja.com\/#organization"},"potentialAction":[{"@type":"SearchAction","target":{"@type":"EntryPoint","urlTemplate":"https:\/\/permbledhja.com\/?s={search_term_string}"},"query-input":"required name=search_term_string"}],"inLanguage":"sq"},{"@type":"Organization","@id":"https:\/\/permbledhja.com\/#organization","name":"MK Media & Pr","url":"https:\/\/permbledhja.com\/","logo":{"@type":"ImageObject","inLanguage":"sq","@id":"https:\/\/permbledhja.com\/#\/schema\/logo\/image\/","url":"https:\/\/permbledhja.com\/wp-content\/uploads\/2021\/12\/07-Press-Logo.jpg","contentUrl":"https:\/\/permbledhja.com\/wp-content\/uploads\/2021\/12\/07-Press-Logo.jpg","width":512,"height":512,"caption":"MK Media & Pr"},"image":{"@id":"https:\/\/permbledhja.com\/#\/schema\/logo\/image\/"},"sameAs":["https:\/\/www.facebook.com\/press07\/"]},{"@type":"Person","@id":"https:\/\/permbledhja.com\/#\/schema\/person\/0d064377258d3221e50693947b9eb4fe","name":"P\u00ebrmbledhja","image":{"@type":"ImageObject","inLanguage":"sq","@id":"https:\/\/permbledhja.com\/#\/schema\/person\/image\/","url":"https:\/\/permbledhja.com\/wp-content\/uploads\/2026\/01\/452004717_1040944174702970_8932037511805513407_n-96x96.jpg","contentUrl":"https:\/\/permbledhja.com\/wp-content\/uploads\/2026\/01\/452004717_1040944174702970_8932037511805513407_n-96x96.jpg","caption":"P\u00ebrmbledhja"},"sameAs":["https:\/\/www.facebook.com\/kafexhiu.muharrem\/","https:\/\/www.instagram.com\/muharrem_kafexhiu\/"],"url":"https:\/\/permbledhja.com\/sq\/author\/admin\/"}]}},"_links":{"self":[{"href":"https:\/\/permbledhja.com\/sq\/wp-json\/wp\/v2\/posts\/2020"}],"collection":[{"href":"https:\/\/permbledhja.com\/sq\/wp-json\/wp\/v2\/posts"}],"about":[{"href":"https:\/\/permbledhja.com\/sq\/wp-json\/wp\/v2\/types\/post"}],"author":[{"embeddable":true,"href":"https:\/\/permbledhja.com\/sq\/wp-json\/wp\/v2\/users\/1"}],"replies":[{"embeddable":true,"href":"https:\/\/permbledhja.com\/sq\/wp-json\/wp\/v2\/comments?post=2020"}],"version-history":[{"count":1,"href":"https:\/\/permbledhja.com\/sq\/wp-json\/wp\/v2\/posts\/2020\/revisions"}],"predecessor-version":[{"id":2027,"href":"https:\/\/permbledhja.com\/sq\/wp-json\/wp\/v2\/posts\/2020\/revisions\/2027"}],"wp:featuredmedia":[{"embeddable":true,"href":"https:\/\/permbledhja.com\/sq\/wp-json\/wp\/v2\/media\/2026"}],"wp:attachment":[{"href":"https:\/\/permbledhja.com\/sq\/wp-json\/wp\/v2\/media?parent=2020"}],"wp:term":[{"taxonomy":"category","embeddable":true,"href":"https:\/\/permbledhja.com\/sq\/wp-json\/wp\/v2\/categories?post=2020"},{"taxonomy":"post_tag","embeddable":true,"href":"https:\/\/permbledhja.com\/sq\/wp-json\/wp\/v2\/tags?post=2020"}],"curies":[{"name":"wp","href":"https:\/\/api.w.org\/{rel}","templated":true}]}}