{"id":19799,"date":"2023-07-19T20:15:43","date_gmt":"2023-07-19T20:15:43","guid":{"rendered":"https:\/\/permbledhja.com\/?p=19799"},"modified":"2023-07-19T20:15:43","modified_gmt":"2023-07-19T20:15:43","slug":"abdixhiku-per-situaten-ne-vend-nuk-e-perjashtojme-mundesine-e-demonstratave","status":"publish","type":"post","link":"https:\/\/permbledhja.com\/sq\/abdixhiku-per-situaten-ne-vend-nuk-e-perjashtojme-mundesine-e-demonstratave\/","title":{"rendered":"Abdixhiku p\u00ebr situat\u00ebn n\u00eb vend: Nuk e p\u00ebrjashtojm\u00eb mund\u00ebsin\u00eb e demonstratave"},"content":{"rendered":"<h3>Kryetari i Lidhjes Demokratike t\u00eb Kosov\u00ebs, Lumir Abdixhiku ka th\u00ebn\u00eb se nuk e p\u00ebrjashtojn\u00eb bojkotimin e pjes\u00ebmarrjes n\u00eb seanca t\u00eb Kuvendi t\u00eb Kosov\u00ebs.<\/h3>\n<p>Abdixhiku i ftuar n\u00eb Rubikon n\u00eb Klan Kosova ka th\u00ebn\u00eb se ende nuk jan\u00eb ardhur n\u00eb nj\u00eb pozit\u00eb p\u00ebr bojkot t\u00eb jet\u00ebs parlamentare, mir\u00ebpo nuk i ka p\u00ebrjashtuar si mund\u00ebsi.<\/p>\n<p>Ai tutje ka th\u00ebn\u00eb se si mund\u00ebsi nuk i p\u00ebrjashton as veprimet jasht\u00eb institucioneve, si demonstratat.<\/p>\n<p>\u201cNatyrisht, sepse ne tani bojkotimi ende n\u00eb formatin e plot\u00eb le t\u00eb themi se nuk marrim pjes\u00eb n\u00eb komisione, t\u00eb mos marrim pjes\u00eb n\u00eb seanca, t\u00eb mos marrim pjes\u00eb n\u00eb jet\u00ebn parlamentar ende nuk kemi ardhur n\u00eb at\u00eb pozit\u00eb sepse nuk \u00ebsht\u00eb q\u00ebndrim ende i LDK-s\u00eb, or nuk e p\u00ebrjashtojm\u00eb var\u00ebsisht prej zhvillimeve. N\u00eb fakte ne nuk i kemi p\u00ebrjashtuar \u00e7do form\u00eb t\u00eb refuzimit ndaj partinave t\u00eb qeverisjes q\u00eb \u00ebsht\u00eb edhe jasht\u00eb institucionale, p\u00ebrfshir\u00eb edhe demonstrat\u00ebn. Nuk i kemi p\u00ebrjashtuar asnj\u00ebher\u00eb n\u00eb qoft\u00eb se kuptojm\u00eb q\u00eb rruga institucionale e pirur prej Qeveris\u00eb s\u00eb Kosov\u00ebs, prej lider\u00ebve ton\u00eb institucional \u00ebsht\u00eb drejt p\u00ebrplasjes katastrofale te Kosov\u00ebs, tani ne e v\u00ebrejm\u00eb q\u00eb \u00ebsht\u00eb nisur n\u00eb at\u00eb drejtim dhe po p\u00ebrpiqemi ta parandalojm\u00eb.\u201d- ka th\u00ebn\u00eb Abdixhiku.<\/p>\n","protected":false},"excerpt":{"rendered":"<p>Kryetari i Lidhjes Demokratike t\u00eb Kosov\u00ebs, Lumir Abdixhiku ka th\u00ebn\u00eb se nuk e p\u00ebrjashtojn\u00eb bojkotimin e pjes\u00ebmarrjes n\u00eb seanca t\u00eb Kuvendi t\u00eb Kosov\u00ebs. Abdixhiku i ftuar n\u00eb Rubikon n\u00eb Klan Kosova ka th\u00ebn\u00eb se ende nuk jan\u00eb ardhur n\u00eb nj\u00eb pozit\u00eb p\u00ebr bojkot t\u00eb jet\u00ebs parlamentare, mir\u00ebpo nuk i ka p\u00ebrjashtuar si mund\u00ebsi. Ai tutje [&hellip;]<\/p>\n","protected":false},"author":2,"featured_media":19800,"comment_status":"closed","ping_status":"closed","sticky":false,"template":"","format":"standard","meta":{"_monsterinsights_skip_tracking":false,"_monsterinsights_sitenote_active":false,"_monsterinsights_sitenote_note":"","_monsterinsights_sitenote_category":0,"_uf_show_specific_survey":0,"_uf_disable_surveys":false,"footnotes":""},"categories":[23,15],"tags":[427],"yoast_head":"<!-- This site is optimized with the Yoast SEO plugin v21.5 - https:\/\/yoast.com\/wordpress\/plugins\/seo\/ -->\n<title>Abdixhiku p\u00ebr situat\u00ebn n\u00eb vend: Nuk e p\u00ebrjashtojm\u00eb mund\u00ebsin\u00eb e demonstratave<\/title>\n<meta name=\"robots\" content=\"index, follow, max-snippet:-1, max-image-preview:large, max-video-preview:-1\" \/>\n<link rel=\"canonical\" href=\"https:\/\/permbledhja.com\/sq\/abdixhiku-per-situaten-ne-vend-nuk-e-perjashtojme-mundesine-e-demonstratave\/\" \/>\n<meta property=\"og:locale\" content=\"sq_AL\" \/>\n<meta property=\"og:type\" content=\"article\" \/>\n<meta property=\"og:title\" content=\"Abdixhiku p\u00ebr situat\u00ebn n\u00eb vend: Nuk e p\u00ebrjashtojm\u00eb mund\u00ebsin\u00eb e demonstratave\" \/>\n<meta property=\"og:description\" content=\"Kryetari i Lidhjes Demokratike t\u00eb Kosov\u00ebs, Lumir Abdixhiku ka th\u00ebn\u00eb se nuk e p\u00ebrjashtojn\u00eb bojkotimin e pjes\u00ebmarrjes n\u00eb seanca t\u00eb Kuvendi t\u00eb Kosov\u00ebs. Abdixhiku i ftuar n\u00eb Rubikon n\u00eb Klan Kosova ka th\u00ebn\u00eb se ende nuk jan\u00eb ardhur n\u00eb nj\u00eb pozit\u00eb p\u00ebr bojkot t\u00eb jet\u00ebs parlamentare, mir\u00ebpo nuk i ka p\u00ebrjashtuar si mund\u00ebsi. Ai tutje [&hellip;]\" \/>\n<meta property=\"og:url\" content=\"https:\/\/permbledhja.com\/sq\/abdixhiku-per-situaten-ne-vend-nuk-e-perjashtojme-mundesine-e-demonstratave\/\" \/>\n<meta property=\"og:site_name\" content=\"Ve\u00e7 artikuj p\u00ebrmbledh\u00ebs\" \/>\n<meta property=\"article:publisher\" content=\"https:\/\/www.facebook.com\/press07\/\" \/>\n<meta property=\"article:published_time\" content=\"2023-07-19T20:15:43+00:00\" \/>\n<meta property=\"og:image\" content=\"https:\/\/permbledhja.com\/wp-content\/uploads\/2023\/07\/ABDIXHIKUU.jpg\" \/>\n\t<meta property=\"og:image:width\" content=\"826\" \/>\n\t<meta property=\"og:image:height\" content=\"528\" \/>\n\t<meta property=\"og:image:type\" content=\"image\/jpeg\" \/>\n<meta name=\"author\" content=\"M M\" \/>\n<meta name=\"twitter:card\" content=\"summary_large_image\" \/>\n<meta name=\"twitter:label1\" content=\"Written by\" \/>\n\t<meta name=\"twitter:data1\" content=\"M M\" \/>\n\t<meta name=\"twitter:label2\" content=\"Est. reading time\" \/>\n\t<meta name=\"twitter:data2\" content=\"1 minut\u00eb\" \/>\n<script type=\"application\/ld+json\" class=\"yoast-schema-graph\">{\"@context\":\"https:\/\/schema.org\",\"@graph\":[{\"@type\":\"Article\",\"@id\":\"https:\/\/permbledhja.com\/abdixhiku-per-situaten-ne-vend-nuk-e-perjashtojme-mundesine-e-demonstratave\/#article\",\"isPartOf\":{\"@id\":\"https:\/\/permbledhja.com\/abdixhiku-per-situaten-ne-vend-nuk-e-perjashtojme-mundesine-e-demonstratave\/\"},\"author\":{\"name\":\"M M\",\"@id\":\"https:\/\/permbledhja.com\/#\/schema\/person\/d23f13f59b5722643933d6780783acf3\"},\"headline\":\"Abdixhiku p\u00ebr situat\u00ebn n\u00eb vend: Nuk e p\u00ebrjashtojm\u00eb mund\u00ebsin\u00eb e demonstratave\",\"datePublished\":\"2023-07-19T20:15:43+00:00\",\"dateModified\":\"2023-07-19T20:15:43+00:00\",\"mainEntityOfPage\":{\"@id\":\"https:\/\/permbledhja.com\/abdixhiku-per-situaten-ne-vend-nuk-e-perjashtojme-mundesine-e-demonstratave\/\"},\"wordCount\":237,\"publisher\":{\"@id\":\"https:\/\/permbledhja.com\/#organization\"},\"keywords\":[\"Lumir Abdixhiku\"],\"articleSection\":[\"Komb\u00ebtare\",\"Lajme\"],\"inLanguage\":\"sq\"},{\"@type\":\"WebPage\",\"@id\":\"https:\/\/permbledhja.com\/abdixhiku-per-situaten-ne-vend-nuk-e-perjashtojme-mundesine-e-demonstratave\/\",\"url\":\"https:\/\/permbledhja.com\/abdixhiku-per-situaten-ne-vend-nuk-e-perjashtojme-mundesine-e-demonstratave\/\",\"name\":\"Abdixhiku p\u00ebr situat\u00ebn n\u00eb vend: Nuk e p\u00ebrjashtojm\u00eb mund\u00ebsin\u00eb e demonstratave\",\"isPartOf\":{\"@id\":\"https:\/\/permbledhja.com\/#website\"},\"datePublished\":\"2023-07-19T20:15:43+00:00\",\"dateModified\":\"2023-07-19T20:15:43+00:00\",\"breadcrumb\":{\"@id\":\"https:\/\/permbledhja.com\/abdixhiku-per-situaten-ne-vend-nuk-e-perjashtojme-mundesine-e-demonstratave\/#breadcrumb\"},\"inLanguage\":\"sq\",\"potentialAction\":[{\"@type\":\"ReadAction\",\"target\":[\"https:\/\/permbledhja.com\/abdixhiku-per-situaten-ne-vend-nuk-e-perjashtojme-mundesine-e-demonstratave\/\"]}]},{\"@type\":\"BreadcrumbList\",\"@id\":\"https:\/\/permbledhja.com\/abdixhiku-per-situaten-ne-vend-nuk-e-perjashtojme-mundesine-e-demonstratave\/#breadcrumb\",\"itemListElement\":[{\"@type\":\"ListItem\",\"position\":1,\"name\":\"Ballina\",\"item\":\"https:\/\/permbledhja.com\/sq\/\"},{\"@type\":\"ListItem\",\"position\":2,\"name\":\"Abdixhiku p\u00ebr situat\u00ebn n\u00eb vend: Nuk e p\u00ebrjashtojm\u00eb mund\u00ebsin\u00eb e demonstratave\"}]},{\"@type\":\"WebSite\",\"@id\":\"https:\/\/permbledhja.com\/#website\",\"url\":\"https:\/\/permbledhja.com\/\",\"name\":\"Ve\u00e7 artikuj p\u00ebrmbledh\u00ebs\",\"description\":\"\",\"publisher\":{\"@id\":\"https:\/\/permbledhja.com\/#organization\"},\"potentialAction\":[{\"@type\":\"SearchAction\",\"target\":{\"@type\":\"EntryPoint\",\"urlTemplate\":\"https:\/\/permbledhja.com\/?s={search_term_string}\"},\"query-input\":\"required name=search_term_string\"}],\"inLanguage\":\"sq\"},{\"@type\":\"Organization\",\"@id\":\"https:\/\/permbledhja.com\/#organization\",\"name\":\"MK Media & Pr\",\"url\":\"https:\/\/permbledhja.com\/\",\"logo\":{\"@type\":\"ImageObject\",\"inLanguage\":\"sq\",\"@id\":\"https:\/\/permbledhja.com\/#\/schema\/logo\/image\/\",\"url\":\"https:\/\/permbledhja.com\/wp-content\/uploads\/2021\/12\/07-Press-Logo.jpg\",\"contentUrl\":\"https:\/\/permbledhja.com\/wp-content\/uploads\/2021\/12\/07-Press-Logo.jpg\",\"width\":512,\"height\":512,\"caption\":\"MK Media & Pr\"},\"image\":{\"@id\":\"https:\/\/permbledhja.com\/#\/schema\/logo\/image\/\"},\"sameAs\":[\"https:\/\/www.facebook.com\/press07\/\"]},{\"@type\":\"Person\",\"@id\":\"https:\/\/permbledhja.com\/#\/schema\/person\/d23f13f59b5722643933d6780783acf3\",\"name\":\"M M\",\"image\":{\"@type\":\"ImageObject\",\"inLanguage\":\"sq\",\"@id\":\"https:\/\/permbledhja.com\/#\/schema\/person\/image\/\",\"url\":\"https:\/\/secure.gravatar.com\/avatar\/e2835a76ca7c31a2416b2d51c4ec9a8f?s=96&d=mm&r=g\",\"contentUrl\":\"https:\/\/secure.gravatar.com\/avatar\/e2835a76ca7c31a2416b2d51c4ec9a8f?s=96&d=mm&r=g\",\"caption\":\"M M\"},\"sameAs\":[\"http:\/\/MM\"],\"url\":\"https:\/\/permbledhja.com\/sq\/author\/muhamet\/\"}]}<\/script>\n<!-- \/ Yoast SEO plugin. -->","yoast_head_json":{"title":"Abdixhiku p\u00ebr situat\u00ebn n\u00eb vend: Nuk e p\u00ebrjashtojm\u00eb mund\u00ebsin\u00eb e demonstratave","robots":{"index":"index","follow":"follow","max-snippet":"max-snippet:-1","max-image-preview":"max-image-preview:large","max-video-preview":"max-video-preview:-1"},"canonical":"https:\/\/permbledhja.com\/sq\/abdixhiku-per-situaten-ne-vend-nuk-e-perjashtojme-mundesine-e-demonstratave\/","og_locale":"sq_AL","og_type":"article","og_title":"Abdixhiku p\u00ebr situat\u00ebn n\u00eb vend: Nuk e p\u00ebrjashtojm\u00eb mund\u00ebsin\u00eb e demonstratave","og_description":"Kryetari i Lidhjes Demokratike t\u00eb Kosov\u00ebs, Lumir Abdixhiku ka th\u00ebn\u00eb se nuk e p\u00ebrjashtojn\u00eb bojkotimin e pjes\u00ebmarrjes n\u00eb seanca t\u00eb Kuvendi t\u00eb Kosov\u00ebs. Abdixhiku i ftuar n\u00eb Rubikon n\u00eb Klan Kosova ka th\u00ebn\u00eb se ende nuk jan\u00eb ardhur n\u00eb nj\u00eb pozit\u00eb p\u00ebr bojkot t\u00eb jet\u00ebs parlamentare, mir\u00ebpo nuk i ka p\u00ebrjashtuar si mund\u00ebsi. Ai tutje [&hellip;]","og_url":"https:\/\/permbledhja.com\/sq\/abdixhiku-per-situaten-ne-vend-nuk-e-perjashtojme-mundesine-e-demonstratave\/","og_site_name":"Ve\u00e7 artikuj p\u00ebrmbledh\u00ebs","article_publisher":"https:\/\/www.facebook.com\/press07\/","article_published_time":"2023-07-19T20:15:43+00:00","og_image":[{"width":826,"height":528,"url":"https:\/\/permbledhja.com\/wp-content\/uploads\/2023\/07\/ABDIXHIKUU.jpg","type":"image\/jpeg"}],"author":"M M","twitter_card":"summary_large_image","twitter_misc":{"Written by":"M M","Est. reading time":"1 minut\u00eb"},"schema":{"@context":"https:\/\/schema.org","@graph":[{"@type":"Article","@id":"https:\/\/permbledhja.com\/abdixhiku-per-situaten-ne-vend-nuk-e-perjashtojme-mundesine-e-demonstratave\/#article","isPartOf":{"@id":"https:\/\/permbledhja.com\/abdixhiku-per-situaten-ne-vend-nuk-e-perjashtojme-mundesine-e-demonstratave\/"},"author":{"name":"M M","@id":"https:\/\/permbledhja.com\/#\/schema\/person\/d23f13f59b5722643933d6780783acf3"},"headline":"Abdixhiku p\u00ebr situat\u00ebn n\u00eb vend: Nuk e p\u00ebrjashtojm\u00eb mund\u00ebsin\u00eb e demonstratave","datePublished":"2023-07-19T20:15:43+00:00","dateModified":"2023-07-19T20:15:43+00:00","mainEntityOfPage":{"@id":"https:\/\/permbledhja.com\/abdixhiku-per-situaten-ne-vend-nuk-e-perjashtojme-mundesine-e-demonstratave\/"},"wordCount":237,"publisher":{"@id":"https:\/\/permbledhja.com\/#organization"},"keywords":["Lumir Abdixhiku"],"articleSection":["Komb\u00ebtare","Lajme"],"inLanguage":"sq"},{"@type":"WebPage","@id":"https:\/\/permbledhja.com\/abdixhiku-per-situaten-ne-vend-nuk-e-perjashtojme-mundesine-e-demonstratave\/","url":"https:\/\/permbledhja.com\/abdixhiku-per-situaten-ne-vend-nuk-e-perjashtojme-mundesine-e-demonstratave\/","name":"Abdixhiku p\u00ebr situat\u00ebn n\u00eb vend: Nuk e p\u00ebrjashtojm\u00eb mund\u00ebsin\u00eb e demonstratave","isPartOf":{"@id":"https:\/\/permbledhja.com\/#website"},"datePublished":"2023-07-19T20:15:43+00:00","dateModified":"2023-07-19T20:15:43+00:00","breadcrumb":{"@id":"https:\/\/permbledhja.com\/abdixhiku-per-situaten-ne-vend-nuk-e-perjashtojme-mundesine-e-demonstratave\/#breadcrumb"},"inLanguage":"sq","potentialAction":[{"@type":"ReadAction","target":["https:\/\/permbledhja.com\/abdixhiku-per-situaten-ne-vend-nuk-e-perjashtojme-mundesine-e-demonstratave\/"]}]},{"@type":"BreadcrumbList","@id":"https:\/\/permbledhja.com\/abdixhiku-per-situaten-ne-vend-nuk-e-perjashtojme-mundesine-e-demonstratave\/#breadcrumb","itemListElement":[{"@type":"ListItem","position":1,"name":"Ballina","item":"https:\/\/permbledhja.com\/sq\/"},{"@type":"ListItem","position":2,"name":"Abdixhiku p\u00ebr situat\u00ebn n\u00eb vend: Nuk e p\u00ebrjashtojm\u00eb mund\u00ebsin\u00eb e demonstratave"}]},{"@type":"WebSite","@id":"https:\/\/permbledhja.com\/#website","url":"https:\/\/permbledhja.com\/","name":"Ve\u00e7 artikuj p\u00ebrmbledh\u00ebs","description":"","publisher":{"@id":"https:\/\/permbledhja.com\/#organization"},"potentialAction":[{"@type":"SearchAction","target":{"@type":"EntryPoint","urlTemplate":"https:\/\/permbledhja.com\/?s={search_term_string}"},"query-input":"required name=search_term_string"}],"inLanguage":"sq"},{"@type":"Organization","@id":"https:\/\/permbledhja.com\/#organization","name":"MK Media & Pr","url":"https:\/\/permbledhja.com\/","logo":{"@type":"ImageObject","inLanguage":"sq","@id":"https:\/\/permbledhja.com\/#\/schema\/logo\/image\/","url":"https:\/\/permbledhja.com\/wp-content\/uploads\/2021\/12\/07-Press-Logo.jpg","contentUrl":"https:\/\/permbledhja.com\/wp-content\/uploads\/2021\/12\/07-Press-Logo.jpg","width":512,"height":512,"caption":"MK Media & Pr"},"image":{"@id":"https:\/\/permbledhja.com\/#\/schema\/logo\/image\/"},"sameAs":["https:\/\/www.facebook.com\/press07\/"]},{"@type":"Person","@id":"https:\/\/permbledhja.com\/#\/schema\/person\/d23f13f59b5722643933d6780783acf3","name":"M M","image":{"@type":"ImageObject","inLanguage":"sq","@id":"https:\/\/permbledhja.com\/#\/schema\/person\/image\/","url":"https:\/\/secure.gravatar.com\/avatar\/e2835a76ca7c31a2416b2d51c4ec9a8f?s=96&d=mm&r=g","contentUrl":"https:\/\/secure.gravatar.com\/avatar\/e2835a76ca7c31a2416b2d51c4ec9a8f?s=96&d=mm&r=g","caption":"M M"},"sameAs":["http:\/\/MM"],"url":"https:\/\/permbledhja.com\/sq\/author\/muhamet\/"}]}},"_links":{"self":[{"href":"https:\/\/permbledhja.com\/sq\/wp-json\/wp\/v2\/posts\/19799"}],"collection":[{"href":"https:\/\/permbledhja.com\/sq\/wp-json\/wp\/v2\/posts"}],"about":[{"href":"https:\/\/permbledhja.com\/sq\/wp-json\/wp\/v2\/types\/post"}],"author":[{"embeddable":true,"href":"https:\/\/permbledhja.com\/sq\/wp-json\/wp\/v2\/users\/2"}],"replies":[{"embeddable":true,"href":"https:\/\/permbledhja.com\/sq\/wp-json\/wp\/v2\/comments?post=19799"}],"version-history":[{"count":1,"href":"https:\/\/permbledhja.com\/sq\/wp-json\/wp\/v2\/posts\/19799\/revisions"}],"predecessor-version":[{"id":19801,"href":"https:\/\/permbledhja.com\/sq\/wp-json\/wp\/v2\/posts\/19799\/revisions\/19801"}],"wp:featuredmedia":[{"embeddable":true,"href":"https:\/\/permbledhja.com\/sq\/wp-json\/wp\/v2\/media\/19800"}],"wp:attachment":[{"href":"https:\/\/permbledhja.com\/sq\/wp-json\/wp\/v2\/media?parent=19799"}],"wp:term":[{"taxonomy":"category","embeddable":true,"href":"https:\/\/permbledhja.com\/sq\/wp-json\/wp\/v2\/categories?post=19799"},{"taxonomy":"post_tag","embeddable":true,"href":"https:\/\/permbledhja.com\/sq\/wp-json\/wp\/v2\/tags?post=19799"}],"curies":[{"name":"wp","href":"https:\/\/api.w.org\/{rel}","templated":true}]}}