{"id":19778,"date":"2023-07-19T18:25:33","date_gmt":"2023-07-19T18:25:33","guid":{"rendered":"https:\/\/permbledhja.com\/?p=19778"},"modified":"2023-07-19T18:25:33","modified_gmt":"2023-07-19T18:25:33","slug":"haradinaj-per-kurtin-eshte-koha-e-fundit-ti-degjoje-aleatet","status":"publish","type":"post","link":"https:\/\/permbledhja.com\/sq\/haradinaj-per-kurtin-eshte-koha-e-fundit-ti-degjoje-aleatet\/","title":{"rendered":"Haradinaj p\u00ebr Kurtin: \u00cbsht\u00eb koha e fundit t\u2019i d\u00ebgjoj\u00eb aleat\u00ebt"},"content":{"rendered":"<h3>Kryetari i AAK-s\u00eb, Ramush Haradinaj, ka th\u00ebn\u00eb se kryeministri Albin Kurti e ka koh\u00ebn e fundit t\u00eb largohet nga temat tensionuese dhe destruktive.<\/h3>\n<p>Sipas Haradinaj, k\u00ebso elementesh zhvillojn\u00eb lider\u00ebt pro rus duke p\u00ebrmendur kryetari i Republik\u00ebs S\u00ebrpska n\u00eb Bosnje dhe Hercegovin\u00eb, Milorad Dodik, dhe presidentin serb, Aleksandar Vu\u00e7iq.<\/p>\n<p>Ai, me an\u00eb t\u00eb nj\u00eb postimi n\u00eb rrjetin social Facebook, tha se Kurti e ka koh\u00ebn fundit edhe p\u00ebr t\u2019i marr\u00eb parasysh k\u00ebrkesat e aleat\u00ebve.<\/p>\n<p>\u201c\u00cbsht\u00eb koha e fundit q\u00eb Kurti t\u2019i lexoj\u00eb drejt\u00eb porosit\u00eb e miqve t\u00eb pal\u00ebkundur t\u00eb Republik\u00ebs s\u00eb Kosov\u00ebs, t\u00eb Komisionit t\u00eb Dhom\u00ebs s\u00eb P\u00ebrfaq\u00ebsuesve p\u00ebr Marr\u00ebdh\u00ebniet me Jasht\u00eb, t\u00eb ofruara me dashamir\u00ebsin\u00eb dhe mir\u00ebkuptimin e aleat\u00ebve dhe partner\u00ebve n\u00eb d\u00ebshmin\u00eb e fundit t\u00eb Escobar\u201d.<\/p>\n<p>\u201cShtetet e Bashkuara t\u00eb Amerik\u00ebs dhe politik\u00ebb\u00ebr\u00ebsit e saj, edhe k\u00ebsaj radhe po inkurajojn\u00eb Kosov\u00ebn t\u2019u q\u00ebndroj\u00eb zotimeve, t\u00eb hap\u00eb rrug\u00eb p\u00ebr afirmim nd\u00ebrkomb\u00ebtar, p\u00ebr an\u00ebtar\u00ebsim n\u00eb organizata nd\u00ebrkomb\u00ebtare, p\u00ebr fushat\u00eb globale t\u00eb njohjes, p\u00ebr avancim n\u00eb integrim evropian dhe p\u00ebr zhvillim social e ekonomik, p\u00ebr vendosm\u00ebri n\u00eb proces t\u00eb rrug\u00ebtimit drejt NATO-s dhe BE-s\u00eb. K\u00ebtu q\u00ebndrojn\u00eb, k\u00ebtu i gjejm\u00eb dhe k\u00ebtu na presin miqt\u00eb tan\u00eb strategjik\u00eb\u201d, ka th\u00ebn\u00eb Haradinaj.<\/p>\n<p>Haradinaj ka theksuar se: \u201cKurti mund t\u00eb ket\u00eb ritmin dhe or\u00ebn e tij, por Kosova nuk ka koh\u00eb p\u00ebr t\u00eb humbur, ve\u00e7mas kur porosit\u00eb dhe pritjet e aleatit ton\u00eb jan\u00eb t\u00eb qarta dhe t\u00eb drejtp\u00ebrdrejta\u201d.<\/p>\n","protected":false},"excerpt":{"rendered":"<p>Kryetari i AAK-s\u00eb, Ramush Haradinaj, ka th\u00ebn\u00eb se kryeministri Albin Kurti e ka koh\u00ebn e fundit t\u00eb largohet nga temat tensionuese dhe destruktive. Sipas Haradinaj, k\u00ebso elementesh zhvillojn\u00eb lider\u00ebt pro rus duke p\u00ebrmendur kryetari i Republik\u00ebs S\u00ebrpska n\u00eb Bosnje dhe Hercegovin\u00eb, Milorad Dodik, dhe presidentin serb, Aleksandar Vu\u00e7iq. Ai, me an\u00eb t\u00eb nj\u00eb postimi n\u00eb [&hellip;]<\/p>\n","protected":false},"author":2,"featured_media":19779,"comment_status":"closed","ping_status":"closed","sticky":false,"template":"","format":"standard","meta":{"_monsterinsights_skip_tracking":false,"_monsterinsights_sitenote_active":false,"_monsterinsights_sitenote_note":"","_monsterinsights_sitenote_category":0,"_uf_show_specific_survey":0,"_uf_disable_surveys":false,"footnotes":""},"categories":[23,15],"tags":[86,764],"yoast_head":"<!-- This site is optimized with the Yoast SEO plugin v21.5 - https:\/\/yoast.com\/wordpress\/plugins\/seo\/ -->\n<title>Haradinaj p\u00ebr Kurtin: \u00cbsht\u00eb koha e fundit t\u2019i d\u00ebgjoj\u00eb aleat\u00ebt<\/title>\n<meta name=\"robots\" content=\"index, follow, max-snippet:-1, max-image-preview:large, max-video-preview:-1\" \/>\n<link rel=\"canonical\" href=\"https:\/\/permbledhja.com\/sq\/haradinaj-per-kurtin-eshte-koha-e-fundit-ti-degjoje-aleatet\/\" \/>\n<meta property=\"og:locale\" content=\"sq_AL\" \/>\n<meta property=\"og:type\" content=\"article\" \/>\n<meta property=\"og:title\" content=\"Haradinaj p\u00ebr Kurtin: \u00cbsht\u00eb koha e fundit t\u2019i d\u00ebgjoj\u00eb aleat\u00ebt\" \/>\n<meta property=\"og:description\" content=\"Kryetari i AAK-s\u00eb, Ramush Haradinaj, ka th\u00ebn\u00eb se kryeministri Albin Kurti e ka koh\u00ebn e fundit t\u00eb largohet nga temat tensionuese dhe destruktive. Sipas Haradinaj, k\u00ebso elementesh zhvillojn\u00eb lider\u00ebt pro rus duke p\u00ebrmendur kryetari i Republik\u00ebs S\u00ebrpska n\u00eb Bosnje dhe Hercegovin\u00eb, Milorad Dodik, dhe presidentin serb, Aleksandar Vu\u00e7iq. Ai, me an\u00eb t\u00eb nj\u00eb postimi n\u00eb [&hellip;]\" \/>\n<meta property=\"og:url\" content=\"https:\/\/permbledhja.com\/sq\/haradinaj-per-kurtin-eshte-koha-e-fundit-ti-degjoje-aleatet\/\" \/>\n<meta property=\"og:site_name\" content=\"Ve\u00e7 artikuj p\u00ebrmbledh\u00ebs\" \/>\n<meta property=\"article:publisher\" content=\"https:\/\/www.facebook.com\/press07\/\" \/>\n<meta property=\"article:published_time\" content=\"2023-07-19T18:25:33+00:00\" \/>\n<meta property=\"og:image\" content=\"https:\/\/permbledhja.com\/wp-content\/uploads\/2023\/07\/Ramush-Haradinaj.jpg\" \/>\n\t<meta property=\"og:image:width\" content=\"1145\" \/>\n\t<meta property=\"og:image:height\" content=\"660\" \/>\n\t<meta property=\"og:image:type\" content=\"image\/jpeg\" \/>\n<meta name=\"author\" content=\"M M\" \/>\n<meta name=\"twitter:card\" content=\"summary_large_image\" \/>\n<meta name=\"twitter:label1\" content=\"Written by\" \/>\n\t<meta name=\"twitter:data1\" content=\"M M\" \/>\n\t<meta name=\"twitter:label2\" content=\"Est. reading time\" \/>\n\t<meta name=\"twitter:data2\" content=\"1 minut\u00eb\" \/>\n<script type=\"application\/ld+json\" class=\"yoast-schema-graph\">{\"@context\":\"https:\/\/schema.org\",\"@graph\":[{\"@type\":\"Article\",\"@id\":\"https:\/\/permbledhja.com\/sq\/haradinaj-per-kurtin-eshte-koha-e-fundit-ti-degjoje-aleatet\/#article\",\"isPartOf\":{\"@id\":\"https:\/\/permbledhja.com\/sq\/haradinaj-per-kurtin-eshte-koha-e-fundit-ti-degjoje-aleatet\/\"},\"author\":{\"name\":\"M M\",\"@id\":\"https:\/\/permbledhja.com\/#\/schema\/person\/d23f13f59b5722643933d6780783acf3\"},\"headline\":\"Haradinaj p\u00ebr Kurtin: \u00cbsht\u00eb koha e fundit t\u2019i d\u00ebgjoj\u00eb aleat\u00ebt\",\"datePublished\":\"2023-07-19T18:25:33+00:00\",\"dateModified\":\"2023-07-19T18:25:33+00:00\",\"mainEntityOfPage\":{\"@id\":\"https:\/\/permbledhja.com\/sq\/haradinaj-per-kurtin-eshte-koha-e-fundit-ti-degjoje-aleatet\/\"},\"wordCount\":295,\"publisher\":{\"@id\":\"https:\/\/permbledhja.com\/#organization\"},\"keywords\":[\"Albin Kurti\",\"Ramush Haradinaj\"],\"articleSection\":[\"Komb\u00ebtare\",\"Lajme\"],\"inLanguage\":\"sq\"},{\"@type\":\"WebPage\",\"@id\":\"https:\/\/permbledhja.com\/sq\/haradinaj-per-kurtin-eshte-koha-e-fundit-ti-degjoje-aleatet\/\",\"url\":\"https:\/\/permbledhja.com\/sq\/haradinaj-per-kurtin-eshte-koha-e-fundit-ti-degjoje-aleatet\/\",\"name\":\"Haradinaj p\u00ebr Kurtin: \u00cbsht\u00eb koha e fundit t\u2019i d\u00ebgjoj\u00eb aleat\u00ebt\",\"isPartOf\":{\"@id\":\"https:\/\/permbledhja.com\/#website\"},\"datePublished\":\"2023-07-19T18:25:33+00:00\",\"dateModified\":\"2023-07-19T18:25:33+00:00\",\"breadcrumb\":{\"@id\":\"https:\/\/permbledhja.com\/sq\/haradinaj-per-kurtin-eshte-koha-e-fundit-ti-degjoje-aleatet\/#breadcrumb\"},\"inLanguage\":\"sq\",\"potentialAction\":[{\"@type\":\"ReadAction\",\"target\":[\"https:\/\/permbledhja.com\/sq\/haradinaj-per-kurtin-eshte-koha-e-fundit-ti-degjoje-aleatet\/\"]}]},{\"@type\":\"BreadcrumbList\",\"@id\":\"https:\/\/permbledhja.com\/sq\/haradinaj-per-kurtin-eshte-koha-e-fundit-ti-degjoje-aleatet\/#breadcrumb\",\"itemListElement\":[{\"@type\":\"ListItem\",\"position\":1,\"name\":\"Ballina\",\"item\":\"https:\/\/permbledhja.com\/sq\/\"},{\"@type\":\"ListItem\",\"position\":2,\"name\":\"Haradinaj p\u00ebr Kurtin: \u00cbsht\u00eb koha e fundit t\u2019i d\u00ebgjoj\u00eb aleat\u00ebt\"}]},{\"@type\":\"WebSite\",\"@id\":\"https:\/\/permbledhja.com\/#website\",\"url\":\"https:\/\/permbledhja.com\/\",\"name\":\"Ve\u00e7 artikuj p\u00ebrmbledh\u00ebs\",\"description\":\"\",\"publisher\":{\"@id\":\"https:\/\/permbledhja.com\/#organization\"},\"potentialAction\":[{\"@type\":\"SearchAction\",\"target\":{\"@type\":\"EntryPoint\",\"urlTemplate\":\"https:\/\/permbledhja.com\/?s={search_term_string}\"},\"query-input\":\"required name=search_term_string\"}],\"inLanguage\":\"sq\"},{\"@type\":\"Organization\",\"@id\":\"https:\/\/permbledhja.com\/#organization\",\"name\":\"MK Media & Pr\",\"url\":\"https:\/\/permbledhja.com\/\",\"logo\":{\"@type\":\"ImageObject\",\"inLanguage\":\"sq\",\"@id\":\"https:\/\/permbledhja.com\/#\/schema\/logo\/image\/\",\"url\":\"https:\/\/permbledhja.com\/wp-content\/uploads\/2021\/12\/07-Press-Logo.jpg\",\"contentUrl\":\"https:\/\/permbledhja.com\/wp-content\/uploads\/2021\/12\/07-Press-Logo.jpg\",\"width\":512,\"height\":512,\"caption\":\"MK Media & Pr\"},\"image\":{\"@id\":\"https:\/\/permbledhja.com\/#\/schema\/logo\/image\/\"},\"sameAs\":[\"https:\/\/www.facebook.com\/press07\/\"]},{\"@type\":\"Person\",\"@id\":\"https:\/\/permbledhja.com\/#\/schema\/person\/d23f13f59b5722643933d6780783acf3\",\"name\":\"M M\",\"image\":{\"@type\":\"ImageObject\",\"inLanguage\":\"sq\",\"@id\":\"https:\/\/permbledhja.com\/#\/schema\/person\/image\/\",\"url\":\"https:\/\/secure.gravatar.com\/avatar\/e2835a76ca7c31a2416b2d51c4ec9a8f?s=96&d=mm&r=g\",\"contentUrl\":\"https:\/\/secure.gravatar.com\/avatar\/e2835a76ca7c31a2416b2d51c4ec9a8f?s=96&d=mm&r=g\",\"caption\":\"M M\"},\"sameAs\":[\"http:\/\/MM\"],\"url\":\"https:\/\/permbledhja.com\/sq\/author\/muhamet\/\"}]}<\/script>\n<!-- \/ Yoast SEO plugin. -->","yoast_head_json":{"title":"Haradinaj p\u00ebr Kurtin: \u00cbsht\u00eb koha e fundit t\u2019i d\u00ebgjoj\u00eb aleat\u00ebt","robots":{"index":"index","follow":"follow","max-snippet":"max-snippet:-1","max-image-preview":"max-image-preview:large","max-video-preview":"max-video-preview:-1"},"canonical":"https:\/\/permbledhja.com\/sq\/haradinaj-per-kurtin-eshte-koha-e-fundit-ti-degjoje-aleatet\/","og_locale":"sq_AL","og_type":"article","og_title":"Haradinaj p\u00ebr Kurtin: \u00cbsht\u00eb koha e fundit t\u2019i d\u00ebgjoj\u00eb aleat\u00ebt","og_description":"Kryetari i AAK-s\u00eb, Ramush Haradinaj, ka th\u00ebn\u00eb se kryeministri Albin Kurti e ka koh\u00ebn e fundit t\u00eb largohet nga temat tensionuese dhe destruktive. Sipas Haradinaj, k\u00ebso elementesh zhvillojn\u00eb lider\u00ebt pro rus duke p\u00ebrmendur kryetari i Republik\u00ebs S\u00ebrpska n\u00eb Bosnje dhe Hercegovin\u00eb, Milorad Dodik, dhe presidentin serb, Aleksandar Vu\u00e7iq. Ai, me an\u00eb t\u00eb nj\u00eb postimi n\u00eb [&hellip;]","og_url":"https:\/\/permbledhja.com\/sq\/haradinaj-per-kurtin-eshte-koha-e-fundit-ti-degjoje-aleatet\/","og_site_name":"Ve\u00e7 artikuj p\u00ebrmbledh\u00ebs","article_publisher":"https:\/\/www.facebook.com\/press07\/","article_published_time":"2023-07-19T18:25:33+00:00","og_image":[{"width":1145,"height":660,"url":"https:\/\/permbledhja.com\/wp-content\/uploads\/2023\/07\/Ramush-Haradinaj.jpg","type":"image\/jpeg"}],"author":"M M","twitter_card":"summary_large_image","twitter_misc":{"Written by":"M M","Est. reading time":"1 minut\u00eb"},"schema":{"@context":"https:\/\/schema.org","@graph":[{"@type":"Article","@id":"https:\/\/permbledhja.com\/sq\/haradinaj-per-kurtin-eshte-koha-e-fundit-ti-degjoje-aleatet\/#article","isPartOf":{"@id":"https:\/\/permbledhja.com\/sq\/haradinaj-per-kurtin-eshte-koha-e-fundit-ti-degjoje-aleatet\/"},"author":{"name":"M M","@id":"https:\/\/permbledhja.com\/#\/schema\/person\/d23f13f59b5722643933d6780783acf3"},"headline":"Haradinaj p\u00ebr Kurtin: \u00cbsht\u00eb koha e fundit t\u2019i d\u00ebgjoj\u00eb aleat\u00ebt","datePublished":"2023-07-19T18:25:33+00:00","dateModified":"2023-07-19T18:25:33+00:00","mainEntityOfPage":{"@id":"https:\/\/permbledhja.com\/sq\/haradinaj-per-kurtin-eshte-koha-e-fundit-ti-degjoje-aleatet\/"},"wordCount":295,"publisher":{"@id":"https:\/\/permbledhja.com\/#organization"},"keywords":["Albin Kurti","Ramush Haradinaj"],"articleSection":["Komb\u00ebtare","Lajme"],"inLanguage":"sq"},{"@type":"WebPage","@id":"https:\/\/permbledhja.com\/sq\/haradinaj-per-kurtin-eshte-koha-e-fundit-ti-degjoje-aleatet\/","url":"https:\/\/permbledhja.com\/sq\/haradinaj-per-kurtin-eshte-koha-e-fundit-ti-degjoje-aleatet\/","name":"Haradinaj p\u00ebr Kurtin: \u00cbsht\u00eb koha e fundit t\u2019i d\u00ebgjoj\u00eb aleat\u00ebt","isPartOf":{"@id":"https:\/\/permbledhja.com\/#website"},"datePublished":"2023-07-19T18:25:33+00:00","dateModified":"2023-07-19T18:25:33+00:00","breadcrumb":{"@id":"https:\/\/permbledhja.com\/sq\/haradinaj-per-kurtin-eshte-koha-e-fundit-ti-degjoje-aleatet\/#breadcrumb"},"inLanguage":"sq","potentialAction":[{"@type":"ReadAction","target":["https:\/\/permbledhja.com\/sq\/haradinaj-per-kurtin-eshte-koha-e-fundit-ti-degjoje-aleatet\/"]}]},{"@type":"BreadcrumbList","@id":"https:\/\/permbledhja.com\/sq\/haradinaj-per-kurtin-eshte-koha-e-fundit-ti-degjoje-aleatet\/#breadcrumb","itemListElement":[{"@type":"ListItem","position":1,"name":"Ballina","item":"https:\/\/permbledhja.com\/sq\/"},{"@type":"ListItem","position":2,"name":"Haradinaj p\u00ebr Kurtin: \u00cbsht\u00eb koha e fundit t\u2019i d\u00ebgjoj\u00eb aleat\u00ebt"}]},{"@type":"WebSite","@id":"https:\/\/permbledhja.com\/#website","url":"https:\/\/permbledhja.com\/","name":"Ve\u00e7 artikuj p\u00ebrmbledh\u00ebs","description":"","publisher":{"@id":"https:\/\/permbledhja.com\/#organization"},"potentialAction":[{"@type":"SearchAction","target":{"@type":"EntryPoint","urlTemplate":"https:\/\/permbledhja.com\/?s={search_term_string}"},"query-input":"required name=search_term_string"}],"inLanguage":"sq"},{"@type":"Organization","@id":"https:\/\/permbledhja.com\/#organization","name":"MK Media & Pr","url":"https:\/\/permbledhja.com\/","logo":{"@type":"ImageObject","inLanguage":"sq","@id":"https:\/\/permbledhja.com\/#\/schema\/logo\/image\/","url":"https:\/\/permbledhja.com\/wp-content\/uploads\/2021\/12\/07-Press-Logo.jpg","contentUrl":"https:\/\/permbledhja.com\/wp-content\/uploads\/2021\/12\/07-Press-Logo.jpg","width":512,"height":512,"caption":"MK Media & Pr"},"image":{"@id":"https:\/\/permbledhja.com\/#\/schema\/logo\/image\/"},"sameAs":["https:\/\/www.facebook.com\/press07\/"]},{"@type":"Person","@id":"https:\/\/permbledhja.com\/#\/schema\/person\/d23f13f59b5722643933d6780783acf3","name":"M M","image":{"@type":"ImageObject","inLanguage":"sq","@id":"https:\/\/permbledhja.com\/#\/schema\/person\/image\/","url":"https:\/\/secure.gravatar.com\/avatar\/e2835a76ca7c31a2416b2d51c4ec9a8f?s=96&d=mm&r=g","contentUrl":"https:\/\/secure.gravatar.com\/avatar\/e2835a76ca7c31a2416b2d51c4ec9a8f?s=96&d=mm&r=g","caption":"M M"},"sameAs":["http:\/\/MM"],"url":"https:\/\/permbledhja.com\/sq\/author\/muhamet\/"}]}},"_links":{"self":[{"href":"https:\/\/permbledhja.com\/sq\/wp-json\/wp\/v2\/posts\/19778"}],"collection":[{"href":"https:\/\/permbledhja.com\/sq\/wp-json\/wp\/v2\/posts"}],"about":[{"href":"https:\/\/permbledhja.com\/sq\/wp-json\/wp\/v2\/types\/post"}],"author":[{"embeddable":true,"href":"https:\/\/permbledhja.com\/sq\/wp-json\/wp\/v2\/users\/2"}],"replies":[{"embeddable":true,"href":"https:\/\/permbledhja.com\/sq\/wp-json\/wp\/v2\/comments?post=19778"}],"version-history":[{"count":1,"href":"https:\/\/permbledhja.com\/sq\/wp-json\/wp\/v2\/posts\/19778\/revisions"}],"predecessor-version":[{"id":19780,"href":"https:\/\/permbledhja.com\/sq\/wp-json\/wp\/v2\/posts\/19778\/revisions\/19780"}],"wp:featuredmedia":[{"embeddable":true,"href":"https:\/\/permbledhja.com\/sq\/wp-json\/wp\/v2\/media\/19779"}],"wp:attachment":[{"href":"https:\/\/permbledhja.com\/sq\/wp-json\/wp\/v2\/media?parent=19778"}],"wp:term":[{"taxonomy":"category","embeddable":true,"href":"https:\/\/permbledhja.com\/sq\/wp-json\/wp\/v2\/categories?post=19778"},{"taxonomy":"post_tag","embeddable":true,"href":"https:\/\/permbledhja.com\/sq\/wp-json\/wp\/v2\/tags?post=19778"}],"curies":[{"name":"wp","href":"https:\/\/api.w.org\/{rel}","templated":true}]}}