{"id":19775,"date":"2023-07-19T18:18:47","date_gmt":"2023-07-19T18:18:47","guid":{"rendered":"https:\/\/permbledhja.com\/?p=19775"},"modified":"2023-07-19T18:18:47","modified_gmt":"2023-07-19T18:18:47","slug":"stoltenberg-ia-permend-vuciqit-ushtaret-e-lenduar-ne-veri-te-kosoves-e-papranueshme","status":"publish","type":"post","link":"https:\/\/permbledhja.com\/sq\/stoltenberg-ia-permend-vuciqit-ushtaret-e-lenduar-ne-veri-te-kosoves-e-papranueshme\/","title":{"rendered":"Stoltenberg ia p\u00ebrmend Vu\u00e7iqit ushtar\u00ebt e l\u00ebnduar n\u00eb veri t\u00eb Kosov\u00ebs: E papranueshme"},"content":{"rendered":"<h3>Sekretari i P\u00ebrgjithsh\u00ebm i NATO-s, Jens Stoltenberg, e ka pritur n\u00eb takim presidentin serb, Aleksandar Vu\u00e7iq.<\/h3>\n<p>N\u00eb nisje t\u00eb takimit, Stoltenberg ka treguar se nd\u00ebr t\u00eb tjera do t\u00eb flasin edhe p\u00ebr situat\u00ebn n\u00eb veri t\u00eb Kosov\u00ebs, derisa ia ka p\u00ebrmendur ushtar\u00ebt e l\u00ebnduar gjat\u00eb p\u00ebrplasjeve me protestuesit serb n\u00eb muajin e kaluar.<\/p>\n<p>\u201cN\u00eb mas jan\u00eb sulmuar 93 ushtar\u00eb tan\u00eb, ku tre prej tyre jan\u00eb l\u00ebnduar seriozisht. Kjo \u00ebsht\u00eb e papranueshme\u201d, \u00ebsht\u00eb shprehur Stoltenberg, njofton KlanKosova.tv.<\/p>\n<p>\u201cTash \u00ebsht\u00eb me r\u00ebnd\u00ebsi q\u00eb tensionet jan\u00eb ulur dhe ftojm\u00eb pal\u00ebt q\u00eb t\u00eb t\u00ebrhiqen nga veprimet dhe retorika e eskalimit. Rruga e vetme \u00ebsht\u00eb ajo e angazhimit n\u00eb dialogun e leht\u00ebsuar nga BE t\u00eb cilin NATO e p\u00ebrkrah\u00eb fort\u201d.<\/p>\n","protected":false},"excerpt":{"rendered":"<p>Sekretari i P\u00ebrgjithsh\u00ebm i NATO-s, Jens Stoltenberg, e ka pritur n\u00eb takim presidentin serb, Aleksandar Vu\u00e7iq. N\u00eb nisje t\u00eb takimit, Stoltenberg ka treguar se nd\u00ebr t\u00eb tjera do t\u00eb flasin edhe p\u00ebr situat\u00ebn n\u00eb veri t\u00eb Kosov\u00ebs, derisa ia ka p\u00ebrmendur ushtar\u00ebt e l\u00ebnduar gjat\u00eb p\u00ebrplasjeve me protestuesit serb n\u00eb muajin e kaluar. \u201cN\u00eb mas [&hellip;]<\/p>\n","protected":false},"author":2,"featured_media":19776,"comment_status":"closed","ping_status":"closed","sticky":false,"template":"","format":"standard","meta":{"_monsterinsights_skip_tracking":false,"_monsterinsights_sitenote_active":false,"_monsterinsights_sitenote_note":"","_monsterinsights_sitenote_category":0,"_uf_show_specific_survey":0,"_uf_disable_surveys":false,"footnotes":""},"categories":[23,15],"tags":[],"yoast_head":"<!-- This site is optimized with the Yoast SEO plugin v21.5 - https:\/\/yoast.com\/wordpress\/plugins\/seo\/ -->\n<title>Stoltenberg ia p\u00ebrmend Vu\u00e7iqit ushtar\u00ebt e l\u00ebnduar n\u00eb veri t\u00eb Kosov\u00ebs: E papranueshme<\/title>\n<meta name=\"robots\" content=\"index, follow, max-snippet:-1, max-image-preview:large, max-video-preview:-1\" \/>\n<link rel=\"canonical\" href=\"https:\/\/permbledhja.com\/sq\/stoltenberg-ia-permend-vuciqit-ushtaret-e-lenduar-ne-veri-te-kosoves-e-papranueshme\/\" \/>\n<meta property=\"og:locale\" content=\"sq_AL\" \/>\n<meta property=\"og:type\" content=\"article\" \/>\n<meta property=\"og:title\" content=\"Stoltenberg ia p\u00ebrmend Vu\u00e7iqit ushtar\u00ebt e l\u00ebnduar n\u00eb veri t\u00eb Kosov\u00ebs: E papranueshme\" \/>\n<meta property=\"og:description\" content=\"Sekretari i P\u00ebrgjithsh\u00ebm i NATO-s, Jens Stoltenberg, e ka pritur n\u00eb takim presidentin serb, Aleksandar Vu\u00e7iq. N\u00eb nisje t\u00eb takimit, Stoltenberg ka treguar se nd\u00ebr t\u00eb tjera do t\u00eb flasin edhe p\u00ebr situat\u00ebn n\u00eb veri t\u00eb Kosov\u00ebs, derisa ia ka p\u00ebrmendur ushtar\u00ebt e l\u00ebnduar gjat\u00eb p\u00ebrplasjeve me protestuesit serb n\u00eb muajin e kaluar. \u201cN\u00eb mas [&hellip;]\" \/>\n<meta property=\"og:url\" content=\"https:\/\/permbledhja.com\/sq\/stoltenberg-ia-permend-vuciqit-ushtaret-e-lenduar-ne-veri-te-kosoves-e-papranueshme\/\" \/>\n<meta property=\"og:site_name\" content=\"Ve\u00e7 artikuj p\u00ebrmbledh\u00ebs\" \/>\n<meta property=\"article:publisher\" content=\"https:\/\/www.facebook.com\/press07\/\" \/>\n<meta property=\"article:published_time\" content=\"2023-07-19T18:18:47+00:00\" \/>\n<meta property=\"og:image\" content=\"https:\/\/permbledhja.com\/wp-content\/uploads\/2023\/07\/hhhh-2.jpg\" \/>\n\t<meta property=\"og:image:width\" content=\"817\" \/>\n\t<meta property=\"og:image:height\" content=\"467\" \/>\n\t<meta property=\"og:image:type\" content=\"image\/jpeg\" \/>\n<meta name=\"author\" content=\"M M\" \/>\n<meta name=\"twitter:card\" content=\"summary_large_image\" \/>\n<meta name=\"twitter:label1\" content=\"Written by\" \/>\n\t<meta name=\"twitter:data1\" content=\"M M\" \/>\n\t<meta name=\"twitter:label2\" content=\"Est. reading time\" \/>\n\t<meta name=\"twitter:data2\" content=\"1 minut\u00eb\" \/>\n<script type=\"application\/ld+json\" class=\"yoast-schema-graph\">{\"@context\":\"https:\/\/schema.org\",\"@graph\":[{\"@type\":\"Article\",\"@id\":\"https:\/\/permbledhja.com\/stoltenberg-ia-permend-vuciqit-ushtaret-e-lenduar-ne-veri-te-kosoves-e-papranueshme\/#article\",\"isPartOf\":{\"@id\":\"https:\/\/permbledhja.com\/stoltenberg-ia-permend-vuciqit-ushtaret-e-lenduar-ne-veri-te-kosoves-e-papranueshme\/\"},\"author\":{\"name\":\"M M\",\"@id\":\"https:\/\/permbledhja.com\/#\/schema\/person\/d23f13f59b5722643933d6780783acf3\"},\"headline\":\"Stoltenberg ia p\u00ebrmend Vu\u00e7iqit ushtar\u00ebt e l\u00ebnduar n\u00eb veri t\u00eb Kosov\u00ebs: E papranueshme\",\"datePublished\":\"2023-07-19T18:18:47+00:00\",\"dateModified\":\"2023-07-19T18:18:47+00:00\",\"mainEntityOfPage\":{\"@id\":\"https:\/\/permbledhja.com\/stoltenberg-ia-permend-vuciqit-ushtaret-e-lenduar-ne-veri-te-kosoves-e-papranueshme\/\"},\"wordCount\":151,\"publisher\":{\"@id\":\"https:\/\/permbledhja.com\/#organization\"},\"articleSection\":[\"Komb\u00ebtare\",\"Lajme\"],\"inLanguage\":\"sq\"},{\"@type\":\"WebPage\",\"@id\":\"https:\/\/permbledhja.com\/stoltenberg-ia-permend-vuciqit-ushtaret-e-lenduar-ne-veri-te-kosoves-e-papranueshme\/\",\"url\":\"https:\/\/permbledhja.com\/stoltenberg-ia-permend-vuciqit-ushtaret-e-lenduar-ne-veri-te-kosoves-e-papranueshme\/\",\"name\":\"Stoltenberg ia p\u00ebrmend Vu\u00e7iqit ushtar\u00ebt e l\u00ebnduar n\u00eb veri t\u00eb Kosov\u00ebs: E papranueshme\",\"isPartOf\":{\"@id\":\"https:\/\/permbledhja.com\/#website\"},\"datePublished\":\"2023-07-19T18:18:47+00:00\",\"dateModified\":\"2023-07-19T18:18:47+00:00\",\"breadcrumb\":{\"@id\":\"https:\/\/permbledhja.com\/stoltenberg-ia-permend-vuciqit-ushtaret-e-lenduar-ne-veri-te-kosoves-e-papranueshme\/#breadcrumb\"},\"inLanguage\":\"sq\",\"potentialAction\":[{\"@type\":\"ReadAction\",\"target\":[\"https:\/\/permbledhja.com\/stoltenberg-ia-permend-vuciqit-ushtaret-e-lenduar-ne-veri-te-kosoves-e-papranueshme\/\"]}]},{\"@type\":\"BreadcrumbList\",\"@id\":\"https:\/\/permbledhja.com\/stoltenberg-ia-permend-vuciqit-ushtaret-e-lenduar-ne-veri-te-kosoves-e-papranueshme\/#breadcrumb\",\"itemListElement\":[{\"@type\":\"ListItem\",\"position\":1,\"name\":\"Ballina\",\"item\":\"https:\/\/permbledhja.com\/sq\/\"},{\"@type\":\"ListItem\",\"position\":2,\"name\":\"Stoltenberg ia p\u00ebrmend Vu\u00e7iqit ushtar\u00ebt e l\u00ebnduar n\u00eb veri t\u00eb Kosov\u00ebs: E papranueshme\"}]},{\"@type\":\"WebSite\",\"@id\":\"https:\/\/permbledhja.com\/#website\",\"url\":\"https:\/\/permbledhja.com\/\",\"name\":\"Ve\u00e7 artikuj p\u00ebrmbledh\u00ebs\",\"description\":\"\",\"publisher\":{\"@id\":\"https:\/\/permbledhja.com\/#organization\"},\"potentialAction\":[{\"@type\":\"SearchAction\",\"target\":{\"@type\":\"EntryPoint\",\"urlTemplate\":\"https:\/\/permbledhja.com\/?s={search_term_string}\"},\"query-input\":\"required name=search_term_string\"}],\"inLanguage\":\"sq\"},{\"@type\":\"Organization\",\"@id\":\"https:\/\/permbledhja.com\/#organization\",\"name\":\"MK Media & Pr\",\"url\":\"https:\/\/permbledhja.com\/\",\"logo\":{\"@type\":\"ImageObject\",\"inLanguage\":\"sq\",\"@id\":\"https:\/\/permbledhja.com\/#\/schema\/logo\/image\/\",\"url\":\"https:\/\/permbledhja.com\/wp-content\/uploads\/2021\/12\/07-Press-Logo.jpg\",\"contentUrl\":\"https:\/\/permbledhja.com\/wp-content\/uploads\/2021\/12\/07-Press-Logo.jpg\",\"width\":512,\"height\":512,\"caption\":\"MK Media & Pr\"},\"image\":{\"@id\":\"https:\/\/permbledhja.com\/#\/schema\/logo\/image\/\"},\"sameAs\":[\"https:\/\/www.facebook.com\/press07\/\"]},{\"@type\":\"Person\",\"@id\":\"https:\/\/permbledhja.com\/#\/schema\/person\/d23f13f59b5722643933d6780783acf3\",\"name\":\"M M\",\"image\":{\"@type\":\"ImageObject\",\"inLanguage\":\"sq\",\"@id\":\"https:\/\/permbledhja.com\/#\/schema\/person\/image\/\",\"url\":\"https:\/\/secure.gravatar.com\/avatar\/e2835a76ca7c31a2416b2d51c4ec9a8f?s=96&d=mm&r=g\",\"contentUrl\":\"https:\/\/secure.gravatar.com\/avatar\/e2835a76ca7c31a2416b2d51c4ec9a8f?s=96&d=mm&r=g\",\"caption\":\"M M\"},\"sameAs\":[\"http:\/\/MM\"],\"url\":\"https:\/\/permbledhja.com\/sq\/author\/muhamet\/\"}]}<\/script>\n<!-- \/ Yoast SEO plugin. -->","yoast_head_json":{"title":"Stoltenberg ia p\u00ebrmend Vu\u00e7iqit ushtar\u00ebt e l\u00ebnduar n\u00eb veri t\u00eb Kosov\u00ebs: E papranueshme","robots":{"index":"index","follow":"follow","max-snippet":"max-snippet:-1","max-image-preview":"max-image-preview:large","max-video-preview":"max-video-preview:-1"},"canonical":"https:\/\/permbledhja.com\/sq\/stoltenberg-ia-permend-vuciqit-ushtaret-e-lenduar-ne-veri-te-kosoves-e-papranueshme\/","og_locale":"sq_AL","og_type":"article","og_title":"Stoltenberg ia p\u00ebrmend Vu\u00e7iqit ushtar\u00ebt e l\u00ebnduar n\u00eb veri t\u00eb Kosov\u00ebs: E papranueshme","og_description":"Sekretari i P\u00ebrgjithsh\u00ebm i NATO-s, Jens Stoltenberg, e ka pritur n\u00eb takim presidentin serb, Aleksandar Vu\u00e7iq. N\u00eb nisje t\u00eb takimit, Stoltenberg ka treguar se nd\u00ebr t\u00eb tjera do t\u00eb flasin edhe p\u00ebr situat\u00ebn n\u00eb veri t\u00eb Kosov\u00ebs, derisa ia ka p\u00ebrmendur ushtar\u00ebt e l\u00ebnduar gjat\u00eb p\u00ebrplasjeve me protestuesit serb n\u00eb muajin e kaluar. \u201cN\u00eb mas [&hellip;]","og_url":"https:\/\/permbledhja.com\/sq\/stoltenberg-ia-permend-vuciqit-ushtaret-e-lenduar-ne-veri-te-kosoves-e-papranueshme\/","og_site_name":"Ve\u00e7 artikuj p\u00ebrmbledh\u00ebs","article_publisher":"https:\/\/www.facebook.com\/press07\/","article_published_time":"2023-07-19T18:18:47+00:00","og_image":[{"width":817,"height":467,"url":"https:\/\/permbledhja.com\/wp-content\/uploads\/2023\/07\/hhhh-2.jpg","type":"image\/jpeg"}],"author":"M M","twitter_card":"summary_large_image","twitter_misc":{"Written by":"M M","Est. reading time":"1 minut\u00eb"},"schema":{"@context":"https:\/\/schema.org","@graph":[{"@type":"Article","@id":"https:\/\/permbledhja.com\/stoltenberg-ia-permend-vuciqit-ushtaret-e-lenduar-ne-veri-te-kosoves-e-papranueshme\/#article","isPartOf":{"@id":"https:\/\/permbledhja.com\/stoltenberg-ia-permend-vuciqit-ushtaret-e-lenduar-ne-veri-te-kosoves-e-papranueshme\/"},"author":{"name":"M M","@id":"https:\/\/permbledhja.com\/#\/schema\/person\/d23f13f59b5722643933d6780783acf3"},"headline":"Stoltenberg ia p\u00ebrmend Vu\u00e7iqit ushtar\u00ebt e l\u00ebnduar n\u00eb veri t\u00eb Kosov\u00ebs: E papranueshme","datePublished":"2023-07-19T18:18:47+00:00","dateModified":"2023-07-19T18:18:47+00:00","mainEntityOfPage":{"@id":"https:\/\/permbledhja.com\/stoltenberg-ia-permend-vuciqit-ushtaret-e-lenduar-ne-veri-te-kosoves-e-papranueshme\/"},"wordCount":151,"publisher":{"@id":"https:\/\/permbledhja.com\/#organization"},"articleSection":["Komb\u00ebtare","Lajme"],"inLanguage":"sq"},{"@type":"WebPage","@id":"https:\/\/permbledhja.com\/stoltenberg-ia-permend-vuciqit-ushtaret-e-lenduar-ne-veri-te-kosoves-e-papranueshme\/","url":"https:\/\/permbledhja.com\/stoltenberg-ia-permend-vuciqit-ushtaret-e-lenduar-ne-veri-te-kosoves-e-papranueshme\/","name":"Stoltenberg ia p\u00ebrmend Vu\u00e7iqit ushtar\u00ebt e l\u00ebnduar n\u00eb veri t\u00eb Kosov\u00ebs: E papranueshme","isPartOf":{"@id":"https:\/\/permbledhja.com\/#website"},"datePublished":"2023-07-19T18:18:47+00:00","dateModified":"2023-07-19T18:18:47+00:00","breadcrumb":{"@id":"https:\/\/permbledhja.com\/stoltenberg-ia-permend-vuciqit-ushtaret-e-lenduar-ne-veri-te-kosoves-e-papranueshme\/#breadcrumb"},"inLanguage":"sq","potentialAction":[{"@type":"ReadAction","target":["https:\/\/permbledhja.com\/stoltenberg-ia-permend-vuciqit-ushtaret-e-lenduar-ne-veri-te-kosoves-e-papranueshme\/"]}]},{"@type":"BreadcrumbList","@id":"https:\/\/permbledhja.com\/stoltenberg-ia-permend-vuciqit-ushtaret-e-lenduar-ne-veri-te-kosoves-e-papranueshme\/#breadcrumb","itemListElement":[{"@type":"ListItem","position":1,"name":"Ballina","item":"https:\/\/permbledhja.com\/sq\/"},{"@type":"ListItem","position":2,"name":"Stoltenberg ia p\u00ebrmend Vu\u00e7iqit ushtar\u00ebt e l\u00ebnduar n\u00eb veri t\u00eb Kosov\u00ebs: E papranueshme"}]},{"@type":"WebSite","@id":"https:\/\/permbledhja.com\/#website","url":"https:\/\/permbledhja.com\/","name":"Ve\u00e7 artikuj p\u00ebrmbledh\u00ebs","description":"","publisher":{"@id":"https:\/\/permbledhja.com\/#organization"},"potentialAction":[{"@type":"SearchAction","target":{"@type":"EntryPoint","urlTemplate":"https:\/\/permbledhja.com\/?s={search_term_string}"},"query-input":"required name=search_term_string"}],"inLanguage":"sq"},{"@type":"Organization","@id":"https:\/\/permbledhja.com\/#organization","name":"MK Media & Pr","url":"https:\/\/permbledhja.com\/","logo":{"@type":"ImageObject","inLanguage":"sq","@id":"https:\/\/permbledhja.com\/#\/schema\/logo\/image\/","url":"https:\/\/permbledhja.com\/wp-content\/uploads\/2021\/12\/07-Press-Logo.jpg","contentUrl":"https:\/\/permbledhja.com\/wp-content\/uploads\/2021\/12\/07-Press-Logo.jpg","width":512,"height":512,"caption":"MK Media & Pr"},"image":{"@id":"https:\/\/permbledhja.com\/#\/schema\/logo\/image\/"},"sameAs":["https:\/\/www.facebook.com\/press07\/"]},{"@type":"Person","@id":"https:\/\/permbledhja.com\/#\/schema\/person\/d23f13f59b5722643933d6780783acf3","name":"M M","image":{"@type":"ImageObject","inLanguage":"sq","@id":"https:\/\/permbledhja.com\/#\/schema\/person\/image\/","url":"https:\/\/secure.gravatar.com\/avatar\/e2835a76ca7c31a2416b2d51c4ec9a8f?s=96&d=mm&r=g","contentUrl":"https:\/\/secure.gravatar.com\/avatar\/e2835a76ca7c31a2416b2d51c4ec9a8f?s=96&d=mm&r=g","caption":"M M"},"sameAs":["http:\/\/MM"],"url":"https:\/\/permbledhja.com\/sq\/author\/muhamet\/"}]}},"_links":{"self":[{"href":"https:\/\/permbledhja.com\/sq\/wp-json\/wp\/v2\/posts\/19775"}],"collection":[{"href":"https:\/\/permbledhja.com\/sq\/wp-json\/wp\/v2\/posts"}],"about":[{"href":"https:\/\/permbledhja.com\/sq\/wp-json\/wp\/v2\/types\/post"}],"author":[{"embeddable":true,"href":"https:\/\/permbledhja.com\/sq\/wp-json\/wp\/v2\/users\/2"}],"replies":[{"embeddable":true,"href":"https:\/\/permbledhja.com\/sq\/wp-json\/wp\/v2\/comments?post=19775"}],"version-history":[{"count":1,"href":"https:\/\/permbledhja.com\/sq\/wp-json\/wp\/v2\/posts\/19775\/revisions"}],"predecessor-version":[{"id":19777,"href":"https:\/\/permbledhja.com\/sq\/wp-json\/wp\/v2\/posts\/19775\/revisions\/19777"}],"wp:featuredmedia":[{"embeddable":true,"href":"https:\/\/permbledhja.com\/sq\/wp-json\/wp\/v2\/media\/19776"}],"wp:attachment":[{"href":"https:\/\/permbledhja.com\/sq\/wp-json\/wp\/v2\/media?parent=19775"}],"wp:term":[{"taxonomy":"category","embeddable":true,"href":"https:\/\/permbledhja.com\/sq\/wp-json\/wp\/v2\/categories?post=19775"},{"taxonomy":"post_tag","embeddable":true,"href":"https:\/\/permbledhja.com\/sq\/wp-json\/wp\/v2\/tags?post=19775"}],"curies":[{"name":"wp","href":"https:\/\/api.w.org\/{rel}","templated":true}]}}