{"id":19763,"date":"2023-07-19T17:10:30","date_gmt":"2023-07-19T17:10:30","guid":{"rendered":"https:\/\/permbledhja.com\/?p=19763"},"modified":"2023-07-19T17:10:30","modified_gmt":"2023-07-19T17:10:30","slug":"vuciq-takon-lajcakun-serbia-vazhdon-te-insistoje-ne-hapat-konkrete-qe-synojne-mbrojtjen-e-jetes-se-serbeve-ne-kosove","status":"publish","type":"post","link":"https:\/\/permbledhja.com\/sq\/vuciq-takon-lajcakun-serbia-vazhdon-te-insistoje-ne-hapat-konkrete-qe-synojne-mbrojtjen-e-jetes-se-serbeve-ne-kosove\/","title":{"rendered":"Vu\u00e7iq takon Laj\u00e7akun: Serbia vazhdon t\u00eb insistoj\u00eb n\u00eb hapat konkret\u00eb q\u00eb synojn\u00eb mbrojtjen e jet\u00ebs s\u00eb serb\u00ebve n\u00eb Kosov\u00eb"},"content":{"rendered":"<h3>Aleksandar Vu\u00e7iq, president i Serbis\u00eb, ka takuar sot Miroslav Laj\u00e7akun, i d\u00ebrguar i posa\u00e7\u00ebm i BE-s\u00eb p\u00ebr dialogun Kosov\u00eb-Serbi.<\/h3>\n<p><em>Vu\u00e7iq ka treguar se me Laj\u00e7akun ka biseduar p\u00ebr raundin e fundit t\u00eb bisedimeve teknike mes Kosov\u00ebs dhe Serbis\u00eb.<\/em><\/p>\n<p><em>Tutje, n\u00eb nj\u00eb postim n\u00eb Instagram, Vu\u00e7iq shkroi se Serbia vazhdon t\u00eb insistoj\u00eb n\u00eb hapat konkret\u00eb p\u00ebr t\u00eb shtensionuar situat\u00ebn.<\/em><\/p>\n<p><em>\u201cUn\u00eb fola me Miroslav Lajcak p\u00ebr raundin e fundit t\u00eb bisedimeve teknike midis Beogradit dhe Prishtin\u00ebs dhe m\u00ebnyrat p\u00ebr t\u00eb qet\u00ebsuar tensionet n\u00eb terren. Serbia vazhdon t\u00eb insistoj\u00eb n\u00eb hapat konkret\u00eb q\u00eb synojn\u00eb mbrojtjen e jet\u00ebs s\u00eb serb\u00ebve n\u00eb Kosov\u00eb, si dhe n\u00eb zbatimin e marr\u00ebveshjeve t\u00eb arritura deri m\u00eb tani.<\/em><\/p>\n<p><em>Presidenti i Republik\u00ebs s\u00eb Serbis\u00eb, Aleksandar Vu\u00e7iq, ka takuar p\u00ebrfaq\u00ebsuesin special t\u00eb BE-s\u00eb p\u00ebr dialogun nd\u00ebrmjet Beogradit dhe Prishtin\u00ebs dhe \u00e7\u00ebshtje t\u00eb tjera rajonale t\u00eb Ballkanit Per\u00ebndimor, Miroslav Laj\u00e7ak.\u201d\u00a0\u2013 shkroi Vu\u00e7iq.<\/em><\/p>\n<blockquote class=\"instagram-media\" style=\"background: #FFF; border: 0; border-radius: 3px; box-shadow: 0 0 1px 0 rgba(0,0,0,0.5),0 1px 10px 0 rgba(0,0,0,0.15); margin: 1px; max-width: 540px; min-width: 326px; padding: 0; width: calc(100% - 2px);\" data-instgrm-captioned=\"\" data-instgrm-permalink=\"https:\/\/www.instagram.com\/p\/Cu4qtHXsAye\/?utm_source=ig_embed&amp;utm_campaign=loading\" data-instgrm-version=\"14\">\n<div style=\"padding: 16px;\">\n<p>&nbsp;<\/p>\n<div style=\"display: flex; flex-direction: row; align-items: center;\">\n<div style=\"background-color: #f4f4f4; border-radius: 50%; flex-grow: 0; height: 40px; margin-right: 14px; width: 40px;\"><\/div>\n<div style=\"display: flex; flex-direction: column; flex-grow: 1; justify-content: center;\">\n<div style=\"background-color: #f4f4f4; border-radius: 4px; flex-grow: 0; height: 14px; margin-bottom: 6px; width: 100px;\"><\/div>\n<div style=\"background-color: #f4f4f4; border-radius: 4px; flex-grow: 0; height: 14px; width: 60px;\"><\/div>\n<\/div>\n<\/div>\n<div style=\"padding: 19% 0;\"><\/div>\n<div style=\"display: block; height: 50px; margin: 0 auto 12px; width: 50px;\"><\/div>\n<div style=\"padding-top: 8px;\">\n<div style=\"color: #3897f0; font-family: Arial,sans-serif; font-size: 14px; font-style: normal; font-weight: 550; line-height: 18px;\">View this post on Instagram<\/div>\n<\/div>\n<div style=\"padding: 12.5% 0;\"><\/div>\n<div style=\"display: flex; flex-direction: row; margin-bottom: 14px; align-items: center;\">\n<div>\n<div style=\"background-color: #f4f4f4; border-radius: 50%; height: 12.5px; width: 12.5px; transform: translateX(0px) translateY(7px);\"><\/div>\n<div style=\"background-color: #f4f4f4; height: 12.5px; transform: rotate(-45deg) translateX(3px) translateY(1px); width: 12.5px; flex-grow: 0; margin-right: 14px; margin-left: 2px;\"><\/div>\n<div style=\"background-color: #f4f4f4; border-radius: 50%; height: 12.5px; width: 12.5px; transform: translateX(9px) translateY(-18px);\"><\/div>\n<\/div>\n<div style=\"margin-left: 8px;\">\n<div style=\"background-color: #f4f4f4; border-radius: 50%; flex-grow: 0; height: 20px; width: 20px;\"><\/div>\n<div style=\"width: 0; height: 0; border-top: 2px solid transparent; border-left: 6px solid #f4f4f4; border-bottom: 2px solid transparent; transform: translateX(16px) translateY(-4px) rotate(30deg);\"><\/div>\n<\/div>\n<div style=\"margin-left: auto;\">\n<div style=\"width: 0px; border-top: 8px solid #F4F4F4; border-right: 8px solid transparent; transform: translateY(16px);\"><\/div>\n<div style=\"background-color: #f4f4f4; flex-grow: 0; height: 12px; width: 16px; transform: translateY(-4px);\"><\/div>\n<div style=\"width: 0; height: 0; border-top: 8px solid #F4F4F4; border-left: 8px solid transparent; transform: translateY(-4px) translateX(8px);\"><\/div>\n<\/div>\n<\/div>\n<div style=\"display: flex; flex-direction: column; flex-grow: 1; justify-content: center; margin-bottom: 24px;\">\n<div style=\"background-color: #f4f4f4; border-radius: 4px; flex-grow: 0; height: 14px; margin-bottom: 6px; width: 224px;\"><\/div>\n<div style=\"background-color: #f4f4f4; border-radius: 4px; flex-grow: 0; height: 14px; width: 144px;\"><\/div>\n<\/div>\n<p>&nbsp;<\/p>\n<p style=\"color: #c9c8cd; font-family: Arial,sans-serif; font-size: 14px; line-height: 17px; margin-bottom: 0; margin-top: 8px; overflow: hidden; padding: 8px 0 7px; text-align: center; text-overflow: ellipsis; white-space: nowrap;\"><a style=\"color: #c9c8cd; font-family: Arial,sans-serif; font-size: 14px; font-style: normal; font-weight: normal; line-height: 17px; text-decoration: none;\" href=\"https:\/\/www.instagram.com\/p\/Cu4qtHXsAye\/?utm_source=ig_embed&amp;utm_campaign=loading\" target=\"_blank\" rel=\"noopener\">A post shared by Aleksandar Vu\u010di\u0107 (@buducnostsrbijeav)<\/a><\/p>\n<\/div>\n<\/blockquote>\n<p><script async src=\"\/\/www.instagram.com\/embed.js\"><\/script><\/p>\n","protected":false},"excerpt":{"rendered":"<p>Aleksandar Vu\u00e7iq, president i Serbis\u00eb, ka takuar sot Miroslav Laj\u00e7akun, i d\u00ebrguar i posa\u00e7\u00ebm i BE-s\u00eb p\u00ebr dialogun Kosov\u00eb-Serbi. Vu\u00e7iq ka treguar se me Laj\u00e7akun ka biseduar p\u00ebr raundin e fundit t\u00eb bisedimeve teknike mes Kosov\u00ebs dhe Serbis\u00eb. Tutje, n\u00eb nj\u00eb postim n\u00eb Instagram, Vu\u00e7iq shkroi se Serbia vazhdon t\u00eb insistoj\u00eb n\u00eb hapat konkret\u00eb p\u00ebr [&hellip;]<\/p>\n","protected":false},"author":2,"featured_media":19764,"comment_status":"closed","ping_status":"closed","sticky":false,"template":"","format":"standard","meta":{"_monsterinsights_skip_tracking":false,"_monsterinsights_sitenote_active":false,"_monsterinsights_sitenote_note":"","_monsterinsights_sitenote_category":0,"_uf_show_specific_survey":0,"_uf_disable_surveys":false,"footnotes":""},"categories":[23,15],"tags":[],"yoast_head":"<!-- This site is optimized with the Yoast SEO plugin v21.5 - https:\/\/yoast.com\/wordpress\/plugins\/seo\/ -->\n<title>Vu\u00e7iq takon Laj\u00e7akun: Serbia vazhdon t\u00eb insistoj\u00eb n\u00eb hapat konkret\u00eb q\u00eb synojn\u00eb mbrojtjen e jet\u00ebs s\u00eb serb\u00ebve n\u00eb Kosov\u00eb<\/title>\n<meta name=\"robots\" content=\"index, follow, max-snippet:-1, max-image-preview:large, max-video-preview:-1\" \/>\n<link rel=\"canonical\" href=\"https:\/\/permbledhja.com\/sq\/vuciq-takon-lajcakun-serbia-vazhdon-te-insistoje-ne-hapat-konkrete-qe-synojne-mbrojtjen-e-jetes-se-serbeve-ne-kosove\/\" \/>\n<meta property=\"og:locale\" content=\"sq_AL\" \/>\n<meta property=\"og:type\" content=\"article\" \/>\n<meta property=\"og:title\" content=\"Vu\u00e7iq takon Laj\u00e7akun: Serbia vazhdon t\u00eb insistoj\u00eb n\u00eb hapat konkret\u00eb q\u00eb synojn\u00eb mbrojtjen e jet\u00ebs s\u00eb serb\u00ebve n\u00eb Kosov\u00eb\" \/>\n<meta property=\"og:description\" content=\"Aleksandar Vu\u00e7iq, president i Serbis\u00eb, ka takuar sot Miroslav Laj\u00e7akun, i d\u00ebrguar i posa\u00e7\u00ebm i BE-s\u00eb p\u00ebr dialogun Kosov\u00eb-Serbi. Vu\u00e7iq ka treguar se me Laj\u00e7akun ka biseduar p\u00ebr raundin e fundit t\u00eb bisedimeve teknike mes Kosov\u00ebs dhe Serbis\u00eb. Tutje, n\u00eb nj\u00eb postim n\u00eb Instagram, Vu\u00e7iq shkroi se Serbia vazhdon t\u00eb insistoj\u00eb n\u00eb hapat konkret\u00eb p\u00ebr [&hellip;]\" \/>\n<meta property=\"og:url\" content=\"https:\/\/permbledhja.com\/sq\/vuciq-takon-lajcakun-serbia-vazhdon-te-insistoje-ne-hapat-konkrete-qe-synojne-mbrojtjen-e-jetes-se-serbeve-ne-kosove\/\" \/>\n<meta property=\"og:site_name\" content=\"Ve\u00e7 artikuj p\u00ebrmbledh\u00ebs\" \/>\n<meta property=\"article:publisher\" content=\"https:\/\/www.facebook.com\/press07\/\" \/>\n<meta property=\"article:published_time\" content=\"2023-07-19T17:10:30+00:00\" \/>\n<meta property=\"og:image\" content=\"https:\/\/permbledhja.com\/wp-content\/uploads\/2023\/07\/VUCICC.jpg\" \/>\n\t<meta property=\"og:image:width\" content=\"1057\" \/>\n\t<meta property=\"og:image:height\" content=\"690\" \/>\n\t<meta property=\"og:image:type\" content=\"image\/jpeg\" \/>\n<meta name=\"author\" content=\"M M\" \/>\n<meta name=\"twitter:card\" content=\"summary_large_image\" \/>\n<meta name=\"twitter:label1\" content=\"Written by\" \/>\n\t<meta name=\"twitter:data1\" content=\"M M\" \/>\n\t<meta name=\"twitter:label2\" content=\"Est. reading time\" \/>\n\t<meta name=\"twitter:data2\" content=\"1 minut\u00eb\" \/>\n<script type=\"application\/ld+json\" class=\"yoast-schema-graph\">{\"@context\":\"https:\/\/schema.org\",\"@graph\":[{\"@type\":\"Article\",\"@id\":\"https:\/\/permbledhja.com\/sq\/vuciq-takon-lajcakun-serbia-vazhdon-te-insistoje-ne-hapat-konkrete-qe-synojne-mbrojtjen-e-jetes-se-serbeve-ne-kosove\/#article\",\"isPartOf\":{\"@id\":\"https:\/\/permbledhja.com\/sq\/vuciq-takon-lajcakun-serbia-vazhdon-te-insistoje-ne-hapat-konkrete-qe-synojne-mbrojtjen-e-jetes-se-serbeve-ne-kosove\/\"},\"author\":{\"name\":\"M M\",\"@id\":\"https:\/\/permbledhja.com\/#\/schema\/person\/d23f13f59b5722643933d6780783acf3\"},\"headline\":\"Vu\u00e7iq takon Laj\u00e7akun: Serbia vazhdon t\u00eb insistoj\u00eb n\u00eb hapat konkret\u00eb q\u00eb synojn\u00eb mbrojtjen e jet\u00ebs s\u00eb serb\u00ebve n\u00eb Kosov\u00eb\",\"datePublished\":\"2023-07-19T17:10:30+00:00\",\"dateModified\":\"2023-07-19T17:10:30+00:00\",\"mainEntityOfPage\":{\"@id\":\"https:\/\/permbledhja.com\/sq\/vuciq-takon-lajcakun-serbia-vazhdon-te-insistoje-ne-hapat-konkrete-qe-synojne-mbrojtjen-e-jetes-se-serbeve-ne-kosove\/\"},\"wordCount\":209,\"publisher\":{\"@id\":\"https:\/\/permbledhja.com\/#organization\"},\"articleSection\":[\"Komb\u00ebtare\",\"Lajme\"],\"inLanguage\":\"sq\"},{\"@type\":\"WebPage\",\"@id\":\"https:\/\/permbledhja.com\/sq\/vuciq-takon-lajcakun-serbia-vazhdon-te-insistoje-ne-hapat-konkrete-qe-synojne-mbrojtjen-e-jetes-se-serbeve-ne-kosove\/\",\"url\":\"https:\/\/permbledhja.com\/sq\/vuciq-takon-lajcakun-serbia-vazhdon-te-insistoje-ne-hapat-konkrete-qe-synojne-mbrojtjen-e-jetes-se-serbeve-ne-kosove\/\",\"name\":\"Vu\u00e7iq takon Laj\u00e7akun: Serbia vazhdon t\u00eb insistoj\u00eb n\u00eb hapat konkret\u00eb q\u00eb synojn\u00eb mbrojtjen e jet\u00ebs s\u00eb serb\u00ebve n\u00eb Kosov\u00eb\",\"isPartOf\":{\"@id\":\"https:\/\/permbledhja.com\/#website\"},\"datePublished\":\"2023-07-19T17:10:30+00:00\",\"dateModified\":\"2023-07-19T17:10:30+00:00\",\"breadcrumb\":{\"@id\":\"https:\/\/permbledhja.com\/sq\/vuciq-takon-lajcakun-serbia-vazhdon-te-insistoje-ne-hapat-konkrete-qe-synojne-mbrojtjen-e-jetes-se-serbeve-ne-kosove\/#breadcrumb\"},\"inLanguage\":\"sq\",\"potentialAction\":[{\"@type\":\"ReadAction\",\"target\":[\"https:\/\/permbledhja.com\/sq\/vuciq-takon-lajcakun-serbia-vazhdon-te-insistoje-ne-hapat-konkrete-qe-synojne-mbrojtjen-e-jetes-se-serbeve-ne-kosove\/\"]}]},{\"@type\":\"BreadcrumbList\",\"@id\":\"https:\/\/permbledhja.com\/sq\/vuciq-takon-lajcakun-serbia-vazhdon-te-insistoje-ne-hapat-konkrete-qe-synojne-mbrojtjen-e-jetes-se-serbeve-ne-kosove\/#breadcrumb\",\"itemListElement\":[{\"@type\":\"ListItem\",\"position\":1,\"name\":\"Ballina\",\"item\":\"https:\/\/permbledhja.com\/sq\/\"},{\"@type\":\"ListItem\",\"position\":2,\"name\":\"Vu\u00e7iq takon Laj\u00e7akun: Serbia vazhdon t\u00eb insistoj\u00eb n\u00eb hapat konkret\u00eb q\u00eb synojn\u00eb mbrojtjen e jet\u00ebs s\u00eb serb\u00ebve n\u00eb Kosov\u00eb\"}]},{\"@type\":\"WebSite\",\"@id\":\"https:\/\/permbledhja.com\/#website\",\"url\":\"https:\/\/permbledhja.com\/\",\"name\":\"Ve\u00e7 artikuj p\u00ebrmbledh\u00ebs\",\"description\":\"\",\"publisher\":{\"@id\":\"https:\/\/permbledhja.com\/#organization\"},\"potentialAction\":[{\"@type\":\"SearchAction\",\"target\":{\"@type\":\"EntryPoint\",\"urlTemplate\":\"https:\/\/permbledhja.com\/?s={search_term_string}\"},\"query-input\":\"required name=search_term_string\"}],\"inLanguage\":\"sq\"},{\"@type\":\"Organization\",\"@id\":\"https:\/\/permbledhja.com\/#organization\",\"name\":\"MK Media & Pr\",\"url\":\"https:\/\/permbledhja.com\/\",\"logo\":{\"@type\":\"ImageObject\",\"inLanguage\":\"sq\",\"@id\":\"https:\/\/permbledhja.com\/#\/schema\/logo\/image\/\",\"url\":\"https:\/\/permbledhja.com\/wp-content\/uploads\/2021\/12\/07-Press-Logo.jpg\",\"contentUrl\":\"https:\/\/permbledhja.com\/wp-content\/uploads\/2021\/12\/07-Press-Logo.jpg\",\"width\":512,\"height\":512,\"caption\":\"MK Media & Pr\"},\"image\":{\"@id\":\"https:\/\/permbledhja.com\/#\/schema\/logo\/image\/\"},\"sameAs\":[\"https:\/\/www.facebook.com\/press07\/\"]},{\"@type\":\"Person\",\"@id\":\"https:\/\/permbledhja.com\/#\/schema\/person\/d23f13f59b5722643933d6780783acf3\",\"name\":\"M M\",\"image\":{\"@type\":\"ImageObject\",\"inLanguage\":\"sq\",\"@id\":\"https:\/\/permbledhja.com\/#\/schema\/person\/image\/\",\"url\":\"https:\/\/secure.gravatar.com\/avatar\/e2835a76ca7c31a2416b2d51c4ec9a8f?s=96&d=mm&r=g\",\"contentUrl\":\"https:\/\/secure.gravatar.com\/avatar\/e2835a76ca7c31a2416b2d51c4ec9a8f?s=96&d=mm&r=g\",\"caption\":\"M M\"},\"sameAs\":[\"http:\/\/MM\"],\"url\":\"https:\/\/permbledhja.com\/sq\/author\/muhamet\/\"}]}<\/script>\n<!-- \/ Yoast SEO plugin. -->","yoast_head_json":{"title":"Vu\u00e7iq takon Laj\u00e7akun: Serbia vazhdon t\u00eb insistoj\u00eb n\u00eb hapat konkret\u00eb q\u00eb synojn\u00eb mbrojtjen e jet\u00ebs s\u00eb serb\u00ebve n\u00eb Kosov\u00eb","robots":{"index":"index","follow":"follow","max-snippet":"max-snippet:-1","max-image-preview":"max-image-preview:large","max-video-preview":"max-video-preview:-1"},"canonical":"https:\/\/permbledhja.com\/sq\/vuciq-takon-lajcakun-serbia-vazhdon-te-insistoje-ne-hapat-konkrete-qe-synojne-mbrojtjen-e-jetes-se-serbeve-ne-kosove\/","og_locale":"sq_AL","og_type":"article","og_title":"Vu\u00e7iq takon Laj\u00e7akun: Serbia vazhdon t\u00eb insistoj\u00eb n\u00eb hapat konkret\u00eb q\u00eb synojn\u00eb mbrojtjen e jet\u00ebs s\u00eb serb\u00ebve n\u00eb Kosov\u00eb","og_description":"Aleksandar Vu\u00e7iq, president i Serbis\u00eb, ka takuar sot Miroslav Laj\u00e7akun, i d\u00ebrguar i posa\u00e7\u00ebm i BE-s\u00eb p\u00ebr dialogun Kosov\u00eb-Serbi. Vu\u00e7iq ka treguar se me Laj\u00e7akun ka biseduar p\u00ebr raundin e fundit t\u00eb bisedimeve teknike mes Kosov\u00ebs dhe Serbis\u00eb. Tutje, n\u00eb nj\u00eb postim n\u00eb Instagram, Vu\u00e7iq shkroi se Serbia vazhdon t\u00eb insistoj\u00eb n\u00eb hapat konkret\u00eb p\u00ebr [&hellip;]","og_url":"https:\/\/permbledhja.com\/sq\/vuciq-takon-lajcakun-serbia-vazhdon-te-insistoje-ne-hapat-konkrete-qe-synojne-mbrojtjen-e-jetes-se-serbeve-ne-kosove\/","og_site_name":"Ve\u00e7 artikuj p\u00ebrmbledh\u00ebs","article_publisher":"https:\/\/www.facebook.com\/press07\/","article_published_time":"2023-07-19T17:10:30+00:00","og_image":[{"width":1057,"height":690,"url":"https:\/\/permbledhja.com\/wp-content\/uploads\/2023\/07\/VUCICC.jpg","type":"image\/jpeg"}],"author":"M M","twitter_card":"summary_large_image","twitter_misc":{"Written by":"M M","Est. reading time":"1 minut\u00eb"},"schema":{"@context":"https:\/\/schema.org","@graph":[{"@type":"Article","@id":"https:\/\/permbledhja.com\/sq\/vuciq-takon-lajcakun-serbia-vazhdon-te-insistoje-ne-hapat-konkrete-qe-synojne-mbrojtjen-e-jetes-se-serbeve-ne-kosove\/#article","isPartOf":{"@id":"https:\/\/permbledhja.com\/sq\/vuciq-takon-lajcakun-serbia-vazhdon-te-insistoje-ne-hapat-konkrete-qe-synojne-mbrojtjen-e-jetes-se-serbeve-ne-kosove\/"},"author":{"name":"M M","@id":"https:\/\/permbledhja.com\/#\/schema\/person\/d23f13f59b5722643933d6780783acf3"},"headline":"Vu\u00e7iq takon Laj\u00e7akun: Serbia vazhdon t\u00eb insistoj\u00eb n\u00eb hapat konkret\u00eb q\u00eb synojn\u00eb mbrojtjen e jet\u00ebs s\u00eb serb\u00ebve n\u00eb Kosov\u00eb","datePublished":"2023-07-19T17:10:30+00:00","dateModified":"2023-07-19T17:10:30+00:00","mainEntityOfPage":{"@id":"https:\/\/permbledhja.com\/sq\/vuciq-takon-lajcakun-serbia-vazhdon-te-insistoje-ne-hapat-konkrete-qe-synojne-mbrojtjen-e-jetes-se-serbeve-ne-kosove\/"},"wordCount":209,"publisher":{"@id":"https:\/\/permbledhja.com\/#organization"},"articleSection":["Komb\u00ebtare","Lajme"],"inLanguage":"sq"},{"@type":"WebPage","@id":"https:\/\/permbledhja.com\/sq\/vuciq-takon-lajcakun-serbia-vazhdon-te-insistoje-ne-hapat-konkrete-qe-synojne-mbrojtjen-e-jetes-se-serbeve-ne-kosove\/","url":"https:\/\/permbledhja.com\/sq\/vuciq-takon-lajcakun-serbia-vazhdon-te-insistoje-ne-hapat-konkrete-qe-synojne-mbrojtjen-e-jetes-se-serbeve-ne-kosove\/","name":"Vu\u00e7iq takon Laj\u00e7akun: Serbia vazhdon t\u00eb insistoj\u00eb n\u00eb hapat konkret\u00eb q\u00eb synojn\u00eb mbrojtjen e jet\u00ebs s\u00eb serb\u00ebve n\u00eb Kosov\u00eb","isPartOf":{"@id":"https:\/\/permbledhja.com\/#website"},"datePublished":"2023-07-19T17:10:30+00:00","dateModified":"2023-07-19T17:10:30+00:00","breadcrumb":{"@id":"https:\/\/permbledhja.com\/sq\/vuciq-takon-lajcakun-serbia-vazhdon-te-insistoje-ne-hapat-konkrete-qe-synojne-mbrojtjen-e-jetes-se-serbeve-ne-kosove\/#breadcrumb"},"inLanguage":"sq","potentialAction":[{"@type":"ReadAction","target":["https:\/\/permbledhja.com\/sq\/vuciq-takon-lajcakun-serbia-vazhdon-te-insistoje-ne-hapat-konkrete-qe-synojne-mbrojtjen-e-jetes-se-serbeve-ne-kosove\/"]}]},{"@type":"BreadcrumbList","@id":"https:\/\/permbledhja.com\/sq\/vuciq-takon-lajcakun-serbia-vazhdon-te-insistoje-ne-hapat-konkrete-qe-synojne-mbrojtjen-e-jetes-se-serbeve-ne-kosove\/#breadcrumb","itemListElement":[{"@type":"ListItem","position":1,"name":"Ballina","item":"https:\/\/permbledhja.com\/sq\/"},{"@type":"ListItem","position":2,"name":"Vu\u00e7iq takon Laj\u00e7akun: Serbia vazhdon t\u00eb insistoj\u00eb n\u00eb hapat konkret\u00eb q\u00eb synojn\u00eb mbrojtjen e jet\u00ebs s\u00eb serb\u00ebve n\u00eb Kosov\u00eb"}]},{"@type":"WebSite","@id":"https:\/\/permbledhja.com\/#website","url":"https:\/\/permbledhja.com\/","name":"Ve\u00e7 artikuj p\u00ebrmbledh\u00ebs","description":"","publisher":{"@id":"https:\/\/permbledhja.com\/#organization"},"potentialAction":[{"@type":"SearchAction","target":{"@type":"EntryPoint","urlTemplate":"https:\/\/permbledhja.com\/?s={search_term_string}"},"query-input":"required name=search_term_string"}],"inLanguage":"sq"},{"@type":"Organization","@id":"https:\/\/permbledhja.com\/#organization","name":"MK Media & Pr","url":"https:\/\/permbledhja.com\/","logo":{"@type":"ImageObject","inLanguage":"sq","@id":"https:\/\/permbledhja.com\/#\/schema\/logo\/image\/","url":"https:\/\/permbledhja.com\/wp-content\/uploads\/2021\/12\/07-Press-Logo.jpg","contentUrl":"https:\/\/permbledhja.com\/wp-content\/uploads\/2021\/12\/07-Press-Logo.jpg","width":512,"height":512,"caption":"MK Media & Pr"},"image":{"@id":"https:\/\/permbledhja.com\/#\/schema\/logo\/image\/"},"sameAs":["https:\/\/www.facebook.com\/press07\/"]},{"@type":"Person","@id":"https:\/\/permbledhja.com\/#\/schema\/person\/d23f13f59b5722643933d6780783acf3","name":"M M","image":{"@type":"ImageObject","inLanguage":"sq","@id":"https:\/\/permbledhja.com\/#\/schema\/person\/image\/","url":"https:\/\/secure.gravatar.com\/avatar\/e2835a76ca7c31a2416b2d51c4ec9a8f?s=96&d=mm&r=g","contentUrl":"https:\/\/secure.gravatar.com\/avatar\/e2835a76ca7c31a2416b2d51c4ec9a8f?s=96&d=mm&r=g","caption":"M M"},"sameAs":["http:\/\/MM"],"url":"https:\/\/permbledhja.com\/sq\/author\/muhamet\/"}]}},"_links":{"self":[{"href":"https:\/\/permbledhja.com\/sq\/wp-json\/wp\/v2\/posts\/19763"}],"collection":[{"href":"https:\/\/permbledhja.com\/sq\/wp-json\/wp\/v2\/posts"}],"about":[{"href":"https:\/\/permbledhja.com\/sq\/wp-json\/wp\/v2\/types\/post"}],"author":[{"embeddable":true,"href":"https:\/\/permbledhja.com\/sq\/wp-json\/wp\/v2\/users\/2"}],"replies":[{"embeddable":true,"href":"https:\/\/permbledhja.com\/sq\/wp-json\/wp\/v2\/comments?post=19763"}],"version-history":[{"count":1,"href":"https:\/\/permbledhja.com\/sq\/wp-json\/wp\/v2\/posts\/19763\/revisions"}],"predecessor-version":[{"id":19765,"href":"https:\/\/permbledhja.com\/sq\/wp-json\/wp\/v2\/posts\/19763\/revisions\/19765"}],"wp:featuredmedia":[{"embeddable":true,"href":"https:\/\/permbledhja.com\/sq\/wp-json\/wp\/v2\/media\/19764"}],"wp:attachment":[{"href":"https:\/\/permbledhja.com\/sq\/wp-json\/wp\/v2\/media?parent=19763"}],"wp:term":[{"taxonomy":"category","embeddable":true,"href":"https:\/\/permbledhja.com\/sq\/wp-json\/wp\/v2\/categories?post=19763"},{"taxonomy":"post_tag","embeddable":true,"href":"https:\/\/permbledhja.com\/sq\/wp-json\/wp\/v2\/tags?post=19763"}],"curies":[{"name":"wp","href":"https:\/\/api.w.org\/{rel}","templated":true}]}}