{"id":19728,"date":"2023-07-19T14:39:52","date_gmt":"2023-07-19T14:39:52","guid":{"rendered":"https:\/\/permbledhja.com\/?p=19728"},"modified":"2023-07-19T14:47:02","modified_gmt":"2023-07-19T14:47:02","slug":"perfundojne-bisedimet-ne-bruksel-takimi-tripalesh-nuk-u-realizua","status":"publish","type":"post","link":"https:\/\/permbledhja.com\/sq\/perfundojne-bisedimet-ne-bruksel-takimi-tripalesh-nuk-u-realizua\/","title":{"rendered":"P\u00ebrfundojn\u00eb bisedimet n\u00eb Bruksel, takimi tripal\u00ebsh nuk u realizua"},"content":{"rendered":"<h3>N\u00eb Bruksel kan\u00eb p\u00ebrfunduar takimet n\u00eb kuad\u00ebr t\u00eb dialogut mes Kosov\u00ebs dhe Serbis\u00eb, n\u00eb nivel t\u00eb kryenegociator\u00ebve.<\/h3>\n<p>Ende nuk ka prononcime p\u00ebr rezultatin e bisedimeve gjat\u00eb k\u00ebtyre takimeve.<\/p>\n<p>Si\u00e7 shkruan rel, edhe pse burimet e Bashkimit Evropian kishin th\u00ebn\u00eb se synim ishte q\u00eb delegacionet e Kosov\u00ebs dhe Serbis\u00eb t\u00eb takohen edhe mes vete, nj\u00eb takim trilateral nuk ka ndodhur.<\/p>\n<p>Takimet kan\u00eb nisur pas or\u00ebs 9:30 t\u00eb m\u00ebngjesit.<\/p>\n<p>Fillimisht, i d\u00ebrguari i Bashkimit Evropian p\u00ebr dialogun mes dy vendeve, Mirosllav Laj\u00e7ak, ka pasur takim me shefin e delegacionit t\u00eb Serbis\u00eb, Petar Petkoviq, q\u00eb ka zgjatur deri pas or\u00ebs 12:00.<\/p>\n<p>Pastaj ka nisur takimi me delegacionin e Kosov\u00ebs. As nga delegacionet e Kosov\u00ebs, e as nga BE-ja, nuk jan\u00eb dh\u00ebn\u00eb informacione rreth rrjedh\u00ebs s\u00eb takimeve.<\/p>\n<p>Nd\u00ebrkoh\u00eb, n\u00eb Bruksel po q\u00ebndron edhe presidenti i Serbis\u00eb, Aleksandar Vu\u00e7iq. Ai, po ashtu, \u00ebsht\u00eb paraljm\u00ebruar se do t\u00eb zhvilloj\u00eb takim me Laj\u00e7akun.<\/p>\n<p>Sipas burimeve t\u00eb BE-s\u00eb, jan\u00eb dy q\u00ebllime kryesore q\u00eb Laj\u00e7aku do t\u2019i ket\u00eb n\u00eb bisedimet me shefat e dy delegacioneve.<\/p>\n<p>I pari \u00ebsht\u00eb fokusi n\u00eb zbatimin e plot\u00eb t\u00eb Marr\u00ebveshjes q\u00eb shpie drejt normalizimit t\u00eb marr\u00ebdh\u00ebnieve Kosov\u00eb-Serbi \u2013 e arritur gojarisht n\u00eb muajin shkurt n\u00eb Bruksel \u2013 si dhe t\u00eb aneksit p\u00ebr zbatim, i dakorduar n\u00eb Oh\u00ebr n\u00eb muajin mars.<\/p>\n<p>Q\u00ebllimi i dyt\u00eb \u00ebsht\u00eb t\u00eb diskutohen hapat p\u00ebr uljen e tensioneve n\u00eb veri t\u00eb Kosov\u00ebs. P\u00ebr k\u00ebt\u00eb, Kosova dhe BE-ja jan\u00eb dakorduar n\u00eb nj\u00eb takim q\u00eb Laj\u00e7ak dhe Bislimi kan\u00eb zhvilluar jav\u00ebn e kaluar n\u00eb Bratisllav\u00eb.<\/p>\n<p>Prishtina zyrtare thot\u00eb se i ka nd\u00ebrmarr\u00eb hapat p\u00ebr t\u00eb cilat \u00ebsht\u00eb r\u00ebn\u00eb dakord, nd\u00ebrsa Beogradi zyrtar nuk e ka th\u00ebn\u00eb qart\u00eb n\u00ebse ky pajtim p\u00ebr shtensionim \u00ebsht\u00eb i pranuesh\u00ebm p\u00ebr t\u00eb.<\/p>\n","protected":false},"excerpt":{"rendered":"<p>N\u00eb Bruksel kan\u00eb p\u00ebrfunduar takimet n\u00eb kuad\u00ebr t\u00eb dialogut mes Kosov\u00ebs dhe Serbis\u00eb, n\u00eb nivel t\u00eb kryenegociator\u00ebve. Ende nuk ka prononcime p\u00ebr rezultatin e bisedimeve gjat\u00eb k\u00ebtyre takimeve. Si\u00e7 shkruan rel, edhe pse burimet e Bashkimit Evropian kishin th\u00ebn\u00eb se synim ishte q\u00eb delegacionet e Kosov\u00ebs dhe Serbis\u00eb t\u00eb takohen edhe mes vete, nj\u00eb takim [&hellip;]<\/p>\n","protected":false},"author":2,"featured_media":19729,"comment_status":"closed","ping_status":"closed","sticky":false,"template":"","format":"standard","meta":{"_monsterinsights_skip_tracking":false,"_monsterinsights_sitenote_active":false,"_monsterinsights_sitenote_note":"","_monsterinsights_sitenote_category":0,"_uf_show_specific_survey":0,"_uf_disable_surveys":false,"footnotes":""},"categories":[23,15],"tags":[],"yoast_head":"<!-- This site is optimized with the Yoast SEO plugin v21.5 - https:\/\/yoast.com\/wordpress\/plugins\/seo\/ -->\n<title>P\u00ebrfundojn\u00eb bisedimet n\u00eb Bruksel, takimi tripal\u00ebsh nuk u realizua<\/title>\n<meta name=\"robots\" content=\"index, follow, max-snippet:-1, max-image-preview:large, max-video-preview:-1\" \/>\n<link rel=\"canonical\" href=\"https:\/\/permbledhja.com\/sq\/perfundojne-bisedimet-ne-bruksel-takimi-tripalesh-nuk-u-realizua\/\" \/>\n<meta property=\"og:locale\" content=\"sq_AL\" \/>\n<meta property=\"og:type\" content=\"article\" \/>\n<meta property=\"og:title\" content=\"P\u00ebrfundojn\u00eb bisedimet n\u00eb Bruksel, takimi tripal\u00ebsh nuk u realizua\" \/>\n<meta property=\"og:description\" content=\"N\u00eb Bruksel kan\u00eb p\u00ebrfunduar takimet n\u00eb kuad\u00ebr t\u00eb dialogut mes Kosov\u00ebs dhe Serbis\u00eb, n\u00eb nivel t\u00eb kryenegociator\u00ebve. Ende nuk ka prononcime p\u00ebr rezultatin e bisedimeve gjat\u00eb k\u00ebtyre takimeve. Si\u00e7 shkruan rel, edhe pse burimet e Bashkimit Evropian kishin th\u00ebn\u00eb se synim ishte q\u00eb delegacionet e Kosov\u00ebs dhe Serbis\u00eb t\u00eb takohen edhe mes vete, nj\u00eb takim [&hellip;]\" \/>\n<meta property=\"og:url\" content=\"https:\/\/permbledhja.com\/sq\/perfundojne-bisedimet-ne-bruksel-takimi-tripalesh-nuk-u-realizua\/\" \/>\n<meta property=\"og:site_name\" content=\"Ve\u00e7 artikuj p\u00ebrmbledh\u00ebs\" \/>\n<meta property=\"article:publisher\" content=\"https:\/\/www.facebook.com\/press07\/\" \/>\n<meta property=\"article:published_time\" content=\"2023-07-19T14:39:52+00:00\" \/>\n<meta property=\"article:modified_time\" content=\"2023-07-19T14:47:02+00:00\" \/>\n<meta property=\"og:image\" content=\"https:\/\/permbledhja.com\/wp-content\/uploads\/2023\/07\/BRUKSELL.jpg\" \/>\n\t<meta property=\"og:image:width\" content=\"1062\" \/>\n\t<meta property=\"og:image:height\" content=\"594\" \/>\n\t<meta property=\"og:image:type\" content=\"image\/jpeg\" \/>\n<meta name=\"author\" content=\"M M\" \/>\n<meta name=\"twitter:card\" content=\"summary_large_image\" \/>\n<meta name=\"twitter:label1\" content=\"Written by\" \/>\n\t<meta name=\"twitter:data1\" content=\"M M\" \/>\n\t<meta name=\"twitter:label2\" content=\"Est. reading time\" \/>\n\t<meta name=\"twitter:data2\" content=\"2 minuta\" \/>\n<script type=\"application\/ld+json\" class=\"yoast-schema-graph\">{\"@context\":\"https:\/\/schema.org\",\"@graph\":[{\"@type\":\"Article\",\"@id\":\"https:\/\/permbledhja.com\/perfundojne-bisedimet-ne-bruksel-takimi-tripalesh-nuk-u-realizua\/#article\",\"isPartOf\":{\"@id\":\"https:\/\/permbledhja.com\/perfundojne-bisedimet-ne-bruksel-takimi-tripalesh-nuk-u-realizua\/\"},\"author\":{\"name\":\"M M\",\"@id\":\"https:\/\/permbledhja.com\/#\/schema\/person\/d23f13f59b5722643933d6780783acf3\"},\"headline\":\"P\u00ebrfundojn\u00eb bisedimet n\u00eb Bruksel, takimi tripal\u00ebsh nuk u realizua\",\"datePublished\":\"2023-07-19T14:39:52+00:00\",\"dateModified\":\"2023-07-19T14:47:02+00:00\",\"mainEntityOfPage\":{\"@id\":\"https:\/\/permbledhja.com\/perfundojne-bisedimet-ne-bruksel-takimi-tripalesh-nuk-u-realizua\/\"},\"wordCount\":329,\"publisher\":{\"@id\":\"https:\/\/permbledhja.com\/#organization\"},\"articleSection\":[\"Komb\u00ebtare\",\"Lajme\"],\"inLanguage\":\"sq\"},{\"@type\":\"WebPage\",\"@id\":\"https:\/\/permbledhja.com\/perfundojne-bisedimet-ne-bruksel-takimi-tripalesh-nuk-u-realizua\/\",\"url\":\"https:\/\/permbledhja.com\/perfundojne-bisedimet-ne-bruksel-takimi-tripalesh-nuk-u-realizua\/\",\"name\":\"P\u00ebrfundojn\u00eb bisedimet n\u00eb Bruksel, takimi tripal\u00ebsh nuk u realizua\",\"isPartOf\":{\"@id\":\"https:\/\/permbledhja.com\/#website\"},\"datePublished\":\"2023-07-19T14:39:52+00:00\",\"dateModified\":\"2023-07-19T14:47:02+00:00\",\"breadcrumb\":{\"@id\":\"https:\/\/permbledhja.com\/perfundojne-bisedimet-ne-bruksel-takimi-tripalesh-nuk-u-realizua\/#breadcrumb\"},\"inLanguage\":\"sq\",\"potentialAction\":[{\"@type\":\"ReadAction\",\"target\":[\"https:\/\/permbledhja.com\/perfundojne-bisedimet-ne-bruksel-takimi-tripalesh-nuk-u-realizua\/\"]}]},{\"@type\":\"BreadcrumbList\",\"@id\":\"https:\/\/permbledhja.com\/perfundojne-bisedimet-ne-bruksel-takimi-tripalesh-nuk-u-realizua\/#breadcrumb\",\"itemListElement\":[{\"@type\":\"ListItem\",\"position\":1,\"name\":\"Ballina\",\"item\":\"https:\/\/permbledhja.com\/sq\/\"},{\"@type\":\"ListItem\",\"position\":2,\"name\":\"P\u00ebrfundojn\u00eb bisedimet n\u00eb Bruksel, takimi tripal\u00ebsh nuk u realizua\"}]},{\"@type\":\"WebSite\",\"@id\":\"https:\/\/permbledhja.com\/#website\",\"url\":\"https:\/\/permbledhja.com\/\",\"name\":\"Ve\u00e7 artikuj p\u00ebrmbledh\u00ebs\",\"description\":\"\",\"publisher\":{\"@id\":\"https:\/\/permbledhja.com\/#organization\"},\"potentialAction\":[{\"@type\":\"SearchAction\",\"target\":{\"@type\":\"EntryPoint\",\"urlTemplate\":\"https:\/\/permbledhja.com\/?s={search_term_string}\"},\"query-input\":\"required name=search_term_string\"}],\"inLanguage\":\"sq\"},{\"@type\":\"Organization\",\"@id\":\"https:\/\/permbledhja.com\/#organization\",\"name\":\"MK Media & Pr\",\"url\":\"https:\/\/permbledhja.com\/\",\"logo\":{\"@type\":\"ImageObject\",\"inLanguage\":\"sq\",\"@id\":\"https:\/\/permbledhja.com\/#\/schema\/logo\/image\/\",\"url\":\"https:\/\/permbledhja.com\/wp-content\/uploads\/2021\/12\/07-Press-Logo.jpg\",\"contentUrl\":\"https:\/\/permbledhja.com\/wp-content\/uploads\/2021\/12\/07-Press-Logo.jpg\",\"width\":512,\"height\":512,\"caption\":\"MK Media & Pr\"},\"image\":{\"@id\":\"https:\/\/permbledhja.com\/#\/schema\/logo\/image\/\"},\"sameAs\":[\"https:\/\/www.facebook.com\/press07\/\"]},{\"@type\":\"Person\",\"@id\":\"https:\/\/permbledhja.com\/#\/schema\/person\/d23f13f59b5722643933d6780783acf3\",\"name\":\"M M\",\"image\":{\"@type\":\"ImageObject\",\"inLanguage\":\"sq\",\"@id\":\"https:\/\/permbledhja.com\/#\/schema\/person\/image\/\",\"url\":\"https:\/\/secure.gravatar.com\/avatar\/e2835a76ca7c31a2416b2d51c4ec9a8f?s=96&d=mm&r=g\",\"contentUrl\":\"https:\/\/secure.gravatar.com\/avatar\/e2835a76ca7c31a2416b2d51c4ec9a8f?s=96&d=mm&r=g\",\"caption\":\"M M\"},\"sameAs\":[\"http:\/\/MM\"],\"url\":\"https:\/\/permbledhja.com\/sq\/author\/muhamet\/\"}]}<\/script>\n<!-- \/ Yoast SEO plugin. -->","yoast_head_json":{"title":"P\u00ebrfundojn\u00eb bisedimet n\u00eb Bruksel, takimi tripal\u00ebsh nuk u realizua","robots":{"index":"index","follow":"follow","max-snippet":"max-snippet:-1","max-image-preview":"max-image-preview:large","max-video-preview":"max-video-preview:-1"},"canonical":"https:\/\/permbledhja.com\/sq\/perfundojne-bisedimet-ne-bruksel-takimi-tripalesh-nuk-u-realizua\/","og_locale":"sq_AL","og_type":"article","og_title":"P\u00ebrfundojn\u00eb bisedimet n\u00eb Bruksel, takimi tripal\u00ebsh nuk u realizua","og_description":"N\u00eb Bruksel kan\u00eb p\u00ebrfunduar takimet n\u00eb kuad\u00ebr t\u00eb dialogut mes Kosov\u00ebs dhe Serbis\u00eb, n\u00eb nivel t\u00eb kryenegociator\u00ebve. Ende nuk ka prononcime p\u00ebr rezultatin e bisedimeve gjat\u00eb k\u00ebtyre takimeve. Si\u00e7 shkruan rel, edhe pse burimet e Bashkimit Evropian kishin th\u00ebn\u00eb se synim ishte q\u00eb delegacionet e Kosov\u00ebs dhe Serbis\u00eb t\u00eb takohen edhe mes vete, nj\u00eb takim [&hellip;]","og_url":"https:\/\/permbledhja.com\/sq\/perfundojne-bisedimet-ne-bruksel-takimi-tripalesh-nuk-u-realizua\/","og_site_name":"Ve\u00e7 artikuj p\u00ebrmbledh\u00ebs","article_publisher":"https:\/\/www.facebook.com\/press07\/","article_published_time":"2023-07-19T14:39:52+00:00","article_modified_time":"2023-07-19T14:47:02+00:00","og_image":[{"width":1062,"height":594,"url":"https:\/\/permbledhja.com\/wp-content\/uploads\/2023\/07\/BRUKSELL.jpg","type":"image\/jpeg"}],"author":"M M","twitter_card":"summary_large_image","twitter_misc":{"Written by":"M M","Est. reading time":"2 minuta"},"schema":{"@context":"https:\/\/schema.org","@graph":[{"@type":"Article","@id":"https:\/\/permbledhja.com\/perfundojne-bisedimet-ne-bruksel-takimi-tripalesh-nuk-u-realizua\/#article","isPartOf":{"@id":"https:\/\/permbledhja.com\/perfundojne-bisedimet-ne-bruksel-takimi-tripalesh-nuk-u-realizua\/"},"author":{"name":"M M","@id":"https:\/\/permbledhja.com\/#\/schema\/person\/d23f13f59b5722643933d6780783acf3"},"headline":"P\u00ebrfundojn\u00eb bisedimet n\u00eb Bruksel, takimi tripal\u00ebsh nuk u realizua","datePublished":"2023-07-19T14:39:52+00:00","dateModified":"2023-07-19T14:47:02+00:00","mainEntityOfPage":{"@id":"https:\/\/permbledhja.com\/perfundojne-bisedimet-ne-bruksel-takimi-tripalesh-nuk-u-realizua\/"},"wordCount":329,"publisher":{"@id":"https:\/\/permbledhja.com\/#organization"},"articleSection":["Komb\u00ebtare","Lajme"],"inLanguage":"sq"},{"@type":"WebPage","@id":"https:\/\/permbledhja.com\/perfundojne-bisedimet-ne-bruksel-takimi-tripalesh-nuk-u-realizua\/","url":"https:\/\/permbledhja.com\/perfundojne-bisedimet-ne-bruksel-takimi-tripalesh-nuk-u-realizua\/","name":"P\u00ebrfundojn\u00eb bisedimet n\u00eb Bruksel, takimi tripal\u00ebsh nuk u realizua","isPartOf":{"@id":"https:\/\/permbledhja.com\/#website"},"datePublished":"2023-07-19T14:39:52+00:00","dateModified":"2023-07-19T14:47:02+00:00","breadcrumb":{"@id":"https:\/\/permbledhja.com\/perfundojne-bisedimet-ne-bruksel-takimi-tripalesh-nuk-u-realizua\/#breadcrumb"},"inLanguage":"sq","potentialAction":[{"@type":"ReadAction","target":["https:\/\/permbledhja.com\/perfundojne-bisedimet-ne-bruksel-takimi-tripalesh-nuk-u-realizua\/"]}]},{"@type":"BreadcrumbList","@id":"https:\/\/permbledhja.com\/perfundojne-bisedimet-ne-bruksel-takimi-tripalesh-nuk-u-realizua\/#breadcrumb","itemListElement":[{"@type":"ListItem","position":1,"name":"Ballina","item":"https:\/\/permbledhja.com\/sq\/"},{"@type":"ListItem","position":2,"name":"P\u00ebrfundojn\u00eb bisedimet n\u00eb Bruksel, takimi tripal\u00ebsh nuk u realizua"}]},{"@type":"WebSite","@id":"https:\/\/permbledhja.com\/#website","url":"https:\/\/permbledhja.com\/","name":"Ve\u00e7 artikuj p\u00ebrmbledh\u00ebs","description":"","publisher":{"@id":"https:\/\/permbledhja.com\/#organization"},"potentialAction":[{"@type":"SearchAction","target":{"@type":"EntryPoint","urlTemplate":"https:\/\/permbledhja.com\/?s={search_term_string}"},"query-input":"required name=search_term_string"}],"inLanguage":"sq"},{"@type":"Organization","@id":"https:\/\/permbledhja.com\/#organization","name":"MK Media & Pr","url":"https:\/\/permbledhja.com\/","logo":{"@type":"ImageObject","inLanguage":"sq","@id":"https:\/\/permbledhja.com\/#\/schema\/logo\/image\/","url":"https:\/\/permbledhja.com\/wp-content\/uploads\/2021\/12\/07-Press-Logo.jpg","contentUrl":"https:\/\/permbledhja.com\/wp-content\/uploads\/2021\/12\/07-Press-Logo.jpg","width":512,"height":512,"caption":"MK Media & Pr"},"image":{"@id":"https:\/\/permbledhja.com\/#\/schema\/logo\/image\/"},"sameAs":["https:\/\/www.facebook.com\/press07\/"]},{"@type":"Person","@id":"https:\/\/permbledhja.com\/#\/schema\/person\/d23f13f59b5722643933d6780783acf3","name":"M M","image":{"@type":"ImageObject","inLanguage":"sq","@id":"https:\/\/permbledhja.com\/#\/schema\/person\/image\/","url":"https:\/\/secure.gravatar.com\/avatar\/e2835a76ca7c31a2416b2d51c4ec9a8f?s=96&d=mm&r=g","contentUrl":"https:\/\/secure.gravatar.com\/avatar\/e2835a76ca7c31a2416b2d51c4ec9a8f?s=96&d=mm&r=g","caption":"M M"},"sameAs":["http:\/\/MM"],"url":"https:\/\/permbledhja.com\/sq\/author\/muhamet\/"}]}},"_links":{"self":[{"href":"https:\/\/permbledhja.com\/sq\/wp-json\/wp\/v2\/posts\/19728"}],"collection":[{"href":"https:\/\/permbledhja.com\/sq\/wp-json\/wp\/v2\/posts"}],"about":[{"href":"https:\/\/permbledhja.com\/sq\/wp-json\/wp\/v2\/types\/post"}],"author":[{"embeddable":true,"href":"https:\/\/permbledhja.com\/sq\/wp-json\/wp\/v2\/users\/2"}],"replies":[{"embeddable":true,"href":"https:\/\/permbledhja.com\/sq\/wp-json\/wp\/v2\/comments?post=19728"}],"version-history":[{"count":2,"href":"https:\/\/permbledhja.com\/sq\/wp-json\/wp\/v2\/posts\/19728\/revisions"}],"predecessor-version":[{"id":19731,"href":"https:\/\/permbledhja.com\/sq\/wp-json\/wp\/v2\/posts\/19728\/revisions\/19731"}],"wp:featuredmedia":[{"embeddable":true,"href":"https:\/\/permbledhja.com\/sq\/wp-json\/wp\/v2\/media\/19729"}],"wp:attachment":[{"href":"https:\/\/permbledhja.com\/sq\/wp-json\/wp\/v2\/media?parent=19728"}],"wp:term":[{"taxonomy":"category","embeddable":true,"href":"https:\/\/permbledhja.com\/sq\/wp-json\/wp\/v2\/categories?post=19728"},{"taxonomy":"post_tag","embeddable":true,"href":"https:\/\/permbledhja.com\/sq\/wp-json\/wp\/v2\/tags?post=19728"}],"curies":[{"name":"wp","href":"https:\/\/api.w.org\/{rel}","templated":true}]}}