{"id":1972,"date":"2022-07-11T08:46:07","date_gmt":"2022-07-11T08:46:07","guid":{"rendered":"https:\/\/permbledhja.com\/?p=1972"},"modified":"2022-07-11T08:46:07","modified_gmt":"2022-07-11T08:46:07","slug":"ballkani-udheton-drejt-lituanise-neser-zhvillohet-ndeshja-e-kthimit","status":"publish","type":"post","link":"https:\/\/permbledhja.com\/sq\/ballkani-udheton-drejt-lituanise-neser-zhvillohet-ndeshja-e-kthimit\/","title":{"rendered":"Ballkani udh\u00ebton drejt Lituanis\u00eb \u2013 nes\u00ebr zhvillohet ndeshja e kthimit"},"content":{"rendered":"<p><strong>Ekipi kosovar, Ballkani ka udh\u00ebtuar drejt Lituanis\u00eb p\u00ebr ndeshjen e kthimit ndaj Zalgiris.<\/strong><\/p>\n<p>Skuadra nga Suhareka sezonin q\u00eb lam\u00eb pas u shpall\u00eb kampion\u00eb i Superlig\u00ebs s\u00eb Kosov\u00ebs, andaj siguroi nj\u00eb vend p\u00ebr n\u00eb garat evropiane.<\/p>\n<p>https:\/\/permbledhja.com\/sterling-te-chelsea-zyrtarizimi-ceshtje-kohesh\/<\/p>\n<p>N\u00eb ndeshjen e par\u00eb kualifikuese p\u00ebr n\u00eb Lig\u00ebn e Kampion\u00ebve, Ballkani p\u00ebrball\u00eb kishte skuadr\u00ebn e Zalgiris, transmeton lajmi.net.<\/p>\n<p>N\u00eb takimin e par\u00eb q\u00eb u mbajt n\u00eb \u2018Fadil Vokrri\u2019, m\u00eb shtat\u00eb korrik rezultati ka qen\u00eb i barabart\u00eb 1:1.<\/p>\n<p>Nes\u00ebr ekipin kosovar e pret ndeshja e kthimit, nd\u00ebrsa sot ata jan\u00eb nisur drejt Lituanis\u00eb.<\/p>\n<p>N\u00ebse Ballkani arrin ta mposht ekipin e Zalgiris, at\u00ebher\u00eb ata kualifikohet tutje.<\/p>\n<p>Ndeshja zhvillohet nes\u00ebr, me fillim nga ora 18:00.<\/p>\n","protected":false},"excerpt":{"rendered":"<p>Ekipi kosovar, Ballkani ka udh\u00ebtuar drejt Lituanis\u00eb p\u00ebr ndeshjen e kthimit ndaj Zalgiris. Skuadra nga Suhareka sezonin q\u00eb lam\u00eb pas u shpall\u00eb kampion\u00eb i Superlig\u00ebs s\u00eb Kosov\u00ebs, andaj siguroi nj\u00eb vend p\u00ebr n\u00eb garat evropiane. https:\/\/permbledhja.com\/sterling-te-chelsea-zyrtarizimi-ceshtje-kohesh\/ N\u00eb ndeshjen e par\u00eb kualifikuese p\u00ebr n\u00eb Lig\u00ebn e Kampion\u00ebve, Ballkani p\u00ebrball\u00eb kishte skuadr\u00ebn e Zalgiris, transmeton lajmi.net. N\u00eb [&hellip;]<\/p>\n","protected":false},"author":1,"featured_media":1973,"comment_status":"closed","ping_status":"closed","sticky":false,"template":"","format":"standard","meta":{"_monsterinsights_skip_tracking":false,"_monsterinsights_sitenote_active":false,"_monsterinsights_sitenote_note":"","_monsterinsights_sitenote_category":0,"_uf_show_specific_survey":0,"_uf_disable_surveys":false,"footnotes":""},"categories":[6],"tags":[193],"yoast_head":"<!-- This site is optimized with the Yoast SEO plugin v21.5 - https:\/\/yoast.com\/wordpress\/plugins\/seo\/ -->\n<title>Ballkani udh\u00ebton drejt Lituanis\u00eb \u2013 nes\u00ebr zhvillohet ndeshja e kthimit<\/title>\n<meta name=\"robots\" content=\"index, follow, max-snippet:-1, max-image-preview:large, max-video-preview:-1\" \/>\n<link rel=\"canonical\" href=\"https:\/\/permbledhja.com\/sq\/ballkani-udheton-drejt-lituanise-neser-zhvillohet-ndeshja-e-kthimit\/\" \/>\n<meta property=\"og:locale\" content=\"sq_AL\" \/>\n<meta property=\"og:type\" content=\"article\" \/>\n<meta property=\"og:title\" content=\"Ballkani udh\u00ebton drejt Lituanis\u00eb \u2013 nes\u00ebr zhvillohet ndeshja e kthimit\" \/>\n<meta property=\"og:description\" content=\"Ekipi kosovar, Ballkani ka udh\u00ebtuar drejt Lituanis\u00eb p\u00ebr ndeshjen e kthimit ndaj Zalgiris. Skuadra nga Suhareka sezonin q\u00eb lam\u00eb pas u shpall\u00eb kampion\u00eb i Superlig\u00ebs s\u00eb Kosov\u00ebs, andaj siguroi nj\u00eb vend p\u00ebr n\u00eb garat evropiane. https:\/\/permbledhja.com\/sterling-te-chelsea-zyrtarizimi-ceshtje-kohesh\/ N\u00eb ndeshjen e par\u00eb kualifikuese p\u00ebr n\u00eb Lig\u00ebn e Kampion\u00ebve, Ballkani p\u00ebrball\u00eb kishte skuadr\u00ebn e Zalgiris, transmeton lajmi.net. N\u00eb [&hellip;]\" \/>\n<meta property=\"og:url\" content=\"https:\/\/permbledhja.com\/sq\/ballkani-udheton-drejt-lituanise-neser-zhvillohet-ndeshja-e-kthimit\/\" \/>\n<meta property=\"og:site_name\" content=\"Ve\u00e7 artikuj p\u00ebrmbledh\u00ebs\" \/>\n<meta property=\"article:publisher\" content=\"https:\/\/www.facebook.com\/press07\/\" \/>\n<meta property=\"article:author\" content=\"https:\/\/www.facebook.com\/kafexhiu.muharrem\/\" \/>\n<meta property=\"article:published_time\" content=\"2022-07-11T08:46:07+00:00\" \/>\n<meta property=\"og:image\" content=\"https:\/\/permbledhja.com\/wp-content\/uploads\/2022\/07\/292472716_3231185683785794_2742881528210941332_n.jpg\" \/>\n\t<meta property=\"og:image:width\" content=\"1440\" \/>\n\t<meta property=\"og:image:height\" content=\"960\" \/>\n\t<meta property=\"og:image:type\" content=\"image\/jpeg\" \/>\n<meta name=\"author\" content=\"P\u00ebrmbledhja\" \/>\n<meta name=\"twitter:card\" content=\"summary_large_image\" \/>\n<meta name=\"twitter:label1\" content=\"Written by\" \/>\n\t<meta name=\"twitter:data1\" content=\"P\u00ebrmbledhja\" \/>\n\t<meta name=\"twitter:label2\" content=\"Est. reading time\" \/>\n\t<meta name=\"twitter:data2\" content=\"1 minut\u00eb\" \/>\n<script type=\"application\/ld+json\" class=\"yoast-schema-graph\">{\"@context\":\"https:\/\/schema.org\",\"@graph\":[{\"@type\":\"Article\",\"@id\":\"https:\/\/permbledhja.com\/ballkani-udheton-drejt-lituanise-neser-zhvillohet-ndeshja-e-kthimit\/#article\",\"isPartOf\":{\"@id\":\"https:\/\/permbledhja.com\/ballkani-udheton-drejt-lituanise-neser-zhvillohet-ndeshja-e-kthimit\/\"},\"author\":{\"name\":\"P\u00ebrmbledhja\",\"@id\":\"https:\/\/permbledhja.com\/#\/schema\/person\/0d064377258d3221e50693947b9eb4fe\"},\"headline\":\"Ballkani udh\u00ebton drejt Lituanis\u00eb \u2013 nes\u00ebr zhvillohet ndeshja e kthimit\",\"datePublished\":\"2022-07-11T08:46:07+00:00\",\"dateModified\":\"2022-07-11T08:46:07+00:00\",\"mainEntityOfPage\":{\"@id\":\"https:\/\/permbledhja.com\/ballkani-udheton-drejt-lituanise-neser-zhvillohet-ndeshja-e-kthimit\/\"},\"wordCount\":136,\"publisher\":{\"@id\":\"https:\/\/permbledhja.com\/#organization\"},\"keywords\":[\"Ballkani\"],\"articleSection\":[\"Sport\"],\"inLanguage\":\"sq\"},{\"@type\":\"WebPage\",\"@id\":\"https:\/\/permbledhja.com\/ballkani-udheton-drejt-lituanise-neser-zhvillohet-ndeshja-e-kthimit\/\",\"url\":\"https:\/\/permbledhja.com\/ballkani-udheton-drejt-lituanise-neser-zhvillohet-ndeshja-e-kthimit\/\",\"name\":\"Ballkani udh\u00ebton drejt Lituanis\u00eb \u2013 nes\u00ebr zhvillohet ndeshja e kthimit\",\"isPartOf\":{\"@id\":\"https:\/\/permbledhja.com\/#website\"},\"datePublished\":\"2022-07-11T08:46:07+00:00\",\"dateModified\":\"2022-07-11T08:46:07+00:00\",\"breadcrumb\":{\"@id\":\"https:\/\/permbledhja.com\/ballkani-udheton-drejt-lituanise-neser-zhvillohet-ndeshja-e-kthimit\/#breadcrumb\"},\"inLanguage\":\"sq\",\"potentialAction\":[{\"@type\":\"ReadAction\",\"target\":[\"https:\/\/permbledhja.com\/ballkani-udheton-drejt-lituanise-neser-zhvillohet-ndeshja-e-kthimit\/\"]}]},{\"@type\":\"BreadcrumbList\",\"@id\":\"https:\/\/permbledhja.com\/ballkani-udheton-drejt-lituanise-neser-zhvillohet-ndeshja-e-kthimit\/#breadcrumb\",\"itemListElement\":[{\"@type\":\"ListItem\",\"position\":1,\"name\":\"Ballina\",\"item\":\"https:\/\/permbledhja.com\/sq\/\"},{\"@type\":\"ListItem\",\"position\":2,\"name\":\"Ballkani udh\u00ebton drejt Lituanis\u00eb \u2013 nes\u00ebr zhvillohet ndeshja e kthimit\"}]},{\"@type\":\"WebSite\",\"@id\":\"https:\/\/permbledhja.com\/#website\",\"url\":\"https:\/\/permbledhja.com\/\",\"name\":\"Ve\u00e7 artikuj p\u00ebrmbledh\u00ebs\",\"description\":\"\",\"publisher\":{\"@id\":\"https:\/\/permbledhja.com\/#organization\"},\"potentialAction\":[{\"@type\":\"SearchAction\",\"target\":{\"@type\":\"EntryPoint\",\"urlTemplate\":\"https:\/\/permbledhja.com\/?s={search_term_string}\"},\"query-input\":\"required name=search_term_string\"}],\"inLanguage\":\"sq\"},{\"@type\":\"Organization\",\"@id\":\"https:\/\/permbledhja.com\/#organization\",\"name\":\"MK Media & Pr\",\"url\":\"https:\/\/permbledhja.com\/\",\"logo\":{\"@type\":\"ImageObject\",\"inLanguage\":\"sq\",\"@id\":\"https:\/\/permbledhja.com\/#\/schema\/logo\/image\/\",\"url\":\"https:\/\/permbledhja.com\/wp-content\/uploads\/2021\/12\/07-Press-Logo.jpg\",\"contentUrl\":\"https:\/\/permbledhja.com\/wp-content\/uploads\/2021\/12\/07-Press-Logo.jpg\",\"width\":512,\"height\":512,\"caption\":\"MK Media & Pr\"},\"image\":{\"@id\":\"https:\/\/permbledhja.com\/#\/schema\/logo\/image\/\"},\"sameAs\":[\"https:\/\/www.facebook.com\/press07\/\"]},{\"@type\":\"Person\",\"@id\":\"https:\/\/permbledhja.com\/#\/schema\/person\/0d064377258d3221e50693947b9eb4fe\",\"name\":\"P\u00ebrmbledhja\",\"image\":{\"@type\":\"ImageObject\",\"inLanguage\":\"sq\",\"@id\":\"https:\/\/permbledhja.com\/#\/schema\/person\/image\/\",\"url\":\"https:\/\/permbledhja.com\/wp-content\/uploads\/2026\/01\/452004717_1040944174702970_8932037511805513407_n-96x96.jpg\",\"contentUrl\":\"https:\/\/permbledhja.com\/wp-content\/uploads\/2026\/01\/452004717_1040944174702970_8932037511805513407_n-96x96.jpg\",\"caption\":\"P\u00ebrmbledhja\"},\"sameAs\":[\"https:\/\/www.facebook.com\/kafexhiu.muharrem\/\",\"https:\/\/www.instagram.com\/muharrem_kafexhiu\/\"],\"url\":\"https:\/\/permbledhja.com\/sq\/author\/admin\/\"}]}<\/script>\n<!-- \/ Yoast SEO plugin. -->","yoast_head_json":{"title":"Ballkani udh\u00ebton drejt Lituanis\u00eb \u2013 nes\u00ebr zhvillohet ndeshja e kthimit","robots":{"index":"index","follow":"follow","max-snippet":"max-snippet:-1","max-image-preview":"max-image-preview:large","max-video-preview":"max-video-preview:-1"},"canonical":"https:\/\/permbledhja.com\/sq\/ballkani-udheton-drejt-lituanise-neser-zhvillohet-ndeshja-e-kthimit\/","og_locale":"sq_AL","og_type":"article","og_title":"Ballkani udh\u00ebton drejt Lituanis\u00eb \u2013 nes\u00ebr zhvillohet ndeshja e kthimit","og_description":"Ekipi kosovar, Ballkani ka udh\u00ebtuar drejt Lituanis\u00eb p\u00ebr ndeshjen e kthimit ndaj Zalgiris. Skuadra nga Suhareka sezonin q\u00eb lam\u00eb pas u shpall\u00eb kampion\u00eb i Superlig\u00ebs s\u00eb Kosov\u00ebs, andaj siguroi nj\u00eb vend p\u00ebr n\u00eb garat evropiane. https:\/\/permbledhja.com\/sterling-te-chelsea-zyrtarizimi-ceshtje-kohesh\/ N\u00eb ndeshjen e par\u00eb kualifikuese p\u00ebr n\u00eb Lig\u00ebn e Kampion\u00ebve, Ballkani p\u00ebrball\u00eb kishte skuadr\u00ebn e Zalgiris, transmeton lajmi.net. N\u00eb [&hellip;]","og_url":"https:\/\/permbledhja.com\/sq\/ballkani-udheton-drejt-lituanise-neser-zhvillohet-ndeshja-e-kthimit\/","og_site_name":"Ve\u00e7 artikuj p\u00ebrmbledh\u00ebs","article_publisher":"https:\/\/www.facebook.com\/press07\/","article_author":"https:\/\/www.facebook.com\/kafexhiu.muharrem\/","article_published_time":"2022-07-11T08:46:07+00:00","og_image":[{"width":1440,"height":960,"url":"https:\/\/permbledhja.com\/wp-content\/uploads\/2022\/07\/292472716_3231185683785794_2742881528210941332_n.jpg","type":"image\/jpeg"}],"author":"P\u00ebrmbledhja","twitter_card":"summary_large_image","twitter_misc":{"Written by":"P\u00ebrmbledhja","Est. reading time":"1 minut\u00eb"},"schema":{"@context":"https:\/\/schema.org","@graph":[{"@type":"Article","@id":"https:\/\/permbledhja.com\/ballkani-udheton-drejt-lituanise-neser-zhvillohet-ndeshja-e-kthimit\/#article","isPartOf":{"@id":"https:\/\/permbledhja.com\/ballkani-udheton-drejt-lituanise-neser-zhvillohet-ndeshja-e-kthimit\/"},"author":{"name":"P\u00ebrmbledhja","@id":"https:\/\/permbledhja.com\/#\/schema\/person\/0d064377258d3221e50693947b9eb4fe"},"headline":"Ballkani udh\u00ebton drejt Lituanis\u00eb \u2013 nes\u00ebr zhvillohet ndeshja e kthimit","datePublished":"2022-07-11T08:46:07+00:00","dateModified":"2022-07-11T08:46:07+00:00","mainEntityOfPage":{"@id":"https:\/\/permbledhja.com\/ballkani-udheton-drejt-lituanise-neser-zhvillohet-ndeshja-e-kthimit\/"},"wordCount":136,"publisher":{"@id":"https:\/\/permbledhja.com\/#organization"},"keywords":["Ballkani"],"articleSection":["Sport"],"inLanguage":"sq"},{"@type":"WebPage","@id":"https:\/\/permbledhja.com\/ballkani-udheton-drejt-lituanise-neser-zhvillohet-ndeshja-e-kthimit\/","url":"https:\/\/permbledhja.com\/ballkani-udheton-drejt-lituanise-neser-zhvillohet-ndeshja-e-kthimit\/","name":"Ballkani udh\u00ebton drejt Lituanis\u00eb \u2013 nes\u00ebr zhvillohet ndeshja e kthimit","isPartOf":{"@id":"https:\/\/permbledhja.com\/#website"},"datePublished":"2022-07-11T08:46:07+00:00","dateModified":"2022-07-11T08:46:07+00:00","breadcrumb":{"@id":"https:\/\/permbledhja.com\/ballkani-udheton-drejt-lituanise-neser-zhvillohet-ndeshja-e-kthimit\/#breadcrumb"},"inLanguage":"sq","potentialAction":[{"@type":"ReadAction","target":["https:\/\/permbledhja.com\/ballkani-udheton-drejt-lituanise-neser-zhvillohet-ndeshja-e-kthimit\/"]}]},{"@type":"BreadcrumbList","@id":"https:\/\/permbledhja.com\/ballkani-udheton-drejt-lituanise-neser-zhvillohet-ndeshja-e-kthimit\/#breadcrumb","itemListElement":[{"@type":"ListItem","position":1,"name":"Ballina","item":"https:\/\/permbledhja.com\/sq\/"},{"@type":"ListItem","position":2,"name":"Ballkani udh\u00ebton drejt Lituanis\u00eb \u2013 nes\u00ebr zhvillohet ndeshja e kthimit"}]},{"@type":"WebSite","@id":"https:\/\/permbledhja.com\/#website","url":"https:\/\/permbledhja.com\/","name":"Ve\u00e7 artikuj p\u00ebrmbledh\u00ebs","description":"","publisher":{"@id":"https:\/\/permbledhja.com\/#organization"},"potentialAction":[{"@type":"SearchAction","target":{"@type":"EntryPoint","urlTemplate":"https:\/\/permbledhja.com\/?s={search_term_string}"},"query-input":"required name=search_term_string"}],"inLanguage":"sq"},{"@type":"Organization","@id":"https:\/\/permbledhja.com\/#organization","name":"MK Media & Pr","url":"https:\/\/permbledhja.com\/","logo":{"@type":"ImageObject","inLanguage":"sq","@id":"https:\/\/permbledhja.com\/#\/schema\/logo\/image\/","url":"https:\/\/permbledhja.com\/wp-content\/uploads\/2021\/12\/07-Press-Logo.jpg","contentUrl":"https:\/\/permbledhja.com\/wp-content\/uploads\/2021\/12\/07-Press-Logo.jpg","width":512,"height":512,"caption":"MK Media & Pr"},"image":{"@id":"https:\/\/permbledhja.com\/#\/schema\/logo\/image\/"},"sameAs":["https:\/\/www.facebook.com\/press07\/"]},{"@type":"Person","@id":"https:\/\/permbledhja.com\/#\/schema\/person\/0d064377258d3221e50693947b9eb4fe","name":"P\u00ebrmbledhja","image":{"@type":"ImageObject","inLanguage":"sq","@id":"https:\/\/permbledhja.com\/#\/schema\/person\/image\/","url":"https:\/\/permbledhja.com\/wp-content\/uploads\/2026\/01\/452004717_1040944174702970_8932037511805513407_n-96x96.jpg","contentUrl":"https:\/\/permbledhja.com\/wp-content\/uploads\/2026\/01\/452004717_1040944174702970_8932037511805513407_n-96x96.jpg","caption":"P\u00ebrmbledhja"},"sameAs":["https:\/\/www.facebook.com\/kafexhiu.muharrem\/","https:\/\/www.instagram.com\/muharrem_kafexhiu\/"],"url":"https:\/\/permbledhja.com\/sq\/author\/admin\/"}]}},"_links":{"self":[{"href":"https:\/\/permbledhja.com\/sq\/wp-json\/wp\/v2\/posts\/1972"}],"collection":[{"href":"https:\/\/permbledhja.com\/sq\/wp-json\/wp\/v2\/posts"}],"about":[{"href":"https:\/\/permbledhja.com\/sq\/wp-json\/wp\/v2\/types\/post"}],"author":[{"embeddable":true,"href":"https:\/\/permbledhja.com\/sq\/wp-json\/wp\/v2\/users\/1"}],"replies":[{"embeddable":true,"href":"https:\/\/permbledhja.com\/sq\/wp-json\/wp\/v2\/comments?post=1972"}],"version-history":[{"count":1,"href":"https:\/\/permbledhja.com\/sq\/wp-json\/wp\/v2\/posts\/1972\/revisions"}],"predecessor-version":[{"id":1974,"href":"https:\/\/permbledhja.com\/sq\/wp-json\/wp\/v2\/posts\/1972\/revisions\/1974"}],"wp:featuredmedia":[{"embeddable":true,"href":"https:\/\/permbledhja.com\/sq\/wp-json\/wp\/v2\/media\/1973"}],"wp:attachment":[{"href":"https:\/\/permbledhja.com\/sq\/wp-json\/wp\/v2\/media?parent=1972"}],"wp:term":[{"taxonomy":"category","embeddable":true,"href":"https:\/\/permbledhja.com\/sq\/wp-json\/wp\/v2\/categories?post=1972"},{"taxonomy":"post_tag","embeddable":true,"href":"https:\/\/permbledhja.com\/sq\/wp-json\/wp\/v2\/tags?post=1972"}],"curies":[{"name":"wp","href":"https:\/\/api.w.org\/{rel}","templated":true}]}}