{"id":19702,"date":"2023-07-19T11:51:46","date_gmt":"2023-07-19T11:51:46","guid":{"rendered":"https:\/\/permbledhja.com\/?p=19702"},"modified":"2023-07-19T11:51:46","modified_gmt":"2023-07-19T11:51:46","slug":"temperaturat-e-larta-msh-del-me-thirrje-per-qytetaret","status":"publish","type":"post","link":"https:\/\/permbledhja.com\/sq\/temperaturat-e-larta-msh-del-me-thirrje-per-qytetaret\/","title":{"rendered":"Temperaturat e larta, MSh del me thirrje p\u00ebr qytetar\u00ebt"},"content":{"rendered":"<h3>Ministria e Sh\u00ebndet\u00ebsis\u00eb ka apeluar p\u00ebr kujdes ndaj f\u00ebmij\u00ebve p\u00ebr shkak t\u00eb temperaturave t\u00eb larta n\u00eb vend.<\/h3>\n<p>Nga kjo ministri po b\u00ebjn\u00eb thirrje q\u00eb foshnjat deri n\u00eb gjasht\u00eb muaj t\u00eb mos ekspozohen n\u00eb diell, nd\u00ebrsa te grupmoshat tjera t\u00eb p\u00ebrdoret vazhdimisht kapela me streh\u00eb te gjer\u00eb.<\/p>\n<p>Rekomandohet q\u00eb f\u00ebmij\u00ebt t\u00eb vishen me rroba t\u00eb gjera dhe t\u00eb lehta, t\u2019iu ofrohet uj\u00eb vazhdimisht dhe t\u00eb pastrohen rregullisht.<\/p>\n<p>M\u00eb posht\u00eb k\u00ebshillat e MSh-s\u00eb:<\/p>\n<p><iframe loading=\"lazy\" style=\"border: none; overflow: hidden;\" src=\"https:\/\/www.facebook.com\/plugins\/post.php?href=https%3A%2F%2Fwww.facebook.com%2FMinistria.Shendetesise.RKS%2Fposts%2Fpfbid0U19mboq5fxyH8z7LZP5LqYvRn2j9jKrqR8aW3SVFXhfQeam6FK6rd8nYpP5xhXN5l&amp;show_text=true&amp;width=500\" width=\"500\" height=\"233\" frameborder=\"0\" scrolling=\"no\" allowfullscreen=\"allowfullscreen\"><\/iframe><\/p>\n","protected":false},"excerpt":{"rendered":"<p>Ministria e Sh\u00ebndet\u00ebsis\u00eb ka apeluar p\u00ebr kujdes ndaj f\u00ebmij\u00ebve p\u00ebr shkak t\u00eb temperaturave t\u00eb larta n\u00eb vend. Nga kjo ministri po b\u00ebjn\u00eb thirrje q\u00eb foshnjat deri n\u00eb gjasht\u00eb muaj t\u00eb mos ekspozohen n\u00eb diell, nd\u00ebrsa te grupmoshat tjera t\u00eb p\u00ebrdoret vazhdimisht kapela me streh\u00eb te gjer\u00eb. Rekomandohet q\u00eb f\u00ebmij\u00ebt t\u00eb vishen me rroba t\u00eb gjera [&hellip;]<\/p>\n","protected":false},"author":1,"featured_media":19703,"comment_status":"closed","ping_status":"closed","sticky":false,"template":"","format":"standard","meta":{"_monsterinsights_skip_tracking":false,"_monsterinsights_sitenote_active":false,"_monsterinsights_sitenote_note":"","_monsterinsights_sitenote_category":0,"_uf_show_specific_survey":0,"_uf_disable_surveys":false,"footnotes":""},"categories":[23,15],"tags":[166],"yoast_head":"<!-- This site is optimized with the Yoast SEO plugin v21.5 - https:\/\/yoast.com\/wordpress\/plugins\/seo\/ -->\n<title>Temperaturat e larta, MSh del me thirrje p\u00ebr qytetar\u00ebt<\/title>\n<meta name=\"robots\" content=\"index, follow, max-snippet:-1, max-image-preview:large, max-video-preview:-1\" \/>\n<link rel=\"canonical\" href=\"https:\/\/permbledhja.com\/sq\/temperaturat-e-larta-msh-del-me-thirrje-per-qytetaret\/\" \/>\n<meta property=\"og:locale\" content=\"sq_AL\" \/>\n<meta property=\"og:type\" content=\"article\" \/>\n<meta property=\"og:title\" content=\"Temperaturat e larta, MSh del me thirrje p\u00ebr qytetar\u00ebt\" \/>\n<meta property=\"og:description\" content=\"Ministria e Sh\u00ebndet\u00ebsis\u00eb ka apeluar p\u00ebr kujdes ndaj f\u00ebmij\u00ebve p\u00ebr shkak t\u00eb temperaturave t\u00eb larta n\u00eb vend. Nga kjo ministri po b\u00ebjn\u00eb thirrje q\u00eb foshnjat deri n\u00eb gjasht\u00eb muaj t\u00eb mos ekspozohen n\u00eb diell, nd\u00ebrsa te grupmoshat tjera t\u00eb p\u00ebrdoret vazhdimisht kapela me streh\u00eb te gjer\u00eb. Rekomandohet q\u00eb f\u00ebmij\u00ebt t\u00eb vishen me rroba t\u00eb gjera [&hellip;]\" \/>\n<meta property=\"og:url\" content=\"https:\/\/permbledhja.com\/sq\/temperaturat-e-larta-msh-del-me-thirrje-per-qytetaret\/\" \/>\n<meta property=\"og:site_name\" content=\"Ve\u00e7 artikuj p\u00ebrmbledh\u00ebs\" \/>\n<meta property=\"article:publisher\" content=\"https:\/\/www.facebook.com\/press07\/\" \/>\n<meta property=\"article:author\" content=\"https:\/\/www.facebook.com\/kafexhiu.muharrem\/\" \/>\n<meta property=\"article:published_time\" content=\"2023-07-19T11:51:46+00:00\" \/>\n<meta property=\"og:image\" content=\"https:\/\/permbledhja.com\/wp-content\/uploads\/2023\/07\/MSH.png\" \/>\n\t<meta property=\"og:image:width\" content=\"628\" \/>\n\t<meta property=\"og:image:height\" content=\"396\" \/>\n\t<meta property=\"og:image:type\" content=\"image\/png\" \/>\n<meta name=\"author\" content=\"P\u00ebrmbledhja\" \/>\n<meta name=\"twitter:card\" content=\"summary_large_image\" \/>\n<meta name=\"twitter:label1\" content=\"Written by\" \/>\n\t<meta name=\"twitter:data1\" content=\"P\u00ebrmbledhja\" \/>\n\t<meta name=\"twitter:label2\" content=\"Est. reading time\" \/>\n\t<meta name=\"twitter:data2\" content=\"1 minut\u00eb\" \/>\n<script type=\"application\/ld+json\" class=\"yoast-schema-graph\">{\"@context\":\"https:\/\/schema.org\",\"@graph\":[{\"@type\":\"Article\",\"@id\":\"https:\/\/permbledhja.com\/sq\/temperaturat-e-larta-msh-del-me-thirrje-per-qytetaret\/#article\",\"isPartOf\":{\"@id\":\"https:\/\/permbledhja.com\/sq\/temperaturat-e-larta-msh-del-me-thirrje-per-qytetaret\/\"},\"author\":{\"name\":\"P\u00ebrmbledhja\",\"@id\":\"https:\/\/permbledhja.com\/#\/schema\/person\/0d064377258d3221e50693947b9eb4fe\"},\"headline\":\"Temperaturat e larta, MSh del me thirrje p\u00ebr qytetar\u00ebt\",\"datePublished\":\"2023-07-19T11:51:46+00:00\",\"dateModified\":\"2023-07-19T11:51:46+00:00\",\"mainEntityOfPage\":{\"@id\":\"https:\/\/permbledhja.com\/sq\/temperaturat-e-larta-msh-del-me-thirrje-per-qytetaret\/\"},\"wordCount\":95,\"publisher\":{\"@id\":\"https:\/\/permbledhja.com\/#organization\"},\"keywords\":[\"MSh\"],\"articleSection\":[\"Komb\u00ebtare\",\"Lajme\"],\"inLanguage\":\"sq\"},{\"@type\":\"WebPage\",\"@id\":\"https:\/\/permbledhja.com\/sq\/temperaturat-e-larta-msh-del-me-thirrje-per-qytetaret\/\",\"url\":\"https:\/\/permbledhja.com\/sq\/temperaturat-e-larta-msh-del-me-thirrje-per-qytetaret\/\",\"name\":\"Temperaturat e larta, MSh del me thirrje p\u00ebr qytetar\u00ebt\",\"isPartOf\":{\"@id\":\"https:\/\/permbledhja.com\/#website\"},\"datePublished\":\"2023-07-19T11:51:46+00:00\",\"dateModified\":\"2023-07-19T11:51:46+00:00\",\"breadcrumb\":{\"@id\":\"https:\/\/permbledhja.com\/sq\/temperaturat-e-larta-msh-del-me-thirrje-per-qytetaret\/#breadcrumb\"},\"inLanguage\":\"sq\",\"potentialAction\":[{\"@type\":\"ReadAction\",\"target\":[\"https:\/\/permbledhja.com\/sq\/temperaturat-e-larta-msh-del-me-thirrje-per-qytetaret\/\"]}]},{\"@type\":\"BreadcrumbList\",\"@id\":\"https:\/\/permbledhja.com\/sq\/temperaturat-e-larta-msh-del-me-thirrje-per-qytetaret\/#breadcrumb\",\"itemListElement\":[{\"@type\":\"ListItem\",\"position\":1,\"name\":\"Ballina\",\"item\":\"https:\/\/permbledhja.com\/sq\/\"},{\"@type\":\"ListItem\",\"position\":2,\"name\":\"Temperaturat e larta, MSh del me thirrje p\u00ebr qytetar\u00ebt\"}]},{\"@type\":\"WebSite\",\"@id\":\"https:\/\/permbledhja.com\/#website\",\"url\":\"https:\/\/permbledhja.com\/\",\"name\":\"Ve\u00e7 artikuj p\u00ebrmbledh\u00ebs\",\"description\":\"\",\"publisher\":{\"@id\":\"https:\/\/permbledhja.com\/#organization\"},\"potentialAction\":[{\"@type\":\"SearchAction\",\"target\":{\"@type\":\"EntryPoint\",\"urlTemplate\":\"https:\/\/permbledhja.com\/?s={search_term_string}\"},\"query-input\":\"required name=search_term_string\"}],\"inLanguage\":\"sq\"},{\"@type\":\"Organization\",\"@id\":\"https:\/\/permbledhja.com\/#organization\",\"name\":\"MK Media & Pr\",\"url\":\"https:\/\/permbledhja.com\/\",\"logo\":{\"@type\":\"ImageObject\",\"inLanguage\":\"sq\",\"@id\":\"https:\/\/permbledhja.com\/#\/schema\/logo\/image\/\",\"url\":\"https:\/\/permbledhja.com\/wp-content\/uploads\/2021\/12\/07-Press-Logo.jpg\",\"contentUrl\":\"https:\/\/permbledhja.com\/wp-content\/uploads\/2021\/12\/07-Press-Logo.jpg\",\"width\":512,\"height\":512,\"caption\":\"MK Media & Pr\"},\"image\":{\"@id\":\"https:\/\/permbledhja.com\/#\/schema\/logo\/image\/\"},\"sameAs\":[\"https:\/\/www.facebook.com\/press07\/\"]},{\"@type\":\"Person\",\"@id\":\"https:\/\/permbledhja.com\/#\/schema\/person\/0d064377258d3221e50693947b9eb4fe\",\"name\":\"P\u00ebrmbledhja\",\"image\":{\"@type\":\"ImageObject\",\"inLanguage\":\"sq\",\"@id\":\"https:\/\/permbledhja.com\/#\/schema\/person\/image\/\",\"url\":\"https:\/\/permbledhja.com\/wp-content\/uploads\/2026\/01\/452004717_1040944174702970_8932037511805513407_n-96x96.jpg\",\"contentUrl\":\"https:\/\/permbledhja.com\/wp-content\/uploads\/2026\/01\/452004717_1040944174702970_8932037511805513407_n-96x96.jpg\",\"caption\":\"P\u00ebrmbledhja\"},\"sameAs\":[\"https:\/\/www.facebook.com\/kafexhiu.muharrem\/\",\"https:\/\/www.instagram.com\/muharrem_kafexhiu\/\"],\"url\":\"https:\/\/permbledhja.com\/sq\/author\/admin\/\"}]}<\/script>\n<!-- \/ Yoast SEO plugin. -->","yoast_head_json":{"title":"Temperaturat e larta, MSh del me thirrje p\u00ebr qytetar\u00ebt","robots":{"index":"index","follow":"follow","max-snippet":"max-snippet:-1","max-image-preview":"max-image-preview:large","max-video-preview":"max-video-preview:-1"},"canonical":"https:\/\/permbledhja.com\/sq\/temperaturat-e-larta-msh-del-me-thirrje-per-qytetaret\/","og_locale":"sq_AL","og_type":"article","og_title":"Temperaturat e larta, MSh del me thirrje p\u00ebr qytetar\u00ebt","og_description":"Ministria e Sh\u00ebndet\u00ebsis\u00eb ka apeluar p\u00ebr kujdes ndaj f\u00ebmij\u00ebve p\u00ebr shkak t\u00eb temperaturave t\u00eb larta n\u00eb vend. Nga kjo ministri po b\u00ebjn\u00eb thirrje q\u00eb foshnjat deri n\u00eb gjasht\u00eb muaj t\u00eb mos ekspozohen n\u00eb diell, nd\u00ebrsa te grupmoshat tjera t\u00eb p\u00ebrdoret vazhdimisht kapela me streh\u00eb te gjer\u00eb. Rekomandohet q\u00eb f\u00ebmij\u00ebt t\u00eb vishen me rroba t\u00eb gjera [&hellip;]","og_url":"https:\/\/permbledhja.com\/sq\/temperaturat-e-larta-msh-del-me-thirrje-per-qytetaret\/","og_site_name":"Ve\u00e7 artikuj p\u00ebrmbledh\u00ebs","article_publisher":"https:\/\/www.facebook.com\/press07\/","article_author":"https:\/\/www.facebook.com\/kafexhiu.muharrem\/","article_published_time":"2023-07-19T11:51:46+00:00","og_image":[{"width":628,"height":396,"url":"https:\/\/permbledhja.com\/wp-content\/uploads\/2023\/07\/MSH.png","type":"image\/png"}],"author":"P\u00ebrmbledhja","twitter_card":"summary_large_image","twitter_misc":{"Written by":"P\u00ebrmbledhja","Est. reading time":"1 minut\u00eb"},"schema":{"@context":"https:\/\/schema.org","@graph":[{"@type":"Article","@id":"https:\/\/permbledhja.com\/sq\/temperaturat-e-larta-msh-del-me-thirrje-per-qytetaret\/#article","isPartOf":{"@id":"https:\/\/permbledhja.com\/sq\/temperaturat-e-larta-msh-del-me-thirrje-per-qytetaret\/"},"author":{"name":"P\u00ebrmbledhja","@id":"https:\/\/permbledhja.com\/#\/schema\/person\/0d064377258d3221e50693947b9eb4fe"},"headline":"Temperaturat e larta, MSh del me thirrje p\u00ebr qytetar\u00ebt","datePublished":"2023-07-19T11:51:46+00:00","dateModified":"2023-07-19T11:51:46+00:00","mainEntityOfPage":{"@id":"https:\/\/permbledhja.com\/sq\/temperaturat-e-larta-msh-del-me-thirrje-per-qytetaret\/"},"wordCount":95,"publisher":{"@id":"https:\/\/permbledhja.com\/#organization"},"keywords":["MSh"],"articleSection":["Komb\u00ebtare","Lajme"],"inLanguage":"sq"},{"@type":"WebPage","@id":"https:\/\/permbledhja.com\/sq\/temperaturat-e-larta-msh-del-me-thirrje-per-qytetaret\/","url":"https:\/\/permbledhja.com\/sq\/temperaturat-e-larta-msh-del-me-thirrje-per-qytetaret\/","name":"Temperaturat e larta, MSh del me thirrje p\u00ebr qytetar\u00ebt","isPartOf":{"@id":"https:\/\/permbledhja.com\/#website"},"datePublished":"2023-07-19T11:51:46+00:00","dateModified":"2023-07-19T11:51:46+00:00","breadcrumb":{"@id":"https:\/\/permbledhja.com\/sq\/temperaturat-e-larta-msh-del-me-thirrje-per-qytetaret\/#breadcrumb"},"inLanguage":"sq","potentialAction":[{"@type":"ReadAction","target":["https:\/\/permbledhja.com\/sq\/temperaturat-e-larta-msh-del-me-thirrje-per-qytetaret\/"]}]},{"@type":"BreadcrumbList","@id":"https:\/\/permbledhja.com\/sq\/temperaturat-e-larta-msh-del-me-thirrje-per-qytetaret\/#breadcrumb","itemListElement":[{"@type":"ListItem","position":1,"name":"Ballina","item":"https:\/\/permbledhja.com\/sq\/"},{"@type":"ListItem","position":2,"name":"Temperaturat e larta, MSh del me thirrje p\u00ebr qytetar\u00ebt"}]},{"@type":"WebSite","@id":"https:\/\/permbledhja.com\/#website","url":"https:\/\/permbledhja.com\/","name":"Ve\u00e7 artikuj p\u00ebrmbledh\u00ebs","description":"","publisher":{"@id":"https:\/\/permbledhja.com\/#organization"},"potentialAction":[{"@type":"SearchAction","target":{"@type":"EntryPoint","urlTemplate":"https:\/\/permbledhja.com\/?s={search_term_string}"},"query-input":"required name=search_term_string"}],"inLanguage":"sq"},{"@type":"Organization","@id":"https:\/\/permbledhja.com\/#organization","name":"MK Media & Pr","url":"https:\/\/permbledhja.com\/","logo":{"@type":"ImageObject","inLanguage":"sq","@id":"https:\/\/permbledhja.com\/#\/schema\/logo\/image\/","url":"https:\/\/permbledhja.com\/wp-content\/uploads\/2021\/12\/07-Press-Logo.jpg","contentUrl":"https:\/\/permbledhja.com\/wp-content\/uploads\/2021\/12\/07-Press-Logo.jpg","width":512,"height":512,"caption":"MK Media & Pr"},"image":{"@id":"https:\/\/permbledhja.com\/#\/schema\/logo\/image\/"},"sameAs":["https:\/\/www.facebook.com\/press07\/"]},{"@type":"Person","@id":"https:\/\/permbledhja.com\/#\/schema\/person\/0d064377258d3221e50693947b9eb4fe","name":"P\u00ebrmbledhja","image":{"@type":"ImageObject","inLanguage":"sq","@id":"https:\/\/permbledhja.com\/#\/schema\/person\/image\/","url":"https:\/\/permbledhja.com\/wp-content\/uploads\/2026\/01\/452004717_1040944174702970_8932037511805513407_n-96x96.jpg","contentUrl":"https:\/\/permbledhja.com\/wp-content\/uploads\/2026\/01\/452004717_1040944174702970_8932037511805513407_n-96x96.jpg","caption":"P\u00ebrmbledhja"},"sameAs":["https:\/\/www.facebook.com\/kafexhiu.muharrem\/","https:\/\/www.instagram.com\/muharrem_kafexhiu\/"],"url":"https:\/\/permbledhja.com\/sq\/author\/admin\/"}]}},"_links":{"self":[{"href":"https:\/\/permbledhja.com\/sq\/wp-json\/wp\/v2\/posts\/19702"}],"collection":[{"href":"https:\/\/permbledhja.com\/sq\/wp-json\/wp\/v2\/posts"}],"about":[{"href":"https:\/\/permbledhja.com\/sq\/wp-json\/wp\/v2\/types\/post"}],"author":[{"embeddable":true,"href":"https:\/\/permbledhja.com\/sq\/wp-json\/wp\/v2\/users\/1"}],"replies":[{"embeddable":true,"href":"https:\/\/permbledhja.com\/sq\/wp-json\/wp\/v2\/comments?post=19702"}],"version-history":[{"count":1,"href":"https:\/\/permbledhja.com\/sq\/wp-json\/wp\/v2\/posts\/19702\/revisions"}],"predecessor-version":[{"id":19704,"href":"https:\/\/permbledhja.com\/sq\/wp-json\/wp\/v2\/posts\/19702\/revisions\/19704"}],"wp:featuredmedia":[{"embeddable":true,"href":"https:\/\/permbledhja.com\/sq\/wp-json\/wp\/v2\/media\/19703"}],"wp:attachment":[{"href":"https:\/\/permbledhja.com\/sq\/wp-json\/wp\/v2\/media?parent=19702"}],"wp:term":[{"taxonomy":"category","embeddable":true,"href":"https:\/\/permbledhja.com\/sq\/wp-json\/wp\/v2\/categories?post=19702"},{"taxonomy":"post_tag","embeddable":true,"href":"https:\/\/permbledhja.com\/sq\/wp-json\/wp\/v2\/tags?post=19702"}],"curies":[{"name":"wp","href":"https:\/\/api.w.org\/{rel}","templated":true}]}}