{"id":19372,"date":"2023-07-16T17:47:59","date_gmt":"2023-07-16T17:47:59","guid":{"rendered":"https:\/\/permbledhja.com\/?p=19372"},"modified":"2023-07-16T17:47:59","modified_gmt":"2023-07-16T17:47:59","slug":"haradinaj-aak-ja-eshte-alternativa-me-serioze-politike-per-bashkatdhetaret","status":"publish","type":"post","link":"https:\/\/permbledhja.com\/sq\/haradinaj-aak-ja-eshte-alternativa-me-serioze-politike-per-bashkatdhetaret\/","title":{"rendered":"Haradinaj: AAK-ja \u00ebsht\u00eb alternativa m\u00eb serioze politike p\u00ebr bashkatdhetar\u00ebt"},"content":{"rendered":"<p>Kryetari i Aleanc\u00ebs p\u00ebr Ardhm\u00ebrin\u00eb e Kosov\u00ebs (AAK), Ramush Haradinaj, n\u00eb kuad\u00ebr t\u00eb vizit\u00ebs n\u00eb Gjermani, ka marr\u00eb pjes\u00eb sot n\u00eb nj\u00eb bashk\u00ebbisedim me bashkatdhetar\u00eb.<\/p>\n<p>Haradinaj ka th\u00ebn\u00eb se \u00ebsht\u00eb k\u00ebnaq\u00ebsi t\u00eb shoh nga af\u00ebr pun\u00ebn serioze q\u00eb po b\u00ebn\u00eb AAK n\u00eb Gjermani e udh\u00ebhequr nga kryetari Uk\u00eb Blakaj.<\/p>\n<p>\u201cIu bashkova sot koleg\u00ebve nga Dega e Aleanc\u00ebs n\u00eb Mynih, n\u00eb nj\u00eb bashk\u00ebbisedim p\u00ebrmbajt\u00ebsor me bashkatdhetar\u00eb. Deg\u00eb kjo e cila ka zgjedhur p\u00ebr kryetar Dardan Nitajn, nj\u00eb arkitekt i d\u00ebshmuar\u201d.<\/p>\n<p>\u201c\u00cbsht\u00eb k\u00ebnaq\u00ebsi e ve\u00e7ant\u00eb q\u00eb sa her\u00eb q\u00eb jam n\u00eb Gjermani e shoh nga af\u00ebr pun\u00ebn serioze q\u00eb b\u00ebhet fal\u00eb strukturave t\u00eb Aleanc\u00ebs n\u00eb k\u00ebt\u00eb shtet, udh\u00ebhequr nga Uk\u00eb Blakaj\u201d, ka shkruar Haradinaj.<\/p>\n<p>Haradinaj ka shtuar se AAK e ndjen pesh\u00ebn dhe r\u00ebnd\u00ebsin\u00eb q\u00eb ka m\u00ebrgata, me mir\u00ebnjohje t\u00eb p\u00ebrjetshme p\u00ebr kontributin e jasht\u00ebzakonsh\u00ebm t\u00eb saj.<\/p>\n<p>\u201cFal\u00eb nj\u00eb pune p\u00ebrkushtuese t\u00eb strukturave, Aleanca po kalon n\u00ebp\u00ebr nj\u00eb momentum shum\u00eb pozitiv n\u00eb diaspor\u00eb. Bashkatdhetar\u00eb t\u00eb shumt\u00eb, njer\u00ebz t\u00eb d\u00ebshmuar nga t\u00eb gjitha fushat, po i bashkohen Aleanc\u00ebs sepse ata po e shohin si alternativ\u00ebn m\u00eb serioze politike\u201d.<\/p>\n<p>\u201cAAK e ndjen pesh\u00ebn dhe r\u00ebnd\u00ebsin\u00eb q\u00eb ka m\u00ebrgata, me mir\u00ebnjohje t\u00eb p\u00ebrjetshme p\u00ebr kontributin e jasht\u00ebzakonsh\u00ebm t\u00eb saj n\u00eb arritjen e liris\u00eb dhe n\u00eb procesin e shtetnd\u00ebrtimit\u201d, \u00ebsht\u00eb shprehur Haradinaj.<\/p>\n","protected":false},"excerpt":{"rendered":"<p>Kryetari i Aleanc\u00ebs p\u00ebr Ardhm\u00ebrin\u00eb e Kosov\u00ebs (AAK), Ramush Haradinaj, n\u00eb kuad\u00ebr t\u00eb vizit\u00ebs n\u00eb Gjermani, ka marr\u00eb pjes\u00eb sot n\u00eb nj\u00eb bashk\u00ebbisedim me bashkatdhetar\u00eb. Haradinaj ka th\u00ebn\u00eb se \u00ebsht\u00eb k\u00ebnaq\u00ebsi t\u00eb shoh nga af\u00ebr pun\u00ebn serioze q\u00eb po b\u00ebn\u00eb AAK n\u00eb Gjermani e udh\u00ebhequr nga kryetari Uk\u00eb Blakaj. \u201cIu bashkova sot koleg\u00ebve nga Dega [&hellip;]<\/p>\n","protected":false},"author":2,"featured_media":19373,"comment_status":"closed","ping_status":"closed","sticky":false,"template":"","format":"standard","meta":{"_monsterinsights_skip_tracking":false,"_monsterinsights_sitenote_active":false,"_monsterinsights_sitenote_note":"","_monsterinsights_sitenote_category":0,"_uf_show_specific_survey":0,"_uf_disable_surveys":false,"footnotes":""},"categories":[23,15],"tags":[],"yoast_head":"<!-- This site is optimized with the Yoast SEO plugin v21.5 - https:\/\/yoast.com\/wordpress\/plugins\/seo\/ -->\n<title>Haradinaj: AAK-ja \u00ebsht\u00eb alternativa m\u00eb serioze politike p\u00ebr bashkatdhetar\u00ebt<\/title>\n<meta name=\"robots\" content=\"index, follow, max-snippet:-1, max-image-preview:large, max-video-preview:-1\" \/>\n<link rel=\"canonical\" href=\"https:\/\/permbledhja.com\/sq\/haradinaj-aak-ja-eshte-alternativa-me-serioze-politike-per-bashkatdhetaret\/\" \/>\n<meta property=\"og:locale\" content=\"sq_AL\" \/>\n<meta property=\"og:type\" content=\"article\" \/>\n<meta property=\"og:title\" content=\"Haradinaj: AAK-ja \u00ebsht\u00eb alternativa m\u00eb serioze politike p\u00ebr bashkatdhetar\u00ebt\" \/>\n<meta property=\"og:description\" content=\"Kryetari i Aleanc\u00ebs p\u00ebr Ardhm\u00ebrin\u00eb e Kosov\u00ebs (AAK), Ramush Haradinaj, n\u00eb kuad\u00ebr t\u00eb vizit\u00ebs n\u00eb Gjermani, ka marr\u00eb pjes\u00eb sot n\u00eb nj\u00eb bashk\u00ebbisedim me bashkatdhetar\u00eb. Haradinaj ka th\u00ebn\u00eb se \u00ebsht\u00eb k\u00ebnaq\u00ebsi t\u00eb shoh nga af\u00ebr pun\u00ebn serioze q\u00eb po b\u00ebn\u00eb AAK n\u00eb Gjermani e udh\u00ebhequr nga kryetari Uk\u00eb Blakaj. \u201cIu bashkova sot koleg\u00ebve nga Dega [&hellip;]\" \/>\n<meta property=\"og:url\" content=\"https:\/\/permbledhja.com\/sq\/haradinaj-aak-ja-eshte-alternativa-me-serioze-politike-per-bashkatdhetaret\/\" \/>\n<meta property=\"og:site_name\" content=\"Ve\u00e7 artikuj p\u00ebrmbledh\u00ebs\" \/>\n<meta property=\"article:publisher\" content=\"https:\/\/www.facebook.com\/press07\/\" \/>\n<meta property=\"article:published_time\" content=\"2023-07-16T17:47:59+00:00\" \/>\n<meta property=\"og:image\" content=\"https:\/\/permbledhja.com\/wp-content\/uploads\/2023\/07\/361591930_833335808157769_1968207380279261293_n.jpg\" \/>\n\t<meta property=\"og:image:width\" content=\"2048\" \/>\n\t<meta property=\"og:image:height\" content=\"1152\" \/>\n\t<meta property=\"og:image:type\" content=\"image\/jpeg\" \/>\n<meta name=\"author\" content=\"M M\" \/>\n<meta name=\"twitter:card\" content=\"summary_large_image\" \/>\n<meta name=\"twitter:label1\" content=\"Written by\" \/>\n\t<meta name=\"twitter:data1\" content=\"M M\" \/>\n\t<meta name=\"twitter:label2\" content=\"Est. reading time\" \/>\n\t<meta name=\"twitter:data2\" content=\"1 minut\u00eb\" \/>\n<script type=\"application\/ld+json\" class=\"yoast-schema-graph\">{\"@context\":\"https:\/\/schema.org\",\"@graph\":[{\"@type\":\"Article\",\"@id\":\"https:\/\/permbledhja.com\/haradinaj-aak-ja-eshte-alternativa-me-serioze-politike-per-bashkatdhetaret\/#article\",\"isPartOf\":{\"@id\":\"https:\/\/permbledhja.com\/haradinaj-aak-ja-eshte-alternativa-me-serioze-politike-per-bashkatdhetaret\/\"},\"author\":{\"name\":\"M M\",\"@id\":\"https:\/\/permbledhja.com\/#\/schema\/person\/d23f13f59b5722643933d6780783acf3\"},\"headline\":\"Haradinaj: AAK-ja \u00ebsht\u00eb alternativa m\u00eb serioze politike p\u00ebr bashkatdhetar\u00ebt\",\"datePublished\":\"2023-07-16T17:47:59+00:00\",\"dateModified\":\"2023-07-16T17:47:59+00:00\",\"mainEntityOfPage\":{\"@id\":\"https:\/\/permbledhja.com\/haradinaj-aak-ja-eshte-alternativa-me-serioze-politike-per-bashkatdhetaret\/\"},\"wordCount\":273,\"publisher\":{\"@id\":\"https:\/\/permbledhja.com\/#organization\"},\"articleSection\":[\"Komb\u00ebtare\",\"Lajme\"],\"inLanguage\":\"sq\"},{\"@type\":\"WebPage\",\"@id\":\"https:\/\/permbledhja.com\/haradinaj-aak-ja-eshte-alternativa-me-serioze-politike-per-bashkatdhetaret\/\",\"url\":\"https:\/\/permbledhja.com\/haradinaj-aak-ja-eshte-alternativa-me-serioze-politike-per-bashkatdhetaret\/\",\"name\":\"Haradinaj: AAK-ja \u00ebsht\u00eb alternativa m\u00eb serioze politike p\u00ebr bashkatdhetar\u00ebt\",\"isPartOf\":{\"@id\":\"https:\/\/permbledhja.com\/#website\"},\"datePublished\":\"2023-07-16T17:47:59+00:00\",\"dateModified\":\"2023-07-16T17:47:59+00:00\",\"breadcrumb\":{\"@id\":\"https:\/\/permbledhja.com\/haradinaj-aak-ja-eshte-alternativa-me-serioze-politike-per-bashkatdhetaret\/#breadcrumb\"},\"inLanguage\":\"sq\",\"potentialAction\":[{\"@type\":\"ReadAction\",\"target\":[\"https:\/\/permbledhja.com\/haradinaj-aak-ja-eshte-alternativa-me-serioze-politike-per-bashkatdhetaret\/\"]}]},{\"@type\":\"BreadcrumbList\",\"@id\":\"https:\/\/permbledhja.com\/haradinaj-aak-ja-eshte-alternativa-me-serioze-politike-per-bashkatdhetaret\/#breadcrumb\",\"itemListElement\":[{\"@type\":\"ListItem\",\"position\":1,\"name\":\"Ballina\",\"item\":\"https:\/\/permbledhja.com\/sq\/\"},{\"@type\":\"ListItem\",\"position\":2,\"name\":\"Haradinaj: AAK-ja \u00ebsht\u00eb alternativa m\u00eb serioze politike p\u00ebr bashkatdhetar\u00ebt\"}]},{\"@type\":\"WebSite\",\"@id\":\"https:\/\/permbledhja.com\/#website\",\"url\":\"https:\/\/permbledhja.com\/\",\"name\":\"Ve\u00e7 artikuj p\u00ebrmbledh\u00ebs\",\"description\":\"\",\"publisher\":{\"@id\":\"https:\/\/permbledhja.com\/#organization\"},\"potentialAction\":[{\"@type\":\"SearchAction\",\"target\":{\"@type\":\"EntryPoint\",\"urlTemplate\":\"https:\/\/permbledhja.com\/?s={search_term_string}\"},\"query-input\":\"required name=search_term_string\"}],\"inLanguage\":\"sq\"},{\"@type\":\"Organization\",\"@id\":\"https:\/\/permbledhja.com\/#organization\",\"name\":\"MK Media & Pr\",\"url\":\"https:\/\/permbledhja.com\/\",\"logo\":{\"@type\":\"ImageObject\",\"inLanguage\":\"sq\",\"@id\":\"https:\/\/permbledhja.com\/#\/schema\/logo\/image\/\",\"url\":\"https:\/\/permbledhja.com\/wp-content\/uploads\/2021\/12\/07-Press-Logo.jpg\",\"contentUrl\":\"https:\/\/permbledhja.com\/wp-content\/uploads\/2021\/12\/07-Press-Logo.jpg\",\"width\":512,\"height\":512,\"caption\":\"MK Media & Pr\"},\"image\":{\"@id\":\"https:\/\/permbledhja.com\/#\/schema\/logo\/image\/\"},\"sameAs\":[\"https:\/\/www.facebook.com\/press07\/\"]},{\"@type\":\"Person\",\"@id\":\"https:\/\/permbledhja.com\/#\/schema\/person\/d23f13f59b5722643933d6780783acf3\",\"name\":\"M M\",\"image\":{\"@type\":\"ImageObject\",\"inLanguage\":\"sq\",\"@id\":\"https:\/\/permbledhja.com\/#\/schema\/person\/image\/\",\"url\":\"https:\/\/secure.gravatar.com\/avatar\/e2835a76ca7c31a2416b2d51c4ec9a8f?s=96&d=mm&r=g\",\"contentUrl\":\"https:\/\/secure.gravatar.com\/avatar\/e2835a76ca7c31a2416b2d51c4ec9a8f?s=96&d=mm&r=g\",\"caption\":\"M M\"},\"sameAs\":[\"http:\/\/MM\"],\"url\":\"https:\/\/permbledhja.com\/sq\/author\/muhamet\/\"}]}<\/script>\n<!-- \/ Yoast SEO plugin. -->","yoast_head_json":{"title":"Haradinaj: AAK-ja \u00ebsht\u00eb alternativa m\u00eb serioze politike p\u00ebr bashkatdhetar\u00ebt","robots":{"index":"index","follow":"follow","max-snippet":"max-snippet:-1","max-image-preview":"max-image-preview:large","max-video-preview":"max-video-preview:-1"},"canonical":"https:\/\/permbledhja.com\/sq\/haradinaj-aak-ja-eshte-alternativa-me-serioze-politike-per-bashkatdhetaret\/","og_locale":"sq_AL","og_type":"article","og_title":"Haradinaj: AAK-ja \u00ebsht\u00eb alternativa m\u00eb serioze politike p\u00ebr bashkatdhetar\u00ebt","og_description":"Kryetari i Aleanc\u00ebs p\u00ebr Ardhm\u00ebrin\u00eb e Kosov\u00ebs (AAK), Ramush Haradinaj, n\u00eb kuad\u00ebr t\u00eb vizit\u00ebs n\u00eb Gjermani, ka marr\u00eb pjes\u00eb sot n\u00eb nj\u00eb bashk\u00ebbisedim me bashkatdhetar\u00eb. Haradinaj ka th\u00ebn\u00eb se \u00ebsht\u00eb k\u00ebnaq\u00ebsi t\u00eb shoh nga af\u00ebr pun\u00ebn serioze q\u00eb po b\u00ebn\u00eb AAK n\u00eb Gjermani e udh\u00ebhequr nga kryetari Uk\u00eb Blakaj. \u201cIu bashkova sot koleg\u00ebve nga Dega [&hellip;]","og_url":"https:\/\/permbledhja.com\/sq\/haradinaj-aak-ja-eshte-alternativa-me-serioze-politike-per-bashkatdhetaret\/","og_site_name":"Ve\u00e7 artikuj p\u00ebrmbledh\u00ebs","article_publisher":"https:\/\/www.facebook.com\/press07\/","article_published_time":"2023-07-16T17:47:59+00:00","og_image":[{"width":2048,"height":1152,"url":"https:\/\/permbledhja.com\/wp-content\/uploads\/2023\/07\/361591930_833335808157769_1968207380279261293_n.jpg","type":"image\/jpeg"}],"author":"M M","twitter_card":"summary_large_image","twitter_misc":{"Written by":"M M","Est. reading time":"1 minut\u00eb"},"schema":{"@context":"https:\/\/schema.org","@graph":[{"@type":"Article","@id":"https:\/\/permbledhja.com\/haradinaj-aak-ja-eshte-alternativa-me-serioze-politike-per-bashkatdhetaret\/#article","isPartOf":{"@id":"https:\/\/permbledhja.com\/haradinaj-aak-ja-eshte-alternativa-me-serioze-politike-per-bashkatdhetaret\/"},"author":{"name":"M M","@id":"https:\/\/permbledhja.com\/#\/schema\/person\/d23f13f59b5722643933d6780783acf3"},"headline":"Haradinaj: AAK-ja \u00ebsht\u00eb alternativa m\u00eb serioze politike p\u00ebr bashkatdhetar\u00ebt","datePublished":"2023-07-16T17:47:59+00:00","dateModified":"2023-07-16T17:47:59+00:00","mainEntityOfPage":{"@id":"https:\/\/permbledhja.com\/haradinaj-aak-ja-eshte-alternativa-me-serioze-politike-per-bashkatdhetaret\/"},"wordCount":273,"publisher":{"@id":"https:\/\/permbledhja.com\/#organization"},"articleSection":["Komb\u00ebtare","Lajme"],"inLanguage":"sq"},{"@type":"WebPage","@id":"https:\/\/permbledhja.com\/haradinaj-aak-ja-eshte-alternativa-me-serioze-politike-per-bashkatdhetaret\/","url":"https:\/\/permbledhja.com\/haradinaj-aak-ja-eshte-alternativa-me-serioze-politike-per-bashkatdhetaret\/","name":"Haradinaj: AAK-ja \u00ebsht\u00eb alternativa m\u00eb serioze politike p\u00ebr bashkatdhetar\u00ebt","isPartOf":{"@id":"https:\/\/permbledhja.com\/#website"},"datePublished":"2023-07-16T17:47:59+00:00","dateModified":"2023-07-16T17:47:59+00:00","breadcrumb":{"@id":"https:\/\/permbledhja.com\/haradinaj-aak-ja-eshte-alternativa-me-serioze-politike-per-bashkatdhetaret\/#breadcrumb"},"inLanguage":"sq","potentialAction":[{"@type":"ReadAction","target":["https:\/\/permbledhja.com\/haradinaj-aak-ja-eshte-alternativa-me-serioze-politike-per-bashkatdhetaret\/"]}]},{"@type":"BreadcrumbList","@id":"https:\/\/permbledhja.com\/haradinaj-aak-ja-eshte-alternativa-me-serioze-politike-per-bashkatdhetaret\/#breadcrumb","itemListElement":[{"@type":"ListItem","position":1,"name":"Ballina","item":"https:\/\/permbledhja.com\/sq\/"},{"@type":"ListItem","position":2,"name":"Haradinaj: AAK-ja \u00ebsht\u00eb alternativa m\u00eb serioze politike p\u00ebr bashkatdhetar\u00ebt"}]},{"@type":"WebSite","@id":"https:\/\/permbledhja.com\/#website","url":"https:\/\/permbledhja.com\/","name":"Ve\u00e7 artikuj p\u00ebrmbledh\u00ebs","description":"","publisher":{"@id":"https:\/\/permbledhja.com\/#organization"},"potentialAction":[{"@type":"SearchAction","target":{"@type":"EntryPoint","urlTemplate":"https:\/\/permbledhja.com\/?s={search_term_string}"},"query-input":"required name=search_term_string"}],"inLanguage":"sq"},{"@type":"Organization","@id":"https:\/\/permbledhja.com\/#organization","name":"MK Media & Pr","url":"https:\/\/permbledhja.com\/","logo":{"@type":"ImageObject","inLanguage":"sq","@id":"https:\/\/permbledhja.com\/#\/schema\/logo\/image\/","url":"https:\/\/permbledhja.com\/wp-content\/uploads\/2021\/12\/07-Press-Logo.jpg","contentUrl":"https:\/\/permbledhja.com\/wp-content\/uploads\/2021\/12\/07-Press-Logo.jpg","width":512,"height":512,"caption":"MK Media & Pr"},"image":{"@id":"https:\/\/permbledhja.com\/#\/schema\/logo\/image\/"},"sameAs":["https:\/\/www.facebook.com\/press07\/"]},{"@type":"Person","@id":"https:\/\/permbledhja.com\/#\/schema\/person\/d23f13f59b5722643933d6780783acf3","name":"M M","image":{"@type":"ImageObject","inLanguage":"sq","@id":"https:\/\/permbledhja.com\/#\/schema\/person\/image\/","url":"https:\/\/secure.gravatar.com\/avatar\/e2835a76ca7c31a2416b2d51c4ec9a8f?s=96&d=mm&r=g","contentUrl":"https:\/\/secure.gravatar.com\/avatar\/e2835a76ca7c31a2416b2d51c4ec9a8f?s=96&d=mm&r=g","caption":"M M"},"sameAs":["http:\/\/MM"],"url":"https:\/\/permbledhja.com\/sq\/author\/muhamet\/"}]}},"_links":{"self":[{"href":"https:\/\/permbledhja.com\/sq\/wp-json\/wp\/v2\/posts\/19372"}],"collection":[{"href":"https:\/\/permbledhja.com\/sq\/wp-json\/wp\/v2\/posts"}],"about":[{"href":"https:\/\/permbledhja.com\/sq\/wp-json\/wp\/v2\/types\/post"}],"author":[{"embeddable":true,"href":"https:\/\/permbledhja.com\/sq\/wp-json\/wp\/v2\/users\/2"}],"replies":[{"embeddable":true,"href":"https:\/\/permbledhja.com\/sq\/wp-json\/wp\/v2\/comments?post=19372"}],"version-history":[{"count":1,"href":"https:\/\/permbledhja.com\/sq\/wp-json\/wp\/v2\/posts\/19372\/revisions"}],"predecessor-version":[{"id":19374,"href":"https:\/\/permbledhja.com\/sq\/wp-json\/wp\/v2\/posts\/19372\/revisions\/19374"}],"wp:featuredmedia":[{"embeddable":true,"href":"https:\/\/permbledhja.com\/sq\/wp-json\/wp\/v2\/media\/19373"}],"wp:attachment":[{"href":"https:\/\/permbledhja.com\/sq\/wp-json\/wp\/v2\/media?parent=19372"}],"wp:term":[{"taxonomy":"category","embeddable":true,"href":"https:\/\/permbledhja.com\/sq\/wp-json\/wp\/v2\/categories?post=19372"},{"taxonomy":"post_tag","embeddable":true,"href":"https:\/\/permbledhja.com\/sq\/wp-json\/wp\/v2\/tags?post=19372"}],"curies":[{"name":"wp","href":"https:\/\/api.w.org\/{rel}","templated":true}]}}