{"id":1935,"date":"2022-07-11T06:23:32","date_gmt":"2022-07-11T06:23:32","guid":{"rendered":"https:\/\/permbledhja.com\/?p=1935"},"modified":"2022-07-11T06:23:32","modified_gmt":"2022-07-11T06:23:32","slug":"rikthehet-i-nxehti-afrikan-ky-eshte-parashikimi-i-motit-per-kete-jave","status":"publish","type":"post","link":"https:\/\/permbledhja.com\/sq\/rikthehet-i-nxehti-afrikan-ky-eshte-parashikimi-i-motit-per-kete-jave\/","title":{"rendered":"Rikthehet i nxehti afrikan, ky \u00ebsht\u00eb parashikimi i motit p\u00ebr k\u00ebt\u00eb jav\u00eb"},"content":{"rendered":"<p>Instituti Hidrometeorologjik i Kosov\u00ebs ka b\u00ebr\u00eb t\u00eb ditur s\u00eb kjo jav\u00eb premton mot kryesisht t\u00eb qet\u00eb dhe me shum\u00eb or\u00eb me diell.<\/p>\n<p>Vran\u00ebsirat do t\u00eb shfaqen m\u00eb shum\u00eb n\u00eb relievet malore, ku atje nuk p\u00ebrjashtohet mund\u00ebsia p\u00ebr ndonj\u00eb rig\u00eb t\u00eb izoluar.<\/p>\n<p>Sa i p\u00ebrket temperaturave deri dit\u00ebn e premte, nuk do t\u00eb jen\u00eb t\u00eb larta, por gjithnj\u00eb duke respektuar mesataret e muajit korrik. Nga fundjava parashihen serish val\u00eb e t\u00eb nxehtit Afrikan.<\/p>\n<p>Temperaturat minimale gjat\u00eb k\u00ebsaj periudhe pes\u00ebdit\u00ebshe do t\u00eb l\u00ebvizin nd\u00ebrmjet 8-12 grad\u00eb Celsius, nd\u00ebrsa maksimalet e dit\u00ebs parashihen t\u00eb l\u00ebvizin nd\u00ebrmjet 21-29 grad\u00eb Celsius.<\/p>\n<p>Era do t\u00eb vazhdoj ta mbaj drejtimin e veriut dhe verilindjes , e leht\u00eb dhe mesatare. Indeksi UV do t\u00eb mbetet n\u00eb vlerat e rrezikut, prandaj k\u00ebshillat e IKSHP dhe t\u00eb IHMK mbeten n\u00eb fuqi.<\/p>\n<p>Reshjet e fundit q\u00eb u regjistruan pothuaj n\u00eb gjith\u00eb territorin e Kosov\u00ebs, n\u00eb jugugper\u00ebndim dhe juglindje m\u00eb shum\u00eb , e n\u00eb pjes\u00ebt tjera m\u00eb pak, kan\u00eb ndikuar shum\u00eb pozitivisht n\u00eb p\u00ebrmir\u00ebsimin e kushteve biometeorologjike, agrometeorologjke si dhe kan\u00eb zbutur situat\u00ebn me uj\u00eb p\u00ebr pije n\u00eb liqenet tona akumuluese. <\/p>\n","protected":false},"excerpt":{"rendered":"<p>Instituti Hidrometeorologjik i Kosov\u00ebs ka b\u00ebr\u00eb t\u00eb ditur s\u00eb kjo jav\u00eb premton mot kryesisht t\u00eb qet\u00eb dhe me shum\u00eb or\u00eb me diell. Vran\u00ebsirat do t\u00eb shfaqen m\u00eb shum\u00eb n\u00eb relievet malore, ku atje nuk p\u00ebrjashtohet mund\u00ebsia p\u00ebr ndonj\u00eb rig\u00eb t\u00eb izoluar. Sa i p\u00ebrket temperaturave deri dit\u00ebn e premte, nuk do t\u00eb jen\u00eb t\u00eb larta, [&hellip;]<\/p>\n","protected":false},"author":1,"featured_media":1936,"comment_status":"closed","ping_status":"closed","sticky":false,"template":"","format":"standard","meta":{"_monsterinsights_skip_tracking":false,"_monsterinsights_sitenote_active":false,"_monsterinsights_sitenote_note":"","_monsterinsights_sitenote_category":0,"_uf_show_specific_survey":0,"_uf_disable_surveys":false,"footnotes":""},"categories":[22],"tags":[26],"yoast_head":"<!-- This site is optimized with the Yoast SEO plugin v21.5 - https:\/\/yoast.com\/wordpress\/plugins\/seo\/ -->\n<title>Rikthehet i nxehti afrikan, ky \u00ebsht\u00eb parashikimi i motit p\u00ebr k\u00ebt\u00eb jav\u00eb<\/title>\n<meta name=\"robots\" content=\"index, follow, max-snippet:-1, max-image-preview:large, max-video-preview:-1\" \/>\n<link rel=\"canonical\" href=\"https:\/\/permbledhja.com\/sq\/rikthehet-i-nxehti-afrikan-ky-eshte-parashikimi-i-motit-per-kete-jave\/\" \/>\n<meta property=\"og:locale\" content=\"sq_AL\" \/>\n<meta property=\"og:type\" content=\"article\" \/>\n<meta property=\"og:title\" content=\"Rikthehet i nxehti afrikan, ky \u00ebsht\u00eb parashikimi i motit p\u00ebr k\u00ebt\u00eb jav\u00eb\" \/>\n<meta property=\"og:description\" content=\"Instituti Hidrometeorologjik i Kosov\u00ebs ka b\u00ebr\u00eb t\u00eb ditur s\u00eb kjo jav\u00eb premton mot kryesisht t\u00eb qet\u00eb dhe me shum\u00eb or\u00eb me diell. Vran\u00ebsirat do t\u00eb shfaqen m\u00eb shum\u00eb n\u00eb relievet malore, ku atje nuk p\u00ebrjashtohet mund\u00ebsia p\u00ebr ndonj\u00eb rig\u00eb t\u00eb izoluar. Sa i p\u00ebrket temperaturave deri dit\u00ebn e premte, nuk do t\u00eb jen\u00eb t\u00eb larta, [&hellip;]\" \/>\n<meta property=\"og:url\" content=\"https:\/\/permbledhja.com\/sq\/rikthehet-i-nxehti-afrikan-ky-eshte-parashikimi-i-motit-per-kete-jave\/\" \/>\n<meta property=\"og:site_name\" content=\"Ve\u00e7 artikuj p\u00ebrmbledh\u00ebs\" \/>\n<meta property=\"article:publisher\" content=\"https:\/\/www.facebook.com\/press07\/\" \/>\n<meta property=\"article:author\" content=\"https:\/\/www.facebook.com\/kafexhiu.muharrem\/\" \/>\n<meta property=\"article:published_time\" content=\"2022-07-11T06:23:32+00:00\" \/>\n<meta property=\"og:image\" content=\"https:\/\/permbledhja.com\/wp-content\/uploads\/2022\/07\/B784CE87-A68C-4183-866E-71409872F376.jpeg\" \/>\n\t<meta property=\"og:image:width\" content=\"600\" \/>\n\t<meta property=\"og:image:height\" content=\"347\" \/>\n\t<meta property=\"og:image:type\" content=\"image\/jpeg\" \/>\n<meta name=\"author\" content=\"P\u00ebrmbledhja\" \/>\n<meta name=\"twitter:card\" content=\"summary_large_image\" \/>\n<meta name=\"twitter:label1\" content=\"Written by\" \/>\n\t<meta name=\"twitter:data1\" content=\"P\u00ebrmbledhja\" \/>\n\t<meta name=\"twitter:label2\" content=\"Est. reading time\" \/>\n\t<meta name=\"twitter:data2\" content=\"1 minut\u00eb\" \/>\n<script type=\"application\/ld+json\" class=\"yoast-schema-graph\">{\"@context\":\"https:\/\/schema.org\",\"@graph\":[{\"@type\":\"Article\",\"@id\":\"https:\/\/permbledhja.com\/rikthehet-i-nxehti-afrikan-ky-eshte-parashikimi-i-motit-per-kete-jave\/#article\",\"isPartOf\":{\"@id\":\"https:\/\/permbledhja.com\/rikthehet-i-nxehti-afrikan-ky-eshte-parashikimi-i-motit-per-kete-jave\/\"},\"author\":{\"name\":\"P\u00ebrmbledhja\",\"@id\":\"https:\/\/permbledhja.com\/#\/schema\/person\/0d064377258d3221e50693947b9eb4fe\"},\"headline\":\"Rikthehet i nxehti afrikan, ky \u00ebsht\u00eb parashikimi i motit p\u00ebr k\u00ebt\u00eb jav\u00eb\",\"datePublished\":\"2022-07-11T06:23:32+00:00\",\"dateModified\":\"2022-07-11T06:23:32+00:00\",\"mainEntityOfPage\":{\"@id\":\"https:\/\/permbledhja.com\/rikthehet-i-nxehti-afrikan-ky-eshte-parashikimi-i-motit-per-kete-jave\/\"},\"wordCount\":216,\"publisher\":{\"@id\":\"https:\/\/permbledhja.com\/#organization\"},\"keywords\":[\"Moti\"],\"articleSection\":[\"Ballina\"],\"inLanguage\":\"sq\"},{\"@type\":\"WebPage\",\"@id\":\"https:\/\/permbledhja.com\/rikthehet-i-nxehti-afrikan-ky-eshte-parashikimi-i-motit-per-kete-jave\/\",\"url\":\"https:\/\/permbledhja.com\/rikthehet-i-nxehti-afrikan-ky-eshte-parashikimi-i-motit-per-kete-jave\/\",\"name\":\"Rikthehet i nxehti afrikan, ky \u00ebsht\u00eb parashikimi i motit p\u00ebr k\u00ebt\u00eb jav\u00eb\",\"isPartOf\":{\"@id\":\"https:\/\/permbledhja.com\/#website\"},\"datePublished\":\"2022-07-11T06:23:32+00:00\",\"dateModified\":\"2022-07-11T06:23:32+00:00\",\"breadcrumb\":{\"@id\":\"https:\/\/permbledhja.com\/rikthehet-i-nxehti-afrikan-ky-eshte-parashikimi-i-motit-per-kete-jave\/#breadcrumb\"},\"inLanguage\":\"sq\",\"potentialAction\":[{\"@type\":\"ReadAction\",\"target\":[\"https:\/\/permbledhja.com\/rikthehet-i-nxehti-afrikan-ky-eshte-parashikimi-i-motit-per-kete-jave\/\"]}]},{\"@type\":\"BreadcrumbList\",\"@id\":\"https:\/\/permbledhja.com\/rikthehet-i-nxehti-afrikan-ky-eshte-parashikimi-i-motit-per-kete-jave\/#breadcrumb\",\"itemListElement\":[{\"@type\":\"ListItem\",\"position\":1,\"name\":\"Ballina\",\"item\":\"https:\/\/permbledhja.com\/sq\/\"},{\"@type\":\"ListItem\",\"position\":2,\"name\":\"Rikthehet i nxehti afrikan, ky \u00ebsht\u00eb parashikimi i motit p\u00ebr k\u00ebt\u00eb jav\u00eb\"}]},{\"@type\":\"WebSite\",\"@id\":\"https:\/\/permbledhja.com\/#website\",\"url\":\"https:\/\/permbledhja.com\/\",\"name\":\"Ve\u00e7 artikuj p\u00ebrmbledh\u00ebs\",\"description\":\"\",\"publisher\":{\"@id\":\"https:\/\/permbledhja.com\/#organization\"},\"potentialAction\":[{\"@type\":\"SearchAction\",\"target\":{\"@type\":\"EntryPoint\",\"urlTemplate\":\"https:\/\/permbledhja.com\/?s={search_term_string}\"},\"query-input\":\"required name=search_term_string\"}],\"inLanguage\":\"sq\"},{\"@type\":\"Organization\",\"@id\":\"https:\/\/permbledhja.com\/#organization\",\"name\":\"MK Media & Pr\",\"url\":\"https:\/\/permbledhja.com\/\",\"logo\":{\"@type\":\"ImageObject\",\"inLanguage\":\"sq\",\"@id\":\"https:\/\/permbledhja.com\/#\/schema\/logo\/image\/\",\"url\":\"https:\/\/permbledhja.com\/wp-content\/uploads\/2021\/12\/07-Press-Logo.jpg\",\"contentUrl\":\"https:\/\/permbledhja.com\/wp-content\/uploads\/2021\/12\/07-Press-Logo.jpg\",\"width\":512,\"height\":512,\"caption\":\"MK Media & Pr\"},\"image\":{\"@id\":\"https:\/\/permbledhja.com\/#\/schema\/logo\/image\/\"},\"sameAs\":[\"https:\/\/www.facebook.com\/press07\/\"]},{\"@type\":\"Person\",\"@id\":\"https:\/\/permbledhja.com\/#\/schema\/person\/0d064377258d3221e50693947b9eb4fe\",\"name\":\"P\u00ebrmbledhja\",\"image\":{\"@type\":\"ImageObject\",\"inLanguage\":\"sq\",\"@id\":\"https:\/\/permbledhja.com\/#\/schema\/person\/image\/\",\"url\":\"https:\/\/permbledhja.com\/wp-content\/uploads\/2026\/01\/452004717_1040944174702970_8932037511805513407_n-96x96.jpg\",\"contentUrl\":\"https:\/\/permbledhja.com\/wp-content\/uploads\/2026\/01\/452004717_1040944174702970_8932037511805513407_n-96x96.jpg\",\"caption\":\"P\u00ebrmbledhja\"},\"sameAs\":[\"https:\/\/www.facebook.com\/kafexhiu.muharrem\/\",\"https:\/\/www.instagram.com\/muharrem_kafexhiu\/\"],\"url\":\"https:\/\/permbledhja.com\/sq\/author\/admin\/\"}]}<\/script>\n<!-- \/ Yoast SEO plugin. -->","yoast_head_json":{"title":"Rikthehet i nxehti afrikan, ky \u00ebsht\u00eb parashikimi i motit p\u00ebr k\u00ebt\u00eb jav\u00eb","robots":{"index":"index","follow":"follow","max-snippet":"max-snippet:-1","max-image-preview":"max-image-preview:large","max-video-preview":"max-video-preview:-1"},"canonical":"https:\/\/permbledhja.com\/sq\/rikthehet-i-nxehti-afrikan-ky-eshte-parashikimi-i-motit-per-kete-jave\/","og_locale":"sq_AL","og_type":"article","og_title":"Rikthehet i nxehti afrikan, ky \u00ebsht\u00eb parashikimi i motit p\u00ebr k\u00ebt\u00eb jav\u00eb","og_description":"Instituti Hidrometeorologjik i Kosov\u00ebs ka b\u00ebr\u00eb t\u00eb ditur s\u00eb kjo jav\u00eb premton mot kryesisht t\u00eb qet\u00eb dhe me shum\u00eb or\u00eb me diell. Vran\u00ebsirat do t\u00eb shfaqen m\u00eb shum\u00eb n\u00eb relievet malore, ku atje nuk p\u00ebrjashtohet mund\u00ebsia p\u00ebr ndonj\u00eb rig\u00eb t\u00eb izoluar. Sa i p\u00ebrket temperaturave deri dit\u00ebn e premte, nuk do t\u00eb jen\u00eb t\u00eb larta, [&hellip;]","og_url":"https:\/\/permbledhja.com\/sq\/rikthehet-i-nxehti-afrikan-ky-eshte-parashikimi-i-motit-per-kete-jave\/","og_site_name":"Ve\u00e7 artikuj p\u00ebrmbledh\u00ebs","article_publisher":"https:\/\/www.facebook.com\/press07\/","article_author":"https:\/\/www.facebook.com\/kafexhiu.muharrem\/","article_published_time":"2022-07-11T06:23:32+00:00","og_image":[{"width":600,"height":347,"url":"https:\/\/permbledhja.com\/wp-content\/uploads\/2022\/07\/B784CE87-A68C-4183-866E-71409872F376.jpeg","type":"image\/jpeg"}],"author":"P\u00ebrmbledhja","twitter_card":"summary_large_image","twitter_misc":{"Written by":"P\u00ebrmbledhja","Est. reading time":"1 minut\u00eb"},"schema":{"@context":"https:\/\/schema.org","@graph":[{"@type":"Article","@id":"https:\/\/permbledhja.com\/rikthehet-i-nxehti-afrikan-ky-eshte-parashikimi-i-motit-per-kete-jave\/#article","isPartOf":{"@id":"https:\/\/permbledhja.com\/rikthehet-i-nxehti-afrikan-ky-eshte-parashikimi-i-motit-per-kete-jave\/"},"author":{"name":"P\u00ebrmbledhja","@id":"https:\/\/permbledhja.com\/#\/schema\/person\/0d064377258d3221e50693947b9eb4fe"},"headline":"Rikthehet i nxehti afrikan, ky \u00ebsht\u00eb parashikimi i motit p\u00ebr k\u00ebt\u00eb jav\u00eb","datePublished":"2022-07-11T06:23:32+00:00","dateModified":"2022-07-11T06:23:32+00:00","mainEntityOfPage":{"@id":"https:\/\/permbledhja.com\/rikthehet-i-nxehti-afrikan-ky-eshte-parashikimi-i-motit-per-kete-jave\/"},"wordCount":216,"publisher":{"@id":"https:\/\/permbledhja.com\/#organization"},"keywords":["Moti"],"articleSection":["Ballina"],"inLanguage":"sq"},{"@type":"WebPage","@id":"https:\/\/permbledhja.com\/rikthehet-i-nxehti-afrikan-ky-eshte-parashikimi-i-motit-per-kete-jave\/","url":"https:\/\/permbledhja.com\/rikthehet-i-nxehti-afrikan-ky-eshte-parashikimi-i-motit-per-kete-jave\/","name":"Rikthehet i nxehti afrikan, ky \u00ebsht\u00eb parashikimi i motit p\u00ebr k\u00ebt\u00eb jav\u00eb","isPartOf":{"@id":"https:\/\/permbledhja.com\/#website"},"datePublished":"2022-07-11T06:23:32+00:00","dateModified":"2022-07-11T06:23:32+00:00","breadcrumb":{"@id":"https:\/\/permbledhja.com\/rikthehet-i-nxehti-afrikan-ky-eshte-parashikimi-i-motit-per-kete-jave\/#breadcrumb"},"inLanguage":"sq","potentialAction":[{"@type":"ReadAction","target":["https:\/\/permbledhja.com\/rikthehet-i-nxehti-afrikan-ky-eshte-parashikimi-i-motit-per-kete-jave\/"]}]},{"@type":"BreadcrumbList","@id":"https:\/\/permbledhja.com\/rikthehet-i-nxehti-afrikan-ky-eshte-parashikimi-i-motit-per-kete-jave\/#breadcrumb","itemListElement":[{"@type":"ListItem","position":1,"name":"Ballina","item":"https:\/\/permbledhja.com\/sq\/"},{"@type":"ListItem","position":2,"name":"Rikthehet i nxehti afrikan, ky \u00ebsht\u00eb parashikimi i motit p\u00ebr k\u00ebt\u00eb jav\u00eb"}]},{"@type":"WebSite","@id":"https:\/\/permbledhja.com\/#website","url":"https:\/\/permbledhja.com\/","name":"Ve\u00e7 artikuj p\u00ebrmbledh\u00ebs","description":"","publisher":{"@id":"https:\/\/permbledhja.com\/#organization"},"potentialAction":[{"@type":"SearchAction","target":{"@type":"EntryPoint","urlTemplate":"https:\/\/permbledhja.com\/?s={search_term_string}"},"query-input":"required name=search_term_string"}],"inLanguage":"sq"},{"@type":"Organization","@id":"https:\/\/permbledhja.com\/#organization","name":"MK Media & Pr","url":"https:\/\/permbledhja.com\/","logo":{"@type":"ImageObject","inLanguage":"sq","@id":"https:\/\/permbledhja.com\/#\/schema\/logo\/image\/","url":"https:\/\/permbledhja.com\/wp-content\/uploads\/2021\/12\/07-Press-Logo.jpg","contentUrl":"https:\/\/permbledhja.com\/wp-content\/uploads\/2021\/12\/07-Press-Logo.jpg","width":512,"height":512,"caption":"MK Media & Pr"},"image":{"@id":"https:\/\/permbledhja.com\/#\/schema\/logo\/image\/"},"sameAs":["https:\/\/www.facebook.com\/press07\/"]},{"@type":"Person","@id":"https:\/\/permbledhja.com\/#\/schema\/person\/0d064377258d3221e50693947b9eb4fe","name":"P\u00ebrmbledhja","image":{"@type":"ImageObject","inLanguage":"sq","@id":"https:\/\/permbledhja.com\/#\/schema\/person\/image\/","url":"https:\/\/permbledhja.com\/wp-content\/uploads\/2026\/01\/452004717_1040944174702970_8932037511805513407_n-96x96.jpg","contentUrl":"https:\/\/permbledhja.com\/wp-content\/uploads\/2026\/01\/452004717_1040944174702970_8932037511805513407_n-96x96.jpg","caption":"P\u00ebrmbledhja"},"sameAs":["https:\/\/www.facebook.com\/kafexhiu.muharrem\/","https:\/\/www.instagram.com\/muharrem_kafexhiu\/"],"url":"https:\/\/permbledhja.com\/sq\/author\/admin\/"}]}},"_links":{"self":[{"href":"https:\/\/permbledhja.com\/sq\/wp-json\/wp\/v2\/posts\/1935"}],"collection":[{"href":"https:\/\/permbledhja.com\/sq\/wp-json\/wp\/v2\/posts"}],"about":[{"href":"https:\/\/permbledhja.com\/sq\/wp-json\/wp\/v2\/types\/post"}],"author":[{"embeddable":true,"href":"https:\/\/permbledhja.com\/sq\/wp-json\/wp\/v2\/users\/1"}],"replies":[{"embeddable":true,"href":"https:\/\/permbledhja.com\/sq\/wp-json\/wp\/v2\/comments?post=1935"}],"version-history":[{"count":1,"href":"https:\/\/permbledhja.com\/sq\/wp-json\/wp\/v2\/posts\/1935\/revisions"}],"predecessor-version":[{"id":1937,"href":"https:\/\/permbledhja.com\/sq\/wp-json\/wp\/v2\/posts\/1935\/revisions\/1937"}],"wp:featuredmedia":[{"embeddable":true,"href":"https:\/\/permbledhja.com\/sq\/wp-json\/wp\/v2\/media\/1936"}],"wp:attachment":[{"href":"https:\/\/permbledhja.com\/sq\/wp-json\/wp\/v2\/media?parent=1935"}],"wp:term":[{"taxonomy":"category","embeddable":true,"href":"https:\/\/permbledhja.com\/sq\/wp-json\/wp\/v2\/categories?post=1935"},{"taxonomy":"post_tag","embeddable":true,"href":"https:\/\/permbledhja.com\/sq\/wp-json\/wp\/v2\/tags?post=1935"}],"curies":[{"name":"wp","href":"https:\/\/api.w.org\/{rel}","templated":true}]}}