{"id":19306,"date":"2023-07-16T11:24:12","date_gmt":"2023-07-16T11:24:12","guid":{"rendered":"https:\/\/permbledhja.com\/?p=19306"},"modified":"2023-07-16T11:24:12","modified_gmt":"2023-07-16T11:24:12","slug":"vuciq-po-punojme-ne-plane-te-reja-per-mbrojtjen-e-popullit-tone-ne-kosove","status":"publish","type":"post","link":"https:\/\/permbledhja.com\/sq\/vuciq-po-punojme-ne-plane-te-reja-per-mbrojtjen-e-popullit-tone-ne-kosove\/","title":{"rendered":"Vu\u00e7iq: Po punojm\u00eb n\u00eb plane t\u00eb reja p\u00ebr mbrojtjen e popullit ton\u00eb n\u00eb Kosov\u00eb"},"content":{"rendered":"<h3>Presidenti i Serbis\u00eb, Aleksandar Vu\u00e7iq, duke analizuar ngjarjet e jav\u00ebs s\u00eb kaluar, tha se Serbin\u00eb n\u00eb dit\u00ebt n\u00eb vijim e presin \u201cdiskutime dhe plane t\u00eb v\u00ebshtira p\u00ebr zhvillimin e vendit dhe mbrojtjen e popullit n\u00eb Kosov\u00eb\u201d.<\/h3>\n<p>Vu\u00e7iq deklaroi n\u00eb Instagram se lajmi i tij i preferuar n\u00eb jav\u00ebn e kaluar ka qen\u00eb rritja e numrit t\u00eb t\u00eb porsalindurve n\u00eb Serbi.<\/p>\n<p>\u201cNe prit\u00ebm presidentin e Malit t\u00eb Zi dhe filluam pun\u00ebn e p\u00ebrbashk\u00ebt p\u00ebr p\u00ebrmir\u00ebsimin e marr\u00ebdh\u00ebnieve, t\u00eb cilat do t\u00eb kontribuojn\u00eb m\u00eb tej n\u00eb stabilitetin e rajonit, nd\u00ebrsa diskutuam tema t\u00eb shumta me interes p\u00ebr vendet tona me ministrat e Pun\u00ebve t\u00eb Jashtme t\u00eb Izraelit dhe Venezuel\u00ebs. Megjithat\u00eb, lajmi im i preferuar n\u00eb jav\u00ebn e kaluar jan\u00eb t\u00eb dh\u00ebnat p\u00ebr rritjen e numrit t\u00eb lindjeve n\u00eb Serbi n\u00eb vitin 2022, e cila i dha fund ciklit negativ pas shum\u00eb vitesh.<\/p>\n<p>Sigurisht q\u00eb do t\u00eb merren masa sistematike p\u00ebr t\u00eb ndihmuar prind\u00ebrit p\u00ebr f\u00ebmij\u00ebn e pest\u00eb dhe t\u00eb gjasht\u00eb dhe shteti do t\u00eb ndaj\u00eb mjete shtes\u00eb p\u00ebr trajtimin e f\u00ebmij\u00ebve me s\u00ebmundje t\u00eb rralla, sepse ne po kujdesemi p\u00ebr t\u00eb ardhmen e vendit ton\u00eb. Sepse \u00e7do gj\u00eb q\u00eb b\u00ebjm\u00eb dhe p\u00ebr t\u00eb cil\u00ebn luftojm\u00eb merr kuptimin e saj m\u00eb t\u00eb madh n\u00eb buz\u00ebqeshjet e t\u00eb gjith\u00eb f\u00ebmij\u00ebve tan\u00eb\u201d, tha Vu\u00e7iq.<\/p>\n","protected":false},"excerpt":{"rendered":"<p>Presidenti i Serbis\u00eb, Aleksandar Vu\u00e7iq, duke analizuar ngjarjet e jav\u00ebs s\u00eb kaluar, tha se Serbin\u00eb n\u00eb dit\u00ebt n\u00eb vijim e presin \u201cdiskutime dhe plane t\u00eb v\u00ebshtira p\u00ebr zhvillimin e vendit dhe mbrojtjen e popullit n\u00eb Kosov\u00eb\u201d. Vu\u00e7iq deklaroi n\u00eb Instagram se lajmi i tij i preferuar n\u00eb jav\u00ebn e kaluar ka qen\u00eb rritja e numrit [&hellip;]<\/p>\n","protected":false},"author":2,"featured_media":19307,"comment_status":"closed","ping_status":"closed","sticky":false,"template":"","format":"standard","meta":{"_monsterinsights_skip_tracking":false,"_monsterinsights_sitenote_active":false,"_monsterinsights_sitenote_note":"","_monsterinsights_sitenote_category":0,"_uf_show_specific_survey":0,"_uf_disable_surveys":false,"footnotes":""},"categories":[23,15],"tags":[],"yoast_head":"<!-- This site is optimized with the Yoast SEO plugin v21.5 - https:\/\/yoast.com\/wordpress\/plugins\/seo\/ -->\n<title>Vu\u00e7iq: Po punojm\u00eb n\u00eb plane t\u00eb reja p\u00ebr mbrojtjen e popullit ton\u00eb n\u00eb Kosov\u00eb<\/title>\n<meta name=\"robots\" content=\"index, follow, max-snippet:-1, max-image-preview:large, max-video-preview:-1\" \/>\n<link rel=\"canonical\" href=\"https:\/\/permbledhja.com\/sq\/vuciq-po-punojme-ne-plane-te-reja-per-mbrojtjen-e-popullit-tone-ne-kosove\/\" \/>\n<meta property=\"og:locale\" content=\"sq_AL\" \/>\n<meta property=\"og:type\" content=\"article\" \/>\n<meta property=\"og:title\" content=\"Vu\u00e7iq: Po punojm\u00eb n\u00eb plane t\u00eb reja p\u00ebr mbrojtjen e popullit ton\u00eb n\u00eb Kosov\u00eb\" \/>\n<meta property=\"og:description\" content=\"Presidenti i Serbis\u00eb, Aleksandar Vu\u00e7iq, duke analizuar ngjarjet e jav\u00ebs s\u00eb kaluar, tha se Serbin\u00eb n\u00eb dit\u00ebt n\u00eb vijim e presin \u201cdiskutime dhe plane t\u00eb v\u00ebshtira p\u00ebr zhvillimin e vendit dhe mbrojtjen e popullit n\u00eb Kosov\u00eb\u201d. Vu\u00e7iq deklaroi n\u00eb Instagram se lajmi i tij i preferuar n\u00eb jav\u00ebn e kaluar ka qen\u00eb rritja e numrit [&hellip;]\" \/>\n<meta property=\"og:url\" content=\"https:\/\/permbledhja.com\/sq\/vuciq-po-punojme-ne-plane-te-reja-per-mbrojtjen-e-popullit-tone-ne-kosove\/\" \/>\n<meta property=\"og:site_name\" content=\"Ve\u00e7 artikuj p\u00ebrmbledh\u00ebs\" \/>\n<meta property=\"article:publisher\" content=\"https:\/\/www.facebook.com\/press07\/\" \/>\n<meta property=\"article:published_time\" content=\"2023-07-16T11:24:12+00:00\" \/>\n<meta property=\"og:image\" content=\"https:\/\/permbledhja.com\/wp-content\/uploads\/2023\/07\/Vucic.jpg\" \/>\n\t<meta property=\"og:image:width\" content=\"1386\" \/>\n\t<meta property=\"og:image:height\" content=\"808\" \/>\n\t<meta property=\"og:image:type\" content=\"image\/jpeg\" \/>\n<meta name=\"author\" content=\"M M\" \/>\n<meta name=\"twitter:card\" content=\"summary_large_image\" \/>\n<meta name=\"twitter:label1\" content=\"Written by\" \/>\n\t<meta name=\"twitter:data1\" content=\"M M\" \/>\n\t<meta name=\"twitter:label2\" content=\"Est. reading time\" \/>\n\t<meta name=\"twitter:data2\" content=\"1 minut\u00eb\" \/>\n<script type=\"application\/ld+json\" class=\"yoast-schema-graph\">{\"@context\":\"https:\/\/schema.org\",\"@graph\":[{\"@type\":\"Article\",\"@id\":\"https:\/\/permbledhja.com\/vuciq-po-punojme-ne-plane-te-reja-per-mbrojtjen-e-popullit-tone-ne-kosove\/#article\",\"isPartOf\":{\"@id\":\"https:\/\/permbledhja.com\/vuciq-po-punojme-ne-plane-te-reja-per-mbrojtjen-e-popullit-tone-ne-kosove\/\"},\"author\":{\"name\":\"M M\",\"@id\":\"https:\/\/permbledhja.com\/#\/schema\/person\/d23f13f59b5722643933d6780783acf3\"},\"headline\":\"Vu\u00e7iq: Po punojm\u00eb n\u00eb plane t\u00eb reja p\u00ebr mbrojtjen e popullit ton\u00eb n\u00eb Kosov\u00eb\",\"datePublished\":\"2023-07-16T11:24:12+00:00\",\"dateModified\":\"2023-07-16T11:24:12+00:00\",\"mainEntityOfPage\":{\"@id\":\"https:\/\/permbledhja.com\/vuciq-po-punojme-ne-plane-te-reja-per-mbrojtjen-e-popullit-tone-ne-kosove\/\"},\"wordCount\":264,\"publisher\":{\"@id\":\"https:\/\/permbledhja.com\/#organization\"},\"articleSection\":[\"Komb\u00ebtare\",\"Lajme\"],\"inLanguage\":\"sq\"},{\"@type\":\"WebPage\",\"@id\":\"https:\/\/permbledhja.com\/vuciq-po-punojme-ne-plane-te-reja-per-mbrojtjen-e-popullit-tone-ne-kosove\/\",\"url\":\"https:\/\/permbledhja.com\/vuciq-po-punojme-ne-plane-te-reja-per-mbrojtjen-e-popullit-tone-ne-kosove\/\",\"name\":\"Vu\u00e7iq: Po punojm\u00eb n\u00eb plane t\u00eb reja p\u00ebr mbrojtjen e popullit ton\u00eb n\u00eb Kosov\u00eb\",\"isPartOf\":{\"@id\":\"https:\/\/permbledhja.com\/#website\"},\"datePublished\":\"2023-07-16T11:24:12+00:00\",\"dateModified\":\"2023-07-16T11:24:12+00:00\",\"breadcrumb\":{\"@id\":\"https:\/\/permbledhja.com\/vuciq-po-punojme-ne-plane-te-reja-per-mbrojtjen-e-popullit-tone-ne-kosove\/#breadcrumb\"},\"inLanguage\":\"sq\",\"potentialAction\":[{\"@type\":\"ReadAction\",\"target\":[\"https:\/\/permbledhja.com\/vuciq-po-punojme-ne-plane-te-reja-per-mbrojtjen-e-popullit-tone-ne-kosove\/\"]}]},{\"@type\":\"BreadcrumbList\",\"@id\":\"https:\/\/permbledhja.com\/vuciq-po-punojme-ne-plane-te-reja-per-mbrojtjen-e-popullit-tone-ne-kosove\/#breadcrumb\",\"itemListElement\":[{\"@type\":\"ListItem\",\"position\":1,\"name\":\"Ballina\",\"item\":\"https:\/\/permbledhja.com\/sq\/\"},{\"@type\":\"ListItem\",\"position\":2,\"name\":\"Vu\u00e7iq: Po punojm\u00eb n\u00eb plane t\u00eb reja p\u00ebr mbrojtjen e popullit ton\u00eb n\u00eb Kosov\u00eb\"}]},{\"@type\":\"WebSite\",\"@id\":\"https:\/\/permbledhja.com\/#website\",\"url\":\"https:\/\/permbledhja.com\/\",\"name\":\"Ve\u00e7 artikuj p\u00ebrmbledh\u00ebs\",\"description\":\"\",\"publisher\":{\"@id\":\"https:\/\/permbledhja.com\/#organization\"},\"potentialAction\":[{\"@type\":\"SearchAction\",\"target\":{\"@type\":\"EntryPoint\",\"urlTemplate\":\"https:\/\/permbledhja.com\/?s={search_term_string}\"},\"query-input\":\"required name=search_term_string\"}],\"inLanguage\":\"sq\"},{\"@type\":\"Organization\",\"@id\":\"https:\/\/permbledhja.com\/#organization\",\"name\":\"MK Media & Pr\",\"url\":\"https:\/\/permbledhja.com\/\",\"logo\":{\"@type\":\"ImageObject\",\"inLanguage\":\"sq\",\"@id\":\"https:\/\/permbledhja.com\/#\/schema\/logo\/image\/\",\"url\":\"https:\/\/permbledhja.com\/wp-content\/uploads\/2021\/12\/07-Press-Logo.jpg\",\"contentUrl\":\"https:\/\/permbledhja.com\/wp-content\/uploads\/2021\/12\/07-Press-Logo.jpg\",\"width\":512,\"height\":512,\"caption\":\"MK Media & Pr\"},\"image\":{\"@id\":\"https:\/\/permbledhja.com\/#\/schema\/logo\/image\/\"},\"sameAs\":[\"https:\/\/www.facebook.com\/press07\/\"]},{\"@type\":\"Person\",\"@id\":\"https:\/\/permbledhja.com\/#\/schema\/person\/d23f13f59b5722643933d6780783acf3\",\"name\":\"M M\",\"image\":{\"@type\":\"ImageObject\",\"inLanguage\":\"sq\",\"@id\":\"https:\/\/permbledhja.com\/#\/schema\/person\/image\/\",\"url\":\"https:\/\/secure.gravatar.com\/avatar\/e2835a76ca7c31a2416b2d51c4ec9a8f?s=96&d=mm&r=g\",\"contentUrl\":\"https:\/\/secure.gravatar.com\/avatar\/e2835a76ca7c31a2416b2d51c4ec9a8f?s=96&d=mm&r=g\",\"caption\":\"M M\"},\"sameAs\":[\"http:\/\/MM\"],\"url\":\"https:\/\/permbledhja.com\/sq\/author\/muhamet\/\"}]}<\/script>\n<!-- \/ Yoast SEO plugin. -->","yoast_head_json":{"title":"Vu\u00e7iq: Po punojm\u00eb n\u00eb plane t\u00eb reja p\u00ebr mbrojtjen e popullit ton\u00eb n\u00eb Kosov\u00eb","robots":{"index":"index","follow":"follow","max-snippet":"max-snippet:-1","max-image-preview":"max-image-preview:large","max-video-preview":"max-video-preview:-1"},"canonical":"https:\/\/permbledhja.com\/sq\/vuciq-po-punojme-ne-plane-te-reja-per-mbrojtjen-e-popullit-tone-ne-kosove\/","og_locale":"sq_AL","og_type":"article","og_title":"Vu\u00e7iq: Po punojm\u00eb n\u00eb plane t\u00eb reja p\u00ebr mbrojtjen e popullit ton\u00eb n\u00eb Kosov\u00eb","og_description":"Presidenti i Serbis\u00eb, Aleksandar Vu\u00e7iq, duke analizuar ngjarjet e jav\u00ebs s\u00eb kaluar, tha se Serbin\u00eb n\u00eb dit\u00ebt n\u00eb vijim e presin \u201cdiskutime dhe plane t\u00eb v\u00ebshtira p\u00ebr zhvillimin e vendit dhe mbrojtjen e popullit n\u00eb Kosov\u00eb\u201d. Vu\u00e7iq deklaroi n\u00eb Instagram se lajmi i tij i preferuar n\u00eb jav\u00ebn e kaluar ka qen\u00eb rritja e numrit [&hellip;]","og_url":"https:\/\/permbledhja.com\/sq\/vuciq-po-punojme-ne-plane-te-reja-per-mbrojtjen-e-popullit-tone-ne-kosove\/","og_site_name":"Ve\u00e7 artikuj p\u00ebrmbledh\u00ebs","article_publisher":"https:\/\/www.facebook.com\/press07\/","article_published_time":"2023-07-16T11:24:12+00:00","og_image":[{"width":1386,"height":808,"url":"https:\/\/permbledhja.com\/wp-content\/uploads\/2023\/07\/Vucic.jpg","type":"image\/jpeg"}],"author":"M M","twitter_card":"summary_large_image","twitter_misc":{"Written by":"M M","Est. reading time":"1 minut\u00eb"},"schema":{"@context":"https:\/\/schema.org","@graph":[{"@type":"Article","@id":"https:\/\/permbledhja.com\/vuciq-po-punojme-ne-plane-te-reja-per-mbrojtjen-e-popullit-tone-ne-kosove\/#article","isPartOf":{"@id":"https:\/\/permbledhja.com\/vuciq-po-punojme-ne-plane-te-reja-per-mbrojtjen-e-popullit-tone-ne-kosove\/"},"author":{"name":"M M","@id":"https:\/\/permbledhja.com\/#\/schema\/person\/d23f13f59b5722643933d6780783acf3"},"headline":"Vu\u00e7iq: Po punojm\u00eb n\u00eb plane t\u00eb reja p\u00ebr mbrojtjen e popullit ton\u00eb n\u00eb Kosov\u00eb","datePublished":"2023-07-16T11:24:12+00:00","dateModified":"2023-07-16T11:24:12+00:00","mainEntityOfPage":{"@id":"https:\/\/permbledhja.com\/vuciq-po-punojme-ne-plane-te-reja-per-mbrojtjen-e-popullit-tone-ne-kosove\/"},"wordCount":264,"publisher":{"@id":"https:\/\/permbledhja.com\/#organization"},"articleSection":["Komb\u00ebtare","Lajme"],"inLanguage":"sq"},{"@type":"WebPage","@id":"https:\/\/permbledhja.com\/vuciq-po-punojme-ne-plane-te-reja-per-mbrojtjen-e-popullit-tone-ne-kosove\/","url":"https:\/\/permbledhja.com\/vuciq-po-punojme-ne-plane-te-reja-per-mbrojtjen-e-popullit-tone-ne-kosove\/","name":"Vu\u00e7iq: Po punojm\u00eb n\u00eb plane t\u00eb reja p\u00ebr mbrojtjen e popullit ton\u00eb n\u00eb Kosov\u00eb","isPartOf":{"@id":"https:\/\/permbledhja.com\/#website"},"datePublished":"2023-07-16T11:24:12+00:00","dateModified":"2023-07-16T11:24:12+00:00","breadcrumb":{"@id":"https:\/\/permbledhja.com\/vuciq-po-punojme-ne-plane-te-reja-per-mbrojtjen-e-popullit-tone-ne-kosove\/#breadcrumb"},"inLanguage":"sq","potentialAction":[{"@type":"ReadAction","target":["https:\/\/permbledhja.com\/vuciq-po-punojme-ne-plane-te-reja-per-mbrojtjen-e-popullit-tone-ne-kosove\/"]}]},{"@type":"BreadcrumbList","@id":"https:\/\/permbledhja.com\/vuciq-po-punojme-ne-plane-te-reja-per-mbrojtjen-e-popullit-tone-ne-kosove\/#breadcrumb","itemListElement":[{"@type":"ListItem","position":1,"name":"Ballina","item":"https:\/\/permbledhja.com\/sq\/"},{"@type":"ListItem","position":2,"name":"Vu\u00e7iq: Po punojm\u00eb n\u00eb plane t\u00eb reja p\u00ebr mbrojtjen e popullit ton\u00eb n\u00eb Kosov\u00eb"}]},{"@type":"WebSite","@id":"https:\/\/permbledhja.com\/#website","url":"https:\/\/permbledhja.com\/","name":"Ve\u00e7 artikuj p\u00ebrmbledh\u00ebs","description":"","publisher":{"@id":"https:\/\/permbledhja.com\/#organization"},"potentialAction":[{"@type":"SearchAction","target":{"@type":"EntryPoint","urlTemplate":"https:\/\/permbledhja.com\/?s={search_term_string}"},"query-input":"required name=search_term_string"}],"inLanguage":"sq"},{"@type":"Organization","@id":"https:\/\/permbledhja.com\/#organization","name":"MK Media & Pr","url":"https:\/\/permbledhja.com\/","logo":{"@type":"ImageObject","inLanguage":"sq","@id":"https:\/\/permbledhja.com\/#\/schema\/logo\/image\/","url":"https:\/\/permbledhja.com\/wp-content\/uploads\/2021\/12\/07-Press-Logo.jpg","contentUrl":"https:\/\/permbledhja.com\/wp-content\/uploads\/2021\/12\/07-Press-Logo.jpg","width":512,"height":512,"caption":"MK Media & Pr"},"image":{"@id":"https:\/\/permbledhja.com\/#\/schema\/logo\/image\/"},"sameAs":["https:\/\/www.facebook.com\/press07\/"]},{"@type":"Person","@id":"https:\/\/permbledhja.com\/#\/schema\/person\/d23f13f59b5722643933d6780783acf3","name":"M M","image":{"@type":"ImageObject","inLanguage":"sq","@id":"https:\/\/permbledhja.com\/#\/schema\/person\/image\/","url":"https:\/\/secure.gravatar.com\/avatar\/e2835a76ca7c31a2416b2d51c4ec9a8f?s=96&d=mm&r=g","contentUrl":"https:\/\/secure.gravatar.com\/avatar\/e2835a76ca7c31a2416b2d51c4ec9a8f?s=96&d=mm&r=g","caption":"M M"},"sameAs":["http:\/\/MM"],"url":"https:\/\/permbledhja.com\/sq\/author\/muhamet\/"}]}},"_links":{"self":[{"href":"https:\/\/permbledhja.com\/sq\/wp-json\/wp\/v2\/posts\/19306"}],"collection":[{"href":"https:\/\/permbledhja.com\/sq\/wp-json\/wp\/v2\/posts"}],"about":[{"href":"https:\/\/permbledhja.com\/sq\/wp-json\/wp\/v2\/types\/post"}],"author":[{"embeddable":true,"href":"https:\/\/permbledhja.com\/sq\/wp-json\/wp\/v2\/users\/2"}],"replies":[{"embeddable":true,"href":"https:\/\/permbledhja.com\/sq\/wp-json\/wp\/v2\/comments?post=19306"}],"version-history":[{"count":1,"href":"https:\/\/permbledhja.com\/sq\/wp-json\/wp\/v2\/posts\/19306\/revisions"}],"predecessor-version":[{"id":19308,"href":"https:\/\/permbledhja.com\/sq\/wp-json\/wp\/v2\/posts\/19306\/revisions\/19308"}],"wp:featuredmedia":[{"embeddable":true,"href":"https:\/\/permbledhja.com\/sq\/wp-json\/wp\/v2\/media\/19307"}],"wp:attachment":[{"href":"https:\/\/permbledhja.com\/sq\/wp-json\/wp\/v2\/media?parent=19306"}],"wp:term":[{"taxonomy":"category","embeddable":true,"href":"https:\/\/permbledhja.com\/sq\/wp-json\/wp\/v2\/categories?post=19306"},{"taxonomy":"post_tag","embeddable":true,"href":"https:\/\/permbledhja.com\/sq\/wp-json\/wp\/v2\/tags?post=19306"}],"curies":[{"name":"wp","href":"https:\/\/api.w.org\/{rel}","templated":true}]}}