{"id":19112,"date":"2023-07-13T19:22:33","date_gmt":"2023-07-13T19:22:33","guid":{"rendered":"https:\/\/permbledhja.com\/?p=19112"},"modified":"2023-07-13T19:22:33","modified_gmt":"2023-07-13T19:22:33","slug":"memli-krasniqi-sulmi-i-qeveritareve-ndaj-deputeteve-tane-i-ka-ne-prapavije-dy-qellime-tjera","status":"publish","type":"post","link":"https:\/\/permbledhja.com\/sq\/memli-krasniqi-sulmi-i-qeveritareve-ndaj-deputeteve-tane-i-ka-ne-prapavije-dy-qellime-tjera\/","title":{"rendered":"Memli Krasniqi: Sulmi i qeveritar\u00ebve ndaj deputet\u00ebve tan\u00eb i ka n\u00eb prapavij\u00eb dy q\u00ebllime tjera"},"content":{"rendered":"<h3>\u201dDhuna qeveritare n\u00eb mbrojtje t\u00eb Radoj\u00e7iqit\u201d, e ka cil\u00ebsuar p\u00ebrleshjen e sotme n\u00eb Kuvendin e Kosov\u00ebs kryetari i Partis\u00eb Demokratike t\u00eb Kosov\u00ebs (PDK), Memli Krasniqi, duke faj\u00ebsuar k\u00ebshtu p\u00ebr dhun\u00eb l\u00ebvizjen Vet\u00ebvendosje.<\/h3>\n<p>Krasniqi ka th\u00ebn\u00eb se \u201ddeputet\u00ebt e Partis\u00eb Demokratike t\u00eb Kosov\u00ebs jan\u00eb ballafaquar me nj\u00eb orkestim t\u00eb past\u00ebr nga ana e Qeveris\u00eb, q\u00eb, fatkeq\u00ebsisht, ishte i bazuar n\u00eb sulme fizike dhe nxitje t\u00eb dhun\u00ebs\u201d.<\/p>\n<p>\u201dKjo tendenc\u00eb e Qeveris\u00eb, duke i sulmuar n\u00eb m\u00ebnyr\u00eb t\u00eb paprecedent\u00eb deputet\u00ebt tan\u00eb, p\u00ebrve\u00e7 d\u00ebshir\u00ebs s\u00eb tyre p\u00ebr t\u00eb shtypur opozit\u00ebn, n\u00eb prapavij\u00eb ka edhe dy q\u00ebllime t\u00eb tjera\u201c, ka shkruar Krasniqi n\u00eb Facebook teksa vazhdoi duke i p\u00ebrmendur k\u00ebto dy prapavija.<\/p>\n<p>\u201dE para: Q\u00eb p\u00ebrmes nj\u00eb skandali tjet\u00ebr, t\u00eb mbuloj dhe t\u00eb t\u00ebrheq\u00eb v\u00ebmendjen nga skandali m\u00eb i madh politik n\u00eb vendin ton\u00eb n\u00eb t\u00eb cilin jan\u00eb p\u00ebrfshir\u00eb ata vet \u2013 koordinimi, bashk\u00ebpunimi dhe planifikimi i veprimeve politike bashk\u00eb me kriminelin Milan Radoj\u00e7iq, n\u00eb d\u00ebm t\u00eb shtetit dhe qytetar\u00ebve t\u00eb Kosov\u00ebs\u201c.<\/p>\n<p>\u201dE dyta: T\u00eb mbuloj t\u00ebrheqjen e turpshme e t\u00eb fsheht\u00eb t\u00eb Besnik Bislimit nga veriu i Kosov\u00ebs \u2013 k\u00ebtij \u201cprofesori\u201d q\u00eb provokoi, nisi dhe kontribuoi pareshtur n\u00eb sulmet fizike t\u00eb Qeveris\u00eb ndaj deputet\u00ebve tan\u00eb\u201c, ka th\u00ebn\u00eb ai.<\/p>\n","protected":false},"excerpt":{"rendered":"<p>\u201dDhuna qeveritare n\u00eb mbrojtje t\u00eb Radoj\u00e7iqit\u201d, e ka cil\u00ebsuar p\u00ebrleshjen e sotme n\u00eb Kuvendin e Kosov\u00ebs kryetari i Partis\u00eb Demokratike t\u00eb Kosov\u00ebs (PDK), Memli Krasniqi, duke faj\u00ebsuar k\u00ebshtu p\u00ebr dhun\u00eb l\u00ebvizjen Vet\u00ebvendosje. Krasniqi ka th\u00ebn\u00eb se \u201ddeputet\u00ebt e Partis\u00eb Demokratike t\u00eb Kosov\u00ebs jan\u00eb ballafaquar me nj\u00eb orkestim t\u00eb past\u00ebr nga ana e Qeveris\u00eb, q\u00eb, fatkeq\u00ebsisht, [&hellip;]<\/p>\n","protected":false},"author":1,"featured_media":19113,"comment_status":"closed","ping_status":"closed","sticky":false,"template":"","format":"standard","meta":{"_monsterinsights_skip_tracking":false,"_monsterinsights_sitenote_active":false,"_monsterinsights_sitenote_note":"","_monsterinsights_sitenote_category":0,"_uf_show_specific_survey":0,"_uf_disable_surveys":false,"footnotes":""},"categories":[23,15],"tags":[1375],"yoast_head":"<!-- This site is optimized with the Yoast SEO plugin v21.5 - https:\/\/yoast.com\/wordpress\/plugins\/seo\/ -->\n<title>Memli Krasniqi: Sulmi i qeveritar\u00ebve ndaj deputet\u00ebve tan\u00eb i ka n\u00eb prapavij\u00eb dy q\u00ebllime tjera<\/title>\n<meta name=\"robots\" content=\"index, follow, max-snippet:-1, max-image-preview:large, max-video-preview:-1\" \/>\n<link rel=\"canonical\" href=\"https:\/\/permbledhja.com\/sq\/memli-krasniqi-sulmi-i-qeveritareve-ndaj-deputeteve-tane-i-ka-ne-prapavije-dy-qellime-tjera\/\" \/>\n<meta property=\"og:locale\" content=\"sq_AL\" \/>\n<meta property=\"og:type\" content=\"article\" \/>\n<meta property=\"og:title\" content=\"Memli Krasniqi: Sulmi i qeveritar\u00ebve ndaj deputet\u00ebve tan\u00eb i ka n\u00eb prapavij\u00eb dy q\u00ebllime tjera\" \/>\n<meta property=\"og:description\" content=\"\u201dDhuna qeveritare n\u00eb mbrojtje t\u00eb Radoj\u00e7iqit\u201d, e ka cil\u00ebsuar p\u00ebrleshjen e sotme n\u00eb Kuvendin e Kosov\u00ebs kryetari i Partis\u00eb Demokratike t\u00eb Kosov\u00ebs (PDK), Memli Krasniqi, duke faj\u00ebsuar k\u00ebshtu p\u00ebr dhun\u00eb l\u00ebvizjen Vet\u00ebvendosje. Krasniqi ka th\u00ebn\u00eb se \u201ddeputet\u00ebt e Partis\u00eb Demokratike t\u00eb Kosov\u00ebs jan\u00eb ballafaquar me nj\u00eb orkestim t\u00eb past\u00ebr nga ana e Qeveris\u00eb, q\u00eb, fatkeq\u00ebsisht, [&hellip;]\" \/>\n<meta property=\"og:url\" content=\"https:\/\/permbledhja.com\/sq\/memli-krasniqi-sulmi-i-qeveritareve-ndaj-deputeteve-tane-i-ka-ne-prapavije-dy-qellime-tjera\/\" \/>\n<meta property=\"og:site_name\" content=\"Ve\u00e7 artikuj p\u00ebrmbledh\u00ebs\" \/>\n<meta property=\"article:publisher\" content=\"https:\/\/www.facebook.com\/press07\/\" \/>\n<meta property=\"article:author\" content=\"https:\/\/www.facebook.com\/kafexhiu.muharrem\/\" \/>\n<meta property=\"article:published_time\" content=\"2023-07-13T19:22:33+00:00\" \/>\n<meta property=\"og:image\" content=\"https:\/\/permbledhja.com\/wp-content\/uploads\/2023\/07\/memli-krasniqi.jpg\" \/>\n\t<meta property=\"og:image:width\" content=\"1308\" \/>\n\t<meta property=\"og:image:height\" content=\"652\" \/>\n\t<meta property=\"og:image:type\" content=\"image\/jpeg\" \/>\n<meta name=\"author\" content=\"P\u00ebrmbledhja\" \/>\n<meta name=\"twitter:card\" content=\"summary_large_image\" \/>\n<meta name=\"twitter:label1\" content=\"Written by\" \/>\n\t<meta name=\"twitter:data1\" content=\"P\u00ebrmbledhja\" \/>\n\t<meta name=\"twitter:label2\" content=\"Est. reading time\" \/>\n\t<meta name=\"twitter:data2\" content=\"1 minut\u00eb\" \/>\n<script type=\"application\/ld+json\" class=\"yoast-schema-graph\">{\"@context\":\"https:\/\/schema.org\",\"@graph\":[{\"@type\":\"Article\",\"@id\":\"https:\/\/permbledhja.com\/memli-krasniqi-sulmi-i-qeveritareve-ndaj-deputeteve-tane-i-ka-ne-prapavije-dy-qellime-tjera\/#article\",\"isPartOf\":{\"@id\":\"https:\/\/permbledhja.com\/memli-krasniqi-sulmi-i-qeveritareve-ndaj-deputeteve-tane-i-ka-ne-prapavije-dy-qellime-tjera\/\"},\"author\":{\"name\":\"P\u00ebrmbledhja\",\"@id\":\"https:\/\/permbledhja.com\/#\/schema\/person\/0d064377258d3221e50693947b9eb4fe\"},\"headline\":\"Memli Krasniqi: Sulmi i qeveritar\u00ebve ndaj deputet\u00ebve tan\u00eb i ka n\u00eb prapavij\u00eb dy q\u00ebllime tjera\",\"datePublished\":\"2023-07-13T19:22:33+00:00\",\"dateModified\":\"2023-07-13T19:22:33+00:00\",\"mainEntityOfPage\":{\"@id\":\"https:\/\/permbledhja.com\/memli-krasniqi-sulmi-i-qeveritareve-ndaj-deputeteve-tane-i-ka-ne-prapavije-dy-qellime-tjera\/\"},\"wordCount\":251,\"publisher\":{\"@id\":\"https:\/\/permbledhja.com\/#organization\"},\"keywords\":[\"Sulmi\"],\"articleSection\":[\"Komb\u00ebtare\",\"Lajme\"],\"inLanguage\":\"sq\"},{\"@type\":\"WebPage\",\"@id\":\"https:\/\/permbledhja.com\/memli-krasniqi-sulmi-i-qeveritareve-ndaj-deputeteve-tane-i-ka-ne-prapavije-dy-qellime-tjera\/\",\"url\":\"https:\/\/permbledhja.com\/memli-krasniqi-sulmi-i-qeveritareve-ndaj-deputeteve-tane-i-ka-ne-prapavije-dy-qellime-tjera\/\",\"name\":\"Memli Krasniqi: Sulmi i qeveritar\u00ebve ndaj deputet\u00ebve tan\u00eb i ka n\u00eb prapavij\u00eb dy q\u00ebllime tjera\",\"isPartOf\":{\"@id\":\"https:\/\/permbledhja.com\/#website\"},\"datePublished\":\"2023-07-13T19:22:33+00:00\",\"dateModified\":\"2023-07-13T19:22:33+00:00\",\"breadcrumb\":{\"@id\":\"https:\/\/permbledhja.com\/memli-krasniqi-sulmi-i-qeveritareve-ndaj-deputeteve-tane-i-ka-ne-prapavije-dy-qellime-tjera\/#breadcrumb\"},\"inLanguage\":\"sq\",\"potentialAction\":[{\"@type\":\"ReadAction\",\"target\":[\"https:\/\/permbledhja.com\/memli-krasniqi-sulmi-i-qeveritareve-ndaj-deputeteve-tane-i-ka-ne-prapavije-dy-qellime-tjera\/\"]}]},{\"@type\":\"BreadcrumbList\",\"@id\":\"https:\/\/permbledhja.com\/memli-krasniqi-sulmi-i-qeveritareve-ndaj-deputeteve-tane-i-ka-ne-prapavije-dy-qellime-tjera\/#breadcrumb\",\"itemListElement\":[{\"@type\":\"ListItem\",\"position\":1,\"name\":\"Ballina\",\"item\":\"https:\/\/permbledhja.com\/sq\/\"},{\"@type\":\"ListItem\",\"position\":2,\"name\":\"Memli Krasniqi: Sulmi i qeveritar\u00ebve ndaj deputet\u00ebve tan\u00eb i ka n\u00eb prapavij\u00eb dy q\u00ebllime tjera\"}]},{\"@type\":\"WebSite\",\"@id\":\"https:\/\/permbledhja.com\/#website\",\"url\":\"https:\/\/permbledhja.com\/\",\"name\":\"Ve\u00e7 artikuj p\u00ebrmbledh\u00ebs\",\"description\":\"\",\"publisher\":{\"@id\":\"https:\/\/permbledhja.com\/#organization\"},\"potentialAction\":[{\"@type\":\"SearchAction\",\"target\":{\"@type\":\"EntryPoint\",\"urlTemplate\":\"https:\/\/permbledhja.com\/?s={search_term_string}\"},\"query-input\":\"required name=search_term_string\"}],\"inLanguage\":\"sq\"},{\"@type\":\"Organization\",\"@id\":\"https:\/\/permbledhja.com\/#organization\",\"name\":\"MK Media & Pr\",\"url\":\"https:\/\/permbledhja.com\/\",\"logo\":{\"@type\":\"ImageObject\",\"inLanguage\":\"sq\",\"@id\":\"https:\/\/permbledhja.com\/#\/schema\/logo\/image\/\",\"url\":\"https:\/\/permbledhja.com\/wp-content\/uploads\/2021\/12\/07-Press-Logo.jpg\",\"contentUrl\":\"https:\/\/permbledhja.com\/wp-content\/uploads\/2021\/12\/07-Press-Logo.jpg\",\"width\":512,\"height\":512,\"caption\":\"MK Media & Pr\"},\"image\":{\"@id\":\"https:\/\/permbledhja.com\/#\/schema\/logo\/image\/\"},\"sameAs\":[\"https:\/\/www.facebook.com\/press07\/\"]},{\"@type\":\"Person\",\"@id\":\"https:\/\/permbledhja.com\/#\/schema\/person\/0d064377258d3221e50693947b9eb4fe\",\"name\":\"P\u00ebrmbledhja\",\"image\":{\"@type\":\"ImageObject\",\"inLanguage\":\"sq\",\"@id\":\"https:\/\/permbledhja.com\/#\/schema\/person\/image\/\",\"url\":\"https:\/\/permbledhja.com\/wp-content\/uploads\/2026\/01\/452004717_1040944174702970_8932037511805513407_n-96x96.jpg\",\"contentUrl\":\"https:\/\/permbledhja.com\/wp-content\/uploads\/2026\/01\/452004717_1040944174702970_8932037511805513407_n-96x96.jpg\",\"caption\":\"P\u00ebrmbledhja\"},\"sameAs\":[\"https:\/\/www.facebook.com\/kafexhiu.muharrem\/\",\"https:\/\/www.instagram.com\/muharrem_kafexhiu\/\"],\"url\":\"https:\/\/permbledhja.com\/sq\/author\/admin\/\"}]}<\/script>\n<!-- \/ Yoast SEO plugin. -->","yoast_head_json":{"title":"Memli Krasniqi: Sulmi i qeveritar\u00ebve ndaj deputet\u00ebve tan\u00eb i ka n\u00eb prapavij\u00eb dy q\u00ebllime tjera","robots":{"index":"index","follow":"follow","max-snippet":"max-snippet:-1","max-image-preview":"max-image-preview:large","max-video-preview":"max-video-preview:-1"},"canonical":"https:\/\/permbledhja.com\/sq\/memli-krasniqi-sulmi-i-qeveritareve-ndaj-deputeteve-tane-i-ka-ne-prapavije-dy-qellime-tjera\/","og_locale":"sq_AL","og_type":"article","og_title":"Memli Krasniqi: Sulmi i qeveritar\u00ebve ndaj deputet\u00ebve tan\u00eb i ka n\u00eb prapavij\u00eb dy q\u00ebllime tjera","og_description":"\u201dDhuna qeveritare n\u00eb mbrojtje t\u00eb Radoj\u00e7iqit\u201d, e ka cil\u00ebsuar p\u00ebrleshjen e sotme n\u00eb Kuvendin e Kosov\u00ebs kryetari i Partis\u00eb Demokratike t\u00eb Kosov\u00ebs (PDK), Memli Krasniqi, duke faj\u00ebsuar k\u00ebshtu p\u00ebr dhun\u00eb l\u00ebvizjen Vet\u00ebvendosje. Krasniqi ka th\u00ebn\u00eb se \u201ddeputet\u00ebt e Partis\u00eb Demokratike t\u00eb Kosov\u00ebs jan\u00eb ballafaquar me nj\u00eb orkestim t\u00eb past\u00ebr nga ana e Qeveris\u00eb, q\u00eb, fatkeq\u00ebsisht, [&hellip;]","og_url":"https:\/\/permbledhja.com\/sq\/memli-krasniqi-sulmi-i-qeveritareve-ndaj-deputeteve-tane-i-ka-ne-prapavije-dy-qellime-tjera\/","og_site_name":"Ve\u00e7 artikuj p\u00ebrmbledh\u00ebs","article_publisher":"https:\/\/www.facebook.com\/press07\/","article_author":"https:\/\/www.facebook.com\/kafexhiu.muharrem\/","article_published_time":"2023-07-13T19:22:33+00:00","og_image":[{"width":1308,"height":652,"url":"https:\/\/permbledhja.com\/wp-content\/uploads\/2023\/07\/memli-krasniqi.jpg","type":"image\/jpeg"}],"author":"P\u00ebrmbledhja","twitter_card":"summary_large_image","twitter_misc":{"Written by":"P\u00ebrmbledhja","Est. reading time":"1 minut\u00eb"},"schema":{"@context":"https:\/\/schema.org","@graph":[{"@type":"Article","@id":"https:\/\/permbledhja.com\/memli-krasniqi-sulmi-i-qeveritareve-ndaj-deputeteve-tane-i-ka-ne-prapavije-dy-qellime-tjera\/#article","isPartOf":{"@id":"https:\/\/permbledhja.com\/memli-krasniqi-sulmi-i-qeveritareve-ndaj-deputeteve-tane-i-ka-ne-prapavije-dy-qellime-tjera\/"},"author":{"name":"P\u00ebrmbledhja","@id":"https:\/\/permbledhja.com\/#\/schema\/person\/0d064377258d3221e50693947b9eb4fe"},"headline":"Memli Krasniqi: Sulmi i qeveritar\u00ebve ndaj deputet\u00ebve tan\u00eb i ka n\u00eb prapavij\u00eb dy q\u00ebllime tjera","datePublished":"2023-07-13T19:22:33+00:00","dateModified":"2023-07-13T19:22:33+00:00","mainEntityOfPage":{"@id":"https:\/\/permbledhja.com\/memli-krasniqi-sulmi-i-qeveritareve-ndaj-deputeteve-tane-i-ka-ne-prapavije-dy-qellime-tjera\/"},"wordCount":251,"publisher":{"@id":"https:\/\/permbledhja.com\/#organization"},"keywords":["Sulmi"],"articleSection":["Komb\u00ebtare","Lajme"],"inLanguage":"sq"},{"@type":"WebPage","@id":"https:\/\/permbledhja.com\/memli-krasniqi-sulmi-i-qeveritareve-ndaj-deputeteve-tane-i-ka-ne-prapavije-dy-qellime-tjera\/","url":"https:\/\/permbledhja.com\/memli-krasniqi-sulmi-i-qeveritareve-ndaj-deputeteve-tane-i-ka-ne-prapavije-dy-qellime-tjera\/","name":"Memli Krasniqi: Sulmi i qeveritar\u00ebve ndaj deputet\u00ebve tan\u00eb i ka n\u00eb prapavij\u00eb dy q\u00ebllime tjera","isPartOf":{"@id":"https:\/\/permbledhja.com\/#website"},"datePublished":"2023-07-13T19:22:33+00:00","dateModified":"2023-07-13T19:22:33+00:00","breadcrumb":{"@id":"https:\/\/permbledhja.com\/memli-krasniqi-sulmi-i-qeveritareve-ndaj-deputeteve-tane-i-ka-ne-prapavije-dy-qellime-tjera\/#breadcrumb"},"inLanguage":"sq","potentialAction":[{"@type":"ReadAction","target":["https:\/\/permbledhja.com\/memli-krasniqi-sulmi-i-qeveritareve-ndaj-deputeteve-tane-i-ka-ne-prapavije-dy-qellime-tjera\/"]}]},{"@type":"BreadcrumbList","@id":"https:\/\/permbledhja.com\/memli-krasniqi-sulmi-i-qeveritareve-ndaj-deputeteve-tane-i-ka-ne-prapavije-dy-qellime-tjera\/#breadcrumb","itemListElement":[{"@type":"ListItem","position":1,"name":"Ballina","item":"https:\/\/permbledhja.com\/sq\/"},{"@type":"ListItem","position":2,"name":"Memli Krasniqi: Sulmi i qeveritar\u00ebve ndaj deputet\u00ebve tan\u00eb i ka n\u00eb prapavij\u00eb dy q\u00ebllime tjera"}]},{"@type":"WebSite","@id":"https:\/\/permbledhja.com\/#website","url":"https:\/\/permbledhja.com\/","name":"Ve\u00e7 artikuj p\u00ebrmbledh\u00ebs","description":"","publisher":{"@id":"https:\/\/permbledhja.com\/#organization"},"potentialAction":[{"@type":"SearchAction","target":{"@type":"EntryPoint","urlTemplate":"https:\/\/permbledhja.com\/?s={search_term_string}"},"query-input":"required name=search_term_string"}],"inLanguage":"sq"},{"@type":"Organization","@id":"https:\/\/permbledhja.com\/#organization","name":"MK Media & Pr","url":"https:\/\/permbledhja.com\/","logo":{"@type":"ImageObject","inLanguage":"sq","@id":"https:\/\/permbledhja.com\/#\/schema\/logo\/image\/","url":"https:\/\/permbledhja.com\/wp-content\/uploads\/2021\/12\/07-Press-Logo.jpg","contentUrl":"https:\/\/permbledhja.com\/wp-content\/uploads\/2021\/12\/07-Press-Logo.jpg","width":512,"height":512,"caption":"MK Media & Pr"},"image":{"@id":"https:\/\/permbledhja.com\/#\/schema\/logo\/image\/"},"sameAs":["https:\/\/www.facebook.com\/press07\/"]},{"@type":"Person","@id":"https:\/\/permbledhja.com\/#\/schema\/person\/0d064377258d3221e50693947b9eb4fe","name":"P\u00ebrmbledhja","image":{"@type":"ImageObject","inLanguage":"sq","@id":"https:\/\/permbledhja.com\/#\/schema\/person\/image\/","url":"https:\/\/permbledhja.com\/wp-content\/uploads\/2026\/01\/452004717_1040944174702970_8932037511805513407_n-96x96.jpg","contentUrl":"https:\/\/permbledhja.com\/wp-content\/uploads\/2026\/01\/452004717_1040944174702970_8932037511805513407_n-96x96.jpg","caption":"P\u00ebrmbledhja"},"sameAs":["https:\/\/www.facebook.com\/kafexhiu.muharrem\/","https:\/\/www.instagram.com\/muharrem_kafexhiu\/"],"url":"https:\/\/permbledhja.com\/sq\/author\/admin\/"}]}},"_links":{"self":[{"href":"https:\/\/permbledhja.com\/sq\/wp-json\/wp\/v2\/posts\/19112"}],"collection":[{"href":"https:\/\/permbledhja.com\/sq\/wp-json\/wp\/v2\/posts"}],"about":[{"href":"https:\/\/permbledhja.com\/sq\/wp-json\/wp\/v2\/types\/post"}],"author":[{"embeddable":true,"href":"https:\/\/permbledhja.com\/sq\/wp-json\/wp\/v2\/users\/1"}],"replies":[{"embeddable":true,"href":"https:\/\/permbledhja.com\/sq\/wp-json\/wp\/v2\/comments?post=19112"}],"version-history":[{"count":1,"href":"https:\/\/permbledhja.com\/sq\/wp-json\/wp\/v2\/posts\/19112\/revisions"}],"predecessor-version":[{"id":19114,"href":"https:\/\/permbledhja.com\/sq\/wp-json\/wp\/v2\/posts\/19112\/revisions\/19114"}],"wp:featuredmedia":[{"embeddable":true,"href":"https:\/\/permbledhja.com\/sq\/wp-json\/wp\/v2\/media\/19113"}],"wp:attachment":[{"href":"https:\/\/permbledhja.com\/sq\/wp-json\/wp\/v2\/media?parent=19112"}],"wp:term":[{"taxonomy":"category","embeddable":true,"href":"https:\/\/permbledhja.com\/sq\/wp-json\/wp\/v2\/categories?post=19112"},{"taxonomy":"post_tag","embeddable":true,"href":"https:\/\/permbledhja.com\/sq\/wp-json\/wp\/v2\/tags?post=19112"}],"curies":[{"name":"wp","href":"https:\/\/api.w.org\/{rel}","templated":true}]}}