{"id":18954,"date":"2023-07-12T21:51:17","date_gmt":"2023-07-12T21:51:17","guid":{"rendered":"https:\/\/permbledhja.com\/?p=18954"},"modified":"2023-07-12T21:51:17","modified_gmt":"2023-07-12T21:51:17","slug":"zemaj-biseda-e-kusari-liles-me-simiqin-fytyra-e-vertete-e-vetevendosjes","status":"publish","type":"post","link":"https:\/\/permbledhja.com\/sq\/zemaj-biseda-e-kusari-liles-me-simiqin-fytyra-e-vertete-e-vetevendosjes\/","title":{"rendered":"Zemaj: Biseda e Kusari-Lil\u00ebs me Simiqin, fytyra e v\u00ebrtet\u00eb e Vet\u00ebvendosjes"},"content":{"rendered":"<h3>Deputeti i Lidhjes Demokratike t\u00eb Kosov\u00ebs, Armend Zemaj, ka th\u00ebn\u00eb q\u00eb incizimet e fundit e shfaqin fytyr\u00ebn e v\u00ebrtet\u00eb t\u00eb L\u00ebvizjes Vet\u00ebvendosje.<\/h3>\n<p>Ai u \u00ebsht\u00eb referuar bisedave t\u00eb publikuara mes shefes s\u00eb grupit parlamentar t\u00eb LVV-s\u00eb, Mimoza Kusari-Lil\u00ebs dhe ish-deputetit t\u00eb List\u00ebs Serbe, Slavko Simic.<\/p>\n<p>\u201cP\u00ebr mua, por edhe p\u00ebr subjektin t\u00eb cilin e p\u00ebrfaq\u00ebsoj, \u00ebsht\u00eb zbardhja e mashtrimit t\u00eb radh\u00ebs t\u00eb L\u00ebvizjes Vet\u00ebvendosje prej shum\u00eb mashtrimeve me t\u00eb cilat ka ardhur n\u00eb pushtet edhe prej shum\u00eb komunikimeve ose deklaratave, ose komunikatave, zotimeve, premtimeve t\u00eb gjitha q\u00eb jan\u00eb n\u00eb kund\u00ebrshtim me t\u00eb gjitha parimet nga ato q\u00eb jan\u00eb th\u00ebn\u00eb n\u00eb k\u00ebt\u00eb n\u00eb t\u00eb b\u00ebr\u00eb jan\u00eb edhe k\u00ebto audio-incizime t\u00eb cilat kan\u00eb dal\u00eb dhe po e shp\u00ebrfaqin vet\u00ebm fytyr\u00ebn e v\u00ebrtet\u00eb t\u00eb L\u00ebvizjes Vet\u00ebvendosje, m\u00ebnyr\u00ebn e t\u00eb komunikuarit t\u00eb tyre, m\u00ebnyr\u00ebn e t\u00eb b\u00ebrit t\u00eb tyre pozit\u00eb dhe opozit\u00eb dhe pjesa tjet\u00ebr \u2013 gjykimi i tyre naiv mbi t\u00eb gjitha hipokrit me tendenca t\u00eb lin\u00e7imit t\u00eb shum\u00eb t\u00eb tjer\u00ebve pa p\u00ebrjashtim me vite t\u00eb t\u00ebra n\u00eb kuptimin e saj q\u00eb s\u00eb fundmi \u00a0viteve t\u00eb fundit Lista Serbe \u00ebsht\u00eb shnd\u00ebrruar n\u00eb nj\u00ebfar\u00eb monstrumi politik kriminal me t\u00eb cil\u00ebn nuk b\u00ebn as t\u00eb diskutosh, as t\u00eb dialogosh, as t\u00eb komunikosh, qoft\u00eb Brenda Kuvendi t\u00eb Kosov\u00eb, dhe qoft\u00eb jasht\u00eb Kuvendit t\u00eb Kosov\u00ebs\u201d, ka th\u00ebn\u00eb Zemaj n\u00eb Edicionin Special t\u00eb Klan Kosov\u00ebs.<\/p>\n<p>\u201cDhe kjo \u00ebsht\u00eb e v\u00ebrteta e gjith\u00eb asaj q\u00eb \u00ebsht\u00eb d\u00ebgjuar n\u00eb em\u00ebr t\u00eb L\u00ebvizjes Vet\u00ebvendosje, jo si person privat ose si deputet nominal, por si kryetare e mazhoranc\u00ebs, e shumic\u00ebs parlamentare, dhe asaj shumice e cila ka gjykuar t\u00eb gjith\u00eb t\u00eb tjer\u00ebt n\u00ebse eventualisht ka pasur ndonj\u00eb komunikim institucional dhe m\u00eb e keqja kjo \u00ebsht\u00eb edhe jasht\u00eb-institucionale, sepse jasht\u00ebinstitucional\u00eb jan\u00eb njer\u00ebzit q\u00eb jan\u00eb jasht\u00eb parlamentit e q\u00eb \u00ebsht\u00eb i apostrofuari ose ai q\u00eb \u00ebsht\u00eb n\u00eb listat e zeza t\u00eb drejt\u00ebsis\u00eb dhe n\u00eb listat e zeza t\u00eb Shteteve t\u00eb Bashkuara t\u00eb Amerik\u00ebs [Milan Radoj\u00e7iq]\u201d.<\/p>\n","protected":false},"excerpt":{"rendered":"<p>Deputeti i Lidhjes Demokratike t\u00eb Kosov\u00ebs, Armend Zemaj, ka th\u00ebn\u00eb q\u00eb incizimet e fundit e shfaqin fytyr\u00ebn e v\u00ebrtet\u00eb t\u00eb L\u00ebvizjes Vet\u00ebvendosje. Ai u \u00ebsht\u00eb referuar bisedave t\u00eb publikuara mes shefes s\u00eb grupit parlamentar t\u00eb LVV-s\u00eb, Mimoza Kusari-Lil\u00ebs dhe ish-deputetit t\u00eb List\u00ebs Serbe, Slavko Simic. \u201cP\u00ebr mua, por edhe p\u00ebr subjektin t\u00eb cilin e p\u00ebrfaq\u00ebsoj, [&hellip;]<\/p>\n","protected":false},"author":2,"featured_media":18955,"comment_status":"closed","ping_status":"closed","sticky":false,"template":"","format":"standard","meta":{"_monsterinsights_skip_tracking":false,"_monsterinsights_sitenote_active":false,"_monsterinsights_sitenote_note":"","_monsterinsights_sitenote_category":0,"_uf_show_specific_survey":0,"_uf_disable_surveys":false,"footnotes":""},"categories":[23,15],"tags":[1022],"yoast_head":"<!-- This site is optimized with the Yoast SEO plugin v21.5 - https:\/\/yoast.com\/wordpress\/plugins\/seo\/ -->\n<title>Zemaj: Biseda e Kusari-Lil\u00ebs me Simiqin, fytyra e v\u00ebrtet\u00eb e Vet\u00ebvendosjes<\/title>\n<meta name=\"robots\" content=\"index, follow, max-snippet:-1, max-image-preview:large, max-video-preview:-1\" \/>\n<link rel=\"canonical\" href=\"https:\/\/permbledhja.com\/sq\/zemaj-biseda-e-kusari-liles-me-simiqin-fytyra-e-vertete-e-vetevendosjes\/\" \/>\n<meta property=\"og:locale\" content=\"sq_AL\" \/>\n<meta property=\"og:type\" content=\"article\" \/>\n<meta property=\"og:title\" content=\"Zemaj: Biseda e Kusari-Lil\u00ebs me Simiqin, fytyra e v\u00ebrtet\u00eb e Vet\u00ebvendosjes\" \/>\n<meta property=\"og:description\" content=\"Deputeti i Lidhjes Demokratike t\u00eb Kosov\u00ebs, Armend Zemaj, ka th\u00ebn\u00eb q\u00eb incizimet e fundit e shfaqin fytyr\u00ebn e v\u00ebrtet\u00eb t\u00eb L\u00ebvizjes Vet\u00ebvendosje. Ai u \u00ebsht\u00eb referuar bisedave t\u00eb publikuara mes shefes s\u00eb grupit parlamentar t\u00eb LVV-s\u00eb, Mimoza Kusari-Lil\u00ebs dhe ish-deputetit t\u00eb List\u00ebs Serbe, Slavko Simic. \u201cP\u00ebr mua, por edhe p\u00ebr subjektin t\u00eb cilin e p\u00ebrfaq\u00ebsoj, [&hellip;]\" \/>\n<meta property=\"og:url\" content=\"https:\/\/permbledhja.com\/sq\/zemaj-biseda-e-kusari-liles-me-simiqin-fytyra-e-vertete-e-vetevendosjes\/\" \/>\n<meta property=\"og:site_name\" content=\"Ve\u00e7 artikuj p\u00ebrmbledh\u00ebs\" \/>\n<meta property=\"article:publisher\" content=\"https:\/\/www.facebook.com\/press07\/\" \/>\n<meta property=\"article:published_time\" content=\"2023-07-12T21:51:17+00:00\" \/>\n<meta property=\"og:image\" content=\"https:\/\/permbledhja.com\/wp-content\/uploads\/2023\/07\/ZEMAJ.jpg\" \/>\n\t<meta property=\"og:image:width\" content=\"1016\" \/>\n\t<meta property=\"og:image:height\" content=\"554\" \/>\n\t<meta property=\"og:image:type\" content=\"image\/jpeg\" \/>\n<meta name=\"author\" content=\"M M\" \/>\n<meta name=\"twitter:card\" content=\"summary_large_image\" \/>\n<meta name=\"twitter:label1\" content=\"Written by\" \/>\n\t<meta name=\"twitter:data1\" content=\"M M\" \/>\n\t<meta name=\"twitter:label2\" content=\"Est. reading time\" \/>\n\t<meta name=\"twitter:data2\" content=\"2 minuta\" \/>\n<script type=\"application\/ld+json\" class=\"yoast-schema-graph\">{\"@context\":\"https:\/\/schema.org\",\"@graph\":[{\"@type\":\"Article\",\"@id\":\"https:\/\/permbledhja.com\/zemaj-biseda-e-kusari-liles-me-simiqin-fytyra-e-vertete-e-vetevendosjes\/#article\",\"isPartOf\":{\"@id\":\"https:\/\/permbledhja.com\/zemaj-biseda-e-kusari-liles-me-simiqin-fytyra-e-vertete-e-vetevendosjes\/\"},\"author\":{\"name\":\"M M\",\"@id\":\"https:\/\/permbledhja.com\/#\/schema\/person\/d23f13f59b5722643933d6780783acf3\"},\"headline\":\"Zemaj: Biseda e Kusari-Lil\u00ebs me Simiqin, fytyra e v\u00ebrtet\u00eb e Vet\u00ebvendosjes\",\"datePublished\":\"2023-07-12T21:51:17+00:00\",\"dateModified\":\"2023-07-12T21:51:17+00:00\",\"mainEntityOfPage\":{\"@id\":\"https:\/\/permbledhja.com\/zemaj-biseda-e-kusari-liles-me-simiqin-fytyra-e-vertete-e-vetevendosjes\/\"},\"wordCount\":382,\"publisher\":{\"@id\":\"https:\/\/permbledhja.com\/#organization\"},\"keywords\":[\"Armend Zemaj\"],\"articleSection\":[\"Komb\u00ebtare\",\"Lajme\"],\"inLanguage\":\"sq\"},{\"@type\":\"WebPage\",\"@id\":\"https:\/\/permbledhja.com\/zemaj-biseda-e-kusari-liles-me-simiqin-fytyra-e-vertete-e-vetevendosjes\/\",\"url\":\"https:\/\/permbledhja.com\/zemaj-biseda-e-kusari-liles-me-simiqin-fytyra-e-vertete-e-vetevendosjes\/\",\"name\":\"Zemaj: Biseda e Kusari-Lil\u00ebs me Simiqin, fytyra e v\u00ebrtet\u00eb e Vet\u00ebvendosjes\",\"isPartOf\":{\"@id\":\"https:\/\/permbledhja.com\/#website\"},\"datePublished\":\"2023-07-12T21:51:17+00:00\",\"dateModified\":\"2023-07-12T21:51:17+00:00\",\"breadcrumb\":{\"@id\":\"https:\/\/permbledhja.com\/zemaj-biseda-e-kusari-liles-me-simiqin-fytyra-e-vertete-e-vetevendosjes\/#breadcrumb\"},\"inLanguage\":\"sq\",\"potentialAction\":[{\"@type\":\"ReadAction\",\"target\":[\"https:\/\/permbledhja.com\/zemaj-biseda-e-kusari-liles-me-simiqin-fytyra-e-vertete-e-vetevendosjes\/\"]}]},{\"@type\":\"BreadcrumbList\",\"@id\":\"https:\/\/permbledhja.com\/zemaj-biseda-e-kusari-liles-me-simiqin-fytyra-e-vertete-e-vetevendosjes\/#breadcrumb\",\"itemListElement\":[{\"@type\":\"ListItem\",\"position\":1,\"name\":\"Ballina\",\"item\":\"https:\/\/permbledhja.com\/sq\/\"},{\"@type\":\"ListItem\",\"position\":2,\"name\":\"Zemaj: Biseda e Kusari-Lil\u00ebs me Simiqin, fytyra e v\u00ebrtet\u00eb e Vet\u00ebvendosjes\"}]},{\"@type\":\"WebSite\",\"@id\":\"https:\/\/permbledhja.com\/#website\",\"url\":\"https:\/\/permbledhja.com\/\",\"name\":\"Ve\u00e7 artikuj p\u00ebrmbledh\u00ebs\",\"description\":\"\",\"publisher\":{\"@id\":\"https:\/\/permbledhja.com\/#organization\"},\"potentialAction\":[{\"@type\":\"SearchAction\",\"target\":{\"@type\":\"EntryPoint\",\"urlTemplate\":\"https:\/\/permbledhja.com\/?s={search_term_string}\"},\"query-input\":\"required name=search_term_string\"}],\"inLanguage\":\"sq\"},{\"@type\":\"Organization\",\"@id\":\"https:\/\/permbledhja.com\/#organization\",\"name\":\"MK Media & Pr\",\"url\":\"https:\/\/permbledhja.com\/\",\"logo\":{\"@type\":\"ImageObject\",\"inLanguage\":\"sq\",\"@id\":\"https:\/\/permbledhja.com\/#\/schema\/logo\/image\/\",\"url\":\"https:\/\/permbledhja.com\/wp-content\/uploads\/2021\/12\/07-Press-Logo.jpg\",\"contentUrl\":\"https:\/\/permbledhja.com\/wp-content\/uploads\/2021\/12\/07-Press-Logo.jpg\",\"width\":512,\"height\":512,\"caption\":\"MK Media & Pr\"},\"image\":{\"@id\":\"https:\/\/permbledhja.com\/#\/schema\/logo\/image\/\"},\"sameAs\":[\"https:\/\/www.facebook.com\/press07\/\"]},{\"@type\":\"Person\",\"@id\":\"https:\/\/permbledhja.com\/#\/schema\/person\/d23f13f59b5722643933d6780783acf3\",\"name\":\"M M\",\"image\":{\"@type\":\"ImageObject\",\"inLanguage\":\"sq\",\"@id\":\"https:\/\/permbledhja.com\/#\/schema\/person\/image\/\",\"url\":\"https:\/\/secure.gravatar.com\/avatar\/e2835a76ca7c31a2416b2d51c4ec9a8f?s=96&d=mm&r=g\",\"contentUrl\":\"https:\/\/secure.gravatar.com\/avatar\/e2835a76ca7c31a2416b2d51c4ec9a8f?s=96&d=mm&r=g\",\"caption\":\"M M\"},\"sameAs\":[\"http:\/\/MM\"],\"url\":\"https:\/\/permbledhja.com\/sq\/author\/muhamet\/\"}]}<\/script>\n<!-- \/ Yoast SEO plugin. -->","yoast_head_json":{"title":"Zemaj: Biseda e Kusari-Lil\u00ebs me Simiqin, fytyra e v\u00ebrtet\u00eb e Vet\u00ebvendosjes","robots":{"index":"index","follow":"follow","max-snippet":"max-snippet:-1","max-image-preview":"max-image-preview:large","max-video-preview":"max-video-preview:-1"},"canonical":"https:\/\/permbledhja.com\/sq\/zemaj-biseda-e-kusari-liles-me-simiqin-fytyra-e-vertete-e-vetevendosjes\/","og_locale":"sq_AL","og_type":"article","og_title":"Zemaj: Biseda e Kusari-Lil\u00ebs me Simiqin, fytyra e v\u00ebrtet\u00eb e Vet\u00ebvendosjes","og_description":"Deputeti i Lidhjes Demokratike t\u00eb Kosov\u00ebs, Armend Zemaj, ka th\u00ebn\u00eb q\u00eb incizimet e fundit e shfaqin fytyr\u00ebn e v\u00ebrtet\u00eb t\u00eb L\u00ebvizjes Vet\u00ebvendosje. Ai u \u00ebsht\u00eb referuar bisedave t\u00eb publikuara mes shefes s\u00eb grupit parlamentar t\u00eb LVV-s\u00eb, Mimoza Kusari-Lil\u00ebs dhe ish-deputetit t\u00eb List\u00ebs Serbe, Slavko Simic. \u201cP\u00ebr mua, por edhe p\u00ebr subjektin t\u00eb cilin e p\u00ebrfaq\u00ebsoj, [&hellip;]","og_url":"https:\/\/permbledhja.com\/sq\/zemaj-biseda-e-kusari-liles-me-simiqin-fytyra-e-vertete-e-vetevendosjes\/","og_site_name":"Ve\u00e7 artikuj p\u00ebrmbledh\u00ebs","article_publisher":"https:\/\/www.facebook.com\/press07\/","article_published_time":"2023-07-12T21:51:17+00:00","og_image":[{"width":1016,"height":554,"url":"https:\/\/permbledhja.com\/wp-content\/uploads\/2023\/07\/ZEMAJ.jpg","type":"image\/jpeg"}],"author":"M M","twitter_card":"summary_large_image","twitter_misc":{"Written by":"M M","Est. reading time":"2 minuta"},"schema":{"@context":"https:\/\/schema.org","@graph":[{"@type":"Article","@id":"https:\/\/permbledhja.com\/zemaj-biseda-e-kusari-liles-me-simiqin-fytyra-e-vertete-e-vetevendosjes\/#article","isPartOf":{"@id":"https:\/\/permbledhja.com\/zemaj-biseda-e-kusari-liles-me-simiqin-fytyra-e-vertete-e-vetevendosjes\/"},"author":{"name":"M M","@id":"https:\/\/permbledhja.com\/#\/schema\/person\/d23f13f59b5722643933d6780783acf3"},"headline":"Zemaj: Biseda e Kusari-Lil\u00ebs me Simiqin, fytyra e v\u00ebrtet\u00eb e Vet\u00ebvendosjes","datePublished":"2023-07-12T21:51:17+00:00","dateModified":"2023-07-12T21:51:17+00:00","mainEntityOfPage":{"@id":"https:\/\/permbledhja.com\/zemaj-biseda-e-kusari-liles-me-simiqin-fytyra-e-vertete-e-vetevendosjes\/"},"wordCount":382,"publisher":{"@id":"https:\/\/permbledhja.com\/#organization"},"keywords":["Armend Zemaj"],"articleSection":["Komb\u00ebtare","Lajme"],"inLanguage":"sq"},{"@type":"WebPage","@id":"https:\/\/permbledhja.com\/zemaj-biseda-e-kusari-liles-me-simiqin-fytyra-e-vertete-e-vetevendosjes\/","url":"https:\/\/permbledhja.com\/zemaj-biseda-e-kusari-liles-me-simiqin-fytyra-e-vertete-e-vetevendosjes\/","name":"Zemaj: Biseda e Kusari-Lil\u00ebs me Simiqin, fytyra e v\u00ebrtet\u00eb e Vet\u00ebvendosjes","isPartOf":{"@id":"https:\/\/permbledhja.com\/#website"},"datePublished":"2023-07-12T21:51:17+00:00","dateModified":"2023-07-12T21:51:17+00:00","breadcrumb":{"@id":"https:\/\/permbledhja.com\/zemaj-biseda-e-kusari-liles-me-simiqin-fytyra-e-vertete-e-vetevendosjes\/#breadcrumb"},"inLanguage":"sq","potentialAction":[{"@type":"ReadAction","target":["https:\/\/permbledhja.com\/zemaj-biseda-e-kusari-liles-me-simiqin-fytyra-e-vertete-e-vetevendosjes\/"]}]},{"@type":"BreadcrumbList","@id":"https:\/\/permbledhja.com\/zemaj-biseda-e-kusari-liles-me-simiqin-fytyra-e-vertete-e-vetevendosjes\/#breadcrumb","itemListElement":[{"@type":"ListItem","position":1,"name":"Ballina","item":"https:\/\/permbledhja.com\/sq\/"},{"@type":"ListItem","position":2,"name":"Zemaj: Biseda e Kusari-Lil\u00ebs me Simiqin, fytyra e v\u00ebrtet\u00eb e Vet\u00ebvendosjes"}]},{"@type":"WebSite","@id":"https:\/\/permbledhja.com\/#website","url":"https:\/\/permbledhja.com\/","name":"Ve\u00e7 artikuj p\u00ebrmbledh\u00ebs","description":"","publisher":{"@id":"https:\/\/permbledhja.com\/#organization"},"potentialAction":[{"@type":"SearchAction","target":{"@type":"EntryPoint","urlTemplate":"https:\/\/permbledhja.com\/?s={search_term_string}"},"query-input":"required name=search_term_string"}],"inLanguage":"sq"},{"@type":"Organization","@id":"https:\/\/permbledhja.com\/#organization","name":"MK Media & Pr","url":"https:\/\/permbledhja.com\/","logo":{"@type":"ImageObject","inLanguage":"sq","@id":"https:\/\/permbledhja.com\/#\/schema\/logo\/image\/","url":"https:\/\/permbledhja.com\/wp-content\/uploads\/2021\/12\/07-Press-Logo.jpg","contentUrl":"https:\/\/permbledhja.com\/wp-content\/uploads\/2021\/12\/07-Press-Logo.jpg","width":512,"height":512,"caption":"MK Media & Pr"},"image":{"@id":"https:\/\/permbledhja.com\/#\/schema\/logo\/image\/"},"sameAs":["https:\/\/www.facebook.com\/press07\/"]},{"@type":"Person","@id":"https:\/\/permbledhja.com\/#\/schema\/person\/d23f13f59b5722643933d6780783acf3","name":"M M","image":{"@type":"ImageObject","inLanguage":"sq","@id":"https:\/\/permbledhja.com\/#\/schema\/person\/image\/","url":"https:\/\/secure.gravatar.com\/avatar\/e2835a76ca7c31a2416b2d51c4ec9a8f?s=96&d=mm&r=g","contentUrl":"https:\/\/secure.gravatar.com\/avatar\/e2835a76ca7c31a2416b2d51c4ec9a8f?s=96&d=mm&r=g","caption":"M M"},"sameAs":["http:\/\/MM"],"url":"https:\/\/permbledhja.com\/sq\/author\/muhamet\/"}]}},"_links":{"self":[{"href":"https:\/\/permbledhja.com\/sq\/wp-json\/wp\/v2\/posts\/18954"}],"collection":[{"href":"https:\/\/permbledhja.com\/sq\/wp-json\/wp\/v2\/posts"}],"about":[{"href":"https:\/\/permbledhja.com\/sq\/wp-json\/wp\/v2\/types\/post"}],"author":[{"embeddable":true,"href":"https:\/\/permbledhja.com\/sq\/wp-json\/wp\/v2\/users\/2"}],"replies":[{"embeddable":true,"href":"https:\/\/permbledhja.com\/sq\/wp-json\/wp\/v2\/comments?post=18954"}],"version-history":[{"count":1,"href":"https:\/\/permbledhja.com\/sq\/wp-json\/wp\/v2\/posts\/18954\/revisions"}],"predecessor-version":[{"id":18956,"href":"https:\/\/permbledhja.com\/sq\/wp-json\/wp\/v2\/posts\/18954\/revisions\/18956"}],"wp:featuredmedia":[{"embeddable":true,"href":"https:\/\/permbledhja.com\/sq\/wp-json\/wp\/v2\/media\/18955"}],"wp:attachment":[{"href":"https:\/\/permbledhja.com\/sq\/wp-json\/wp\/v2\/media?parent=18954"}],"wp:term":[{"taxonomy":"category","embeddable":true,"href":"https:\/\/permbledhja.com\/sq\/wp-json\/wp\/v2\/categories?post=18954"},{"taxonomy":"post_tag","embeddable":true,"href":"https:\/\/permbledhja.com\/sq\/wp-json\/wp\/v2\/tags?post=18954"}],"curies":[{"name":"wp","href":"https:\/\/api.w.org\/{rel}","templated":true}]}}